{"id":1568,"date":"2022-04-13T12:00:46","date_gmt":"2022-04-13T15:00:46","guid":{"rendered":"https:\/\/portaldestaquenoticias.com.br\/?p=1568"},"modified":"2022-04-13T12:00:52","modified_gmt":"2022-04-13T15:00:52","slug":"camera-de-seguranca-flagra-o-momento-em-que-motociclista-e-morto-a-tiros","status":"publish","type":"post","link":"https:\/\/markd.com.br\/models\/camera-de-seguranca-flagra-o-momento-em-que-motociclista-e-morto-a-tiros\/","title":{"rendered":"C\u00e2mera de seguran\u00e7a flagra o momento em que motociclista \u00e9 morto a tiros."},"content":{"rendered":"\n<p><\/p>\n\n\n\n<p>Um motociclista, identificado como&nbsp;Dyogenes Souza Nascimento, de 25 anos,&nbsp;foi morto a tiros no meio da rua em Guarapari, no Esp\u00edrito Santo, na tarde de ter\u00e7a-feira (12).<\/p>\n\n\n\n<p>O crime foi registrado por uma c\u00e2mera de videomonitoramento da regi\u00e3o, na Avenida Ant\u00f4nio Guimar\u00e3es, por volta das 16h40.<\/p>\n\n\n\n<p>O in\u00edcio do v\u00eddeo mostra a v\u00edtima discutindo com o motorista de um carro branco. Em determinado momento da briga, o criminoso foi para dentro do ve\u00edculo e, instantes depois, atirou contra o motociclista, que caiu.<\/p>\n\n\n\n<p>J\u00e1 com a v\u00edtima no ch\u00e3o, ele disparou outras vezes.<\/p>\n\n\n\n<p>Ap\u00f3s o crime, o atirador entrou no carro e foi embora. O v\u00eddeo mostra que tr\u00eas testemunhas presenciaram toda a a\u00e7\u00e3o.<\/p>\n\n\n\n<p>A v\u00edtima \u00e9 o motoboy Dyogenes Souza Nascimento, de 25 anos.<\/p>\n\n\n\n<figure class=\"wp-block-image\"><img decoding=\"async\" src=\"https:\/\/portaldozacarias.com.br\/site\/\/arquivos\/imagens\/imgeditor\/WhatsApp%20Image%202022-04-12%20at%2023_52_46%20(2).jpeg\" alt=\"\"\/><\/figure>\n\n\n\n<p>Testemunhas disseram que o crime foi motivado por uma briga de tr\u00e2nsito.<\/p>\n\n\n\n<p>A Pol\u00edcia Civil investiga o caso e nenhum suspeito foi preso.<\/p>\n\n\n\n<figure class=\"wp-block-image\"><img decoding=\"async\" src=\"https:\/\/portaldozacarias.com.br\/site\/\/arquivos\/imagens\/imgeditor\/WhatsApp%20Image%202022-04-12%20at%2023_52_47.jpeg\" alt=\"\"\/><\/figure>\n\n\n\n<p><video controls=\"\" src=\"https:\/\/portalmancheteam.com.br\/wp-content\/uploads\/2022\/04\/20220413092135whatsapp_video_20220412_at_23.52.47.mp4\"><\/video><video controls=\"\" src=\"https:\/\/portalmancheteam.com.br\/wp-content\/uploads\/2022\/04\/20220413092135whatsapp_video_20220412_at_23.52.45_1.mp4\"><\/video><video controls=\"\" src=\"https:\/\/portalmancheteam.com.br\/wp-content\/uploads\/2022\/04\/20220413092135whatsapp_video_20220412_at_23.52.45.mp4\"><\/video><\/p>\n\n\n\n<p>Fonte: Portal do zacarias<\/p>\n","protected":false},"excerpt":{"rendered":"<p>Um motociclista, identificado como&nbsp;Dyogenes Souza Nascimento, de 25 anos,&nbsp;foi morto a tiros no meio da&#8230;<\/p>\n","protected":false},"author":5,"featured_media":1569,"comment_status":"open","ping_status":"open","sticky":false,"template":"","format":"standard","meta":{"footnotes":""},"categories":[124],"tags":[91,110,262],"class_list":["post-1568","post","type-post","status-publish","format-standard","has-post-thumbnail","hentry","category-policia","tag-assassinato","tag-policia-civil","tag-tiros"],"yoast_head":"<!-- This site is optimized with the Yoast SEO plugin v24.4 - https:\/\/yoast.com\/wordpress\/plugins\/seo\/ -->\n<title>C\u00e2mera de seguran\u00e7a flagra o momento em que motociclista \u00e9 morto a tiros. - Not\u00edcias de Todos - Models01<\/title>\n<meta name=\"robots\" content=\"index, follow, max-snippet:-1, max-image-preview:large, max-video-preview:-1\" \/>\n<link rel=\"canonical\" href=\"https:\/\/markd.com.br\/models\/camera-de-seguranca-flagra-o-momento-em-que-motociclista-e-morto-a-tiros\/\" \/>\n<meta property=\"og:locale\" content=\"pt_BR\" \/>\n<meta property=\"og:type\" content=\"article\" \/>\n<meta property=\"og:title\" content=\"C\u00e2mera de seguran\u00e7a flagra o momento em que motociclista \u00e9 morto a tiros. - Not\u00edcias de Todos - Models01\" \/>\n<meta property=\"og:description\" content=\"Um motociclista, identificado como&nbsp;Dyogenes Souza Nascimento, de 25 anos,&nbsp;foi morto a tiros no meio da...\" \/>\n<meta property=\"og:url\" content=\"https:\/\/markd.com.br\/models\/camera-de-seguranca-flagra-o-momento-em-que-motociclista-e-morto-a-tiros\/\" \/>\n<meta property=\"og:site_name\" content=\"Not\u00edcias de Todos - Models01\" \/>\n<meta property=\"article:published_time\" content=\"2022-04-13T15:00:46+00:00\" \/>\n<meta property=\"article:modified_time\" content=\"2022-04-13T15:00:52+00:00\" \/>\n<meta property=\"og:image\" content=\"https:\/\/markd.com.br\/models\/wp-content\/uploads\/2022\/04\/2022041308464604-644x445-1.jpeg\" \/>\n\t<meta property=\"og:image:width\" content=\"644\" \/>\n\t<meta property=\"og:image:height\" content=\"445\" \/>\n\t<meta property=\"og:image:type\" content=\"image\/jpeg\" \/>\n<meta name=\"author\" content=\"Reda\u00e7\u00e3o Reda\u00e7\u00e3o\" \/>\n<meta name=\"twitter:card\" content=\"summary_large_image\" \/>\n<meta name=\"twitter:label1\" content=\"Escrito por\" \/>\n\t<meta name=\"twitter:data1\" content=\"Reda\u00e7\u00e3o Reda\u00e7\u00e3o\" \/>\n\t<meta name=\"twitter:label2\" content=\"Est. tempo de leitura\" \/>\n\t<meta name=\"twitter:data2\" content=\"2 minutos\" \/>\n<script type=\"application\/ld+json\" class=\"yoast-schema-graph\">{\"@context\":\"https:\/\/schema.org\",\"@graph\":[{\"@type\":\"WebPage\",\"@id\":\"https:\/\/markd.com.br\/models\/camera-de-seguranca-flagra-o-momento-em-que-motociclista-e-morto-a-tiros\/\",\"url\":\"https:\/\/markd.com.br\/models\/camera-de-seguranca-flagra-o-momento-em-que-motociclista-e-morto-a-tiros\/\",\"name\":\"C\u00e2mera de seguran\u00e7a flagra o momento em que motociclista \u00e9 morto a tiros. - Not\u00edcias de Todos - Models01\",\"isPartOf\":{\"@id\":\"https:\/\/markd.com.br\/models\/#website\"},\"primaryImageOfPage\":{\"@id\":\"https:\/\/markd.com.br\/models\/camera-de-seguranca-flagra-o-momento-em-que-motociclista-e-morto-a-tiros\/#primaryimage\"},\"image\":{\"@id\":\"https:\/\/markd.com.br\/models\/camera-de-seguranca-flagra-o-momento-em-que-motociclista-e-morto-a-tiros\/#primaryimage\"},\"thumbnailUrl\":\"https:\/\/markd.com.br\/models\/wp-content\/uploads\/2022\/04\/2022041308464604-644x445-1.jpeg\",\"datePublished\":\"2022-04-13T15:00:46+00:00\",\"dateModified\":\"2022-04-13T15:00:52+00:00\",\"author\":{\"@id\":\"https:\/\/markd.com.br\/models\/#\/schema\/person\/c12a77ab487a7262d8bec3c47301ad37\"},\"breadcrumb\":{\"@id\":\"https:\/\/markd.com.br\/models\/camera-de-seguranca-flagra-o-momento-em-que-motociclista-e-morto-a-tiros\/#breadcrumb\"},\"inLanguage\":\"pt-BR\",\"potentialAction\":[{\"@type\":\"ReadAction\",\"target\":[\"https:\/\/markd.com.br\/models\/camera-de-seguranca-flagra-o-momento-em-que-motociclista-e-morto-a-tiros\/\"]}]},{\"@type\":\"ImageObject\",\"inLanguage\":\"pt-BR\",\"@id\":\"https:\/\/markd.com.br\/models\/camera-de-seguranca-flagra-o-momento-em-que-motociclista-e-morto-a-tiros\/#primaryimage\",\"url\":\"https:\/\/markd.com.br\/models\/wp-content\/uploads\/2022\/04\/2022041308464604-644x445-1.jpeg\",\"contentUrl\":\"https:\/\/markd.com.br\/models\/wp-content\/uploads\/2022\/04\/2022041308464604-644x445-1.jpeg\",\"width\":644,\"height\":445},{\"@type\":\"BreadcrumbList\",\"@id\":\"https:\/\/markd.com.br\/models\/camera-de-seguranca-flagra-o-momento-em-que-motociclista-e-morto-a-tiros\/#breadcrumb\",\"itemListElement\":[{\"@type\":\"ListItem\",\"position\":1,\"name\":\"In\u00edcio\",\"item\":\"https:\/\/markd.com.br\/models\/\"},{\"@type\":\"ListItem\",\"position\":2,\"name\":\"C\u00e2mera de seguran\u00e7a flagra o momento em que motociclista \u00e9 morto a tiros.\"}]},{\"@type\":\"WebSite\",\"@id\":\"https:\/\/markd.com.br\/models\/#website\",\"url\":\"https:\/\/markd.com.br\/models\/\",\"name\":\"Not\u00edcias de Todos - Models01\",\"description\":\"Tenha um Portal de Not\u00edcias Moderno, Din\u00e2mico, R\u00e1pido e Profissional. Entregamos seu Site de  Not\u00edcias Pronto, Instalado, Hospedado, com Manual Passo a Passo e Suporte 24 horas.\",\"potentialAction\":[{\"@type\":\"SearchAction\",\"target\":{\"@type\":\"EntryPoint\",\"urlTemplate\":\"https:\/\/markd.com.br\/models\/?s={search_term_string}\"},\"query-input\":{\"@type\":\"PropertyValueSpecification\",\"valueRequired\":true,\"valueName\":\"search_term_string\"}}],\"inLanguage\":\"pt-BR\"},{\"@type\":\"Person\",\"@id\":\"https:\/\/markd.com.br\/models\/#\/schema\/person\/c12a77ab487a7262d8bec3c47301ad37\",\"name\":\"Reda\u00e7\u00e3o Reda\u00e7\u00e3o\",\"image\":{\"@type\":\"ImageObject\",\"inLanguage\":\"pt-BR\",\"@id\":\"https:\/\/markd.com.br\/models\/#\/schema\/person\/image\/\",\"url\":\"https:\/\/secure.gravatar.com\/avatar\/9448f3599ce269febf169e183039b4a6?s=96&d=mm&r=g\",\"contentUrl\":\"https:\/\/secure.gravatar.com\/avatar\/9448f3599ce269febf169e183039b4a6?s=96&d=mm&r=g\",\"caption\":\"Reda\u00e7\u00e3o Reda\u00e7\u00e3o\"},\"sameAs\":[\"https:\/\/markd.com.br\/\"],\"url\":\"https:\/\/markd.com.br\/models\/author\/redacao\/\"}]}<\/script>\n<!-- \/ Yoast SEO plugin. -->","yoast_head_json":{"title":"C\u00e2mera de seguran\u00e7a flagra o momento em que motociclista \u00e9 morto a tiros. - Not\u00edcias de Todos - Models01","robots":{"index":"index","follow":"follow","max-snippet":"max-snippet:-1","max-image-preview":"max-image-preview:large","max-video-preview":"max-video-preview:-1"},"canonical":"https:\/\/markd.com.br\/models\/camera-de-seguranca-flagra-o-momento-em-que-motociclista-e-morto-a-tiros\/","og_locale":"pt_BR","og_type":"article","og_title":"C\u00e2mera de seguran\u00e7a flagra o momento em que motociclista \u00e9 morto a tiros. - Not\u00edcias de Todos - Models01","og_description":"Um motociclista, identificado como&nbsp;Dyogenes Souza Nascimento, de 25 anos,&nbsp;foi morto a tiros no meio da...","og_url":"https:\/\/markd.com.br\/models\/camera-de-seguranca-flagra-o-momento-em-que-motociclista-e-morto-a-tiros\/","og_site_name":"Not\u00edcias de Todos - Models01","article_published_time":"2022-04-13T15:00:46+00:00","article_modified_time":"2022-04-13T15:00:52+00:00","og_image":[{"width":644,"height":445,"url":"https:\/\/markd.com.br\/models\/wp-content\/uploads\/2022\/04\/2022041308464604-644x445-1.jpeg","type":"image\/jpeg"}],"author":"Reda\u00e7\u00e3o Reda\u00e7\u00e3o","twitter_card":"summary_large_image","twitter_misc":{"Escrito por":"Reda\u00e7\u00e3o Reda\u00e7\u00e3o","Est. tempo de leitura":"2 minutos"},"schema":{"@context":"https:\/\/schema.org","@graph":[{"@type":"WebPage","@id":"https:\/\/markd.com.br\/models\/camera-de-seguranca-flagra-o-momento-em-que-motociclista-e-morto-a-tiros\/","url":"https:\/\/markd.com.br\/models\/camera-de-seguranca-flagra-o-momento-em-que-motociclista-e-morto-a-tiros\/","name":"C\u00e2mera de seguran\u00e7a flagra o momento em que motociclista \u00e9 morto a tiros. - Not\u00edcias de Todos - Models01","isPartOf":{"@id":"https:\/\/markd.com.br\/models\/#website"},"primaryImageOfPage":{"@id":"https:\/\/markd.com.br\/models\/camera-de-seguranca-flagra-o-momento-em-que-motociclista-e-morto-a-tiros\/#primaryimage"},"image":{"@id":"https:\/\/markd.com.br\/models\/camera-de-seguranca-flagra-o-momento-em-que-motociclista-e-morto-a-tiros\/#primaryimage"},"thumbnailUrl":"https:\/\/markd.com.br\/models\/wp-content\/uploads\/2022\/04\/2022041308464604-644x445-1.jpeg","datePublished":"2022-04-13T15:00:46+00:00","dateModified":"2022-04-13T15:00:52+00:00","author":{"@id":"https:\/\/markd.com.br\/models\/#\/schema\/person\/c12a77ab487a7262d8bec3c47301ad37"},"breadcrumb":{"@id":"https:\/\/markd.com.br\/models\/camera-de-seguranca-flagra-o-momento-em-que-motociclista-e-morto-a-tiros\/#breadcrumb"},"inLanguage":"pt-BR","potentialAction":[{"@type":"ReadAction","target":["https:\/\/markd.com.br\/models\/camera-de-seguranca-flagra-o-momento-em-que-motociclista-e-morto-a-tiros\/"]}]},{"@type":"ImageObject","inLanguage":"pt-BR","@id":"https:\/\/markd.com.br\/models\/camera-de-seguranca-flagra-o-momento-em-que-motociclista-e-morto-a-tiros\/#primaryimage","url":"https:\/\/markd.com.br\/models\/wp-content\/uploads\/2022\/04\/2022041308464604-644x445-1.jpeg","contentUrl":"https:\/\/markd.com.br\/models\/wp-content\/uploads\/2022\/04\/2022041308464604-644x445-1.jpeg","width":644,"height":445},{"@type":"BreadcrumbList","@id":"https:\/\/markd.com.br\/models\/camera-de-seguranca-flagra-o-momento-em-que-motociclista-e-morto-a-tiros\/#breadcrumb","itemListElement":[{"@type":"ListItem","position":1,"name":"In\u00edcio","item":"https:\/\/markd.com.br\/models\/"},{"@type":"ListItem","position":2,"name":"C\u00e2mera de seguran\u00e7a flagra o momento em que motociclista \u00e9 morto a tiros."}]},{"@type":"WebSite","@id":"https:\/\/markd.com.br\/models\/#website","url":"https:\/\/markd.com.br\/models\/","name":"Not\u00edcias de Todos - Models01","description":"Tenha um Portal de Not\u00edcias Moderno, Din\u00e2mico, R\u00e1pido e Profissional. Entregamos seu Site de  Not\u00edcias Pronto, Instalado, Hospedado, com Manual Passo a Passo e Suporte 24 horas.","potentialAction":[{"@type":"SearchAction","target":{"@type":"EntryPoint","urlTemplate":"https:\/\/markd.com.br\/models\/?s={search_term_string}"},"query-input":{"@type":"PropertyValueSpecification","valueRequired":true,"valueName":"search_term_string"}}],"inLanguage":"pt-BR"},{"@type":"Person","@id":"https:\/\/markd.com.br\/models\/#\/schema\/person\/c12a77ab487a7262d8bec3c47301ad37","name":"Reda\u00e7\u00e3o Reda\u00e7\u00e3o","image":{"@type":"ImageObject","inLanguage":"pt-BR","@id":"https:\/\/markd.com.br\/models\/#\/schema\/person\/image\/","url":"https:\/\/secure.gravatar.com\/avatar\/9448f3599ce269febf169e183039b4a6?s=96&d=mm&r=g","contentUrl":"https:\/\/secure.gravatar.com\/avatar\/9448f3599ce269febf169e183039b4a6?s=96&d=mm&r=g","caption":"Reda\u00e7\u00e3o Reda\u00e7\u00e3o"},"sameAs":["https:\/\/markd.com.br\/"],"url":"https:\/\/markd.com.br\/models\/author\/redacao\/"}]}},"featured_image_urls":{"full":["https:\/\/markd.com.br\/models\/wp-content\/uploads\/2022\/04\/2022041308464604-644x445-1.jpeg",644,445,false],"thumbnail":["https:\/\/markd.com.br\/models\/wp-content\/uploads\/2022\/04\/2022041308464604-644x445-1-150x150.jpeg",150,150,true],"medium":["https:\/\/markd.com.br\/models\/wp-content\/uploads\/2022\/04\/2022041308464604-644x445-1-300x207.jpeg",300,207,true],"medium_large":["https:\/\/markd.com.br\/models\/wp-content\/uploads\/2022\/04\/2022041308464604-644x445-1.jpeg",640,442,false],"large":["https:\/\/markd.com.br\/models\/wp-content\/uploads\/2022\/04\/2022041308464604-644x445-1.jpeg",640,442,false],"1536x1536":["https:\/\/markd.com.br\/models\/wp-content\/uploads\/2022\/04\/2022041308464604-644x445-1.jpeg",644,445,false],"2048x2048":["https:\/\/markd.com.br\/models\/wp-content\/uploads\/2022\/04\/2022041308464604-644x445-1.jpeg",644,445,false],"newsphere-slider-full":["https:\/\/markd.com.br\/models\/wp-content\/uploads\/2022\/04\/2022041308464604-644x445-1.jpeg",644,445,false],"newsphere-featured":["https:\/\/markd.com.br\/models\/wp-content\/uploads\/2022\/04\/2022041308464604-644x445-1.jpeg",644,445,false],"newsphere-medium":["https:\/\/markd.com.br\/models\/wp-content\/uploads\/2022\/04\/2022041308464604-644x445-1-644x380.jpeg",644,380,true]},"author_info":{"display_name":"Reda\u00e7\u00e3o Reda\u00e7\u00e3o","author_link":"https:\/\/markd.com.br\/models\/author\/redacao\/"},"category_info":"<a href=\"https:\/\/markd.com.br\/models\/category\/policia\/\" rel=\"category tag\">Policia<\/a>","tag_info":"Policia","comment_count":"0","jetpack_featured_media_url":"https:\/\/markd.com.br\/models\/wp-content\/uploads\/2022\/04\/2022041308464604-644x445-1.jpeg","_links":{"self":[{"href":"https:\/\/markd.com.br\/models\/wp-json\/wp\/v2\/posts\/1568","targetHints":{"allow":["GET"]}}],"collection":[{"href":"https:\/\/markd.com.br\/models\/wp-json\/wp\/v2\/posts"}],"about":[{"href":"https:\/\/markd.com.br\/models\/wp-json\/wp\/v2\/types\/post"}],"author":[{"embeddable":true,"href":"https:\/\/markd.com.br\/models\/wp-json\/wp\/v2\/users\/5"}],"replies":[{"embeddable":true,"href":"https:\/\/markd.com.br\/models\/wp-json\/wp\/v2\/comments?post=1568"}],"version-history":[{"count":1,"href":"https:\/\/markd.com.br\/models\/wp-json\/wp\/v2\/posts\/1568\/revisions"}],"predecessor-version":[{"id":1570,"href":"https:\/\/markd.com.br\/models\/wp-json\/wp\/v2\/posts\/1568\/revisions\/1570"}],"wp:featuredmedia":[{"embeddable":true,"href":"https:\/\/markd.com.br\/models\/wp-json\/wp\/v2\/media\/1569"}],"wp:attachment":[{"href":"https:\/\/markd.com.br\/models\/wp-json\/wp\/v2\/media?parent=1568"}],"wp:term":[{"taxonomy":"category","embeddable":true,"href":"https:\/\/markd.com.br\/models\/wp-json\/wp\/v2\/categories?post=1568"},{"taxonomy":"post_tag","embeddable":true,"href":"https:\/\/markd.com.br\/models\/wp-json\/wp\/v2\/tags?post=1568"}],"curies":[{"name":"wp","href":"https:\/\/api.w.org\/{rel}","templated":true}]}}