{"id":1571,"date":"2022-04-13T12:04:26","date_gmt":"2022-04-13T15:04:26","guid":{"rendered":"https:\/\/portaldestaquenoticias.com.br\/?p=1571"},"modified":"2022-04-13T12:04:32","modified_gmt":"2022-04-13T15:04:32","slug":"veja-video-homem-tenta-beijar-a-forca-menina-de-12-anos","status":"publish","type":"post","link":"https:\/\/markd.com.br\/models\/veja-video-homem-tenta-beijar-a-forca-menina-de-12-anos\/","title":{"rendered":"Veja v\u00eddeo: Homem tenta beijar \u00e0 for\u00e7a menina de 12 anos."},"content":{"rendered":"\n<p><\/p>\n\n\n\n<p>A Pol\u00edcia Civil do Rio de Janeiro prendeu nessa segunda-feira (11\/4) um homem por assediar uma adolescente. Agentes da 12\u00aa DP (Copacabana) detiveram Juliano de Jesus Batista da Silva, de 36 anos.<\/p>\n\n\n\n<p>Ele foi autuado pelos crimes de tentativa de estupro de vulner\u00e1vel, les\u00e3o corporal e amea\u00e7a. O caso aconteceu em 7\/4, quando a jovem de 12 anos caminhava para a escola. C\u00e2meras de seguran\u00e7a flagraram a a\u00e7\u00e3o na Rua Tonelero, em Copacabana, por volta das 6h40 da manh\u00e3.<\/p>\n\n\n\n<p>O homem aborda a menina e tenta beij\u00e1-la \u00e0 for\u00e7a. Diante da resist\u00eancia da v\u00edtima, o suspeito empurra a jovem na rua e d\u00e1 um chute na garota, que consegue fugir.<\/p>\n\n\n\n<p>Agentes da delegacia de Copacabana come\u00e7aram a investigar o caso e buscaram imagens de c\u00e2meras de seguran\u00e7a que pudessem identificar o suspeito. Os policiais descobriram que o homem j\u00e1 havia sido preso em mar\u00e7o deste ano.<\/p>\n\n\n\n<p>Contra ele, h\u00e1 uma acusa\u00e7\u00e3o de dano ao patrim\u00f4nio p\u00fablico por arremessar pedras contra uma viatura da pol\u00edcia. O suspeito foi encontrado na Pra\u00e7a Cardeal Arcoverde com a mesma roupa usada no dia dos crimes.<\/p>\n\n\n\n<p>Ele foi encaminhado \u00e0 delegacia e reconhecido pela v\u00edtima.&nbsp;<video controls=\"\" src=\"https:\/\/portalmancheteam.com.br\/wp-content\/uploads\/2022\/04\/20220412231345whatsapp_video_20220412_at_23.10.50.mp4\"><\/video><\/p>\n\n\n\n<p>Fonte: Portal do zacarias<\/p>\n","protected":false},"excerpt":{"rendered":"<p>A Pol\u00edcia Civil do Rio de Janeiro prendeu nessa segunda-feira (11\/4) um homem por assediar&#8230;<\/p>\n","protected":false},"author":5,"featured_media":1572,"comment_status":"open","ping_status":"open","sticky":false,"template":"","format":"standard","meta":{"footnotes":""},"categories":[34],"tags":[100,44,259],"class_list":["post-1571","post","type-post","status-publish","format-standard","has-post-thumbnail","hentry","category-musica","tag-abuso","tag-policia-2","tag-rio-de-janeiro"],"yoast_head":"<!-- This site is optimized with the Yoast SEO plugin v24.4 - https:\/\/yoast.com\/wordpress\/plugins\/seo\/ -->\n<title>Veja v\u00eddeo: Homem tenta beijar \u00e0 for\u00e7a menina de 12 anos. - Not\u00edcias de Todos - Models01<\/title>\n<meta name=\"robots\" content=\"index, follow, max-snippet:-1, max-image-preview:large, max-video-preview:-1\" \/>\n<link rel=\"canonical\" href=\"https:\/\/markd.com.br\/models\/veja-video-homem-tenta-beijar-a-forca-menina-de-12-anos\/\" \/>\n<meta property=\"og:locale\" content=\"pt_BR\" \/>\n<meta property=\"og:type\" content=\"article\" \/>\n<meta property=\"og:title\" content=\"Veja v\u00eddeo: Homem tenta beijar \u00e0 for\u00e7a menina de 12 anos. - Not\u00edcias de Todos - Models01\" \/>\n<meta property=\"og:description\" content=\"A Pol\u00edcia Civil do Rio de Janeiro prendeu nessa segunda-feira (11\/4) um homem por assediar...\" \/>\n<meta property=\"og:url\" content=\"https:\/\/markd.com.br\/models\/veja-video-homem-tenta-beijar-a-forca-menina-de-12-anos\/\" \/>\n<meta property=\"og:site_name\" content=\"Not\u00edcias de Todos - Models01\" \/>\n<meta property=\"article:published_time\" content=\"2022-04-13T15:04:26+00:00\" \/>\n<meta property=\"article:modified_time\" content=\"2022-04-13T15:04:32+00:00\" \/>\n<meta property=\"og:image\" content=\"https:\/\/markd.com.br\/models\/wp-content\/uploads\/2022\/04\/20220412220538whatsappimage20220412at20-644x445-1.jpg\" \/>\n\t<meta property=\"og:image:width\" content=\"644\" \/>\n\t<meta property=\"og:image:height\" content=\"445\" \/>\n\t<meta property=\"og:image:type\" content=\"image\/jpeg\" \/>\n<meta name=\"author\" content=\"Reda\u00e7\u00e3o Reda\u00e7\u00e3o\" \/>\n<meta name=\"twitter:card\" content=\"summary_large_image\" \/>\n<meta name=\"twitter:label1\" content=\"Escrito por\" \/>\n\t<meta name=\"twitter:data1\" content=\"Reda\u00e7\u00e3o Reda\u00e7\u00e3o\" \/>\n\t<meta name=\"twitter:label2\" content=\"Est. tempo de leitura\" \/>\n\t<meta name=\"twitter:data2\" content=\"2 minutos\" \/>\n<script type=\"application\/ld+json\" class=\"yoast-schema-graph\">{\"@context\":\"https:\/\/schema.org\",\"@graph\":[{\"@type\":\"WebPage\",\"@id\":\"https:\/\/markd.com.br\/models\/veja-video-homem-tenta-beijar-a-forca-menina-de-12-anos\/\",\"url\":\"https:\/\/markd.com.br\/models\/veja-video-homem-tenta-beijar-a-forca-menina-de-12-anos\/\",\"name\":\"Veja v\u00eddeo: Homem tenta beijar \u00e0 for\u00e7a menina de 12 anos. - Not\u00edcias de Todos - Models01\",\"isPartOf\":{\"@id\":\"https:\/\/markd.com.br\/models\/#website\"},\"primaryImageOfPage\":{\"@id\":\"https:\/\/markd.com.br\/models\/veja-video-homem-tenta-beijar-a-forca-menina-de-12-anos\/#primaryimage\"},\"image\":{\"@id\":\"https:\/\/markd.com.br\/models\/veja-video-homem-tenta-beijar-a-forca-menina-de-12-anos\/#primaryimage\"},\"thumbnailUrl\":\"https:\/\/markd.com.br\/models\/wp-content\/uploads\/2022\/04\/20220412220538whatsappimage20220412at20-644x445-1.jpg\",\"datePublished\":\"2022-04-13T15:04:26+00:00\",\"dateModified\":\"2022-04-13T15:04:32+00:00\",\"author\":{\"@id\":\"https:\/\/markd.com.br\/models\/#\/schema\/person\/c12a77ab487a7262d8bec3c47301ad37\"},\"breadcrumb\":{\"@id\":\"https:\/\/markd.com.br\/models\/veja-video-homem-tenta-beijar-a-forca-menina-de-12-anos\/#breadcrumb\"},\"inLanguage\":\"pt-BR\",\"potentialAction\":[{\"@type\":\"ReadAction\",\"target\":[\"https:\/\/markd.com.br\/models\/veja-video-homem-tenta-beijar-a-forca-menina-de-12-anos\/\"]}]},{\"@type\":\"ImageObject\",\"inLanguage\":\"pt-BR\",\"@id\":\"https:\/\/markd.com.br\/models\/veja-video-homem-tenta-beijar-a-forca-menina-de-12-anos\/#primaryimage\",\"url\":\"https:\/\/markd.com.br\/models\/wp-content\/uploads\/2022\/04\/20220412220538whatsappimage20220412at20-644x445-1.jpg\",\"contentUrl\":\"https:\/\/markd.com.br\/models\/wp-content\/uploads\/2022\/04\/20220412220538whatsappimage20220412at20-644x445-1.jpg\",\"width\":644,\"height\":445},{\"@type\":\"BreadcrumbList\",\"@id\":\"https:\/\/markd.com.br\/models\/veja-video-homem-tenta-beijar-a-forca-menina-de-12-anos\/#breadcrumb\",\"itemListElement\":[{\"@type\":\"ListItem\",\"position\":1,\"name\":\"In\u00edcio\",\"item\":\"https:\/\/markd.com.br\/models\/\"},{\"@type\":\"ListItem\",\"position\":2,\"name\":\"Veja v\u00eddeo: Homem tenta beijar \u00e0 for\u00e7a menina de 12 anos.\"}]},{\"@type\":\"WebSite\",\"@id\":\"https:\/\/markd.com.br\/models\/#website\",\"url\":\"https:\/\/markd.com.br\/models\/\",\"name\":\"Not\u00edcias de Todos - Models01\",\"description\":\"Tenha um Portal de Not\u00edcias Moderno, Din\u00e2mico, R\u00e1pido e Profissional. Entregamos seu Site de  Not\u00edcias Pronto, Instalado, Hospedado, com Manual Passo a Passo e Suporte 24 horas.\",\"potentialAction\":[{\"@type\":\"SearchAction\",\"target\":{\"@type\":\"EntryPoint\",\"urlTemplate\":\"https:\/\/markd.com.br\/models\/?s={search_term_string}\"},\"query-input\":{\"@type\":\"PropertyValueSpecification\",\"valueRequired\":true,\"valueName\":\"search_term_string\"}}],\"inLanguage\":\"pt-BR\"},{\"@type\":\"Person\",\"@id\":\"https:\/\/markd.com.br\/models\/#\/schema\/person\/c12a77ab487a7262d8bec3c47301ad37\",\"name\":\"Reda\u00e7\u00e3o Reda\u00e7\u00e3o\",\"image\":{\"@type\":\"ImageObject\",\"inLanguage\":\"pt-BR\",\"@id\":\"https:\/\/markd.com.br\/models\/#\/schema\/person\/image\/\",\"url\":\"https:\/\/secure.gravatar.com\/avatar\/9448f3599ce269febf169e183039b4a6?s=96&d=mm&r=g\",\"contentUrl\":\"https:\/\/secure.gravatar.com\/avatar\/9448f3599ce269febf169e183039b4a6?s=96&d=mm&r=g\",\"caption\":\"Reda\u00e7\u00e3o Reda\u00e7\u00e3o\"},\"sameAs\":[\"https:\/\/markd.com.br\/\"],\"url\":\"https:\/\/markd.com.br\/models\/author\/redacao\/\"}]}<\/script>\n<!-- \/ Yoast SEO plugin. -->","yoast_head_json":{"title":"Veja v\u00eddeo: Homem tenta beijar \u00e0 for\u00e7a menina de 12 anos. - Not\u00edcias de Todos - Models01","robots":{"index":"index","follow":"follow","max-snippet":"max-snippet:-1","max-image-preview":"max-image-preview:large","max-video-preview":"max-video-preview:-1"},"canonical":"https:\/\/markd.com.br\/models\/veja-video-homem-tenta-beijar-a-forca-menina-de-12-anos\/","og_locale":"pt_BR","og_type":"article","og_title":"Veja v\u00eddeo: Homem tenta beijar \u00e0 for\u00e7a menina de 12 anos. - Not\u00edcias de Todos - Models01","og_description":"A Pol\u00edcia Civil do Rio de Janeiro prendeu nessa segunda-feira (11\/4) um homem por assediar...","og_url":"https:\/\/markd.com.br\/models\/veja-video-homem-tenta-beijar-a-forca-menina-de-12-anos\/","og_site_name":"Not\u00edcias de Todos - Models01","article_published_time":"2022-04-13T15:04:26+00:00","article_modified_time":"2022-04-13T15:04:32+00:00","og_image":[{"width":644,"height":445,"url":"https:\/\/markd.com.br\/models\/wp-content\/uploads\/2022\/04\/20220412220538whatsappimage20220412at20-644x445-1.jpg","type":"image\/jpeg"}],"author":"Reda\u00e7\u00e3o Reda\u00e7\u00e3o","twitter_card":"summary_large_image","twitter_misc":{"Escrito por":"Reda\u00e7\u00e3o Reda\u00e7\u00e3o","Est. tempo de leitura":"2 minutos"},"schema":{"@context":"https:\/\/schema.org","@graph":[{"@type":"WebPage","@id":"https:\/\/markd.com.br\/models\/veja-video-homem-tenta-beijar-a-forca-menina-de-12-anos\/","url":"https:\/\/markd.com.br\/models\/veja-video-homem-tenta-beijar-a-forca-menina-de-12-anos\/","name":"Veja v\u00eddeo: Homem tenta beijar \u00e0 for\u00e7a menina de 12 anos. - Not\u00edcias de Todos - Models01","isPartOf":{"@id":"https:\/\/markd.com.br\/models\/#website"},"primaryImageOfPage":{"@id":"https:\/\/markd.com.br\/models\/veja-video-homem-tenta-beijar-a-forca-menina-de-12-anos\/#primaryimage"},"image":{"@id":"https:\/\/markd.com.br\/models\/veja-video-homem-tenta-beijar-a-forca-menina-de-12-anos\/#primaryimage"},"thumbnailUrl":"https:\/\/markd.com.br\/models\/wp-content\/uploads\/2022\/04\/20220412220538whatsappimage20220412at20-644x445-1.jpg","datePublished":"2022-04-13T15:04:26+00:00","dateModified":"2022-04-13T15:04:32+00:00","author":{"@id":"https:\/\/markd.com.br\/models\/#\/schema\/person\/c12a77ab487a7262d8bec3c47301ad37"},"breadcrumb":{"@id":"https:\/\/markd.com.br\/models\/veja-video-homem-tenta-beijar-a-forca-menina-de-12-anos\/#breadcrumb"},"inLanguage":"pt-BR","potentialAction":[{"@type":"ReadAction","target":["https:\/\/markd.com.br\/models\/veja-video-homem-tenta-beijar-a-forca-menina-de-12-anos\/"]}]},{"@type":"ImageObject","inLanguage":"pt-BR","@id":"https:\/\/markd.com.br\/models\/veja-video-homem-tenta-beijar-a-forca-menina-de-12-anos\/#primaryimage","url":"https:\/\/markd.com.br\/models\/wp-content\/uploads\/2022\/04\/20220412220538whatsappimage20220412at20-644x445-1.jpg","contentUrl":"https:\/\/markd.com.br\/models\/wp-content\/uploads\/2022\/04\/20220412220538whatsappimage20220412at20-644x445-1.jpg","width":644,"height":445},{"@type":"BreadcrumbList","@id":"https:\/\/markd.com.br\/models\/veja-video-homem-tenta-beijar-a-forca-menina-de-12-anos\/#breadcrumb","itemListElement":[{"@type":"ListItem","position":1,"name":"In\u00edcio","item":"https:\/\/markd.com.br\/models\/"},{"@type":"ListItem","position":2,"name":"Veja v\u00eddeo: Homem tenta beijar \u00e0 for\u00e7a menina de 12 anos."}]},{"@type":"WebSite","@id":"https:\/\/markd.com.br\/models\/#website","url":"https:\/\/markd.com.br\/models\/","name":"Not\u00edcias de Todos - Models01","description":"Tenha um Portal de Not\u00edcias Moderno, Din\u00e2mico, R\u00e1pido e Profissional. Entregamos seu Site de  Not\u00edcias Pronto, Instalado, Hospedado, com Manual Passo a Passo e Suporte 24 horas.","potentialAction":[{"@type":"SearchAction","target":{"@type":"EntryPoint","urlTemplate":"https:\/\/markd.com.br\/models\/?s={search_term_string}"},"query-input":{"@type":"PropertyValueSpecification","valueRequired":true,"valueName":"search_term_string"}}],"inLanguage":"pt-BR"},{"@type":"Person","@id":"https:\/\/markd.com.br\/models\/#\/schema\/person\/c12a77ab487a7262d8bec3c47301ad37","name":"Reda\u00e7\u00e3o Reda\u00e7\u00e3o","image":{"@type":"ImageObject","inLanguage":"pt-BR","@id":"https:\/\/markd.com.br\/models\/#\/schema\/person\/image\/","url":"https:\/\/secure.gravatar.com\/avatar\/9448f3599ce269febf169e183039b4a6?s=96&d=mm&r=g","contentUrl":"https:\/\/secure.gravatar.com\/avatar\/9448f3599ce269febf169e183039b4a6?s=96&d=mm&r=g","caption":"Reda\u00e7\u00e3o Reda\u00e7\u00e3o"},"sameAs":["https:\/\/markd.com.br\/"],"url":"https:\/\/markd.com.br\/models\/author\/redacao\/"}]}},"featured_image_urls":{"full":["https:\/\/markd.com.br\/models\/wp-content\/uploads\/2022\/04\/20220412220538whatsappimage20220412at20-644x445-1.jpg",644,445,false],"thumbnail":["https:\/\/markd.com.br\/models\/wp-content\/uploads\/2022\/04\/20220412220538whatsappimage20220412at20-644x445-1-150x150.jpg",150,150,true],"medium":["https:\/\/markd.com.br\/models\/wp-content\/uploads\/2022\/04\/20220412220538whatsappimage20220412at20-644x445-1-300x207.jpg",300,207,true],"medium_large":["https:\/\/markd.com.br\/models\/wp-content\/uploads\/2022\/04\/20220412220538whatsappimage20220412at20-644x445-1.jpg",640,442,false],"large":["https:\/\/markd.com.br\/models\/wp-content\/uploads\/2022\/04\/20220412220538whatsappimage20220412at20-644x445-1.jpg",640,442,false],"1536x1536":["https:\/\/markd.com.br\/models\/wp-content\/uploads\/2022\/04\/20220412220538whatsappimage20220412at20-644x445-1.jpg",644,445,false],"2048x2048":["https:\/\/markd.com.br\/models\/wp-content\/uploads\/2022\/04\/20220412220538whatsappimage20220412at20-644x445-1.jpg",644,445,false],"newsphere-slider-full":["https:\/\/markd.com.br\/models\/wp-content\/uploads\/2022\/04\/20220412220538whatsappimage20220412at20-644x445-1.jpg",644,445,false],"newsphere-featured":["https:\/\/markd.com.br\/models\/wp-content\/uploads\/2022\/04\/20220412220538whatsappimage20220412at20-644x445-1.jpg",644,445,false],"newsphere-medium":["https:\/\/markd.com.br\/models\/wp-content\/uploads\/2022\/04\/20220412220538whatsappimage20220412at20-644x445-1-644x380.jpg",644,380,true]},"author_info":{"display_name":"Reda\u00e7\u00e3o Reda\u00e7\u00e3o","author_link":"https:\/\/markd.com.br\/models\/author\/redacao\/"},"category_info":"<a href=\"https:\/\/markd.com.br\/models\/category\/musica\/\" rel=\"category tag\">Pol\u00edcia<\/a>","tag_info":"Pol\u00edcia","comment_count":"0","jetpack_featured_media_url":"https:\/\/markd.com.br\/models\/wp-content\/uploads\/2022\/04\/20220412220538whatsappimage20220412at20-644x445-1.jpg","_links":{"self":[{"href":"https:\/\/markd.com.br\/models\/wp-json\/wp\/v2\/posts\/1571","targetHints":{"allow":["GET"]}}],"collection":[{"href":"https:\/\/markd.com.br\/models\/wp-json\/wp\/v2\/posts"}],"about":[{"href":"https:\/\/markd.com.br\/models\/wp-json\/wp\/v2\/types\/post"}],"author":[{"embeddable":true,"href":"https:\/\/markd.com.br\/models\/wp-json\/wp\/v2\/users\/5"}],"replies":[{"embeddable":true,"href":"https:\/\/markd.com.br\/models\/wp-json\/wp\/v2\/comments?post=1571"}],"version-history":[{"count":1,"href":"https:\/\/markd.com.br\/models\/wp-json\/wp\/v2\/posts\/1571\/revisions"}],"predecessor-version":[{"id":1573,"href":"https:\/\/markd.com.br\/models\/wp-json\/wp\/v2\/posts\/1571\/revisions\/1573"}],"wp:featuredmedia":[{"embeddable":true,"href":"https:\/\/markd.com.br\/models\/wp-json\/wp\/v2\/media\/1572"}],"wp:attachment":[{"href":"https:\/\/markd.com.br\/models\/wp-json\/wp\/v2\/media?parent=1571"}],"wp:term":[{"taxonomy":"category","embeddable":true,"href":"https:\/\/markd.com.br\/models\/wp-json\/wp\/v2\/categories?post=1571"},{"taxonomy":"post_tag","embeddable":true,"href":"https:\/\/markd.com.br\/models\/wp-json\/wp\/v2\/tags?post=1571"}],"curies":[{"name":"wp","href":"https:\/\/api.w.org\/{rel}","templated":true}]}}