{"id":1589,"date":"2022-04-13T12:34:07","date_gmt":"2022-04-13T15:34:07","guid":{"rendered":"https:\/\/portaldestaquenoticias.com.br\/?p=1589"},"modified":"2022-04-13T12:34:13","modified_gmt":"2022-04-13T15:34:13","slug":"veja-video-carro-e-crivado-de-balas-e-um-dos-ocupantes-esta-em-estado-grave-no-hospital","status":"publish","type":"post","link":"https:\/\/markd.com.br\/models\/veja-video-carro-e-crivado-de-balas-e-um-dos-ocupantes-esta-em-estado-grave-no-hospital\/","title":{"rendered":"Veja v\u00eddeo: Carro \u00e9 crivado de balas e um dos ocupantes est\u00e1 em estado grave no hospital."},"content":{"rendered":"\n<p><\/p>\n\n\n\n<p>A matan\u00e7a continua nas ruas de Manaus entre os membros de fac\u00e7\u00f5es criminosas, os quais fazem emboscadas sangrentas nos quatro cantos da capital do Estado.<\/p>\n\n\n\n<p>Nesta ter\u00e7a-feira, 12, quase no final da tarde, uma picape branca, ocupada por tr\u00eas homens, foi crivada de balas na Avenida Autaz Mirim, pr\u00f3ximo ao UAI shopping S\u00e3o Jos\u00e9, na Zona Leste de Manaus.<\/p>\n\n\n\n<p>O homem que estava de passageiro, identificado como Jader Pinto Gomes, 38, foi ferido com mais gravidade e tudo indica que os pistoleiros que estavam em uma motocicleta tinham ele como alvo principal.<\/p>\n\n\n\n<p>Um segundo ocupante da picape foi atingido apenas nos bra\u00e7os, e o outro que estava no banco traseiro n\u00e3o sofreu nenhum ferimento.<\/p>\n\n\n\n<p>V\u00e1rios populares ajudaram a socorrer Jader Pinto, que, segundo informa\u00e7\u00f5es obtidas na noite desta ter\u00e7a-feira, continua em estado grave e correndo risco de morte no Hospital e Pronto-Socorro Dr. Plat\u00e3o Ara\u00fajo.<\/p>\n\n\n\n<p>O motorista da picape foi baleado no bra\u00e7o, foi liberado por volta das 19h pela equipe m\u00e9dica e foi levado para prestar depoimento no 14\u00ba Distrito Integrado de Pol\u00edcia, juntamente com o outro homem que estava no banco traseiro.<\/p>\n\n\n\n<p>Pelas circunst\u00e2ncias do atentado tudo indica que a picape j\u00e1 estava sendo seguida pelos pistoleiros que aproveitaram que o ve\u00edculo reduziu para passar sobre um quebra-molas, para atacar e crivar a picape de balas.<\/p>\n\n\n\n<p>At\u00e9 21h Jader Pinto ainda estava em estado grave, com risco de morte, no entanto ainda estava vivo, apesar das perfura\u00e7\u00f5es que atingiram seu peito, regi\u00e3o do abdome e o lado esquerdo das costelas e abdome.<\/p>\n\n\n\n<p>Fonte: Portal do zacarias<video controls=\"\" src=\"https:\/\/portalmancheteam.com.br\/wp-content\/uploads\/2022\/04\/20220412214318whatsapp_video_20220412_at_20.42.41_1.mp4\"><\/video><video controls=\"\" src=\"https:\/\/portalmancheteam.com.br\/wp-content\/uploads\/2022\/04\/20220412225304whatsapp_video_20220412_at_17.31.37.mp4\"><\/video><video controls=\"\" src=\"https:\/\/portalmancheteam.com.br\/wp-content\/uploads\/2022\/04\/20220412225304whatsapp_video_20220412_at_17.31.38.mp4\"><\/video><\/p>\n","protected":false},"excerpt":{"rendered":"<p>A matan\u00e7a continua nas ruas de Manaus entre os membros de fac\u00e7\u00f5es criminosas, os quais&#8230;<\/p>\n","protected":false},"author":5,"featured_media":1590,"comment_status":"open","ping_status":"open","sticky":false,"template":"","format":"standard","meta":{"footnotes":""},"categories":[34],"tags":[424,188,383],"class_list":["post-1589","post","type-post","status-publish","format-standard","has-post-thumbnail","hentry","category-musica","tag-balas","tag-carro","tag-dip"],"yoast_head":"<!-- This site is optimized with the Yoast SEO plugin v24.4 - https:\/\/yoast.com\/wordpress\/plugins\/seo\/ -->\n<title>Veja v\u00eddeo: Carro \u00e9 crivado de balas e um dos ocupantes est\u00e1 em estado grave no hospital. - Not\u00edcias de Todos - Models01<\/title>\n<meta name=\"robots\" content=\"index, follow, max-snippet:-1, max-image-preview:large, max-video-preview:-1\" \/>\n<link rel=\"canonical\" href=\"https:\/\/markd.com.br\/models\/veja-video-carro-e-crivado-de-balas-e-um-dos-ocupantes-esta-em-estado-grave-no-hospital\/\" \/>\n<meta property=\"og:locale\" content=\"pt_BR\" \/>\n<meta property=\"og:type\" content=\"article\" \/>\n<meta property=\"og:title\" content=\"Veja v\u00eddeo: Carro \u00e9 crivado de balas e um dos ocupantes est\u00e1 em estado grave no hospital. - Not\u00edcias de Todos - Models01\" \/>\n<meta property=\"og:description\" content=\"A matan\u00e7a continua nas ruas de Manaus entre os membros de fac\u00e7\u00f5es criminosas, os quais...\" \/>\n<meta property=\"og:url\" content=\"https:\/\/markd.com.br\/models\/veja-video-carro-e-crivado-de-balas-e-um-dos-ocupantes-esta-em-estado-grave-no-hospital\/\" \/>\n<meta property=\"og:site_name\" content=\"Not\u00edcias de Todos - Models01\" \/>\n<meta property=\"article:published_time\" content=\"2022-04-13T15:34:07+00:00\" \/>\n<meta property=\"article:modified_time\" content=\"2022-04-13T15:34:13+00:00\" \/>\n<meta property=\"og:image\" content=\"https:\/\/markd.com.br\/models\/wp-content\/uploads\/2022\/04\/20220412221150sangrenta.jpg\" \/>\n\t<meta property=\"og:image:width\" content=\"644\" \/>\n\t<meta property=\"og:image:height\" content=\"362\" \/>\n\t<meta property=\"og:image:type\" content=\"image\/jpeg\" \/>\n<meta name=\"author\" content=\"Reda\u00e7\u00e3o Reda\u00e7\u00e3o\" \/>\n<meta name=\"twitter:card\" content=\"summary_large_image\" \/>\n<meta name=\"twitter:label1\" content=\"Escrito por\" \/>\n\t<meta name=\"twitter:data1\" content=\"Reda\u00e7\u00e3o Reda\u00e7\u00e3o\" \/>\n\t<meta name=\"twitter:label2\" content=\"Est. tempo de leitura\" \/>\n\t<meta name=\"twitter:data2\" content=\"2 minutos\" \/>\n<script type=\"application\/ld+json\" class=\"yoast-schema-graph\">{\"@context\":\"https:\/\/schema.org\",\"@graph\":[{\"@type\":\"WebPage\",\"@id\":\"https:\/\/markd.com.br\/models\/veja-video-carro-e-crivado-de-balas-e-um-dos-ocupantes-esta-em-estado-grave-no-hospital\/\",\"url\":\"https:\/\/markd.com.br\/models\/veja-video-carro-e-crivado-de-balas-e-um-dos-ocupantes-esta-em-estado-grave-no-hospital\/\",\"name\":\"Veja v\u00eddeo: Carro \u00e9 crivado de balas e um dos ocupantes est\u00e1 em estado grave no hospital. - Not\u00edcias de Todos - Models01\",\"isPartOf\":{\"@id\":\"https:\/\/markd.com.br\/models\/#website\"},\"primaryImageOfPage\":{\"@id\":\"https:\/\/markd.com.br\/models\/veja-video-carro-e-crivado-de-balas-e-um-dos-ocupantes-esta-em-estado-grave-no-hospital\/#primaryimage\"},\"image\":{\"@id\":\"https:\/\/markd.com.br\/models\/veja-video-carro-e-crivado-de-balas-e-um-dos-ocupantes-esta-em-estado-grave-no-hospital\/#primaryimage\"},\"thumbnailUrl\":\"https:\/\/markd.com.br\/models\/wp-content\/uploads\/2022\/04\/20220412221150sangrenta.jpg\",\"datePublished\":\"2022-04-13T15:34:07+00:00\",\"dateModified\":\"2022-04-13T15:34:13+00:00\",\"author\":{\"@id\":\"https:\/\/markd.com.br\/models\/#\/schema\/person\/c12a77ab487a7262d8bec3c47301ad37\"},\"breadcrumb\":{\"@id\":\"https:\/\/markd.com.br\/models\/veja-video-carro-e-crivado-de-balas-e-um-dos-ocupantes-esta-em-estado-grave-no-hospital\/#breadcrumb\"},\"inLanguage\":\"pt-BR\",\"potentialAction\":[{\"@type\":\"ReadAction\",\"target\":[\"https:\/\/markd.com.br\/models\/veja-video-carro-e-crivado-de-balas-e-um-dos-ocupantes-esta-em-estado-grave-no-hospital\/\"]}]},{\"@type\":\"ImageObject\",\"inLanguage\":\"pt-BR\",\"@id\":\"https:\/\/markd.com.br\/models\/veja-video-carro-e-crivado-de-balas-e-um-dos-ocupantes-esta-em-estado-grave-no-hospital\/#primaryimage\",\"url\":\"https:\/\/markd.com.br\/models\/wp-content\/uploads\/2022\/04\/20220412221150sangrenta.jpg\",\"contentUrl\":\"https:\/\/markd.com.br\/models\/wp-content\/uploads\/2022\/04\/20220412221150sangrenta.jpg\",\"width\":644,\"height\":362},{\"@type\":\"BreadcrumbList\",\"@id\":\"https:\/\/markd.com.br\/models\/veja-video-carro-e-crivado-de-balas-e-um-dos-ocupantes-esta-em-estado-grave-no-hospital\/#breadcrumb\",\"itemListElement\":[{\"@type\":\"ListItem\",\"position\":1,\"name\":\"In\u00edcio\",\"item\":\"https:\/\/markd.com.br\/models\/\"},{\"@type\":\"ListItem\",\"position\":2,\"name\":\"Veja v\u00eddeo: Carro \u00e9 crivado de balas e um dos ocupantes est\u00e1 em estado grave no hospital.\"}]},{\"@type\":\"WebSite\",\"@id\":\"https:\/\/markd.com.br\/models\/#website\",\"url\":\"https:\/\/markd.com.br\/models\/\",\"name\":\"Not\u00edcias de Todos - Models01\",\"description\":\"Tenha um Portal de Not\u00edcias Moderno, Din\u00e2mico, R\u00e1pido e Profissional. Entregamos seu Site de  Not\u00edcias Pronto, Instalado, Hospedado, com Manual Passo a Passo e Suporte 24 horas.\",\"potentialAction\":[{\"@type\":\"SearchAction\",\"target\":{\"@type\":\"EntryPoint\",\"urlTemplate\":\"https:\/\/markd.com.br\/models\/?s={search_term_string}\"},\"query-input\":{\"@type\":\"PropertyValueSpecification\",\"valueRequired\":true,\"valueName\":\"search_term_string\"}}],\"inLanguage\":\"pt-BR\"},{\"@type\":\"Person\",\"@id\":\"https:\/\/markd.com.br\/models\/#\/schema\/person\/c12a77ab487a7262d8bec3c47301ad37\",\"name\":\"Reda\u00e7\u00e3o Reda\u00e7\u00e3o\",\"image\":{\"@type\":\"ImageObject\",\"inLanguage\":\"pt-BR\",\"@id\":\"https:\/\/markd.com.br\/models\/#\/schema\/person\/image\/\",\"url\":\"https:\/\/secure.gravatar.com\/avatar\/9448f3599ce269febf169e183039b4a6?s=96&d=mm&r=g\",\"contentUrl\":\"https:\/\/secure.gravatar.com\/avatar\/9448f3599ce269febf169e183039b4a6?s=96&d=mm&r=g\",\"caption\":\"Reda\u00e7\u00e3o Reda\u00e7\u00e3o\"},\"sameAs\":[\"https:\/\/markd.com.br\/\"],\"url\":\"https:\/\/markd.com.br\/models\/author\/redacao\/\"}]}<\/script>\n<!-- \/ Yoast SEO plugin. -->","yoast_head_json":{"title":"Veja v\u00eddeo: Carro \u00e9 crivado de balas e um dos ocupantes est\u00e1 em estado grave no hospital. - Not\u00edcias de Todos - Models01","robots":{"index":"index","follow":"follow","max-snippet":"max-snippet:-1","max-image-preview":"max-image-preview:large","max-video-preview":"max-video-preview:-1"},"canonical":"https:\/\/markd.com.br\/models\/veja-video-carro-e-crivado-de-balas-e-um-dos-ocupantes-esta-em-estado-grave-no-hospital\/","og_locale":"pt_BR","og_type":"article","og_title":"Veja v\u00eddeo: Carro \u00e9 crivado de balas e um dos ocupantes est\u00e1 em estado grave no hospital. - Not\u00edcias de Todos - Models01","og_description":"A matan\u00e7a continua nas ruas de Manaus entre os membros de fac\u00e7\u00f5es criminosas, os quais...","og_url":"https:\/\/markd.com.br\/models\/veja-video-carro-e-crivado-de-balas-e-um-dos-ocupantes-esta-em-estado-grave-no-hospital\/","og_site_name":"Not\u00edcias de Todos - Models01","article_published_time":"2022-04-13T15:34:07+00:00","article_modified_time":"2022-04-13T15:34:13+00:00","og_image":[{"width":644,"height":362,"url":"https:\/\/markd.com.br\/models\/wp-content\/uploads\/2022\/04\/20220412221150sangrenta.jpg","type":"image\/jpeg"}],"author":"Reda\u00e7\u00e3o Reda\u00e7\u00e3o","twitter_card":"summary_large_image","twitter_misc":{"Escrito por":"Reda\u00e7\u00e3o Reda\u00e7\u00e3o","Est. tempo de leitura":"2 minutos"},"schema":{"@context":"https:\/\/schema.org","@graph":[{"@type":"WebPage","@id":"https:\/\/markd.com.br\/models\/veja-video-carro-e-crivado-de-balas-e-um-dos-ocupantes-esta-em-estado-grave-no-hospital\/","url":"https:\/\/markd.com.br\/models\/veja-video-carro-e-crivado-de-balas-e-um-dos-ocupantes-esta-em-estado-grave-no-hospital\/","name":"Veja v\u00eddeo: Carro \u00e9 crivado de balas e um dos ocupantes est\u00e1 em estado grave no hospital. - Not\u00edcias de Todos - Models01","isPartOf":{"@id":"https:\/\/markd.com.br\/models\/#website"},"primaryImageOfPage":{"@id":"https:\/\/markd.com.br\/models\/veja-video-carro-e-crivado-de-balas-e-um-dos-ocupantes-esta-em-estado-grave-no-hospital\/#primaryimage"},"image":{"@id":"https:\/\/markd.com.br\/models\/veja-video-carro-e-crivado-de-balas-e-um-dos-ocupantes-esta-em-estado-grave-no-hospital\/#primaryimage"},"thumbnailUrl":"https:\/\/markd.com.br\/models\/wp-content\/uploads\/2022\/04\/20220412221150sangrenta.jpg","datePublished":"2022-04-13T15:34:07+00:00","dateModified":"2022-04-13T15:34:13+00:00","author":{"@id":"https:\/\/markd.com.br\/models\/#\/schema\/person\/c12a77ab487a7262d8bec3c47301ad37"},"breadcrumb":{"@id":"https:\/\/markd.com.br\/models\/veja-video-carro-e-crivado-de-balas-e-um-dos-ocupantes-esta-em-estado-grave-no-hospital\/#breadcrumb"},"inLanguage":"pt-BR","potentialAction":[{"@type":"ReadAction","target":["https:\/\/markd.com.br\/models\/veja-video-carro-e-crivado-de-balas-e-um-dos-ocupantes-esta-em-estado-grave-no-hospital\/"]}]},{"@type":"ImageObject","inLanguage":"pt-BR","@id":"https:\/\/markd.com.br\/models\/veja-video-carro-e-crivado-de-balas-e-um-dos-ocupantes-esta-em-estado-grave-no-hospital\/#primaryimage","url":"https:\/\/markd.com.br\/models\/wp-content\/uploads\/2022\/04\/20220412221150sangrenta.jpg","contentUrl":"https:\/\/markd.com.br\/models\/wp-content\/uploads\/2022\/04\/20220412221150sangrenta.jpg","width":644,"height":362},{"@type":"BreadcrumbList","@id":"https:\/\/markd.com.br\/models\/veja-video-carro-e-crivado-de-balas-e-um-dos-ocupantes-esta-em-estado-grave-no-hospital\/#breadcrumb","itemListElement":[{"@type":"ListItem","position":1,"name":"In\u00edcio","item":"https:\/\/markd.com.br\/models\/"},{"@type":"ListItem","position":2,"name":"Veja v\u00eddeo: Carro \u00e9 crivado de balas e um dos ocupantes est\u00e1 em estado grave no hospital."}]},{"@type":"WebSite","@id":"https:\/\/markd.com.br\/models\/#website","url":"https:\/\/markd.com.br\/models\/","name":"Not\u00edcias de Todos - Models01","description":"Tenha um Portal de Not\u00edcias Moderno, Din\u00e2mico, R\u00e1pido e Profissional. Entregamos seu Site de  Not\u00edcias Pronto, Instalado, Hospedado, com Manual Passo a Passo e Suporte 24 horas.","potentialAction":[{"@type":"SearchAction","target":{"@type":"EntryPoint","urlTemplate":"https:\/\/markd.com.br\/models\/?s={search_term_string}"},"query-input":{"@type":"PropertyValueSpecification","valueRequired":true,"valueName":"search_term_string"}}],"inLanguage":"pt-BR"},{"@type":"Person","@id":"https:\/\/markd.com.br\/models\/#\/schema\/person\/c12a77ab487a7262d8bec3c47301ad37","name":"Reda\u00e7\u00e3o Reda\u00e7\u00e3o","image":{"@type":"ImageObject","inLanguage":"pt-BR","@id":"https:\/\/markd.com.br\/models\/#\/schema\/person\/image\/","url":"https:\/\/secure.gravatar.com\/avatar\/9448f3599ce269febf169e183039b4a6?s=96&d=mm&r=g","contentUrl":"https:\/\/secure.gravatar.com\/avatar\/9448f3599ce269febf169e183039b4a6?s=96&d=mm&r=g","caption":"Reda\u00e7\u00e3o Reda\u00e7\u00e3o"},"sameAs":["https:\/\/markd.com.br\/"],"url":"https:\/\/markd.com.br\/models\/author\/redacao\/"}]}},"featured_image_urls":{"full":["https:\/\/markd.com.br\/models\/wp-content\/uploads\/2022\/04\/20220412221150sangrenta.jpg",644,362,false],"thumbnail":["https:\/\/markd.com.br\/models\/wp-content\/uploads\/2022\/04\/20220412221150sangrenta-150x150.jpg",150,150,true],"medium":["https:\/\/markd.com.br\/models\/wp-content\/uploads\/2022\/04\/20220412221150sangrenta-300x169.jpg",300,169,true],"medium_large":["https:\/\/markd.com.br\/models\/wp-content\/uploads\/2022\/04\/20220412221150sangrenta.jpg",640,360,false],"large":["https:\/\/markd.com.br\/models\/wp-content\/uploads\/2022\/04\/20220412221150sangrenta.jpg",640,360,false],"1536x1536":["https:\/\/markd.com.br\/models\/wp-content\/uploads\/2022\/04\/20220412221150sangrenta.jpg",644,362,false],"2048x2048":["https:\/\/markd.com.br\/models\/wp-content\/uploads\/2022\/04\/20220412221150sangrenta.jpg",644,362,false],"newsphere-slider-full":["https:\/\/markd.com.br\/models\/wp-content\/uploads\/2022\/04\/20220412221150sangrenta.jpg",644,362,false],"newsphere-featured":["https:\/\/markd.com.br\/models\/wp-content\/uploads\/2022\/04\/20220412221150sangrenta.jpg",644,362,false],"newsphere-medium":["https:\/\/markd.com.br\/models\/wp-content\/uploads\/2022\/04\/20220412221150sangrenta.jpg",644,362,false]},"author_info":{"display_name":"Reda\u00e7\u00e3o Reda\u00e7\u00e3o","author_link":"https:\/\/markd.com.br\/models\/author\/redacao\/"},"category_info":"<a href=\"https:\/\/markd.com.br\/models\/category\/musica\/\" rel=\"category tag\">Pol\u00edcia<\/a>","tag_info":"Pol\u00edcia","comment_count":"0","jetpack_featured_media_url":"https:\/\/markd.com.br\/models\/wp-content\/uploads\/2022\/04\/20220412221150sangrenta.jpg","_links":{"self":[{"href":"https:\/\/markd.com.br\/models\/wp-json\/wp\/v2\/posts\/1589","targetHints":{"allow":["GET"]}}],"collection":[{"href":"https:\/\/markd.com.br\/models\/wp-json\/wp\/v2\/posts"}],"about":[{"href":"https:\/\/markd.com.br\/models\/wp-json\/wp\/v2\/types\/post"}],"author":[{"embeddable":true,"href":"https:\/\/markd.com.br\/models\/wp-json\/wp\/v2\/users\/5"}],"replies":[{"embeddable":true,"href":"https:\/\/markd.com.br\/models\/wp-json\/wp\/v2\/comments?post=1589"}],"version-history":[{"count":1,"href":"https:\/\/markd.com.br\/models\/wp-json\/wp\/v2\/posts\/1589\/revisions"}],"predecessor-version":[{"id":1591,"href":"https:\/\/markd.com.br\/models\/wp-json\/wp\/v2\/posts\/1589\/revisions\/1591"}],"wp:featuredmedia":[{"embeddable":true,"href":"https:\/\/markd.com.br\/models\/wp-json\/wp\/v2\/media\/1590"}],"wp:attachment":[{"href":"https:\/\/markd.com.br\/models\/wp-json\/wp\/v2\/media?parent=1589"}],"wp:term":[{"taxonomy":"category","embeddable":true,"href":"https:\/\/markd.com.br\/models\/wp-json\/wp\/v2\/categories?post=1589"},{"taxonomy":"post_tag","embeddable":true,"href":"https:\/\/markd.com.br\/models\/wp-json\/wp\/v2\/tags?post=1589"}],"curies":[{"name":"wp","href":"https:\/\/api.w.org\/{rel}","templated":true}]}}