{"id":1593,"date":"2022-04-13T17:27:39","date_gmt":"2022-04-13T20:27:39","guid":{"rendered":"https:\/\/portaldestaquenoticias.com.br\/?p=1593"},"modified":"2022-04-13T17:27:43","modified_gmt":"2022-04-13T20:27:43","slug":"padrasto-e-preso-apos-confessar-que-matou-enteada-e-jogou-corpo-em-poco","status":"publish","type":"post","link":"https:\/\/markd.com.br\/models\/padrasto-e-preso-apos-confessar-que-matou-enteada-e-jogou-corpo-em-poco\/","title":{"rendered":"Padrasto \u00e9 preso ap\u00f3s confessar que matou enteada e jogou corpo em po\u00e7o\u00a0"},"content":{"rendered":"\n<p>Francisco Lopes foi preso suspeito de matar a pr\u00f3pria enteada de 12 anos, J\u00falia dos Anjos, que estava desaparecida desde o dia 7 deste m\u00eas. O homem mostrou \u00e0 pol\u00edcia o po\u00e7o em que jogou o corpo da menina na Praia do Sol, que foi removido nesta ter\u00e7a-feira (12).<\/p>\n\n\n\n<p>De acordo com o delegado Hector Azev\u00eado, Francisco demonstrou frieza durante o depoimento em que confessou o crime. \u201cEle demonstra ser uma pessoa muito fria. N\u00e3o esbo\u00e7a sentimento nenhum, n\u00e3o demonstra arrependimento\u201d, disse o delegado. Ainda conforme Azev\u00eado, o suspeito pediu para contar o crime pessoalmente \u00e0 irm\u00e3.&nbsp;<\/p>\n\n\n\n<p>\u201cA irm\u00e3 entrou em choque com aquela not\u00edcia, mas ele continuou calmo e com o mesmo semblante\u201d, contou. O delegado tamb\u00e9m disse que Francisco confessou ter matado a adolescente por asfixia na cama em que ela dormia, em casa em Jo\u00e3o Pessoa. Ap\u00f3s mat\u00e1-la, ele a colocou no carro e a levou at\u00e9 o po\u00e7o onde jogou o corpo.&nbsp;<\/p>\n\n\n\n<p>O suspeito seguiu para o trabalho normalmente e jogou o celular de J\u00falia pr\u00f3ximo a um rio, perto da Acadepol. Agora a pol\u00edcia aguarda os exames do corpo da adolescente que podem concluir se houve ou n\u00e3o abuso sexual, al\u00e9m dos exames de DNA.<\/p>\n\n\n\n<p>FONTE: PORTAL DO HOLANDA<\/p>\n\n\n\n<p><br><\/p>\n","protected":false},"excerpt":{"rendered":"<p>Francisco Lopes foi preso suspeito de matar a pr\u00f3pria enteada de 12 anos, J\u00falia dos&#8230;<\/p>\n","protected":false},"author":5,"featured_media":1594,"comment_status":"open","ping_status":"open","sticky":false,"template":"","format":"standard","meta":{"footnotes":""},"categories":[38,34],"tags":[426,425],"class_list":["post-1593","post","type-post","status-publish","format-standard","has-post-thumbnail","hentry","category-brasil","category-musica","tag-padrasto","tag-padrasto-mata-enteada"],"yoast_head":"<!-- This site is optimized with the Yoast SEO plugin v24.4 - https:\/\/yoast.com\/wordpress\/plugins\/seo\/ -->\n<title>Padrasto \u00e9 preso ap\u00f3s confessar que matou enteada e jogou corpo em po\u00e7o\u00a0 - Not\u00edcias de Todos - Models01<\/title>\n<meta name=\"robots\" content=\"index, follow, max-snippet:-1, max-image-preview:large, max-video-preview:-1\" \/>\n<link rel=\"canonical\" href=\"https:\/\/markd.com.br\/models\/padrasto-e-preso-apos-confessar-que-matou-enteada-e-jogou-corpo-em-poco\/\" \/>\n<meta property=\"og:locale\" content=\"pt_BR\" \/>\n<meta property=\"og:type\" content=\"article\" \/>\n<meta property=\"og:title\" content=\"Padrasto \u00e9 preso ap\u00f3s confessar que matou enteada e jogou corpo em po\u00e7o\u00a0 - Not\u00edcias de Todos - Models01\" \/>\n<meta property=\"og:description\" content=\"Francisco Lopes foi preso suspeito de matar a pr\u00f3pria enteada de 12 anos, J\u00falia dos...\" \/>\n<meta property=\"og:url\" content=\"https:\/\/markd.com.br\/models\/padrasto-e-preso-apos-confessar-que-matou-enteada-e-jogou-corpo-em-poco\/\" \/>\n<meta property=\"og:site_name\" content=\"Not\u00edcias de Todos - Models01\" \/>\n<meta property=\"article:published_time\" content=\"2022-04-13T20:27:39+00:00\" \/>\n<meta property=\"article:modified_time\" content=\"2022-04-13T20:27:43+00:00\" \/>\n<meta property=\"og:image\" content=\"https:\/\/markd.com.br\/models\/wp-content\/uploads\/2022\/04\/75CD52E7-32D0-4D45-AB7C-DE1FC6148B94.jpeg\" \/>\n\t<meta property=\"og:image:width\" content=\"750\" \/>\n\t<meta property=\"og:image:height\" content=\"718\" \/>\n\t<meta property=\"og:image:type\" content=\"image\/jpeg\" \/>\n<meta name=\"author\" content=\"Reda\u00e7\u00e3o Reda\u00e7\u00e3o\" \/>\n<meta name=\"twitter:card\" content=\"summary_large_image\" \/>\n<meta name=\"twitter:label1\" content=\"Escrito por\" \/>\n\t<meta name=\"twitter:data1\" content=\"Reda\u00e7\u00e3o Reda\u00e7\u00e3o\" \/>\n\t<meta name=\"twitter:label2\" content=\"Est. tempo de leitura\" \/>\n\t<meta name=\"twitter:data2\" content=\"2 minutos\" \/>\n<script type=\"application\/ld+json\" class=\"yoast-schema-graph\">{\"@context\":\"https:\/\/schema.org\",\"@graph\":[{\"@type\":\"WebPage\",\"@id\":\"https:\/\/markd.com.br\/models\/padrasto-e-preso-apos-confessar-que-matou-enteada-e-jogou-corpo-em-poco\/\",\"url\":\"https:\/\/markd.com.br\/models\/padrasto-e-preso-apos-confessar-que-matou-enteada-e-jogou-corpo-em-poco\/\",\"name\":\"Padrasto \u00e9 preso ap\u00f3s confessar que matou enteada e jogou corpo em po\u00e7o\u00a0 - Not\u00edcias de Todos - Models01\",\"isPartOf\":{\"@id\":\"https:\/\/markd.com.br\/models\/#website\"},\"primaryImageOfPage\":{\"@id\":\"https:\/\/markd.com.br\/models\/padrasto-e-preso-apos-confessar-que-matou-enteada-e-jogou-corpo-em-poco\/#primaryimage\"},\"image\":{\"@id\":\"https:\/\/markd.com.br\/models\/padrasto-e-preso-apos-confessar-que-matou-enteada-e-jogou-corpo-em-poco\/#primaryimage\"},\"thumbnailUrl\":\"https:\/\/markd.com.br\/models\/wp-content\/uploads\/2022\/04\/75CD52E7-32D0-4D45-AB7C-DE1FC6148B94.jpeg\",\"datePublished\":\"2022-04-13T20:27:39+00:00\",\"dateModified\":\"2022-04-13T20:27:43+00:00\",\"author\":{\"@id\":\"https:\/\/markd.com.br\/models\/#\/schema\/person\/c12a77ab487a7262d8bec3c47301ad37\"},\"breadcrumb\":{\"@id\":\"https:\/\/markd.com.br\/models\/padrasto-e-preso-apos-confessar-que-matou-enteada-e-jogou-corpo-em-poco\/#breadcrumb\"},\"inLanguage\":\"pt-BR\",\"potentialAction\":[{\"@type\":\"ReadAction\",\"target\":[\"https:\/\/markd.com.br\/models\/padrasto-e-preso-apos-confessar-que-matou-enteada-e-jogou-corpo-em-poco\/\"]}]},{\"@type\":\"ImageObject\",\"inLanguage\":\"pt-BR\",\"@id\":\"https:\/\/markd.com.br\/models\/padrasto-e-preso-apos-confessar-que-matou-enteada-e-jogou-corpo-em-poco\/#primaryimage\",\"url\":\"https:\/\/markd.com.br\/models\/wp-content\/uploads\/2022\/04\/75CD52E7-32D0-4D45-AB7C-DE1FC6148B94.jpeg\",\"contentUrl\":\"https:\/\/markd.com.br\/models\/wp-content\/uploads\/2022\/04\/75CD52E7-32D0-4D45-AB7C-DE1FC6148B94.jpeg\",\"width\":750,\"height\":718},{\"@type\":\"BreadcrumbList\",\"@id\":\"https:\/\/markd.com.br\/models\/padrasto-e-preso-apos-confessar-que-matou-enteada-e-jogou-corpo-em-poco\/#breadcrumb\",\"itemListElement\":[{\"@type\":\"ListItem\",\"position\":1,\"name\":\"In\u00edcio\",\"item\":\"https:\/\/markd.com.br\/models\/\"},{\"@type\":\"ListItem\",\"position\":2,\"name\":\"Padrasto \u00e9 preso ap\u00f3s confessar que matou enteada e jogou corpo em po\u00e7o\u00a0\"}]},{\"@type\":\"WebSite\",\"@id\":\"https:\/\/markd.com.br\/models\/#website\",\"url\":\"https:\/\/markd.com.br\/models\/\",\"name\":\"Not\u00edcias de Todos - Models01\",\"description\":\"Tenha um Portal de Not\u00edcias Moderno, Din\u00e2mico, R\u00e1pido e Profissional. Entregamos seu Site de  Not\u00edcias Pronto, Instalado, Hospedado, com Manual Passo a Passo e Suporte 24 horas.\",\"potentialAction\":[{\"@type\":\"SearchAction\",\"target\":{\"@type\":\"EntryPoint\",\"urlTemplate\":\"https:\/\/markd.com.br\/models\/?s={search_term_string}\"},\"query-input\":{\"@type\":\"PropertyValueSpecification\",\"valueRequired\":true,\"valueName\":\"search_term_string\"}}],\"inLanguage\":\"pt-BR\"},{\"@type\":\"Person\",\"@id\":\"https:\/\/markd.com.br\/models\/#\/schema\/person\/c12a77ab487a7262d8bec3c47301ad37\",\"name\":\"Reda\u00e7\u00e3o Reda\u00e7\u00e3o\",\"image\":{\"@type\":\"ImageObject\",\"inLanguage\":\"pt-BR\",\"@id\":\"https:\/\/markd.com.br\/models\/#\/schema\/person\/image\/\",\"url\":\"https:\/\/secure.gravatar.com\/avatar\/9448f3599ce269febf169e183039b4a6?s=96&d=mm&r=g\",\"contentUrl\":\"https:\/\/secure.gravatar.com\/avatar\/9448f3599ce269febf169e183039b4a6?s=96&d=mm&r=g\",\"caption\":\"Reda\u00e7\u00e3o Reda\u00e7\u00e3o\"},\"sameAs\":[\"https:\/\/markd.com.br\/\"],\"url\":\"https:\/\/markd.com.br\/models\/author\/redacao\/\"}]}<\/script>\n<!-- \/ Yoast SEO plugin. -->","yoast_head_json":{"title":"Padrasto \u00e9 preso ap\u00f3s confessar que matou enteada e jogou corpo em po\u00e7o\u00a0 - Not\u00edcias de Todos - Models01","robots":{"index":"index","follow":"follow","max-snippet":"max-snippet:-1","max-image-preview":"max-image-preview:large","max-video-preview":"max-video-preview:-1"},"canonical":"https:\/\/markd.com.br\/models\/padrasto-e-preso-apos-confessar-que-matou-enteada-e-jogou-corpo-em-poco\/","og_locale":"pt_BR","og_type":"article","og_title":"Padrasto \u00e9 preso ap\u00f3s confessar que matou enteada e jogou corpo em po\u00e7o\u00a0 - Not\u00edcias de Todos - Models01","og_description":"Francisco Lopes foi preso suspeito de matar a pr\u00f3pria enteada de 12 anos, J\u00falia dos...","og_url":"https:\/\/markd.com.br\/models\/padrasto-e-preso-apos-confessar-que-matou-enteada-e-jogou-corpo-em-poco\/","og_site_name":"Not\u00edcias de Todos - Models01","article_published_time":"2022-04-13T20:27:39+00:00","article_modified_time":"2022-04-13T20:27:43+00:00","og_image":[{"width":750,"height":718,"url":"https:\/\/markd.com.br\/models\/wp-content\/uploads\/2022\/04\/75CD52E7-32D0-4D45-AB7C-DE1FC6148B94.jpeg","type":"image\/jpeg"}],"author":"Reda\u00e7\u00e3o Reda\u00e7\u00e3o","twitter_card":"summary_large_image","twitter_misc":{"Escrito por":"Reda\u00e7\u00e3o Reda\u00e7\u00e3o","Est. tempo de leitura":"2 minutos"},"schema":{"@context":"https:\/\/schema.org","@graph":[{"@type":"WebPage","@id":"https:\/\/markd.com.br\/models\/padrasto-e-preso-apos-confessar-que-matou-enteada-e-jogou-corpo-em-poco\/","url":"https:\/\/markd.com.br\/models\/padrasto-e-preso-apos-confessar-que-matou-enteada-e-jogou-corpo-em-poco\/","name":"Padrasto \u00e9 preso ap\u00f3s confessar que matou enteada e jogou corpo em po\u00e7o\u00a0 - Not\u00edcias de Todos - Models01","isPartOf":{"@id":"https:\/\/markd.com.br\/models\/#website"},"primaryImageOfPage":{"@id":"https:\/\/markd.com.br\/models\/padrasto-e-preso-apos-confessar-que-matou-enteada-e-jogou-corpo-em-poco\/#primaryimage"},"image":{"@id":"https:\/\/markd.com.br\/models\/padrasto-e-preso-apos-confessar-que-matou-enteada-e-jogou-corpo-em-poco\/#primaryimage"},"thumbnailUrl":"https:\/\/markd.com.br\/models\/wp-content\/uploads\/2022\/04\/75CD52E7-32D0-4D45-AB7C-DE1FC6148B94.jpeg","datePublished":"2022-04-13T20:27:39+00:00","dateModified":"2022-04-13T20:27:43+00:00","author":{"@id":"https:\/\/markd.com.br\/models\/#\/schema\/person\/c12a77ab487a7262d8bec3c47301ad37"},"breadcrumb":{"@id":"https:\/\/markd.com.br\/models\/padrasto-e-preso-apos-confessar-que-matou-enteada-e-jogou-corpo-em-poco\/#breadcrumb"},"inLanguage":"pt-BR","potentialAction":[{"@type":"ReadAction","target":["https:\/\/markd.com.br\/models\/padrasto-e-preso-apos-confessar-que-matou-enteada-e-jogou-corpo-em-poco\/"]}]},{"@type":"ImageObject","inLanguage":"pt-BR","@id":"https:\/\/markd.com.br\/models\/padrasto-e-preso-apos-confessar-que-matou-enteada-e-jogou-corpo-em-poco\/#primaryimage","url":"https:\/\/markd.com.br\/models\/wp-content\/uploads\/2022\/04\/75CD52E7-32D0-4D45-AB7C-DE1FC6148B94.jpeg","contentUrl":"https:\/\/markd.com.br\/models\/wp-content\/uploads\/2022\/04\/75CD52E7-32D0-4D45-AB7C-DE1FC6148B94.jpeg","width":750,"height":718},{"@type":"BreadcrumbList","@id":"https:\/\/markd.com.br\/models\/padrasto-e-preso-apos-confessar-que-matou-enteada-e-jogou-corpo-em-poco\/#breadcrumb","itemListElement":[{"@type":"ListItem","position":1,"name":"In\u00edcio","item":"https:\/\/markd.com.br\/models\/"},{"@type":"ListItem","position":2,"name":"Padrasto \u00e9 preso ap\u00f3s confessar que matou enteada e jogou corpo em po\u00e7o\u00a0"}]},{"@type":"WebSite","@id":"https:\/\/markd.com.br\/models\/#website","url":"https:\/\/markd.com.br\/models\/","name":"Not\u00edcias de Todos - Models01","description":"Tenha um Portal de Not\u00edcias Moderno, Din\u00e2mico, R\u00e1pido e Profissional. Entregamos seu Site de  Not\u00edcias Pronto, Instalado, Hospedado, com Manual Passo a Passo e Suporte 24 horas.","potentialAction":[{"@type":"SearchAction","target":{"@type":"EntryPoint","urlTemplate":"https:\/\/markd.com.br\/models\/?s={search_term_string}"},"query-input":{"@type":"PropertyValueSpecification","valueRequired":true,"valueName":"search_term_string"}}],"inLanguage":"pt-BR"},{"@type":"Person","@id":"https:\/\/markd.com.br\/models\/#\/schema\/person\/c12a77ab487a7262d8bec3c47301ad37","name":"Reda\u00e7\u00e3o Reda\u00e7\u00e3o","image":{"@type":"ImageObject","inLanguage":"pt-BR","@id":"https:\/\/markd.com.br\/models\/#\/schema\/person\/image\/","url":"https:\/\/secure.gravatar.com\/avatar\/9448f3599ce269febf169e183039b4a6?s=96&d=mm&r=g","contentUrl":"https:\/\/secure.gravatar.com\/avatar\/9448f3599ce269febf169e183039b4a6?s=96&d=mm&r=g","caption":"Reda\u00e7\u00e3o Reda\u00e7\u00e3o"},"sameAs":["https:\/\/markd.com.br\/"],"url":"https:\/\/markd.com.br\/models\/author\/redacao\/"}]}},"featured_image_urls":{"full":["https:\/\/markd.com.br\/models\/wp-content\/uploads\/2022\/04\/75CD52E7-32D0-4D45-AB7C-DE1FC6148B94.jpeg",750,718,false],"thumbnail":["https:\/\/markd.com.br\/models\/wp-content\/uploads\/2022\/04\/75CD52E7-32D0-4D45-AB7C-DE1FC6148B94-150x150.jpeg",150,150,true],"medium":["https:\/\/markd.com.br\/models\/wp-content\/uploads\/2022\/04\/75CD52E7-32D0-4D45-AB7C-DE1FC6148B94-300x287.jpeg",300,287,true],"medium_large":["https:\/\/markd.com.br\/models\/wp-content\/uploads\/2022\/04\/75CD52E7-32D0-4D45-AB7C-DE1FC6148B94.jpeg",640,613,false],"large":["https:\/\/markd.com.br\/models\/wp-content\/uploads\/2022\/04\/75CD52E7-32D0-4D45-AB7C-DE1FC6148B94.jpeg",640,613,false],"1536x1536":["https:\/\/markd.com.br\/models\/wp-content\/uploads\/2022\/04\/75CD52E7-32D0-4D45-AB7C-DE1FC6148B94.jpeg",750,718,false],"2048x2048":["https:\/\/markd.com.br\/models\/wp-content\/uploads\/2022\/04\/75CD52E7-32D0-4D45-AB7C-DE1FC6148B94.jpeg",750,718,false],"newsphere-slider-full":["https:\/\/markd.com.br\/models\/wp-content\/uploads\/2022\/04\/75CD52E7-32D0-4D45-AB7C-DE1FC6148B94.jpeg",750,718,false],"newsphere-featured":["https:\/\/markd.com.br\/models\/wp-content\/uploads\/2022\/04\/75CD52E7-32D0-4D45-AB7C-DE1FC6148B94.jpeg",750,718,false],"newsphere-medium":["https:\/\/markd.com.br\/models\/wp-content\/uploads\/2022\/04\/75CD52E7-32D0-4D45-AB7C-DE1FC6148B94-720x380.jpeg",720,380,true]},"author_info":{"display_name":"Reda\u00e7\u00e3o Reda\u00e7\u00e3o","author_link":"https:\/\/markd.com.br\/models\/author\/redacao\/"},"category_info":"<a href=\"https:\/\/markd.com.br\/models\/category\/brasil\/\" rel=\"category tag\">Brasil<\/a> <a href=\"https:\/\/markd.com.br\/models\/category\/musica\/\" rel=\"category tag\">Pol\u00edcia<\/a>","tag_info":"Pol\u00edcia","comment_count":"0","jetpack_featured_media_url":"https:\/\/markd.com.br\/models\/wp-content\/uploads\/2022\/04\/75CD52E7-32D0-4D45-AB7C-DE1FC6148B94.jpeg","_links":{"self":[{"href":"https:\/\/markd.com.br\/models\/wp-json\/wp\/v2\/posts\/1593","targetHints":{"allow":["GET"]}}],"collection":[{"href":"https:\/\/markd.com.br\/models\/wp-json\/wp\/v2\/posts"}],"about":[{"href":"https:\/\/markd.com.br\/models\/wp-json\/wp\/v2\/types\/post"}],"author":[{"embeddable":true,"href":"https:\/\/markd.com.br\/models\/wp-json\/wp\/v2\/users\/5"}],"replies":[{"embeddable":true,"href":"https:\/\/markd.com.br\/models\/wp-json\/wp\/v2\/comments?post=1593"}],"version-history":[{"count":1,"href":"https:\/\/markd.com.br\/models\/wp-json\/wp\/v2\/posts\/1593\/revisions"}],"predecessor-version":[{"id":1595,"href":"https:\/\/markd.com.br\/models\/wp-json\/wp\/v2\/posts\/1593\/revisions\/1595"}],"wp:featuredmedia":[{"embeddable":true,"href":"https:\/\/markd.com.br\/models\/wp-json\/wp\/v2\/media\/1594"}],"wp:attachment":[{"href":"https:\/\/markd.com.br\/models\/wp-json\/wp\/v2\/media?parent=1593"}],"wp:term":[{"taxonomy":"category","embeddable":true,"href":"https:\/\/markd.com.br\/models\/wp-json\/wp\/v2\/categories?post=1593"},{"taxonomy":"post_tag","embeddable":true,"href":"https:\/\/markd.com.br\/models\/wp-json\/wp\/v2\/tags?post=1593"}],"curies":[{"name":"wp","href":"https:\/\/api.w.org\/{rel}","templated":true}]}}