{"id":1630,"date":"2022-04-14T13:00:09","date_gmt":"2022-04-14T16:00:09","guid":{"rendered":"https:\/\/portaldestaquenoticias.com.br\/?p=1630"},"modified":"2022-04-14T13:00:15","modified_gmt":"2022-04-14T16:00:15","slug":"imagens-fortes-homem-e-encontrado-morto-em-saco-plastico-no-bairro-da-cidade-de-deus","status":"publish","type":"post","link":"https:\/\/markd.com.br\/models\/imagens-fortes-homem-e-encontrado-morto-em-saco-plastico-no-bairro-da-cidade-de-deus\/","title":{"rendered":"Imagens fortes! Homem \u00e9 encontrado morto em saco pl\u00e1stico no bairro da Cidade de Deus."},"content":{"rendered":"\n<p><\/p>\n\n\n\n<p>Um \u201cpacote humano\u201d foi encontrado por volta das 5h da manh\u00e3 desta quinta-feira, 14, na Rua Samambaia, bairro da Cidade de Deus, Zona Norte de Manaus.<\/p>\n\n\n\n<p>Dentro dele, alguns moradores que sa\u00edam para trabalhar encontraram o corpo de um homem com as m\u00e3os amarradas para tr\u00e1s e imediatamente comunicaram \u00e0 pol\u00edcia.<\/p>\n\n\n\n<p>O que mais chama aten\u00e7\u00e3o nesse crime \u00e9 que junto ao cad\u00e1ver estavam um notebook e o carregador do aparelho, o qual vai servir de pista para que os autores do assassinato venham a ser identificados.<\/p>\n\n\n\n<p>O perito criminal que examinou o homem confirmou que ele tinha muitas les\u00f5es provocadas supostamente por uma violenta agress\u00e3o f\u00edsica e uma facada profunda que atravessou o pesco\u00e7o.<\/p>\n\n\n\n<p>O homem assassinado pode ter sido v\u00edtima de supostos \u201cjusticeiros\u201d daquele bairro, depois de roubar ou furtar os objetos encontrados junto ao corpo, que estava enrolado em sacos pl\u00e1sticos.<\/p>\n\n\n\n<figure class=\"wp-block-image\"><img decoding=\"async\" src=\"https:\/\/portaldozacarias.com.br\/site\/\/arquivos\/imagens\/imgeditor\/xssdc33.jpg\" alt=\"\"\/><\/figure>\n\n\n\n<p>O notbook que estava dentro do \u201cpacote humano\u201d, ao que se imagina, pode ter sido roubado ou furtado pelo homem e como consequ\u00eancia, pagou com a pr\u00f3pria vida.<\/p>\n\n\n\n<p>De outra forma os policiais voltaram a \u201cbater na mesma tecla\u201d de que o homem pode ter sido v\u00edtima de um acerto de contas e da conhecida guerra sangrenta entre fac\u00e7\u00f5es criminosas.<\/p>\n\n\n\n<p>O corpo foi removido do local por volta das 8h da manh\u00e3 de hoje, sem ser conhecido por nenhum dos moradores, e foi levado para exame de necropsia no Instituto M\u00e9dico Legal (IML).<\/p>\n\n\n\n<p>A Delegacia Especializada em Homic\u00eddios e Sequestros (DEHS) tem agora mais um \u201cquebra cabe\u00e7a\u201d para montar, onde ter\u00e1 que identificar os autores e a motiva\u00e7\u00e3o desse b\u00e1rbaro assassinato.<\/p>\n\n\n\n<figure class=\"wp-block-image\"><img decoding=\"async\" src=\"https:\/\/portaldozacarias.com.br\/site\/\/arquivos\/imagens\/imgeditor\/43bb2e52-74c1-4bf3-a252-c1c69ae245b9%20(1).jpg\" alt=\"\"\/><\/figure>\n\n\n\n<figure class=\"wp-block-image\"><img decoding=\"async\" src=\"https:\/\/portaldozacarias.com.br\/site\/\/arquivos\/imagens\/imgeditor\/sxxdcfff.jpg\" alt=\"\"\/><\/figure>\n\n\n\n<p><video controls=\"\" src=\"https:\/\/portalmancheteam.com.br\/wp-content\/uploads\/2022\/04\/20220414090910whatsappvideo20220414at063929.mp4\"><\/video><\/p>\n\n\n\n<p>Fonte: portal do zacarias<\/p>\n","protected":false},"excerpt":{"rendered":"<p>Um \u201cpacote humano\u201d foi encontrado por volta das 5h da manh\u00e3 desta quinta-feira, 14, na&#8230;<\/p>\n","protected":false},"author":5,"featured_media":1631,"comment_status":"open","ping_status":"open","sticky":false,"template":"","format":"standard","meta":{"footnotes":""},"categories":[34],"tags":[153,447,167],"class_list":["post-1630","post","type-post","status-publish","format-standard","has-post-thumbnail","hentry","category-musica","tag-dehs","tag-homem-morto","tag-manaus"],"yoast_head":"<!-- This site is optimized with the Yoast SEO plugin v24.4 - https:\/\/yoast.com\/wordpress\/plugins\/seo\/ -->\n<title>Imagens fortes! Homem \u00e9 encontrado morto em saco pl\u00e1stico no bairro da Cidade de Deus. - Not\u00edcias de Todos - Models01<\/title>\n<meta name=\"robots\" content=\"index, follow, max-snippet:-1, max-image-preview:large, max-video-preview:-1\" \/>\n<link rel=\"canonical\" href=\"https:\/\/markd.com.br\/models\/imagens-fortes-homem-e-encontrado-morto-em-saco-plastico-no-bairro-da-cidade-de-deus\/\" \/>\n<meta property=\"og:locale\" content=\"pt_BR\" \/>\n<meta property=\"og:type\" content=\"article\" \/>\n<meta property=\"og:title\" content=\"Imagens fortes! Homem \u00e9 encontrado morto em saco pl\u00e1stico no bairro da Cidade de Deus. - Not\u00edcias de Todos - Models01\" \/>\n<meta property=\"og:description\" content=\"Um \u201cpacote humano\u201d foi encontrado por volta das 5h da manh\u00e3 desta quinta-feira, 14, na...\" \/>\n<meta property=\"og:url\" content=\"https:\/\/markd.com.br\/models\/imagens-fortes-homem-e-encontrado-morto-em-saco-plastico-no-bairro-da-cidade-de-deus\/\" \/>\n<meta property=\"og:site_name\" content=\"Not\u00edcias de Todos - Models01\" \/>\n<meta property=\"article:published_time\" content=\"2022-04-14T16:00:09+00:00\" \/>\n<meta property=\"article:modified_time\" content=\"2022-04-14T16:00:15+00:00\" \/>\n<meta property=\"og:image\" content=\"https:\/\/markd.com.br\/models\/wp-content\/uploads\/2022\/04\/20220414090910edddsss-644x445-1.jpg\" \/>\n\t<meta property=\"og:image:width\" content=\"644\" \/>\n\t<meta property=\"og:image:height\" content=\"445\" \/>\n\t<meta property=\"og:image:type\" content=\"image\/jpeg\" \/>\n<meta name=\"author\" content=\"Reda\u00e7\u00e3o Reda\u00e7\u00e3o\" \/>\n<meta name=\"twitter:card\" content=\"summary_large_image\" \/>\n<meta name=\"twitter:label1\" content=\"Escrito por\" \/>\n\t<meta name=\"twitter:data1\" content=\"Reda\u00e7\u00e3o Reda\u00e7\u00e3o\" \/>\n\t<meta name=\"twitter:label2\" content=\"Est. tempo de leitura\" \/>\n\t<meta name=\"twitter:data2\" content=\"3 minutos\" \/>\n<script type=\"application\/ld+json\" class=\"yoast-schema-graph\">{\"@context\":\"https:\/\/schema.org\",\"@graph\":[{\"@type\":\"WebPage\",\"@id\":\"https:\/\/markd.com.br\/models\/imagens-fortes-homem-e-encontrado-morto-em-saco-plastico-no-bairro-da-cidade-de-deus\/\",\"url\":\"https:\/\/markd.com.br\/models\/imagens-fortes-homem-e-encontrado-morto-em-saco-plastico-no-bairro-da-cidade-de-deus\/\",\"name\":\"Imagens fortes! Homem \u00e9 encontrado morto em saco pl\u00e1stico no bairro da Cidade de Deus. - Not\u00edcias de Todos - Models01\",\"isPartOf\":{\"@id\":\"https:\/\/markd.com.br\/models\/#website\"},\"primaryImageOfPage\":{\"@id\":\"https:\/\/markd.com.br\/models\/imagens-fortes-homem-e-encontrado-morto-em-saco-plastico-no-bairro-da-cidade-de-deus\/#primaryimage\"},\"image\":{\"@id\":\"https:\/\/markd.com.br\/models\/imagens-fortes-homem-e-encontrado-morto-em-saco-plastico-no-bairro-da-cidade-de-deus\/#primaryimage\"},\"thumbnailUrl\":\"https:\/\/markd.com.br\/models\/wp-content\/uploads\/2022\/04\/20220414090910edddsss-644x445-1.jpg\",\"datePublished\":\"2022-04-14T16:00:09+00:00\",\"dateModified\":\"2022-04-14T16:00:15+00:00\",\"author\":{\"@id\":\"https:\/\/markd.com.br\/models\/#\/schema\/person\/c12a77ab487a7262d8bec3c47301ad37\"},\"breadcrumb\":{\"@id\":\"https:\/\/markd.com.br\/models\/imagens-fortes-homem-e-encontrado-morto-em-saco-plastico-no-bairro-da-cidade-de-deus\/#breadcrumb\"},\"inLanguage\":\"pt-BR\",\"potentialAction\":[{\"@type\":\"ReadAction\",\"target\":[\"https:\/\/markd.com.br\/models\/imagens-fortes-homem-e-encontrado-morto-em-saco-plastico-no-bairro-da-cidade-de-deus\/\"]}]},{\"@type\":\"ImageObject\",\"inLanguage\":\"pt-BR\",\"@id\":\"https:\/\/markd.com.br\/models\/imagens-fortes-homem-e-encontrado-morto-em-saco-plastico-no-bairro-da-cidade-de-deus\/#primaryimage\",\"url\":\"https:\/\/markd.com.br\/models\/wp-content\/uploads\/2022\/04\/20220414090910edddsss-644x445-1.jpg\",\"contentUrl\":\"https:\/\/markd.com.br\/models\/wp-content\/uploads\/2022\/04\/20220414090910edddsss-644x445-1.jpg\",\"width\":644,\"height\":445},{\"@type\":\"BreadcrumbList\",\"@id\":\"https:\/\/markd.com.br\/models\/imagens-fortes-homem-e-encontrado-morto-em-saco-plastico-no-bairro-da-cidade-de-deus\/#breadcrumb\",\"itemListElement\":[{\"@type\":\"ListItem\",\"position\":1,\"name\":\"In\u00edcio\",\"item\":\"https:\/\/markd.com.br\/models\/\"},{\"@type\":\"ListItem\",\"position\":2,\"name\":\"Imagens fortes! Homem \u00e9 encontrado morto em saco pl\u00e1stico no bairro da Cidade de Deus.\"}]},{\"@type\":\"WebSite\",\"@id\":\"https:\/\/markd.com.br\/models\/#website\",\"url\":\"https:\/\/markd.com.br\/models\/\",\"name\":\"Not\u00edcias de Todos - Models01\",\"description\":\"Tenha um Portal de Not\u00edcias Moderno, Din\u00e2mico, R\u00e1pido e Profissional. Entregamos seu Site de  Not\u00edcias Pronto, Instalado, Hospedado, com Manual Passo a Passo e Suporte 24 horas.\",\"potentialAction\":[{\"@type\":\"SearchAction\",\"target\":{\"@type\":\"EntryPoint\",\"urlTemplate\":\"https:\/\/markd.com.br\/models\/?s={search_term_string}\"},\"query-input\":{\"@type\":\"PropertyValueSpecification\",\"valueRequired\":true,\"valueName\":\"search_term_string\"}}],\"inLanguage\":\"pt-BR\"},{\"@type\":\"Person\",\"@id\":\"https:\/\/markd.com.br\/models\/#\/schema\/person\/c12a77ab487a7262d8bec3c47301ad37\",\"name\":\"Reda\u00e7\u00e3o Reda\u00e7\u00e3o\",\"image\":{\"@type\":\"ImageObject\",\"inLanguage\":\"pt-BR\",\"@id\":\"https:\/\/markd.com.br\/models\/#\/schema\/person\/image\/\",\"url\":\"https:\/\/secure.gravatar.com\/avatar\/9448f3599ce269febf169e183039b4a6?s=96&d=mm&r=g\",\"contentUrl\":\"https:\/\/secure.gravatar.com\/avatar\/9448f3599ce269febf169e183039b4a6?s=96&d=mm&r=g\",\"caption\":\"Reda\u00e7\u00e3o Reda\u00e7\u00e3o\"},\"sameAs\":[\"https:\/\/markd.com.br\/\"],\"url\":\"https:\/\/markd.com.br\/models\/author\/redacao\/\"}]}<\/script>\n<!-- \/ Yoast SEO plugin. -->","yoast_head_json":{"title":"Imagens fortes! Homem \u00e9 encontrado morto em saco pl\u00e1stico no bairro da Cidade de Deus. - Not\u00edcias de Todos - Models01","robots":{"index":"index","follow":"follow","max-snippet":"max-snippet:-1","max-image-preview":"max-image-preview:large","max-video-preview":"max-video-preview:-1"},"canonical":"https:\/\/markd.com.br\/models\/imagens-fortes-homem-e-encontrado-morto-em-saco-plastico-no-bairro-da-cidade-de-deus\/","og_locale":"pt_BR","og_type":"article","og_title":"Imagens fortes! Homem \u00e9 encontrado morto em saco pl\u00e1stico no bairro da Cidade de Deus. - Not\u00edcias de Todos - Models01","og_description":"Um \u201cpacote humano\u201d foi encontrado por volta das 5h da manh\u00e3 desta quinta-feira, 14, na...","og_url":"https:\/\/markd.com.br\/models\/imagens-fortes-homem-e-encontrado-morto-em-saco-plastico-no-bairro-da-cidade-de-deus\/","og_site_name":"Not\u00edcias de Todos - Models01","article_published_time":"2022-04-14T16:00:09+00:00","article_modified_time":"2022-04-14T16:00:15+00:00","og_image":[{"width":644,"height":445,"url":"https:\/\/markd.com.br\/models\/wp-content\/uploads\/2022\/04\/20220414090910edddsss-644x445-1.jpg","type":"image\/jpeg"}],"author":"Reda\u00e7\u00e3o Reda\u00e7\u00e3o","twitter_card":"summary_large_image","twitter_misc":{"Escrito por":"Reda\u00e7\u00e3o Reda\u00e7\u00e3o","Est. tempo de leitura":"3 minutos"},"schema":{"@context":"https:\/\/schema.org","@graph":[{"@type":"WebPage","@id":"https:\/\/markd.com.br\/models\/imagens-fortes-homem-e-encontrado-morto-em-saco-plastico-no-bairro-da-cidade-de-deus\/","url":"https:\/\/markd.com.br\/models\/imagens-fortes-homem-e-encontrado-morto-em-saco-plastico-no-bairro-da-cidade-de-deus\/","name":"Imagens fortes! Homem \u00e9 encontrado morto em saco pl\u00e1stico no bairro da Cidade de Deus. - Not\u00edcias de Todos - Models01","isPartOf":{"@id":"https:\/\/markd.com.br\/models\/#website"},"primaryImageOfPage":{"@id":"https:\/\/markd.com.br\/models\/imagens-fortes-homem-e-encontrado-morto-em-saco-plastico-no-bairro-da-cidade-de-deus\/#primaryimage"},"image":{"@id":"https:\/\/markd.com.br\/models\/imagens-fortes-homem-e-encontrado-morto-em-saco-plastico-no-bairro-da-cidade-de-deus\/#primaryimage"},"thumbnailUrl":"https:\/\/markd.com.br\/models\/wp-content\/uploads\/2022\/04\/20220414090910edddsss-644x445-1.jpg","datePublished":"2022-04-14T16:00:09+00:00","dateModified":"2022-04-14T16:00:15+00:00","author":{"@id":"https:\/\/markd.com.br\/models\/#\/schema\/person\/c12a77ab487a7262d8bec3c47301ad37"},"breadcrumb":{"@id":"https:\/\/markd.com.br\/models\/imagens-fortes-homem-e-encontrado-morto-em-saco-plastico-no-bairro-da-cidade-de-deus\/#breadcrumb"},"inLanguage":"pt-BR","potentialAction":[{"@type":"ReadAction","target":["https:\/\/markd.com.br\/models\/imagens-fortes-homem-e-encontrado-morto-em-saco-plastico-no-bairro-da-cidade-de-deus\/"]}]},{"@type":"ImageObject","inLanguage":"pt-BR","@id":"https:\/\/markd.com.br\/models\/imagens-fortes-homem-e-encontrado-morto-em-saco-plastico-no-bairro-da-cidade-de-deus\/#primaryimage","url":"https:\/\/markd.com.br\/models\/wp-content\/uploads\/2022\/04\/20220414090910edddsss-644x445-1.jpg","contentUrl":"https:\/\/markd.com.br\/models\/wp-content\/uploads\/2022\/04\/20220414090910edddsss-644x445-1.jpg","width":644,"height":445},{"@type":"BreadcrumbList","@id":"https:\/\/markd.com.br\/models\/imagens-fortes-homem-e-encontrado-morto-em-saco-plastico-no-bairro-da-cidade-de-deus\/#breadcrumb","itemListElement":[{"@type":"ListItem","position":1,"name":"In\u00edcio","item":"https:\/\/markd.com.br\/models\/"},{"@type":"ListItem","position":2,"name":"Imagens fortes! Homem \u00e9 encontrado morto em saco pl\u00e1stico no bairro da Cidade de Deus."}]},{"@type":"WebSite","@id":"https:\/\/markd.com.br\/models\/#website","url":"https:\/\/markd.com.br\/models\/","name":"Not\u00edcias de Todos - Models01","description":"Tenha um Portal de Not\u00edcias Moderno, Din\u00e2mico, R\u00e1pido e Profissional. Entregamos seu Site de  Not\u00edcias Pronto, Instalado, Hospedado, com Manual Passo a Passo e Suporte 24 horas.","potentialAction":[{"@type":"SearchAction","target":{"@type":"EntryPoint","urlTemplate":"https:\/\/markd.com.br\/models\/?s={search_term_string}"},"query-input":{"@type":"PropertyValueSpecification","valueRequired":true,"valueName":"search_term_string"}}],"inLanguage":"pt-BR"},{"@type":"Person","@id":"https:\/\/markd.com.br\/models\/#\/schema\/person\/c12a77ab487a7262d8bec3c47301ad37","name":"Reda\u00e7\u00e3o Reda\u00e7\u00e3o","image":{"@type":"ImageObject","inLanguage":"pt-BR","@id":"https:\/\/markd.com.br\/models\/#\/schema\/person\/image\/","url":"https:\/\/secure.gravatar.com\/avatar\/9448f3599ce269febf169e183039b4a6?s=96&d=mm&r=g","contentUrl":"https:\/\/secure.gravatar.com\/avatar\/9448f3599ce269febf169e183039b4a6?s=96&d=mm&r=g","caption":"Reda\u00e7\u00e3o Reda\u00e7\u00e3o"},"sameAs":["https:\/\/markd.com.br\/"],"url":"https:\/\/markd.com.br\/models\/author\/redacao\/"}]}},"featured_image_urls":{"full":["https:\/\/markd.com.br\/models\/wp-content\/uploads\/2022\/04\/20220414090910edddsss-644x445-1.jpg",644,445,false],"thumbnail":["https:\/\/markd.com.br\/models\/wp-content\/uploads\/2022\/04\/20220414090910edddsss-644x445-1-150x150.jpg",150,150,true],"medium":["https:\/\/markd.com.br\/models\/wp-content\/uploads\/2022\/04\/20220414090910edddsss-644x445-1-300x207.jpg",300,207,true],"medium_large":["https:\/\/markd.com.br\/models\/wp-content\/uploads\/2022\/04\/20220414090910edddsss-644x445-1.jpg",640,442,false],"large":["https:\/\/markd.com.br\/models\/wp-content\/uploads\/2022\/04\/20220414090910edddsss-644x445-1.jpg",640,442,false],"1536x1536":["https:\/\/markd.com.br\/models\/wp-content\/uploads\/2022\/04\/20220414090910edddsss-644x445-1.jpg",644,445,false],"2048x2048":["https:\/\/markd.com.br\/models\/wp-content\/uploads\/2022\/04\/20220414090910edddsss-644x445-1.jpg",644,445,false],"newsphere-slider-full":["https:\/\/markd.com.br\/models\/wp-content\/uploads\/2022\/04\/20220414090910edddsss-644x445-1.jpg",644,445,false],"newsphere-featured":["https:\/\/markd.com.br\/models\/wp-content\/uploads\/2022\/04\/20220414090910edddsss-644x445-1.jpg",644,445,false],"newsphere-medium":["https:\/\/markd.com.br\/models\/wp-content\/uploads\/2022\/04\/20220414090910edddsss-644x445-1-644x380.jpg",644,380,true]},"author_info":{"display_name":"Reda\u00e7\u00e3o Reda\u00e7\u00e3o","author_link":"https:\/\/markd.com.br\/models\/author\/redacao\/"},"category_info":"<a href=\"https:\/\/markd.com.br\/models\/category\/musica\/\" rel=\"category tag\">Pol\u00edcia<\/a>","tag_info":"Pol\u00edcia","comment_count":"0","jetpack_featured_media_url":"https:\/\/markd.com.br\/models\/wp-content\/uploads\/2022\/04\/20220414090910edddsss-644x445-1.jpg","_links":{"self":[{"href":"https:\/\/markd.com.br\/models\/wp-json\/wp\/v2\/posts\/1630","targetHints":{"allow":["GET"]}}],"collection":[{"href":"https:\/\/markd.com.br\/models\/wp-json\/wp\/v2\/posts"}],"about":[{"href":"https:\/\/markd.com.br\/models\/wp-json\/wp\/v2\/types\/post"}],"author":[{"embeddable":true,"href":"https:\/\/markd.com.br\/models\/wp-json\/wp\/v2\/users\/5"}],"replies":[{"embeddable":true,"href":"https:\/\/markd.com.br\/models\/wp-json\/wp\/v2\/comments?post=1630"}],"version-history":[{"count":1,"href":"https:\/\/markd.com.br\/models\/wp-json\/wp\/v2\/posts\/1630\/revisions"}],"predecessor-version":[{"id":1632,"href":"https:\/\/markd.com.br\/models\/wp-json\/wp\/v2\/posts\/1630\/revisions\/1632"}],"wp:featuredmedia":[{"embeddable":true,"href":"https:\/\/markd.com.br\/models\/wp-json\/wp\/v2\/media\/1631"}],"wp:attachment":[{"href":"https:\/\/markd.com.br\/models\/wp-json\/wp\/v2\/media?parent=1630"}],"wp:term":[{"taxonomy":"category","embeddable":true,"href":"https:\/\/markd.com.br\/models\/wp-json\/wp\/v2\/categories?post=1630"},{"taxonomy":"post_tag","embeddable":true,"href":"https:\/\/markd.com.br\/models\/wp-json\/wp\/v2\/tags?post=1630"}],"curies":[{"name":"wp","href":"https:\/\/api.w.org\/{rel}","templated":true}]}}