{"id":1693,"date":"2022-04-18T14:53:12","date_gmt":"2022-04-18T17:53:12","guid":{"rendered":"https:\/\/portaldestaquenoticias.com.br\/?p=1693"},"modified":"2022-04-18T14:53:17","modified_gmt":"2022-04-18T17:53:17","slug":"pastor-da-assembleia-de-deus-e-preso-por-estuprar-criancas-no-sudoeste-do-para","status":"publish","type":"post","link":"https:\/\/markd.com.br\/models\/pastor-da-assembleia-de-deus-e-preso-por-estuprar-criancas-no-sudoeste-do-para\/","title":{"rendered":"Pastor da Assembleia de Deus \u00e9 preso por estuprar crian\u00e7as no sudoeste do Par\u00e1"},"content":{"rendered":"\n<p><\/p>\n\n\n\n<p>O pastor, identificado como Oseas Monteiro de Sa, da Assembleia de Deus foi preso na manh\u00e3 desta segunda-feira, 18,.&nbsp;&nbsp;ap\u00f3s den\u00fancias de ter estuprado crian\u00e7as em Anapu, no sudoeste do Par\u00e1.&nbsp;<\/p>\n\n\n\n<p>Segundo informa\u00e7\u00f5es do Confirma Not\u00edcia, pessoas pr\u00f3ximas da fam\u00edlia das v\u00edtimas procuraram o Conselho Tutelar da cidade, por conta de terem estranhado o comportamento de Oseas, ao se aproximar de duas crian\u00e7as.&nbsp;<\/p>\n\n\n\n<p>Uma das v\u00edtimas tem 11 anos e o exame sexol\u00f3gico mostrou sinais de abuso. Eles recebem atendimento pelo Centro de Refer\u00eancia da Assist\u00eancia Social (CRAS).<\/p>\n\n\n\n<p>A Pol\u00edcia havia instaurou um inqu\u00e9rito e resulto na pris\u00e3o do acusado.<\/p>\n\n\n\n<p>Ainda de acordo com o Confirma Not\u00edcia, o homem \u00e9 l\u00edder religioso desde 2011 e tem grande atua\u00e7\u00e3o na forma\u00e7\u00e3o espiritual de grupo.<\/p>\n\n\n\n<p><em><strong>Com informa\u00e7\u00f5es do Confirma Not\u00edcia.&nbsp;<\/strong><\/em><\/p>\n","protected":false},"excerpt":{"rendered":"<p>O pastor, identificado como Oseas Monteiro de Sa, da Assembleia de Deus foi preso na&#8230;<\/p>\n","protected":false},"author":5,"featured_media":1694,"comment_status":"open","ping_status":"open","sticky":false,"template":"","format":"standard","meta":{"footnotes":""},"categories":[34],"tags":[471,470,364],"class_list":["post-1693","post","type-post","status-publish","format-standard","has-post-thumbnail","hentry","category-musica","tag-abuso-de-menor","tag-estruprador","tag-pastor"],"yoast_head":"<!-- This site is optimized with the Yoast SEO plugin v24.4 - https:\/\/yoast.com\/wordpress\/plugins\/seo\/ -->\n<title>Pastor da Assembleia de Deus \u00e9 preso por estuprar crian\u00e7as no sudoeste do Par\u00e1 - Not\u00edcias de Todos - Models01<\/title>\n<meta name=\"robots\" content=\"index, follow, max-snippet:-1, max-image-preview:large, max-video-preview:-1\" \/>\n<link rel=\"canonical\" href=\"https:\/\/markd.com.br\/models\/pastor-da-assembleia-de-deus-e-preso-por-estuprar-criancas-no-sudoeste-do-para\/\" \/>\n<meta property=\"og:locale\" content=\"pt_BR\" \/>\n<meta property=\"og:type\" content=\"article\" \/>\n<meta property=\"og:title\" content=\"Pastor da Assembleia de Deus \u00e9 preso por estuprar crian\u00e7as no sudoeste do Par\u00e1 - Not\u00edcias de Todos - Models01\" \/>\n<meta property=\"og:description\" content=\"O pastor, identificado como Oseas Monteiro de Sa, da Assembleia de Deus foi preso na...\" \/>\n<meta property=\"og:url\" content=\"https:\/\/markd.com.br\/models\/pastor-da-assembleia-de-deus-e-preso-por-estuprar-criancas-no-sudoeste-do-para\/\" \/>\n<meta property=\"og:site_name\" content=\"Not\u00edcias de Todos - Models01\" \/>\n<meta property=\"article:published_time\" content=\"2022-04-18T17:53:12+00:00\" \/>\n<meta property=\"article:modified_time\" content=\"2022-04-18T17:53:17+00:00\" \/>\n<meta property=\"og:image\" content=\"https:\/\/markd.com.br\/models\/wp-content\/uploads\/2022\/04\/pastor-anapu-512x445-1.png\" \/>\n\t<meta property=\"og:image:width\" content=\"512\" \/>\n\t<meta property=\"og:image:height\" content=\"445\" \/>\n\t<meta property=\"og:image:type\" content=\"image\/png\" \/>\n<meta name=\"author\" content=\"Reda\u00e7\u00e3o Reda\u00e7\u00e3o\" \/>\n<meta name=\"twitter:card\" content=\"summary_large_image\" \/>\n<meta name=\"twitter:label1\" content=\"Escrito por\" \/>\n\t<meta name=\"twitter:data1\" content=\"Reda\u00e7\u00e3o Reda\u00e7\u00e3o\" \/>\n\t<meta name=\"twitter:label2\" content=\"Est. tempo de leitura\" \/>\n\t<meta name=\"twitter:data2\" content=\"1 minuto\" \/>\n<script type=\"application\/ld+json\" class=\"yoast-schema-graph\">{\"@context\":\"https:\/\/schema.org\",\"@graph\":[{\"@type\":\"WebPage\",\"@id\":\"https:\/\/markd.com.br\/models\/pastor-da-assembleia-de-deus-e-preso-por-estuprar-criancas-no-sudoeste-do-para\/\",\"url\":\"https:\/\/markd.com.br\/models\/pastor-da-assembleia-de-deus-e-preso-por-estuprar-criancas-no-sudoeste-do-para\/\",\"name\":\"Pastor da Assembleia de Deus \u00e9 preso por estuprar crian\u00e7as no sudoeste do Par\u00e1 - Not\u00edcias de Todos - Models01\",\"isPartOf\":{\"@id\":\"https:\/\/markd.com.br\/models\/#website\"},\"primaryImageOfPage\":{\"@id\":\"https:\/\/markd.com.br\/models\/pastor-da-assembleia-de-deus-e-preso-por-estuprar-criancas-no-sudoeste-do-para\/#primaryimage\"},\"image\":{\"@id\":\"https:\/\/markd.com.br\/models\/pastor-da-assembleia-de-deus-e-preso-por-estuprar-criancas-no-sudoeste-do-para\/#primaryimage\"},\"thumbnailUrl\":\"https:\/\/markd.com.br\/models\/wp-content\/uploads\/2022\/04\/pastor-anapu-512x445-1.png\",\"datePublished\":\"2022-04-18T17:53:12+00:00\",\"dateModified\":\"2022-04-18T17:53:17+00:00\",\"author\":{\"@id\":\"https:\/\/markd.com.br\/models\/#\/schema\/person\/c12a77ab487a7262d8bec3c47301ad37\"},\"breadcrumb\":{\"@id\":\"https:\/\/markd.com.br\/models\/pastor-da-assembleia-de-deus-e-preso-por-estuprar-criancas-no-sudoeste-do-para\/#breadcrumb\"},\"inLanguage\":\"pt-BR\",\"potentialAction\":[{\"@type\":\"ReadAction\",\"target\":[\"https:\/\/markd.com.br\/models\/pastor-da-assembleia-de-deus-e-preso-por-estuprar-criancas-no-sudoeste-do-para\/\"]}]},{\"@type\":\"ImageObject\",\"inLanguage\":\"pt-BR\",\"@id\":\"https:\/\/markd.com.br\/models\/pastor-da-assembleia-de-deus-e-preso-por-estuprar-criancas-no-sudoeste-do-para\/#primaryimage\",\"url\":\"https:\/\/markd.com.br\/models\/wp-content\/uploads\/2022\/04\/pastor-anapu-512x445-1.png\",\"contentUrl\":\"https:\/\/markd.com.br\/models\/wp-content\/uploads\/2022\/04\/pastor-anapu-512x445-1.png\",\"width\":512,\"height\":445},{\"@type\":\"BreadcrumbList\",\"@id\":\"https:\/\/markd.com.br\/models\/pastor-da-assembleia-de-deus-e-preso-por-estuprar-criancas-no-sudoeste-do-para\/#breadcrumb\",\"itemListElement\":[{\"@type\":\"ListItem\",\"position\":1,\"name\":\"In\u00edcio\",\"item\":\"https:\/\/markd.com.br\/models\/\"},{\"@type\":\"ListItem\",\"position\":2,\"name\":\"Pastor da Assembleia de Deus \u00e9 preso por estuprar crian\u00e7as no sudoeste do Par\u00e1\"}]},{\"@type\":\"WebSite\",\"@id\":\"https:\/\/markd.com.br\/models\/#website\",\"url\":\"https:\/\/markd.com.br\/models\/\",\"name\":\"Not\u00edcias de Todos - Models01\",\"description\":\"Tenha um Portal de Not\u00edcias Moderno, Din\u00e2mico, R\u00e1pido e Profissional. Entregamos seu Site de  Not\u00edcias Pronto, Instalado, Hospedado, com Manual Passo a Passo e Suporte 24 horas.\",\"potentialAction\":[{\"@type\":\"SearchAction\",\"target\":{\"@type\":\"EntryPoint\",\"urlTemplate\":\"https:\/\/markd.com.br\/models\/?s={search_term_string}\"},\"query-input\":{\"@type\":\"PropertyValueSpecification\",\"valueRequired\":true,\"valueName\":\"search_term_string\"}}],\"inLanguage\":\"pt-BR\"},{\"@type\":\"Person\",\"@id\":\"https:\/\/markd.com.br\/models\/#\/schema\/person\/c12a77ab487a7262d8bec3c47301ad37\",\"name\":\"Reda\u00e7\u00e3o Reda\u00e7\u00e3o\",\"image\":{\"@type\":\"ImageObject\",\"inLanguage\":\"pt-BR\",\"@id\":\"https:\/\/markd.com.br\/models\/#\/schema\/person\/image\/\",\"url\":\"https:\/\/secure.gravatar.com\/avatar\/9448f3599ce269febf169e183039b4a6?s=96&d=mm&r=g\",\"contentUrl\":\"https:\/\/secure.gravatar.com\/avatar\/9448f3599ce269febf169e183039b4a6?s=96&d=mm&r=g\",\"caption\":\"Reda\u00e7\u00e3o Reda\u00e7\u00e3o\"},\"sameAs\":[\"https:\/\/markd.com.br\/\"],\"url\":\"https:\/\/markd.com.br\/models\/author\/redacao\/\"}]}<\/script>\n<!-- \/ Yoast SEO plugin. -->","yoast_head_json":{"title":"Pastor da Assembleia de Deus \u00e9 preso por estuprar crian\u00e7as no sudoeste do Par\u00e1 - Not\u00edcias de Todos - Models01","robots":{"index":"index","follow":"follow","max-snippet":"max-snippet:-1","max-image-preview":"max-image-preview:large","max-video-preview":"max-video-preview:-1"},"canonical":"https:\/\/markd.com.br\/models\/pastor-da-assembleia-de-deus-e-preso-por-estuprar-criancas-no-sudoeste-do-para\/","og_locale":"pt_BR","og_type":"article","og_title":"Pastor da Assembleia de Deus \u00e9 preso por estuprar crian\u00e7as no sudoeste do Par\u00e1 - Not\u00edcias de Todos - Models01","og_description":"O pastor, identificado como Oseas Monteiro de Sa, da Assembleia de Deus foi preso na...","og_url":"https:\/\/markd.com.br\/models\/pastor-da-assembleia-de-deus-e-preso-por-estuprar-criancas-no-sudoeste-do-para\/","og_site_name":"Not\u00edcias de Todos - Models01","article_published_time":"2022-04-18T17:53:12+00:00","article_modified_time":"2022-04-18T17:53:17+00:00","og_image":[{"width":512,"height":445,"url":"https:\/\/markd.com.br\/models\/wp-content\/uploads\/2022\/04\/pastor-anapu-512x445-1.png","type":"image\/png"}],"author":"Reda\u00e7\u00e3o Reda\u00e7\u00e3o","twitter_card":"summary_large_image","twitter_misc":{"Escrito por":"Reda\u00e7\u00e3o Reda\u00e7\u00e3o","Est. tempo de leitura":"1 minuto"},"schema":{"@context":"https:\/\/schema.org","@graph":[{"@type":"WebPage","@id":"https:\/\/markd.com.br\/models\/pastor-da-assembleia-de-deus-e-preso-por-estuprar-criancas-no-sudoeste-do-para\/","url":"https:\/\/markd.com.br\/models\/pastor-da-assembleia-de-deus-e-preso-por-estuprar-criancas-no-sudoeste-do-para\/","name":"Pastor da Assembleia de Deus \u00e9 preso por estuprar crian\u00e7as no sudoeste do Par\u00e1 - Not\u00edcias de Todos - Models01","isPartOf":{"@id":"https:\/\/markd.com.br\/models\/#website"},"primaryImageOfPage":{"@id":"https:\/\/markd.com.br\/models\/pastor-da-assembleia-de-deus-e-preso-por-estuprar-criancas-no-sudoeste-do-para\/#primaryimage"},"image":{"@id":"https:\/\/markd.com.br\/models\/pastor-da-assembleia-de-deus-e-preso-por-estuprar-criancas-no-sudoeste-do-para\/#primaryimage"},"thumbnailUrl":"https:\/\/markd.com.br\/models\/wp-content\/uploads\/2022\/04\/pastor-anapu-512x445-1.png","datePublished":"2022-04-18T17:53:12+00:00","dateModified":"2022-04-18T17:53:17+00:00","author":{"@id":"https:\/\/markd.com.br\/models\/#\/schema\/person\/c12a77ab487a7262d8bec3c47301ad37"},"breadcrumb":{"@id":"https:\/\/markd.com.br\/models\/pastor-da-assembleia-de-deus-e-preso-por-estuprar-criancas-no-sudoeste-do-para\/#breadcrumb"},"inLanguage":"pt-BR","potentialAction":[{"@type":"ReadAction","target":["https:\/\/markd.com.br\/models\/pastor-da-assembleia-de-deus-e-preso-por-estuprar-criancas-no-sudoeste-do-para\/"]}]},{"@type":"ImageObject","inLanguage":"pt-BR","@id":"https:\/\/markd.com.br\/models\/pastor-da-assembleia-de-deus-e-preso-por-estuprar-criancas-no-sudoeste-do-para\/#primaryimage","url":"https:\/\/markd.com.br\/models\/wp-content\/uploads\/2022\/04\/pastor-anapu-512x445-1.png","contentUrl":"https:\/\/markd.com.br\/models\/wp-content\/uploads\/2022\/04\/pastor-anapu-512x445-1.png","width":512,"height":445},{"@type":"BreadcrumbList","@id":"https:\/\/markd.com.br\/models\/pastor-da-assembleia-de-deus-e-preso-por-estuprar-criancas-no-sudoeste-do-para\/#breadcrumb","itemListElement":[{"@type":"ListItem","position":1,"name":"In\u00edcio","item":"https:\/\/markd.com.br\/models\/"},{"@type":"ListItem","position":2,"name":"Pastor da Assembleia de Deus \u00e9 preso por estuprar crian\u00e7as no sudoeste do Par\u00e1"}]},{"@type":"WebSite","@id":"https:\/\/markd.com.br\/models\/#website","url":"https:\/\/markd.com.br\/models\/","name":"Not\u00edcias de Todos - Models01","description":"Tenha um Portal de Not\u00edcias Moderno, Din\u00e2mico, R\u00e1pido e Profissional. Entregamos seu Site de  Not\u00edcias Pronto, Instalado, Hospedado, com Manual Passo a Passo e Suporte 24 horas.","potentialAction":[{"@type":"SearchAction","target":{"@type":"EntryPoint","urlTemplate":"https:\/\/markd.com.br\/models\/?s={search_term_string}"},"query-input":{"@type":"PropertyValueSpecification","valueRequired":true,"valueName":"search_term_string"}}],"inLanguage":"pt-BR"},{"@type":"Person","@id":"https:\/\/markd.com.br\/models\/#\/schema\/person\/c12a77ab487a7262d8bec3c47301ad37","name":"Reda\u00e7\u00e3o Reda\u00e7\u00e3o","image":{"@type":"ImageObject","inLanguage":"pt-BR","@id":"https:\/\/markd.com.br\/models\/#\/schema\/person\/image\/","url":"https:\/\/secure.gravatar.com\/avatar\/9448f3599ce269febf169e183039b4a6?s=96&d=mm&r=g","contentUrl":"https:\/\/secure.gravatar.com\/avatar\/9448f3599ce269febf169e183039b4a6?s=96&d=mm&r=g","caption":"Reda\u00e7\u00e3o Reda\u00e7\u00e3o"},"sameAs":["https:\/\/markd.com.br\/"],"url":"https:\/\/markd.com.br\/models\/author\/redacao\/"}]}},"featured_image_urls":{"full":["https:\/\/markd.com.br\/models\/wp-content\/uploads\/2022\/04\/pastor-anapu-512x445-1.png",512,445,false],"thumbnail":["https:\/\/markd.com.br\/models\/wp-content\/uploads\/2022\/04\/pastor-anapu-512x445-1-150x150.png",150,150,true],"medium":["https:\/\/markd.com.br\/models\/wp-content\/uploads\/2022\/04\/pastor-anapu-512x445-1-300x261.png",300,261,true],"medium_large":["https:\/\/markd.com.br\/models\/wp-content\/uploads\/2022\/04\/pastor-anapu-512x445-1.png",512,445,false],"large":["https:\/\/markd.com.br\/models\/wp-content\/uploads\/2022\/04\/pastor-anapu-512x445-1.png",512,445,false],"1536x1536":["https:\/\/markd.com.br\/models\/wp-content\/uploads\/2022\/04\/pastor-anapu-512x445-1.png",512,445,false],"2048x2048":["https:\/\/markd.com.br\/models\/wp-content\/uploads\/2022\/04\/pastor-anapu-512x445-1.png",512,445,false],"newsphere-slider-full":["https:\/\/markd.com.br\/models\/wp-content\/uploads\/2022\/04\/pastor-anapu-512x445-1.png",512,445,false],"newsphere-featured":["https:\/\/markd.com.br\/models\/wp-content\/uploads\/2022\/04\/pastor-anapu-512x445-1.png",512,445,false],"newsphere-medium":["https:\/\/markd.com.br\/models\/wp-content\/uploads\/2022\/04\/pastor-anapu-512x445-1-512x380.png",512,380,true]},"author_info":{"display_name":"Reda\u00e7\u00e3o Reda\u00e7\u00e3o","author_link":"https:\/\/markd.com.br\/models\/author\/redacao\/"},"category_info":"<a href=\"https:\/\/markd.com.br\/models\/category\/musica\/\" rel=\"category tag\">Pol\u00edcia<\/a>","tag_info":"Pol\u00edcia","comment_count":"0","jetpack_featured_media_url":"https:\/\/markd.com.br\/models\/wp-content\/uploads\/2022\/04\/pastor-anapu-512x445-1.png","_links":{"self":[{"href":"https:\/\/markd.com.br\/models\/wp-json\/wp\/v2\/posts\/1693","targetHints":{"allow":["GET"]}}],"collection":[{"href":"https:\/\/markd.com.br\/models\/wp-json\/wp\/v2\/posts"}],"about":[{"href":"https:\/\/markd.com.br\/models\/wp-json\/wp\/v2\/types\/post"}],"author":[{"embeddable":true,"href":"https:\/\/markd.com.br\/models\/wp-json\/wp\/v2\/users\/5"}],"replies":[{"embeddable":true,"href":"https:\/\/markd.com.br\/models\/wp-json\/wp\/v2\/comments?post=1693"}],"version-history":[{"count":1,"href":"https:\/\/markd.com.br\/models\/wp-json\/wp\/v2\/posts\/1693\/revisions"}],"predecessor-version":[{"id":1695,"href":"https:\/\/markd.com.br\/models\/wp-json\/wp\/v2\/posts\/1693\/revisions\/1695"}],"wp:featuredmedia":[{"embeddable":true,"href":"https:\/\/markd.com.br\/models\/wp-json\/wp\/v2\/media\/1694"}],"wp:attachment":[{"href":"https:\/\/markd.com.br\/models\/wp-json\/wp\/v2\/media?parent=1693"}],"wp:term":[{"taxonomy":"category","embeddable":true,"href":"https:\/\/markd.com.br\/models\/wp-json\/wp\/v2\/categories?post=1693"},{"taxonomy":"post_tag","embeddable":true,"href":"https:\/\/markd.com.br\/models\/wp-json\/wp\/v2\/tags?post=1693"}],"curies":[{"name":"wp","href":"https:\/\/api.w.org\/{rel}","templated":true}]}}