{"id":1696,"date":"2022-04-18T14:56:40","date_gmt":"2022-04-18T17:56:40","guid":{"rendered":"https:\/\/portaldestaquenoticias.com.br\/?p=1696"},"modified":"2022-04-18T14:56:42","modified_gmt":"2022-04-18T17:56:42","slug":"webinario-do-pni-no-amazonas-visa-ampliar-cobertura-vacinal-contra-covid-19-no-estado","status":"publish","type":"post","link":"https:\/\/markd.com.br\/models\/webinario-do-pni-no-amazonas-visa-ampliar-cobertura-vacinal-contra-covid-19-no-estado\/","title":{"rendered":"webin\u00e1rio do PNI no Amazonas visa ampliar cobertura vacinal contra Covid-19 no estado"},"content":{"rendered":"\n<p class=\"has-text-align-center has-vivid-cyan-blue-color has-text-color\"><strong><em>Iniciativa \u00e9 voltada para coordena\u00e7\u00f5es de imuniza\u00e7\u00e3o municipais; coordena\u00e7\u00e3o do PNI no estado integra a FVS-RCP<\/em><\/strong><\/p>\n\n\n\n<p><\/p>\n\n\n\n<p>O Programa Nacional de Imuniza\u00e7\u00e3o (PNI) no Amazonas realiza, nesta segunda-feira (18\/04), um webin\u00e1rio com o objetivo de dar suporte \u00e0s coordena\u00e7\u00f5es de imuniza\u00e7\u00e3o municipais na amplia\u00e7\u00e3o da cobertura vacinal contra a Covid-19 no estado. A coordena\u00e7\u00e3o do PNI no estado \u00e9 integrante da Funda\u00e7\u00e3o de Vigil\u00e2ncia em Sa\u00fade do Amazonas \u2013 Dr\u00aa Rosemary Costa Pinto (FVS-RCP), institui\u00e7\u00e3o vinculada \u00e0 Secretaria de Estado de Sa\u00fade (SES-AM).<\/p>\n\n\n\n<p>A grava\u00e7\u00e3o da transmiss\u00e3o est\u00e1 dispon\u00edvel em: https:\/\/bit.ly\/3KVGC2p.<\/p>\n\n\n\n<p>O treinamento on-line contempla o Plano Nacional de Operacionaliza\u00e7\u00e3o da Vacina\u00e7\u00e3o. \u201cS\u00e3o especificidades da aplica\u00e7\u00e3o de vacina contra Covid-19 em vigor, mas atende a necessidade de manter as equipes de sa\u00fade atualizadas, j\u00e1 que no interior h\u00e1 muitas mudan\u00e7as de profissionais\u201d, destaca Tatyana Amorim, diretora-presidente da FVS-RCP.<\/p>\n\n\n\n<p>O webin\u00e1rio \u00e9 apresentado pela equipe estadual do PNI que atua diretamente com a vacina\u00e7\u00e3o contra Covid-19 e, entre os assuntos, enfoca o Plano Estadual de Vacina\u00e7\u00e3o contra a doen\u00e7a. \u201cEstamos fazendo um grande tira-d\u00favidas envolvendo as estrat\u00e9gias para ampliar a cobertura vacinal nos munic\u00edpios\u201d, disse a enfermeira Josy Dias, do PNI no Amazonas.<\/p>\n\n\n\n<p>Webin\u00e1rio \u2013 A iniciativa on-line \u00e9 voltada para coordena\u00e7\u00f5es de imuniza\u00e7\u00e3o municipais, equipes que atuam na sala de vacina e demais interessados. A grava\u00e7\u00e3o da transmiss\u00e3o pode ser acessada posteriormente em por meio do link https:\/\/bit.ly\/3KVGC2p.<\/p>\n\n\n\n<p>Vacina\u00e7\u00e3o \u2013 Dados parciais do PNI apontam que 6.841.829 doses foram aplicadas em todo o estado, at\u00e9 este domingo (17\/04), sendo 3.121.507 de primeira dose, 2.551.402 de segunda dose, 60.643 com dose \u00fanica, 1.089.104 de 1\u00aa dose de refor\u00e7o e 19.173 de 2\u00aa dose de refor\u00e7o. A informa\u00e7\u00e3o est\u00e1 dispon\u00edvel no site da FVS-RCP (www.fvs.am.gov.br).<\/p>\n\n\n\n<p>Visitas t\u00e9cnicas \u2013 Desde fevereiro, o Governo do Amazonas, por meio da SES-AM e da FVS-RCP, realizou visitas t\u00e9cnicas a 35 munic\u00edpios priorit\u00e1rios que apresentavam cobertura vacinal contra Covid-19 de at\u00e9 50% na popula\u00e7\u00e3o contemplada. As visitas s\u00e3o realizadas para dar suporte \u00e0s a\u00e7\u00f5es estrat\u00e9gicas de amplia\u00e7\u00e3o da cobertura vacinal no interior do estado.<\/p>\n\n\n\n<p>Em fevereiro, receberam as visitas t\u00e9cnicas os munic\u00edpios de Santa Isabel do Rio Negro, Coari, S\u00e3o Paulo de Oliven\u00e7a, Rio Preto da Eva, Tabatinga, Atalaia do Norte, Guajar\u00e1, Codaj\u00e1s, Barcelos, Nova Olinda do Norte, Anori, Anam\u00e3 e Boca do Acre.<\/p>\n\n\n\n<p>Em mar\u00e7o, foram visitados os munic\u00edpios de Alvar\u00e3es, Caapiranga, Envira, Humait\u00e1, Itamarati, Manacapuru, Ipixuna, Beruri, Mara\u00e3, Novo Aripuan\u00e3 e Tef\u00e9. Ainda est\u00e3o programados para receber visitas Borba e Mau\u00e9s, no m\u00eas de maio.<\/p>\n\n\n\n<p>Refer\u00eancia \u2013 A FVS-RCP \u00e9 respons\u00e1vel pela Vigil\u00e2ncia em Sa\u00fade do Amazonas, que inclui a preven\u00e7\u00e3o de doen\u00e7as por meio da imuniza\u00e7\u00e3o coordenada, no Amazonas, pelo Programa Nacional de Imuniza\u00e7\u00e3o (PNI\/FVS-RCP).<\/p>\n\n\n\n<p>A institui\u00e7\u00e3o funciona de segunda a sexta-feira, das 8h \u00e0s 17h, na avenida Torquato Tapaj\u00f3s, 4.010, Col\u00f4nia Santo Ant\u00f4nio, Manaus. Os contatos telef\u00f4nicos da FVS-RCP s\u00e3o (92) 2129-2500 e 2129-2502.<\/p>\n\n\n\n<p>FOTOS: Natanael Maricaua\/FVS-RCP<\/p>\n\n\n\n<p>LEGENDA: Webin\u00e1rio faz parte da estrat\u00e9gia para dar suporte \u00e0s coordena\u00e7\u00f5es de imuniza\u00e7\u00e3o municipais no Amazonas<\/p>\n\n\n\n<p>SONORAS: Tatyana Amorim, diretora-presidente da FVS-RCP; e Josy Dias, enfermeira do PNI no Amazonas<\/p>\n\n\n\n<p>Informa\u00e7\u00f5es para a imprensa: Assessoria de Comunica\u00e7\u00e3o da Funda\u00e7\u00e3o de Vigil\u00e2ncia em Sa\u00fade Amazonas Dra. Rosemary Costa Pinto (FVS-RCP): Ma\u00edra Pessoa Fragoso (3182-8523 e 98403-8627) e Girlene Medeiros (98103-6963).<\/p>\n","protected":false},"excerpt":{"rendered":"<p>Iniciativa \u00e9 voltada para coordena\u00e7\u00f5es de imuniza\u00e7\u00e3o municipais; coordena\u00e7\u00e3o do PNI no estado integra a&#8230;<\/p>\n","protected":false},"author":5,"featured_media":1697,"comment_status":"open","ping_status":"open","sticky":false,"template":"","format":"standard","meta":{"footnotes":""},"categories":[51],"tags":[472,52,125],"class_list":["post-1696","post","type-post","status-publish","format-standard","has-post-thumbnail","hentry","category-governo-do-amazonas","tag-fvs-rcp","tag-governo-do-amazonas","tag-vacinacao"],"yoast_head":"<!-- This site is optimized with the Yoast SEO plugin v24.4 - https:\/\/yoast.com\/wordpress\/plugins\/seo\/ -->\n<title>webin\u00e1rio do PNI no Amazonas visa ampliar cobertura vacinal contra Covid-19 no estado - Not\u00edcias de Todos - Models01<\/title>\n<meta name=\"robots\" content=\"index, follow, max-snippet:-1, max-image-preview:large, max-video-preview:-1\" \/>\n<link rel=\"canonical\" href=\"https:\/\/markd.com.br\/models\/webinario-do-pni-no-amazonas-visa-ampliar-cobertura-vacinal-contra-covid-19-no-estado\/\" \/>\n<meta property=\"og:locale\" content=\"pt_BR\" \/>\n<meta property=\"og:type\" content=\"article\" \/>\n<meta property=\"og:title\" content=\"webin\u00e1rio do PNI no Amazonas visa ampliar cobertura vacinal contra Covid-19 no estado - Not\u00edcias de Todos - Models01\" \/>\n<meta property=\"og:description\" content=\"Iniciativa \u00e9 voltada para coordena\u00e7\u00f5es de imuniza\u00e7\u00e3o municipais; coordena\u00e7\u00e3o do PNI no estado integra a...\" \/>\n<meta property=\"og:url\" content=\"https:\/\/markd.com.br\/models\/webinario-do-pni-no-amazonas-visa-ampliar-cobertura-vacinal-contra-covid-19-no-estado\/\" \/>\n<meta property=\"og:site_name\" content=\"Not\u00edcias de Todos - Models01\" \/>\n<meta property=\"article:published_time\" content=\"2022-04-18T17:56:40+00:00\" \/>\n<meta property=\"article:modified_time\" content=\"2022-04-18T17:56:42+00:00\" \/>\n<meta property=\"og:image\" content=\"https:\/\/markd.com.br\/models\/wp-content\/uploads\/2022\/04\/5c008e58-06e0-4e2e-8922-9d34338d9cf9-800x445-1.jpg\" \/>\n\t<meta property=\"og:image:width\" content=\"800\" \/>\n\t<meta property=\"og:image:height\" content=\"445\" \/>\n\t<meta property=\"og:image:type\" content=\"image\/jpeg\" \/>\n<meta name=\"author\" content=\"Reda\u00e7\u00e3o Reda\u00e7\u00e3o\" \/>\n<meta name=\"twitter:card\" content=\"summary_large_image\" \/>\n<meta name=\"twitter:label1\" content=\"Escrito por\" \/>\n\t<meta name=\"twitter:data1\" content=\"Reda\u00e7\u00e3o Reda\u00e7\u00e3o\" \/>\n\t<meta name=\"twitter:label2\" content=\"Est. tempo de leitura\" \/>\n\t<meta name=\"twitter:data2\" content=\"3 minutos\" \/>\n<script type=\"application\/ld+json\" class=\"yoast-schema-graph\">{\"@context\":\"https:\/\/schema.org\",\"@graph\":[{\"@type\":\"WebPage\",\"@id\":\"https:\/\/markd.com.br\/models\/webinario-do-pni-no-amazonas-visa-ampliar-cobertura-vacinal-contra-covid-19-no-estado\/\",\"url\":\"https:\/\/markd.com.br\/models\/webinario-do-pni-no-amazonas-visa-ampliar-cobertura-vacinal-contra-covid-19-no-estado\/\",\"name\":\"webin\u00e1rio do PNI no Amazonas visa ampliar cobertura vacinal contra Covid-19 no estado - Not\u00edcias de Todos - Models01\",\"isPartOf\":{\"@id\":\"https:\/\/markd.com.br\/models\/#website\"},\"primaryImageOfPage\":{\"@id\":\"https:\/\/markd.com.br\/models\/webinario-do-pni-no-amazonas-visa-ampliar-cobertura-vacinal-contra-covid-19-no-estado\/#primaryimage\"},\"image\":{\"@id\":\"https:\/\/markd.com.br\/models\/webinario-do-pni-no-amazonas-visa-ampliar-cobertura-vacinal-contra-covid-19-no-estado\/#primaryimage\"},\"thumbnailUrl\":\"https:\/\/markd.com.br\/models\/wp-content\/uploads\/2022\/04\/5c008e58-06e0-4e2e-8922-9d34338d9cf9-800x445-1.jpg\",\"datePublished\":\"2022-04-18T17:56:40+00:00\",\"dateModified\":\"2022-04-18T17:56:42+00:00\",\"author\":{\"@id\":\"https:\/\/markd.com.br\/models\/#\/schema\/person\/c12a77ab487a7262d8bec3c47301ad37\"},\"breadcrumb\":{\"@id\":\"https:\/\/markd.com.br\/models\/webinario-do-pni-no-amazonas-visa-ampliar-cobertura-vacinal-contra-covid-19-no-estado\/#breadcrumb\"},\"inLanguage\":\"pt-BR\",\"potentialAction\":[{\"@type\":\"ReadAction\",\"target\":[\"https:\/\/markd.com.br\/models\/webinario-do-pni-no-amazonas-visa-ampliar-cobertura-vacinal-contra-covid-19-no-estado\/\"]}]},{\"@type\":\"ImageObject\",\"inLanguage\":\"pt-BR\",\"@id\":\"https:\/\/markd.com.br\/models\/webinario-do-pni-no-amazonas-visa-ampliar-cobertura-vacinal-contra-covid-19-no-estado\/#primaryimage\",\"url\":\"https:\/\/markd.com.br\/models\/wp-content\/uploads\/2022\/04\/5c008e58-06e0-4e2e-8922-9d34338d9cf9-800x445-1.jpg\",\"contentUrl\":\"https:\/\/markd.com.br\/models\/wp-content\/uploads\/2022\/04\/5c008e58-06e0-4e2e-8922-9d34338d9cf9-800x445-1.jpg\",\"width\":800,\"height\":445},{\"@type\":\"BreadcrumbList\",\"@id\":\"https:\/\/markd.com.br\/models\/webinario-do-pni-no-amazonas-visa-ampliar-cobertura-vacinal-contra-covid-19-no-estado\/#breadcrumb\",\"itemListElement\":[{\"@type\":\"ListItem\",\"position\":1,\"name\":\"In\u00edcio\",\"item\":\"https:\/\/markd.com.br\/models\/\"},{\"@type\":\"ListItem\",\"position\":2,\"name\":\"webin\u00e1rio do PNI no Amazonas visa ampliar cobertura vacinal contra Covid-19 no estado\"}]},{\"@type\":\"WebSite\",\"@id\":\"https:\/\/markd.com.br\/models\/#website\",\"url\":\"https:\/\/markd.com.br\/models\/\",\"name\":\"Not\u00edcias de Todos - Models01\",\"description\":\"Tenha um Portal de Not\u00edcias Moderno, Din\u00e2mico, R\u00e1pido e Profissional. Entregamos seu Site de  Not\u00edcias Pronto, Instalado, Hospedado, com Manual Passo a Passo e Suporte 24 horas.\",\"potentialAction\":[{\"@type\":\"SearchAction\",\"target\":{\"@type\":\"EntryPoint\",\"urlTemplate\":\"https:\/\/markd.com.br\/models\/?s={search_term_string}\"},\"query-input\":{\"@type\":\"PropertyValueSpecification\",\"valueRequired\":true,\"valueName\":\"search_term_string\"}}],\"inLanguage\":\"pt-BR\"},{\"@type\":\"Person\",\"@id\":\"https:\/\/markd.com.br\/models\/#\/schema\/person\/c12a77ab487a7262d8bec3c47301ad37\",\"name\":\"Reda\u00e7\u00e3o Reda\u00e7\u00e3o\",\"image\":{\"@type\":\"ImageObject\",\"inLanguage\":\"pt-BR\",\"@id\":\"https:\/\/markd.com.br\/models\/#\/schema\/person\/image\/\",\"url\":\"https:\/\/secure.gravatar.com\/avatar\/9448f3599ce269febf169e183039b4a6?s=96&d=mm&r=g\",\"contentUrl\":\"https:\/\/secure.gravatar.com\/avatar\/9448f3599ce269febf169e183039b4a6?s=96&d=mm&r=g\",\"caption\":\"Reda\u00e7\u00e3o Reda\u00e7\u00e3o\"},\"sameAs\":[\"https:\/\/markd.com.br\/\"],\"url\":\"https:\/\/markd.com.br\/models\/author\/redacao\/\"}]}<\/script>\n<!-- \/ Yoast SEO plugin. -->","yoast_head_json":{"title":"webin\u00e1rio do PNI no Amazonas visa ampliar cobertura vacinal contra Covid-19 no estado - Not\u00edcias de Todos - Models01","robots":{"index":"index","follow":"follow","max-snippet":"max-snippet:-1","max-image-preview":"max-image-preview:large","max-video-preview":"max-video-preview:-1"},"canonical":"https:\/\/markd.com.br\/models\/webinario-do-pni-no-amazonas-visa-ampliar-cobertura-vacinal-contra-covid-19-no-estado\/","og_locale":"pt_BR","og_type":"article","og_title":"webin\u00e1rio do PNI no Amazonas visa ampliar cobertura vacinal contra Covid-19 no estado - Not\u00edcias de Todos - Models01","og_description":"Iniciativa \u00e9 voltada para coordena\u00e7\u00f5es de imuniza\u00e7\u00e3o municipais; coordena\u00e7\u00e3o do PNI no estado integra a...","og_url":"https:\/\/markd.com.br\/models\/webinario-do-pni-no-amazonas-visa-ampliar-cobertura-vacinal-contra-covid-19-no-estado\/","og_site_name":"Not\u00edcias de Todos - Models01","article_published_time":"2022-04-18T17:56:40+00:00","article_modified_time":"2022-04-18T17:56:42+00:00","og_image":[{"width":800,"height":445,"url":"https:\/\/markd.com.br\/models\/wp-content\/uploads\/2022\/04\/5c008e58-06e0-4e2e-8922-9d34338d9cf9-800x445-1.jpg","type":"image\/jpeg"}],"author":"Reda\u00e7\u00e3o Reda\u00e7\u00e3o","twitter_card":"summary_large_image","twitter_misc":{"Escrito por":"Reda\u00e7\u00e3o Reda\u00e7\u00e3o","Est. tempo de leitura":"3 minutos"},"schema":{"@context":"https:\/\/schema.org","@graph":[{"@type":"WebPage","@id":"https:\/\/markd.com.br\/models\/webinario-do-pni-no-amazonas-visa-ampliar-cobertura-vacinal-contra-covid-19-no-estado\/","url":"https:\/\/markd.com.br\/models\/webinario-do-pni-no-amazonas-visa-ampliar-cobertura-vacinal-contra-covid-19-no-estado\/","name":"webin\u00e1rio do PNI no Amazonas visa ampliar cobertura vacinal contra Covid-19 no estado - Not\u00edcias de Todos - Models01","isPartOf":{"@id":"https:\/\/markd.com.br\/models\/#website"},"primaryImageOfPage":{"@id":"https:\/\/markd.com.br\/models\/webinario-do-pni-no-amazonas-visa-ampliar-cobertura-vacinal-contra-covid-19-no-estado\/#primaryimage"},"image":{"@id":"https:\/\/markd.com.br\/models\/webinario-do-pni-no-amazonas-visa-ampliar-cobertura-vacinal-contra-covid-19-no-estado\/#primaryimage"},"thumbnailUrl":"https:\/\/markd.com.br\/models\/wp-content\/uploads\/2022\/04\/5c008e58-06e0-4e2e-8922-9d34338d9cf9-800x445-1.jpg","datePublished":"2022-04-18T17:56:40+00:00","dateModified":"2022-04-18T17:56:42+00:00","author":{"@id":"https:\/\/markd.com.br\/models\/#\/schema\/person\/c12a77ab487a7262d8bec3c47301ad37"},"breadcrumb":{"@id":"https:\/\/markd.com.br\/models\/webinario-do-pni-no-amazonas-visa-ampliar-cobertura-vacinal-contra-covid-19-no-estado\/#breadcrumb"},"inLanguage":"pt-BR","potentialAction":[{"@type":"ReadAction","target":["https:\/\/markd.com.br\/models\/webinario-do-pni-no-amazonas-visa-ampliar-cobertura-vacinal-contra-covid-19-no-estado\/"]}]},{"@type":"ImageObject","inLanguage":"pt-BR","@id":"https:\/\/markd.com.br\/models\/webinario-do-pni-no-amazonas-visa-ampliar-cobertura-vacinal-contra-covid-19-no-estado\/#primaryimage","url":"https:\/\/markd.com.br\/models\/wp-content\/uploads\/2022\/04\/5c008e58-06e0-4e2e-8922-9d34338d9cf9-800x445-1.jpg","contentUrl":"https:\/\/markd.com.br\/models\/wp-content\/uploads\/2022\/04\/5c008e58-06e0-4e2e-8922-9d34338d9cf9-800x445-1.jpg","width":800,"height":445},{"@type":"BreadcrumbList","@id":"https:\/\/markd.com.br\/models\/webinario-do-pni-no-amazonas-visa-ampliar-cobertura-vacinal-contra-covid-19-no-estado\/#breadcrumb","itemListElement":[{"@type":"ListItem","position":1,"name":"In\u00edcio","item":"https:\/\/markd.com.br\/models\/"},{"@type":"ListItem","position":2,"name":"webin\u00e1rio do PNI no Amazonas visa ampliar cobertura vacinal contra Covid-19 no estado"}]},{"@type":"WebSite","@id":"https:\/\/markd.com.br\/models\/#website","url":"https:\/\/markd.com.br\/models\/","name":"Not\u00edcias de Todos - Models01","description":"Tenha um Portal de Not\u00edcias Moderno, Din\u00e2mico, R\u00e1pido e Profissional. Entregamos seu Site de  Not\u00edcias Pronto, Instalado, Hospedado, com Manual Passo a Passo e Suporte 24 horas.","potentialAction":[{"@type":"SearchAction","target":{"@type":"EntryPoint","urlTemplate":"https:\/\/markd.com.br\/models\/?s={search_term_string}"},"query-input":{"@type":"PropertyValueSpecification","valueRequired":true,"valueName":"search_term_string"}}],"inLanguage":"pt-BR"},{"@type":"Person","@id":"https:\/\/markd.com.br\/models\/#\/schema\/person\/c12a77ab487a7262d8bec3c47301ad37","name":"Reda\u00e7\u00e3o Reda\u00e7\u00e3o","image":{"@type":"ImageObject","inLanguage":"pt-BR","@id":"https:\/\/markd.com.br\/models\/#\/schema\/person\/image\/","url":"https:\/\/secure.gravatar.com\/avatar\/9448f3599ce269febf169e183039b4a6?s=96&d=mm&r=g","contentUrl":"https:\/\/secure.gravatar.com\/avatar\/9448f3599ce269febf169e183039b4a6?s=96&d=mm&r=g","caption":"Reda\u00e7\u00e3o Reda\u00e7\u00e3o"},"sameAs":["https:\/\/markd.com.br\/"],"url":"https:\/\/markd.com.br\/models\/author\/redacao\/"}]}},"featured_image_urls":{"full":["https:\/\/markd.com.br\/models\/wp-content\/uploads\/2022\/04\/5c008e58-06e0-4e2e-8922-9d34338d9cf9-800x445-1.jpg",800,445,false],"thumbnail":["https:\/\/markd.com.br\/models\/wp-content\/uploads\/2022\/04\/5c008e58-06e0-4e2e-8922-9d34338d9cf9-800x445-1-150x150.jpg",150,150,true],"medium":["https:\/\/markd.com.br\/models\/wp-content\/uploads\/2022\/04\/5c008e58-06e0-4e2e-8922-9d34338d9cf9-800x445-1-300x167.jpg",300,167,true],"medium_large":["https:\/\/markd.com.br\/models\/wp-content\/uploads\/2022\/04\/5c008e58-06e0-4e2e-8922-9d34338d9cf9-800x445-1-768x427.jpg",640,356,true],"large":["https:\/\/markd.com.br\/models\/wp-content\/uploads\/2022\/04\/5c008e58-06e0-4e2e-8922-9d34338d9cf9-800x445-1.jpg",640,356,false],"1536x1536":["https:\/\/markd.com.br\/models\/wp-content\/uploads\/2022\/04\/5c008e58-06e0-4e2e-8922-9d34338d9cf9-800x445-1.jpg",800,445,false],"2048x2048":["https:\/\/markd.com.br\/models\/wp-content\/uploads\/2022\/04\/5c008e58-06e0-4e2e-8922-9d34338d9cf9-800x445-1.jpg",800,445,false],"newsphere-slider-full":["https:\/\/markd.com.br\/models\/wp-content\/uploads\/2022\/04\/5c008e58-06e0-4e2e-8922-9d34338d9cf9-800x445-1.jpg",800,445,false],"newsphere-featured":["https:\/\/markd.com.br\/models\/wp-content\/uploads\/2022\/04\/5c008e58-06e0-4e2e-8922-9d34338d9cf9-800x445-1.jpg",800,445,false],"newsphere-medium":["https:\/\/markd.com.br\/models\/wp-content\/uploads\/2022\/04\/5c008e58-06e0-4e2e-8922-9d34338d9cf9-800x445-1-720x380.jpg",720,380,true]},"author_info":{"display_name":"Reda\u00e7\u00e3o Reda\u00e7\u00e3o","author_link":"https:\/\/markd.com.br\/models\/author\/redacao\/"},"category_info":"<a href=\"https:\/\/markd.com.br\/models\/category\/governo-do-amazonas\/\" rel=\"category tag\">Governo do amazonas<\/a>","tag_info":"Governo do amazonas","comment_count":"0","jetpack_featured_media_url":"https:\/\/markd.com.br\/models\/wp-content\/uploads\/2022\/04\/5c008e58-06e0-4e2e-8922-9d34338d9cf9-800x445-1.jpg","_links":{"self":[{"href":"https:\/\/markd.com.br\/models\/wp-json\/wp\/v2\/posts\/1696","targetHints":{"allow":["GET"]}}],"collection":[{"href":"https:\/\/markd.com.br\/models\/wp-json\/wp\/v2\/posts"}],"about":[{"href":"https:\/\/markd.com.br\/models\/wp-json\/wp\/v2\/types\/post"}],"author":[{"embeddable":true,"href":"https:\/\/markd.com.br\/models\/wp-json\/wp\/v2\/users\/5"}],"replies":[{"embeddable":true,"href":"https:\/\/markd.com.br\/models\/wp-json\/wp\/v2\/comments?post=1696"}],"version-history":[{"count":1,"href":"https:\/\/markd.com.br\/models\/wp-json\/wp\/v2\/posts\/1696\/revisions"}],"predecessor-version":[{"id":1698,"href":"https:\/\/markd.com.br\/models\/wp-json\/wp\/v2\/posts\/1696\/revisions\/1698"}],"wp:featuredmedia":[{"embeddable":true,"href":"https:\/\/markd.com.br\/models\/wp-json\/wp\/v2\/media\/1697"}],"wp:attachment":[{"href":"https:\/\/markd.com.br\/models\/wp-json\/wp\/v2\/media?parent=1696"}],"wp:term":[{"taxonomy":"category","embeddable":true,"href":"https:\/\/markd.com.br\/models\/wp-json\/wp\/v2\/categories?post=1696"},{"taxonomy":"post_tag","embeddable":true,"href":"https:\/\/markd.com.br\/models\/wp-json\/wp\/v2\/tags?post=1696"}],"curies":[{"name":"wp","href":"https:\/\/api.w.org\/{rel}","templated":true}]}}