{"id":1711,"date":"2022-04-18T15:16:49","date_gmt":"2022-04-18T18:16:49","guid":{"rendered":"https:\/\/portaldestaquenoticias.com.br\/?p=1711"},"modified":"2022-04-18T15:16:54","modified_gmt":"2022-04-18T18:16:54","slug":"jovem-autista-desaparecido-ha-quase-tres-anos-e-encontrado-a-mais-de-1-mil-km-de-casa","status":"publish","type":"post","link":"https:\/\/markd.com.br\/models\/jovem-autista-desaparecido-ha-quase-tres-anos-e-encontrado-a-mais-de-1-mil-km-de-casa\/","title":{"rendered":"Jovem autista desaparecido h\u00e1 quase tr\u00eas anos \u00e9 encontrado a mais de 1 mil km de casa"},"content":{"rendered":"\n<p><\/p>\n\n\n\n<p>O desaparecimento de um adolescente autista que j\u00e1 durava quase tr\u00eas anos nos Estados Unidos teve um final inesperado, mas feliz.<\/p>\n\n\n\n<p>No \u00faltimo dia 9 de abril, as autoridades do Condado de Summit, Utah, ouviram falar de um jovem vagando pela \u00e1rea com um carrinho de compras por v\u00e1rias semanas e quando o encontraram descobriram que, na verdade, ele foi dado como desaparecido h\u00e1 quase tr\u00eas anos no norte da Calif\u00f3rnia, cidade a mais de 1.100 quil\u00f4metros de dist\u00e2ncia.<\/p>\n\n\n\n<p>Os encarregados do xerife contam que responderam ao chamado de um posto de gasolina na manh\u00e3 de 9 de abril na \u00e1rea metropolitana de Park City, ap\u00f3s um \u201cmembro da comunidade preocupado\u201d falar que viu o homem dormindo l\u00e1, disse.<\/p>\n\n\n\n<p>Ao chegar no local, os policiais conversaram com o homem e ofereceram para ele se sentar dentro de um de seus ve\u00edculos para se aquecer e come\u00e7aram a pesquisar quem ele era, de forma discreta: \u201cAtrav\u00e9s de intera\u00e7\u00f5es anteriores e da intera\u00e7\u00e3o de s\u00e1bado, ficou claro para os deputados que o homem se comunicava de maneira diferente\u201d. Na ocasi\u00e3o eles colheram algumas informa\u00e7\u00f5es, fizeram um post nas redes sociais e inclu\u00edram uma hashtag de conscientiza\u00e7\u00e3o sobre o autismo em sua postagem no Facebook.<\/p>\n\n\n\n<p>Por\u00e9m, um despachante come\u00e7ou a examinar as p\u00e1ginas do site do Centro Nacional para Crian\u00e7as Desaparecidas e Exploradas e, em mais de uma d\u00fazia de p\u00e1ginas, encontrou um p\u00f4ster desaparecido de Connerjack Oswalt. Agora com 19 anos, ele foi dado como desaparecido em setembro de 2019 de Clearlake, Calif\u00f3rnia, a noroeste de Sacramento e a cerca de 11,5 horas de carro de onde estava atualmente.<\/p>\n\n\n\n<p>Ao estar diante do fato, as autoridades acreditavam que era a mesma pessoa que encontraram tremendo no posto de gasolina.<\/p>\n\n\n\n<p>\u201cOs policiais come\u00e7aram a fazer liga\u00e7\u00f5es e conseguiram entrar em contato com a m\u00e3e de Connerjack\u201d, disse o tenente Andrew Wright, do xerife do condado de Summit, \u00e0 CNN por mensagem de e-mail.<\/p>\n\n\n\n<p>Ele conta que sua m\u00e3e disse \u00e0s autoridades que Oswalt tinha uma marca de nascen\u00e7a distinta no pesco\u00e7o. Os deputados encontraram a marca em Oswalt, disse Wright. A partir deixa o aumento eles come\u00e7aram a pensar em formas de fazer o reencontro entre a fam\u00edlia que inicialmente aconteceu por telefone e depois pessoalmente emocionando todos os envolvidos.<\/p>\n\n\n\n<p>Atualmente Oswalt j\u00e1 est\u00e1 sob cuidados, mas ele ainda est\u00e1 em atendimento e ainda n\u00e3o foi para Idaho, disse Wright.<\/p>\n\n\n\n<p><em><strong>Com informa\u00e7\u00f5es da CNN Brasil<\/strong><\/em><\/p>\n","protected":false},"excerpt":{"rendered":"<p>O desaparecimento de um adolescente autista que j\u00e1 durava quase tr\u00eas anos nos Estados Unidos&#8230;<\/p>\n","protected":false},"author":5,"featured_media":1712,"comment_status":"open","ping_status":"open","sticky":false,"template":"","format":"standard","meta":{"footnotes":""},"categories":[49],"tags":[479,480,256],"class_list":["post-1711","post","type-post","status-publish","format-standard","has-post-thumbnail","hentry","category-destaques","tag-autista","tag-desaparecido","tag-jovem"],"yoast_head":"<!-- This site is optimized with the Yoast SEO plugin v24.4 - https:\/\/yoast.com\/wordpress\/plugins\/seo\/ -->\n<title>Jovem autista desaparecido h\u00e1 quase tr\u00eas anos \u00e9 encontrado a mais de 1 mil km de casa - Not\u00edcias de Todos - Models01<\/title>\n<meta name=\"robots\" content=\"index, follow, max-snippet:-1, max-image-preview:large, max-video-preview:-1\" \/>\n<link rel=\"canonical\" href=\"https:\/\/markd.com.br\/models\/jovem-autista-desaparecido-ha-quase-tres-anos-e-encontrado-a-mais-de-1-mil-km-de-casa\/\" \/>\n<meta property=\"og:locale\" content=\"pt_BR\" \/>\n<meta property=\"og:type\" content=\"article\" \/>\n<meta property=\"og:title\" content=\"Jovem autista desaparecido h\u00e1 quase tr\u00eas anos \u00e9 encontrado a mais de 1 mil km de casa - Not\u00edcias de Todos - Models01\" \/>\n<meta property=\"og:description\" content=\"O desaparecimento de um adolescente autista que j\u00e1 durava quase tr\u00eas anos nos Estados Unidos...\" \/>\n<meta property=\"og:url\" content=\"https:\/\/markd.com.br\/models\/jovem-autista-desaparecido-ha-quase-tres-anos-e-encontrado-a-mais-de-1-mil-km-de-casa\/\" \/>\n<meta property=\"og:site_name\" content=\"Not\u00edcias de Todos - Models01\" \/>\n<meta property=\"article:published_time\" content=\"2022-04-18T18:16:49+00:00\" \/>\n<meta property=\"article:modified_time\" content=\"2022-04-18T18:16:54+00:00\" \/>\n<meta property=\"og:image\" content=\"https:\/\/markd.com.br\/models\/wp-content\/uploads\/2022\/04\/screenshot-20220418-101445-768x429-1.png\" \/>\n\t<meta property=\"og:image:width\" content=\"768\" \/>\n\t<meta property=\"og:image:height\" content=\"429\" \/>\n\t<meta property=\"og:image:type\" content=\"image\/png\" \/>\n<meta name=\"author\" content=\"Reda\u00e7\u00e3o Reda\u00e7\u00e3o\" \/>\n<meta name=\"twitter:card\" content=\"summary_large_image\" \/>\n<meta name=\"twitter:label1\" content=\"Escrito por\" \/>\n\t<meta name=\"twitter:data1\" content=\"Reda\u00e7\u00e3o Reda\u00e7\u00e3o\" \/>\n\t<meta name=\"twitter:label2\" content=\"Est. tempo de leitura\" \/>\n\t<meta name=\"twitter:data2\" content=\"3 minutos\" \/>\n<script type=\"application\/ld+json\" class=\"yoast-schema-graph\">{\"@context\":\"https:\/\/schema.org\",\"@graph\":[{\"@type\":\"WebPage\",\"@id\":\"https:\/\/markd.com.br\/models\/jovem-autista-desaparecido-ha-quase-tres-anos-e-encontrado-a-mais-de-1-mil-km-de-casa\/\",\"url\":\"https:\/\/markd.com.br\/models\/jovem-autista-desaparecido-ha-quase-tres-anos-e-encontrado-a-mais-de-1-mil-km-de-casa\/\",\"name\":\"Jovem autista desaparecido h\u00e1 quase tr\u00eas anos \u00e9 encontrado a mais de 1 mil km de casa - Not\u00edcias de Todos - Models01\",\"isPartOf\":{\"@id\":\"https:\/\/markd.com.br\/models\/#website\"},\"primaryImageOfPage\":{\"@id\":\"https:\/\/markd.com.br\/models\/jovem-autista-desaparecido-ha-quase-tres-anos-e-encontrado-a-mais-de-1-mil-km-de-casa\/#primaryimage\"},\"image\":{\"@id\":\"https:\/\/markd.com.br\/models\/jovem-autista-desaparecido-ha-quase-tres-anos-e-encontrado-a-mais-de-1-mil-km-de-casa\/#primaryimage\"},\"thumbnailUrl\":\"https:\/\/markd.com.br\/models\/wp-content\/uploads\/2022\/04\/screenshot-20220418-101445-768x429-1.png\",\"datePublished\":\"2022-04-18T18:16:49+00:00\",\"dateModified\":\"2022-04-18T18:16:54+00:00\",\"author\":{\"@id\":\"https:\/\/markd.com.br\/models\/#\/schema\/person\/c12a77ab487a7262d8bec3c47301ad37\"},\"breadcrumb\":{\"@id\":\"https:\/\/markd.com.br\/models\/jovem-autista-desaparecido-ha-quase-tres-anos-e-encontrado-a-mais-de-1-mil-km-de-casa\/#breadcrumb\"},\"inLanguage\":\"pt-BR\",\"potentialAction\":[{\"@type\":\"ReadAction\",\"target\":[\"https:\/\/markd.com.br\/models\/jovem-autista-desaparecido-ha-quase-tres-anos-e-encontrado-a-mais-de-1-mil-km-de-casa\/\"]}]},{\"@type\":\"ImageObject\",\"inLanguage\":\"pt-BR\",\"@id\":\"https:\/\/markd.com.br\/models\/jovem-autista-desaparecido-ha-quase-tres-anos-e-encontrado-a-mais-de-1-mil-km-de-casa\/#primaryimage\",\"url\":\"https:\/\/markd.com.br\/models\/wp-content\/uploads\/2022\/04\/screenshot-20220418-101445-768x429-1.png\",\"contentUrl\":\"https:\/\/markd.com.br\/models\/wp-content\/uploads\/2022\/04\/screenshot-20220418-101445-768x429-1.png\",\"width\":768,\"height\":429},{\"@type\":\"BreadcrumbList\",\"@id\":\"https:\/\/markd.com.br\/models\/jovem-autista-desaparecido-ha-quase-tres-anos-e-encontrado-a-mais-de-1-mil-km-de-casa\/#breadcrumb\",\"itemListElement\":[{\"@type\":\"ListItem\",\"position\":1,\"name\":\"In\u00edcio\",\"item\":\"https:\/\/markd.com.br\/models\/\"},{\"@type\":\"ListItem\",\"position\":2,\"name\":\"Jovem autista desaparecido h\u00e1 quase tr\u00eas anos \u00e9 encontrado a mais de 1 mil km de casa\"}]},{\"@type\":\"WebSite\",\"@id\":\"https:\/\/markd.com.br\/models\/#website\",\"url\":\"https:\/\/markd.com.br\/models\/\",\"name\":\"Not\u00edcias de Todos - Models01\",\"description\":\"Tenha um Portal de Not\u00edcias Moderno, Din\u00e2mico, R\u00e1pido e Profissional. Entregamos seu Site de  Not\u00edcias Pronto, Instalado, Hospedado, com Manual Passo a Passo e Suporte 24 horas.\",\"potentialAction\":[{\"@type\":\"SearchAction\",\"target\":{\"@type\":\"EntryPoint\",\"urlTemplate\":\"https:\/\/markd.com.br\/models\/?s={search_term_string}\"},\"query-input\":{\"@type\":\"PropertyValueSpecification\",\"valueRequired\":true,\"valueName\":\"search_term_string\"}}],\"inLanguage\":\"pt-BR\"},{\"@type\":\"Person\",\"@id\":\"https:\/\/markd.com.br\/models\/#\/schema\/person\/c12a77ab487a7262d8bec3c47301ad37\",\"name\":\"Reda\u00e7\u00e3o Reda\u00e7\u00e3o\",\"image\":{\"@type\":\"ImageObject\",\"inLanguage\":\"pt-BR\",\"@id\":\"https:\/\/markd.com.br\/models\/#\/schema\/person\/image\/\",\"url\":\"https:\/\/secure.gravatar.com\/avatar\/9448f3599ce269febf169e183039b4a6?s=96&d=mm&r=g\",\"contentUrl\":\"https:\/\/secure.gravatar.com\/avatar\/9448f3599ce269febf169e183039b4a6?s=96&d=mm&r=g\",\"caption\":\"Reda\u00e7\u00e3o Reda\u00e7\u00e3o\"},\"sameAs\":[\"https:\/\/markd.com.br\/\"],\"url\":\"https:\/\/markd.com.br\/models\/author\/redacao\/\"}]}<\/script>\n<!-- \/ Yoast SEO plugin. -->","yoast_head_json":{"title":"Jovem autista desaparecido h\u00e1 quase tr\u00eas anos \u00e9 encontrado a mais de 1 mil km de casa - Not\u00edcias de Todos - Models01","robots":{"index":"index","follow":"follow","max-snippet":"max-snippet:-1","max-image-preview":"max-image-preview:large","max-video-preview":"max-video-preview:-1"},"canonical":"https:\/\/markd.com.br\/models\/jovem-autista-desaparecido-ha-quase-tres-anos-e-encontrado-a-mais-de-1-mil-km-de-casa\/","og_locale":"pt_BR","og_type":"article","og_title":"Jovem autista desaparecido h\u00e1 quase tr\u00eas anos \u00e9 encontrado a mais de 1 mil km de casa - Not\u00edcias de Todos - Models01","og_description":"O desaparecimento de um adolescente autista que j\u00e1 durava quase tr\u00eas anos nos Estados Unidos...","og_url":"https:\/\/markd.com.br\/models\/jovem-autista-desaparecido-ha-quase-tres-anos-e-encontrado-a-mais-de-1-mil-km-de-casa\/","og_site_name":"Not\u00edcias de Todos - Models01","article_published_time":"2022-04-18T18:16:49+00:00","article_modified_time":"2022-04-18T18:16:54+00:00","og_image":[{"width":768,"height":429,"url":"https:\/\/markd.com.br\/models\/wp-content\/uploads\/2022\/04\/screenshot-20220418-101445-768x429-1.png","type":"image\/png"}],"author":"Reda\u00e7\u00e3o Reda\u00e7\u00e3o","twitter_card":"summary_large_image","twitter_misc":{"Escrito por":"Reda\u00e7\u00e3o Reda\u00e7\u00e3o","Est. tempo de leitura":"3 minutos"},"schema":{"@context":"https:\/\/schema.org","@graph":[{"@type":"WebPage","@id":"https:\/\/markd.com.br\/models\/jovem-autista-desaparecido-ha-quase-tres-anos-e-encontrado-a-mais-de-1-mil-km-de-casa\/","url":"https:\/\/markd.com.br\/models\/jovem-autista-desaparecido-ha-quase-tres-anos-e-encontrado-a-mais-de-1-mil-km-de-casa\/","name":"Jovem autista desaparecido h\u00e1 quase tr\u00eas anos \u00e9 encontrado a mais de 1 mil km de casa - Not\u00edcias de Todos - Models01","isPartOf":{"@id":"https:\/\/markd.com.br\/models\/#website"},"primaryImageOfPage":{"@id":"https:\/\/markd.com.br\/models\/jovem-autista-desaparecido-ha-quase-tres-anos-e-encontrado-a-mais-de-1-mil-km-de-casa\/#primaryimage"},"image":{"@id":"https:\/\/markd.com.br\/models\/jovem-autista-desaparecido-ha-quase-tres-anos-e-encontrado-a-mais-de-1-mil-km-de-casa\/#primaryimage"},"thumbnailUrl":"https:\/\/markd.com.br\/models\/wp-content\/uploads\/2022\/04\/screenshot-20220418-101445-768x429-1.png","datePublished":"2022-04-18T18:16:49+00:00","dateModified":"2022-04-18T18:16:54+00:00","author":{"@id":"https:\/\/markd.com.br\/models\/#\/schema\/person\/c12a77ab487a7262d8bec3c47301ad37"},"breadcrumb":{"@id":"https:\/\/markd.com.br\/models\/jovem-autista-desaparecido-ha-quase-tres-anos-e-encontrado-a-mais-de-1-mil-km-de-casa\/#breadcrumb"},"inLanguage":"pt-BR","potentialAction":[{"@type":"ReadAction","target":["https:\/\/markd.com.br\/models\/jovem-autista-desaparecido-ha-quase-tres-anos-e-encontrado-a-mais-de-1-mil-km-de-casa\/"]}]},{"@type":"ImageObject","inLanguage":"pt-BR","@id":"https:\/\/markd.com.br\/models\/jovem-autista-desaparecido-ha-quase-tres-anos-e-encontrado-a-mais-de-1-mil-km-de-casa\/#primaryimage","url":"https:\/\/markd.com.br\/models\/wp-content\/uploads\/2022\/04\/screenshot-20220418-101445-768x429-1.png","contentUrl":"https:\/\/markd.com.br\/models\/wp-content\/uploads\/2022\/04\/screenshot-20220418-101445-768x429-1.png","width":768,"height":429},{"@type":"BreadcrumbList","@id":"https:\/\/markd.com.br\/models\/jovem-autista-desaparecido-ha-quase-tres-anos-e-encontrado-a-mais-de-1-mil-km-de-casa\/#breadcrumb","itemListElement":[{"@type":"ListItem","position":1,"name":"In\u00edcio","item":"https:\/\/markd.com.br\/models\/"},{"@type":"ListItem","position":2,"name":"Jovem autista desaparecido h\u00e1 quase tr\u00eas anos \u00e9 encontrado a mais de 1 mil km de casa"}]},{"@type":"WebSite","@id":"https:\/\/markd.com.br\/models\/#website","url":"https:\/\/markd.com.br\/models\/","name":"Not\u00edcias de Todos - Models01","description":"Tenha um Portal de Not\u00edcias Moderno, Din\u00e2mico, R\u00e1pido e Profissional. Entregamos seu Site de  Not\u00edcias Pronto, Instalado, Hospedado, com Manual Passo a Passo e Suporte 24 horas.","potentialAction":[{"@type":"SearchAction","target":{"@type":"EntryPoint","urlTemplate":"https:\/\/markd.com.br\/models\/?s={search_term_string}"},"query-input":{"@type":"PropertyValueSpecification","valueRequired":true,"valueName":"search_term_string"}}],"inLanguage":"pt-BR"},{"@type":"Person","@id":"https:\/\/markd.com.br\/models\/#\/schema\/person\/c12a77ab487a7262d8bec3c47301ad37","name":"Reda\u00e7\u00e3o Reda\u00e7\u00e3o","image":{"@type":"ImageObject","inLanguage":"pt-BR","@id":"https:\/\/markd.com.br\/models\/#\/schema\/person\/image\/","url":"https:\/\/secure.gravatar.com\/avatar\/9448f3599ce269febf169e183039b4a6?s=96&d=mm&r=g","contentUrl":"https:\/\/secure.gravatar.com\/avatar\/9448f3599ce269febf169e183039b4a6?s=96&d=mm&r=g","caption":"Reda\u00e7\u00e3o Reda\u00e7\u00e3o"},"sameAs":["https:\/\/markd.com.br\/"],"url":"https:\/\/markd.com.br\/models\/author\/redacao\/"}]}},"featured_image_urls":{"full":["https:\/\/markd.com.br\/models\/wp-content\/uploads\/2022\/04\/screenshot-20220418-101445-768x429-1.png",768,429,false],"thumbnail":["https:\/\/markd.com.br\/models\/wp-content\/uploads\/2022\/04\/screenshot-20220418-101445-768x429-1-150x150.png",150,150,true],"medium":["https:\/\/markd.com.br\/models\/wp-content\/uploads\/2022\/04\/screenshot-20220418-101445-768x429-1-300x168.png",300,168,true],"medium_large":["https:\/\/markd.com.br\/models\/wp-content\/uploads\/2022\/04\/screenshot-20220418-101445-768x429-1.png",640,358,false],"large":["https:\/\/markd.com.br\/models\/wp-content\/uploads\/2022\/04\/screenshot-20220418-101445-768x429-1.png",640,358,false],"1536x1536":["https:\/\/markd.com.br\/models\/wp-content\/uploads\/2022\/04\/screenshot-20220418-101445-768x429-1.png",768,429,false],"2048x2048":["https:\/\/markd.com.br\/models\/wp-content\/uploads\/2022\/04\/screenshot-20220418-101445-768x429-1.png",768,429,false],"newsphere-slider-full":["https:\/\/markd.com.br\/models\/wp-content\/uploads\/2022\/04\/screenshot-20220418-101445-768x429-1.png",768,429,false],"newsphere-featured":["https:\/\/markd.com.br\/models\/wp-content\/uploads\/2022\/04\/screenshot-20220418-101445-768x429-1.png",768,429,false],"newsphere-medium":["https:\/\/markd.com.br\/models\/wp-content\/uploads\/2022\/04\/screenshot-20220418-101445-768x429-1-720x380.png",720,380,true]},"author_info":{"display_name":"Reda\u00e7\u00e3o Reda\u00e7\u00e3o","author_link":"https:\/\/markd.com.br\/models\/author\/redacao\/"},"category_info":"<a href=\"https:\/\/markd.com.br\/models\/category\/destaques\/\" rel=\"category tag\">destaques<\/a>","tag_info":"destaques","comment_count":"0","jetpack_featured_media_url":"https:\/\/markd.com.br\/models\/wp-content\/uploads\/2022\/04\/screenshot-20220418-101445-768x429-1.png","_links":{"self":[{"href":"https:\/\/markd.com.br\/models\/wp-json\/wp\/v2\/posts\/1711","targetHints":{"allow":["GET"]}}],"collection":[{"href":"https:\/\/markd.com.br\/models\/wp-json\/wp\/v2\/posts"}],"about":[{"href":"https:\/\/markd.com.br\/models\/wp-json\/wp\/v2\/types\/post"}],"author":[{"embeddable":true,"href":"https:\/\/markd.com.br\/models\/wp-json\/wp\/v2\/users\/5"}],"replies":[{"embeddable":true,"href":"https:\/\/markd.com.br\/models\/wp-json\/wp\/v2\/comments?post=1711"}],"version-history":[{"count":1,"href":"https:\/\/markd.com.br\/models\/wp-json\/wp\/v2\/posts\/1711\/revisions"}],"predecessor-version":[{"id":1713,"href":"https:\/\/markd.com.br\/models\/wp-json\/wp\/v2\/posts\/1711\/revisions\/1713"}],"wp:featuredmedia":[{"embeddable":true,"href":"https:\/\/markd.com.br\/models\/wp-json\/wp\/v2\/media\/1712"}],"wp:attachment":[{"href":"https:\/\/markd.com.br\/models\/wp-json\/wp\/v2\/media?parent=1711"}],"wp:term":[{"taxonomy":"category","embeddable":true,"href":"https:\/\/markd.com.br\/models\/wp-json\/wp\/v2\/categories?post=1711"},{"taxonomy":"post_tag","embeddable":true,"href":"https:\/\/markd.com.br\/models\/wp-json\/wp\/v2\/tags?post=1711"}],"curies":[{"name":"wp","href":"https:\/\/api.w.org\/{rel}","templated":true}]}}