{"id":1719,"date":"2022-04-18T17:10:41","date_gmt":"2022-04-18T20:10:41","guid":{"rendered":"https:\/\/portaldestaquenoticias.com.br\/?p=1719"},"modified":"2022-04-18T17:10:45","modified_gmt":"2022-04-18T20:10:45","slug":"detran-amazonas-autuou-mais-de-200-motoristas-durante-operacao-lei-seca-no-feriado-da-pascoa","status":"publish","type":"post","link":"https:\/\/markd.com.br\/models\/detran-amazonas-autuou-mais-de-200-motoristas-durante-operacao-lei-seca-no-feriado-da-pascoa\/","title":{"rendered":"Detran Amazonas autuou mais de 200 motoristas durante opera\u00e7\u00e3o \u2018Lei Seca\u2019 no feriado da P\u00e1scoa"},"content":{"rendered":"\n<p><\/p>\n\n\n\n<p>Mais de 300 ve\u00edculos foram vistoriados na a\u00e7\u00e3o<\/p>\n\n\n\n<p>O Departamento Estadual de Tr\u00e2nsito do Amazonas (Detran-AM) realizou a opera\u00e7\u00e3o \u201cLei Seca\u201d no feriad\u00e3o da P\u00e1scoa e autuou 205 motoristas, totalizando 303 ve\u00edculos vistoriados. Ao volante, 76 condutores foram flagrados no teste do baf\u00f4metro.<\/p>\n\n\n\n<p>As fiscaliza\u00e7\u00f5es foram feitas pelos agentes do Detran Amazonas que atuam no N\u00facleo Especializado em Opera\u00e7\u00f5es de Tr\u00e2nsito (Neot).<\/p>\n\n\n\n<p>Tamb\u00e9m foram removidos 22 ve\u00edculos ao parqueamento do \u00f3rg\u00e3o por diversas irregularidades, que n\u00e3o puderam ser sanadas no local ou estavam com o licenciamento em atraso.<\/p>\n\n\n\n<p>As fiscaliza\u00e7\u00f5es foram realizadas na Djalma Batista, na zona centro-sul; na avenida Ita\u00faba, na zona leste; e nas rodovias AM-010 e AM-450.<\/p>\n\n\n\n<p>\u200b\u200bLei Seca\u200b\u200b \u2013 A Lei n\u00ba 13.546, aprovada em dezembro de 2017, alterou o C\u00f3digo de Tr\u00e2nsito Brasileiro (CTB) estabelecendo maior rigor para o motorista que praticar o homic\u00eddio culposo (sem inten\u00e7\u00e3o) ou de les\u00e3o corporal de natureza grave ou grav\u00edssima, sob o efeito de \u00e1lcool ou de outras subst\u00e2ncias psicoativas que causem depend\u00eancia. As disposi\u00e7\u00f5es da norma entraram em vigor em abril de 2018.<\/p>\n\n\n\n<p>De acordo com o CTB, a penalidade para quem dirige alcoolizado \u00e9 de R$ 2.934,70.<\/p>\n\n\n\n<figure class=\"wp-block-image\"><img decoding=\"async\" src=\"https:\/\/sp-ao.shortpixel.ai\/client\/to_auto,q_glossy,ret_img,w_1024,h_576\/https:\/\/portalmancheteam.com.br\/wp-content\/uploads\/2022\/04\/7bd01fc1-efde-46d7-8300-59967aea27c7-1024x576.jpg\" alt=\"\" class=\"wp-image-84197\"\/><\/figure>\n\n\n\n<p>\u200b\u200bFOTOS:\u200b\u200b Arquivo\/Detran-AM<\/p>\n\n\n\n<p>\u200b\u200bInforma\u00e7\u00f5es para a imprensa:\u200b\u200b Assessoria de Comunica\u00e7\u00e3o do Departamento Estadual de Tr\u00e2nsito do Amazonas (Detran-AM): M\u00e1rcio Azevedo (98188-1798) e Marinalva Marinho (98112-2245).<\/p>\n","protected":false},"excerpt":{"rendered":"<p>Mais de 300 ve\u00edculos foram vistoriados na a\u00e7\u00e3o O Departamento Estadual de Tr\u00e2nsito do Amazonas&#8230;<\/p>\n","protected":false},"author":5,"featured_media":1720,"comment_status":"open","ping_status":"open","sticky":false,"template":"","format":"standard","meta":{"footnotes":""},"categories":[49],"tags":[483],"class_list":["post-1719","post","type-post","status-publish","format-standard","has-post-thumbnail","hentry","category-destaques","tag-detran-amazonas"],"yoast_head":"<!-- This site is optimized with the Yoast SEO plugin v24.4 - https:\/\/yoast.com\/wordpress\/plugins\/seo\/ -->\n<title>Detran Amazonas autuou mais de 200 motoristas durante opera\u00e7\u00e3o \u2018Lei Seca\u2019 no feriado da P\u00e1scoa - Not\u00edcias de Todos - Models01<\/title>\n<meta name=\"robots\" content=\"index, follow, max-snippet:-1, max-image-preview:large, max-video-preview:-1\" \/>\n<link rel=\"canonical\" href=\"https:\/\/markd.com.br\/models\/detran-amazonas-autuou-mais-de-200-motoristas-durante-operacao-lei-seca-no-feriado-da-pascoa\/\" \/>\n<meta property=\"og:locale\" content=\"pt_BR\" \/>\n<meta property=\"og:type\" content=\"article\" \/>\n<meta property=\"og:title\" content=\"Detran Amazonas autuou mais de 200 motoristas durante opera\u00e7\u00e3o \u2018Lei Seca\u2019 no feriado da P\u00e1scoa - Not\u00edcias de Todos - Models01\" \/>\n<meta property=\"og:description\" content=\"Mais de 300 ve\u00edculos foram vistoriados na a\u00e7\u00e3o O Departamento Estadual de Tr\u00e2nsito do Amazonas...\" \/>\n<meta property=\"og:url\" content=\"https:\/\/markd.com.br\/models\/detran-amazonas-autuou-mais-de-200-motoristas-durante-operacao-lei-seca-no-feriado-da-pascoa\/\" \/>\n<meta property=\"og:site_name\" content=\"Not\u00edcias de Todos - Models01\" \/>\n<meta property=\"article:published_time\" content=\"2022-04-18T20:10:41+00:00\" \/>\n<meta property=\"article:modified_time\" content=\"2022-04-18T20:10:45+00:00\" \/>\n<meta property=\"og:image\" content=\"https:\/\/markd.com.br\/models\/wp-content\/uploads\/2022\/04\/0d83529f-398e-4d58-9382-d196b900ef00.jpg\" \/>\n\t<meta property=\"og:image:width\" content=\"650\" \/>\n\t<meta property=\"og:image:height\" content=\"366\" \/>\n\t<meta property=\"og:image:type\" content=\"image\/jpeg\" \/>\n<meta name=\"author\" content=\"Reda\u00e7\u00e3o Reda\u00e7\u00e3o\" \/>\n<meta name=\"twitter:card\" content=\"summary_large_image\" \/>\n<meta name=\"twitter:label1\" content=\"Escrito por\" \/>\n\t<meta name=\"twitter:data1\" content=\"Reda\u00e7\u00e3o Reda\u00e7\u00e3o\" \/>\n\t<meta name=\"twitter:label2\" content=\"Est. tempo de leitura\" \/>\n\t<meta name=\"twitter:data2\" content=\"2 minutos\" \/>\n<script type=\"application\/ld+json\" class=\"yoast-schema-graph\">{\"@context\":\"https:\/\/schema.org\",\"@graph\":[{\"@type\":\"WebPage\",\"@id\":\"https:\/\/markd.com.br\/models\/detran-amazonas-autuou-mais-de-200-motoristas-durante-operacao-lei-seca-no-feriado-da-pascoa\/\",\"url\":\"https:\/\/markd.com.br\/models\/detran-amazonas-autuou-mais-de-200-motoristas-durante-operacao-lei-seca-no-feriado-da-pascoa\/\",\"name\":\"Detran Amazonas autuou mais de 200 motoristas durante opera\u00e7\u00e3o \u2018Lei Seca\u2019 no feriado da P\u00e1scoa - Not\u00edcias de Todos - Models01\",\"isPartOf\":{\"@id\":\"https:\/\/markd.com.br\/models\/#website\"},\"primaryImageOfPage\":{\"@id\":\"https:\/\/markd.com.br\/models\/detran-amazonas-autuou-mais-de-200-motoristas-durante-operacao-lei-seca-no-feriado-da-pascoa\/#primaryimage\"},\"image\":{\"@id\":\"https:\/\/markd.com.br\/models\/detran-amazonas-autuou-mais-de-200-motoristas-durante-operacao-lei-seca-no-feriado-da-pascoa\/#primaryimage\"},\"thumbnailUrl\":\"https:\/\/markd.com.br\/models\/wp-content\/uploads\/2022\/04\/0d83529f-398e-4d58-9382-d196b900ef00.jpg\",\"datePublished\":\"2022-04-18T20:10:41+00:00\",\"dateModified\":\"2022-04-18T20:10:45+00:00\",\"author\":{\"@id\":\"https:\/\/markd.com.br\/models\/#\/schema\/person\/c12a77ab487a7262d8bec3c47301ad37\"},\"breadcrumb\":{\"@id\":\"https:\/\/markd.com.br\/models\/detran-amazonas-autuou-mais-de-200-motoristas-durante-operacao-lei-seca-no-feriado-da-pascoa\/#breadcrumb\"},\"inLanguage\":\"pt-BR\",\"potentialAction\":[{\"@type\":\"ReadAction\",\"target\":[\"https:\/\/markd.com.br\/models\/detran-amazonas-autuou-mais-de-200-motoristas-durante-operacao-lei-seca-no-feriado-da-pascoa\/\"]}]},{\"@type\":\"ImageObject\",\"inLanguage\":\"pt-BR\",\"@id\":\"https:\/\/markd.com.br\/models\/detran-amazonas-autuou-mais-de-200-motoristas-durante-operacao-lei-seca-no-feriado-da-pascoa\/#primaryimage\",\"url\":\"https:\/\/markd.com.br\/models\/wp-content\/uploads\/2022\/04\/0d83529f-398e-4d58-9382-d196b900ef00.jpg\",\"contentUrl\":\"https:\/\/markd.com.br\/models\/wp-content\/uploads\/2022\/04\/0d83529f-398e-4d58-9382-d196b900ef00.jpg\",\"width\":650,\"height\":366},{\"@type\":\"BreadcrumbList\",\"@id\":\"https:\/\/markd.com.br\/models\/detran-amazonas-autuou-mais-de-200-motoristas-durante-operacao-lei-seca-no-feriado-da-pascoa\/#breadcrumb\",\"itemListElement\":[{\"@type\":\"ListItem\",\"position\":1,\"name\":\"In\u00edcio\",\"item\":\"https:\/\/markd.com.br\/models\/\"},{\"@type\":\"ListItem\",\"position\":2,\"name\":\"Detran Amazonas autuou mais de 200 motoristas durante opera\u00e7\u00e3o \u2018Lei Seca\u2019 no feriado da P\u00e1scoa\"}]},{\"@type\":\"WebSite\",\"@id\":\"https:\/\/markd.com.br\/models\/#website\",\"url\":\"https:\/\/markd.com.br\/models\/\",\"name\":\"Not\u00edcias de Todos - Models01\",\"description\":\"Tenha um Portal de Not\u00edcias Moderno, Din\u00e2mico, R\u00e1pido e Profissional. Entregamos seu Site de  Not\u00edcias Pronto, Instalado, Hospedado, com Manual Passo a Passo e Suporte 24 horas.\",\"potentialAction\":[{\"@type\":\"SearchAction\",\"target\":{\"@type\":\"EntryPoint\",\"urlTemplate\":\"https:\/\/markd.com.br\/models\/?s={search_term_string}\"},\"query-input\":{\"@type\":\"PropertyValueSpecification\",\"valueRequired\":true,\"valueName\":\"search_term_string\"}}],\"inLanguage\":\"pt-BR\"},{\"@type\":\"Person\",\"@id\":\"https:\/\/markd.com.br\/models\/#\/schema\/person\/c12a77ab487a7262d8bec3c47301ad37\",\"name\":\"Reda\u00e7\u00e3o Reda\u00e7\u00e3o\",\"image\":{\"@type\":\"ImageObject\",\"inLanguage\":\"pt-BR\",\"@id\":\"https:\/\/markd.com.br\/models\/#\/schema\/person\/image\/\",\"url\":\"https:\/\/secure.gravatar.com\/avatar\/9448f3599ce269febf169e183039b4a6?s=96&d=mm&r=g\",\"contentUrl\":\"https:\/\/secure.gravatar.com\/avatar\/9448f3599ce269febf169e183039b4a6?s=96&d=mm&r=g\",\"caption\":\"Reda\u00e7\u00e3o Reda\u00e7\u00e3o\"},\"sameAs\":[\"https:\/\/markd.com.br\/\"],\"url\":\"https:\/\/markd.com.br\/models\/author\/redacao\/\"}]}<\/script>\n<!-- \/ Yoast SEO plugin. -->","yoast_head_json":{"title":"Detran Amazonas autuou mais de 200 motoristas durante opera\u00e7\u00e3o \u2018Lei Seca\u2019 no feriado da P\u00e1scoa - Not\u00edcias de Todos - Models01","robots":{"index":"index","follow":"follow","max-snippet":"max-snippet:-1","max-image-preview":"max-image-preview:large","max-video-preview":"max-video-preview:-1"},"canonical":"https:\/\/markd.com.br\/models\/detran-amazonas-autuou-mais-de-200-motoristas-durante-operacao-lei-seca-no-feriado-da-pascoa\/","og_locale":"pt_BR","og_type":"article","og_title":"Detran Amazonas autuou mais de 200 motoristas durante opera\u00e7\u00e3o \u2018Lei Seca\u2019 no feriado da P\u00e1scoa - Not\u00edcias de Todos - Models01","og_description":"Mais de 300 ve\u00edculos foram vistoriados na a\u00e7\u00e3o O Departamento Estadual de Tr\u00e2nsito do Amazonas...","og_url":"https:\/\/markd.com.br\/models\/detran-amazonas-autuou-mais-de-200-motoristas-durante-operacao-lei-seca-no-feriado-da-pascoa\/","og_site_name":"Not\u00edcias de Todos - Models01","article_published_time":"2022-04-18T20:10:41+00:00","article_modified_time":"2022-04-18T20:10:45+00:00","og_image":[{"width":650,"height":366,"url":"https:\/\/markd.com.br\/models\/wp-content\/uploads\/2022\/04\/0d83529f-398e-4d58-9382-d196b900ef00.jpg","type":"image\/jpeg"}],"author":"Reda\u00e7\u00e3o Reda\u00e7\u00e3o","twitter_card":"summary_large_image","twitter_misc":{"Escrito por":"Reda\u00e7\u00e3o Reda\u00e7\u00e3o","Est. tempo de leitura":"2 minutos"},"schema":{"@context":"https:\/\/schema.org","@graph":[{"@type":"WebPage","@id":"https:\/\/markd.com.br\/models\/detran-amazonas-autuou-mais-de-200-motoristas-durante-operacao-lei-seca-no-feriado-da-pascoa\/","url":"https:\/\/markd.com.br\/models\/detran-amazonas-autuou-mais-de-200-motoristas-durante-operacao-lei-seca-no-feriado-da-pascoa\/","name":"Detran Amazonas autuou mais de 200 motoristas durante opera\u00e7\u00e3o \u2018Lei Seca\u2019 no feriado da P\u00e1scoa - Not\u00edcias de Todos - Models01","isPartOf":{"@id":"https:\/\/markd.com.br\/models\/#website"},"primaryImageOfPage":{"@id":"https:\/\/markd.com.br\/models\/detran-amazonas-autuou-mais-de-200-motoristas-durante-operacao-lei-seca-no-feriado-da-pascoa\/#primaryimage"},"image":{"@id":"https:\/\/markd.com.br\/models\/detran-amazonas-autuou-mais-de-200-motoristas-durante-operacao-lei-seca-no-feriado-da-pascoa\/#primaryimage"},"thumbnailUrl":"https:\/\/markd.com.br\/models\/wp-content\/uploads\/2022\/04\/0d83529f-398e-4d58-9382-d196b900ef00.jpg","datePublished":"2022-04-18T20:10:41+00:00","dateModified":"2022-04-18T20:10:45+00:00","author":{"@id":"https:\/\/markd.com.br\/models\/#\/schema\/person\/c12a77ab487a7262d8bec3c47301ad37"},"breadcrumb":{"@id":"https:\/\/markd.com.br\/models\/detran-amazonas-autuou-mais-de-200-motoristas-durante-operacao-lei-seca-no-feriado-da-pascoa\/#breadcrumb"},"inLanguage":"pt-BR","potentialAction":[{"@type":"ReadAction","target":["https:\/\/markd.com.br\/models\/detran-amazonas-autuou-mais-de-200-motoristas-durante-operacao-lei-seca-no-feriado-da-pascoa\/"]}]},{"@type":"ImageObject","inLanguage":"pt-BR","@id":"https:\/\/markd.com.br\/models\/detran-amazonas-autuou-mais-de-200-motoristas-durante-operacao-lei-seca-no-feriado-da-pascoa\/#primaryimage","url":"https:\/\/markd.com.br\/models\/wp-content\/uploads\/2022\/04\/0d83529f-398e-4d58-9382-d196b900ef00.jpg","contentUrl":"https:\/\/markd.com.br\/models\/wp-content\/uploads\/2022\/04\/0d83529f-398e-4d58-9382-d196b900ef00.jpg","width":650,"height":366},{"@type":"BreadcrumbList","@id":"https:\/\/markd.com.br\/models\/detran-amazonas-autuou-mais-de-200-motoristas-durante-operacao-lei-seca-no-feriado-da-pascoa\/#breadcrumb","itemListElement":[{"@type":"ListItem","position":1,"name":"In\u00edcio","item":"https:\/\/markd.com.br\/models\/"},{"@type":"ListItem","position":2,"name":"Detran Amazonas autuou mais de 200 motoristas durante opera\u00e7\u00e3o \u2018Lei Seca\u2019 no feriado da P\u00e1scoa"}]},{"@type":"WebSite","@id":"https:\/\/markd.com.br\/models\/#website","url":"https:\/\/markd.com.br\/models\/","name":"Not\u00edcias de Todos - Models01","description":"Tenha um Portal de Not\u00edcias Moderno, Din\u00e2mico, R\u00e1pido e Profissional. Entregamos seu Site de  Not\u00edcias Pronto, Instalado, Hospedado, com Manual Passo a Passo e Suporte 24 horas.","potentialAction":[{"@type":"SearchAction","target":{"@type":"EntryPoint","urlTemplate":"https:\/\/markd.com.br\/models\/?s={search_term_string}"},"query-input":{"@type":"PropertyValueSpecification","valueRequired":true,"valueName":"search_term_string"}}],"inLanguage":"pt-BR"},{"@type":"Person","@id":"https:\/\/markd.com.br\/models\/#\/schema\/person\/c12a77ab487a7262d8bec3c47301ad37","name":"Reda\u00e7\u00e3o Reda\u00e7\u00e3o","image":{"@type":"ImageObject","inLanguage":"pt-BR","@id":"https:\/\/markd.com.br\/models\/#\/schema\/person\/image\/","url":"https:\/\/secure.gravatar.com\/avatar\/9448f3599ce269febf169e183039b4a6?s=96&d=mm&r=g","contentUrl":"https:\/\/secure.gravatar.com\/avatar\/9448f3599ce269febf169e183039b4a6?s=96&d=mm&r=g","caption":"Reda\u00e7\u00e3o Reda\u00e7\u00e3o"},"sameAs":["https:\/\/markd.com.br\/"],"url":"https:\/\/markd.com.br\/models\/author\/redacao\/"}]}},"featured_image_urls":{"full":["https:\/\/markd.com.br\/models\/wp-content\/uploads\/2022\/04\/0d83529f-398e-4d58-9382-d196b900ef00.jpg",650,366,false],"thumbnail":["https:\/\/markd.com.br\/models\/wp-content\/uploads\/2022\/04\/0d83529f-398e-4d58-9382-d196b900ef00-150x150.jpg",150,150,true],"medium":["https:\/\/markd.com.br\/models\/wp-content\/uploads\/2022\/04\/0d83529f-398e-4d58-9382-d196b900ef00-300x169.jpg",300,169,true],"medium_large":["https:\/\/markd.com.br\/models\/wp-content\/uploads\/2022\/04\/0d83529f-398e-4d58-9382-d196b900ef00.jpg",640,360,false],"large":["https:\/\/markd.com.br\/models\/wp-content\/uploads\/2022\/04\/0d83529f-398e-4d58-9382-d196b900ef00.jpg",640,360,false],"1536x1536":["https:\/\/markd.com.br\/models\/wp-content\/uploads\/2022\/04\/0d83529f-398e-4d58-9382-d196b900ef00.jpg",650,366,false],"2048x2048":["https:\/\/markd.com.br\/models\/wp-content\/uploads\/2022\/04\/0d83529f-398e-4d58-9382-d196b900ef00.jpg",650,366,false],"newsphere-slider-full":["https:\/\/markd.com.br\/models\/wp-content\/uploads\/2022\/04\/0d83529f-398e-4d58-9382-d196b900ef00.jpg",650,366,false],"newsphere-featured":["https:\/\/markd.com.br\/models\/wp-content\/uploads\/2022\/04\/0d83529f-398e-4d58-9382-d196b900ef00.jpg",650,366,false],"newsphere-medium":["https:\/\/markd.com.br\/models\/wp-content\/uploads\/2022\/04\/0d83529f-398e-4d58-9382-d196b900ef00.jpg",650,366,false]},"author_info":{"display_name":"Reda\u00e7\u00e3o Reda\u00e7\u00e3o","author_link":"https:\/\/markd.com.br\/models\/author\/redacao\/"},"category_info":"<a href=\"https:\/\/markd.com.br\/models\/category\/destaques\/\" rel=\"category tag\">destaques<\/a>","tag_info":"destaques","comment_count":"0","jetpack_featured_media_url":"https:\/\/markd.com.br\/models\/wp-content\/uploads\/2022\/04\/0d83529f-398e-4d58-9382-d196b900ef00.jpg","_links":{"self":[{"href":"https:\/\/markd.com.br\/models\/wp-json\/wp\/v2\/posts\/1719","targetHints":{"allow":["GET"]}}],"collection":[{"href":"https:\/\/markd.com.br\/models\/wp-json\/wp\/v2\/posts"}],"about":[{"href":"https:\/\/markd.com.br\/models\/wp-json\/wp\/v2\/types\/post"}],"author":[{"embeddable":true,"href":"https:\/\/markd.com.br\/models\/wp-json\/wp\/v2\/users\/5"}],"replies":[{"embeddable":true,"href":"https:\/\/markd.com.br\/models\/wp-json\/wp\/v2\/comments?post=1719"}],"version-history":[{"count":1,"href":"https:\/\/markd.com.br\/models\/wp-json\/wp\/v2\/posts\/1719\/revisions"}],"predecessor-version":[{"id":1721,"href":"https:\/\/markd.com.br\/models\/wp-json\/wp\/v2\/posts\/1719\/revisions\/1721"}],"wp:featuredmedia":[{"embeddable":true,"href":"https:\/\/markd.com.br\/models\/wp-json\/wp\/v2\/media\/1720"}],"wp:attachment":[{"href":"https:\/\/markd.com.br\/models\/wp-json\/wp\/v2\/media?parent=1719"}],"wp:term":[{"taxonomy":"category","embeddable":true,"href":"https:\/\/markd.com.br\/models\/wp-json\/wp\/v2\/categories?post=1719"},{"taxonomy":"post_tag","embeddable":true,"href":"https:\/\/markd.com.br\/models\/wp-json\/wp\/v2\/tags?post=1719"}],"curies":[{"name":"wp","href":"https:\/\/api.w.org\/{rel}","templated":true}]}}