{"id":1722,"date":"2022-04-18T17:13:50","date_gmt":"2022-04-18T20:13:50","guid":{"rendered":"https:\/\/portaldestaquenoticias.com.br\/?p=1722"},"modified":"2022-04-18T17:13:53","modified_gmt":"2022-04-18T20:13:53","slug":"serie-apresenta-curiosidades-sobre-o-24o-festival-amazonas-de-opera","status":"publish","type":"post","link":"https:\/\/markd.com.br\/models\/serie-apresenta-curiosidades-sobre-o-24o-festival-amazonas-de-opera\/","title":{"rendered":"S\u00e9rie apresenta curiosidades sobre o 24\u00ba Festival Amazonas de \u00d3pera"},"content":{"rendered":"\n<p><\/p>\n\n\n\n<p>Conte\u00fado \u00e9 exibido nas redes sociais da Secretaria de Cultura e Economia Criativa todas as quintas-feiras<\/p>\n\n\n\n<p>O Governo do Amazonas, por meio da Secretaria de Estado de Cultura e Economia Criativa, est\u00e1 no ar, todas as quintas-feiras, com a s\u00e9rie sobre as curiosidades do 24\u00ba Festival Amazonas de \u00d3pera (FAO), que inicia no dia 29 de abril, no palco do Teatro Amazonas. O conte\u00fado audiovisual \u00e9 exibido no canal da pasta no Youtube e no Instagram (@culturadoam).<\/p>\n\n\n\n<p>O secret\u00e1rio Marcos Apolo Muniz explica que a proposta \u00e9 apresentar os bastidores da primeira edi\u00e7\u00e3o ap\u00f3s dois anos de pandemia. Segundo ele, entre os temas est\u00e3o as hist\u00f3rias das \u00f3peras, produ\u00e7\u00e3o de cen\u00e1rios e figurinos, ensaios de orquestras e coral, al\u00e9m de mostrar quem trabalha por tr\u00e1s dos espet\u00e1culos.<\/p>\n\n\n\n<p>\u201cVai ser uma edi\u00e7\u00e3o hist\u00f3rica e queremos dividir cada etapa do processo com o p\u00fablico que acompanha o Festival Amazonas de \u00d3pera\u201d, afirma o titular da pasta. \u201cNossas equipes est\u00e3o acompanhando todos os detalhes\u201d.<\/p>\n\n\n\n<p>Estreia \u2013 No primeiro v\u00eddeo, o maestro Luiz Fernando Malheiro, diretor art\u00edstico do FAO, fala sobre as \u00f3peras \u201cIl Tabarro\u201d, de Giacomo Puccini; \u201cO Menino Maluquinho\u201d, de Ernani Aguiar; \u201cPeter Grimes\u201d, de Benjamin Britten; \u201cIl Trovatore\u201d, de Giuseppe Verdi; e \u201cO Caixeiro da Taverna\u201d, Guilherme Bernstein.<\/p>\n\n\n\n<p>\u201cEstamos voltando ao palco do Teatro Amazonas com muita alegria, para trazer t\u00edtulos importantes\u201d, destaca o regente.<\/p>\n\n\n\n<p>A produ\u00e7\u00e3o da s\u00e9rie tem assinatura de Moacyr Massulo e Alessandra Mour\u00e3o, em parceria com o setor de audiovisual da Secretaria de Cultura e Economia Criativa.<\/p>\n\n\n\n<p>FAO \u2013 O Festival Amazonas de \u00d3pera \u00e9 realizado pelo Governo do Amazonas, por meio da Secretaria de Estado de Cultura e Economia Criativa e da Ag\u00eancia Amazonense de Desenvolvimento Cultural (AADC). Um projeto aprovado na Lei de Incentivo \u00e0 Cultura, Minist\u00e9rio da Cidadania e Secretaria Especial de Cultura, com patroc\u00ednio master do Bradesco e patroc\u00ednio Innova.<\/p>\n\n\n\n<p>Os ingressos j\u00e1 est\u00e3o \u00e0 venda em bilheteriadigital.com e na bilheteria do Teatro Amazonas.<\/p>\n\n\n\n<p>Bradesco e cultura \u2013 Com centenas de projetos patrocinados anualmente, o Bradesco acredita que a cultura \u00e9 um agente transformador da sociedade. Al\u00e9m do Teatro Bradesco, o banco apoia iniciativas que contribuem para a sustentabilidade de manifesta\u00e7\u00f5es culturais que acontecem de norte a sul do Pa\u00eds, refor\u00e7ando o seu compromisso com a democratiza\u00e7\u00e3o da arte.<\/p>\n\n\n\n<p>S\u00e3o eventos regionais, feiras, exposi\u00e7\u00f5es, centros culturais, orquestras, musicais e muitos outros. O banco tamb\u00e9m mant\u00e9m o Bradesco Cultura, plataforma digital que re\u00fane conte\u00fado relacionado \u00e0s iniciativas culturais que contam com o patroc\u00ednio da institui\u00e7\u00e3o. Visite em cultura.bradesco.<\/p>\n\n\n\n<figure class=\"wp-block-image\"><img decoding=\"async\" src=\"https:\/\/sp-ao.shortpixel.ai\/client\/to_auto,q_glossy,ret_img,w_1024,h_682\/https:\/\/portalmancheteam.com.br\/wp-content\/uploads\/2022\/04\/2151a0f3-43a7-4175-ad58-1338fec6c4e3-1024x682.jpg\" alt=\"\" class=\"wp-image-84181\"\/><\/figure>\n\n\n\n<p>FOTOS: Michael Dantas\/Secretaria de Cultura e Economia Criativa<\/p>\n\n\n\n<p>Informa\u00e7\u00f5es para a imprensa: Assessoria de Comunica\u00e7\u00e3o da Secretaria de Estado de Cultura e Economia Criativa: Suelen Reis (98141-9488 e 3232-1646) e Manuella Barros (98172-9842).<\/p>\n","protected":false},"excerpt":{"rendered":"<p>Conte\u00fado \u00e9 exibido nas redes sociais da Secretaria de Cultura e Economia Criativa todas as&#8230;<\/p>\n","protected":false},"author":5,"featured_media":1723,"comment_status":"open","ping_status":"open","sticky":false,"template":"","format":"standard","meta":{"footnotes":""},"categories":[49],"tags":[414],"class_list":["post-1722","post","type-post","status-publish","format-standard","has-post-thumbnail","hentry","category-destaques","tag-cultura"],"yoast_head":"<!-- This site is optimized with the Yoast SEO plugin v24.4 - https:\/\/yoast.com\/wordpress\/plugins\/seo\/ -->\n<title>S\u00e9rie apresenta curiosidades sobre o 24\u00ba Festival Amazonas de \u00d3pera - Not\u00edcias de Todos - Models01<\/title>\n<meta name=\"robots\" content=\"index, follow, max-snippet:-1, max-image-preview:large, max-video-preview:-1\" \/>\n<link rel=\"canonical\" href=\"https:\/\/markd.com.br\/models\/serie-apresenta-curiosidades-sobre-o-24o-festival-amazonas-de-opera\/\" \/>\n<meta property=\"og:locale\" content=\"pt_BR\" \/>\n<meta property=\"og:type\" content=\"article\" \/>\n<meta property=\"og:title\" content=\"S\u00e9rie apresenta curiosidades sobre o 24\u00ba Festival Amazonas de \u00d3pera - Not\u00edcias de Todos - Models01\" \/>\n<meta property=\"og:description\" content=\"Conte\u00fado \u00e9 exibido nas redes sociais da Secretaria de Cultura e Economia Criativa todas as...\" \/>\n<meta property=\"og:url\" content=\"https:\/\/markd.com.br\/models\/serie-apresenta-curiosidades-sobre-o-24o-festival-amazonas-de-opera\/\" \/>\n<meta property=\"og:site_name\" content=\"Not\u00edcias de Todos - Models01\" \/>\n<meta property=\"article:published_time\" content=\"2022-04-18T20:13:50+00:00\" \/>\n<meta property=\"article:modified_time\" content=\"2022-04-18T20:13:53+00:00\" \/>\n<meta property=\"og:image\" content=\"https:\/\/markd.com.br\/models\/wp-content\/uploads\/2022\/04\/fad0f4c9-b923-4862-8256-5e0a14277a78.jpg\" \/>\n\t<meta property=\"og:image:width\" content=\"650\" \/>\n\t<meta property=\"og:image:height\" content=\"433\" \/>\n\t<meta property=\"og:image:type\" content=\"image\/jpeg\" \/>\n<meta name=\"author\" content=\"Reda\u00e7\u00e3o Reda\u00e7\u00e3o\" \/>\n<meta name=\"twitter:card\" content=\"summary_large_image\" \/>\n<meta name=\"twitter:label1\" content=\"Escrito por\" \/>\n\t<meta name=\"twitter:data1\" content=\"Reda\u00e7\u00e3o Reda\u00e7\u00e3o\" \/>\n\t<meta name=\"twitter:label2\" content=\"Est. tempo de leitura\" \/>\n\t<meta name=\"twitter:data2\" content=\"3 minutos\" \/>\n<script type=\"application\/ld+json\" class=\"yoast-schema-graph\">{\"@context\":\"https:\/\/schema.org\",\"@graph\":[{\"@type\":\"WebPage\",\"@id\":\"https:\/\/markd.com.br\/models\/serie-apresenta-curiosidades-sobre-o-24o-festival-amazonas-de-opera\/\",\"url\":\"https:\/\/markd.com.br\/models\/serie-apresenta-curiosidades-sobre-o-24o-festival-amazonas-de-opera\/\",\"name\":\"S\u00e9rie apresenta curiosidades sobre o 24\u00ba Festival Amazonas de \u00d3pera - Not\u00edcias de Todos - Models01\",\"isPartOf\":{\"@id\":\"https:\/\/markd.com.br\/models\/#website\"},\"primaryImageOfPage\":{\"@id\":\"https:\/\/markd.com.br\/models\/serie-apresenta-curiosidades-sobre-o-24o-festival-amazonas-de-opera\/#primaryimage\"},\"image\":{\"@id\":\"https:\/\/markd.com.br\/models\/serie-apresenta-curiosidades-sobre-o-24o-festival-amazonas-de-opera\/#primaryimage\"},\"thumbnailUrl\":\"https:\/\/markd.com.br\/models\/wp-content\/uploads\/2022\/04\/fad0f4c9-b923-4862-8256-5e0a14277a78.jpg\",\"datePublished\":\"2022-04-18T20:13:50+00:00\",\"dateModified\":\"2022-04-18T20:13:53+00:00\",\"author\":{\"@id\":\"https:\/\/markd.com.br\/models\/#\/schema\/person\/c12a77ab487a7262d8bec3c47301ad37\"},\"breadcrumb\":{\"@id\":\"https:\/\/markd.com.br\/models\/serie-apresenta-curiosidades-sobre-o-24o-festival-amazonas-de-opera\/#breadcrumb\"},\"inLanguage\":\"pt-BR\",\"potentialAction\":[{\"@type\":\"ReadAction\",\"target\":[\"https:\/\/markd.com.br\/models\/serie-apresenta-curiosidades-sobre-o-24o-festival-amazonas-de-opera\/\"]}]},{\"@type\":\"ImageObject\",\"inLanguage\":\"pt-BR\",\"@id\":\"https:\/\/markd.com.br\/models\/serie-apresenta-curiosidades-sobre-o-24o-festival-amazonas-de-opera\/#primaryimage\",\"url\":\"https:\/\/markd.com.br\/models\/wp-content\/uploads\/2022\/04\/fad0f4c9-b923-4862-8256-5e0a14277a78.jpg\",\"contentUrl\":\"https:\/\/markd.com.br\/models\/wp-content\/uploads\/2022\/04\/fad0f4c9-b923-4862-8256-5e0a14277a78.jpg\",\"width\":650,\"height\":433},{\"@type\":\"BreadcrumbList\",\"@id\":\"https:\/\/markd.com.br\/models\/serie-apresenta-curiosidades-sobre-o-24o-festival-amazonas-de-opera\/#breadcrumb\",\"itemListElement\":[{\"@type\":\"ListItem\",\"position\":1,\"name\":\"In\u00edcio\",\"item\":\"https:\/\/markd.com.br\/models\/\"},{\"@type\":\"ListItem\",\"position\":2,\"name\":\"S\u00e9rie apresenta curiosidades sobre o 24\u00ba Festival Amazonas de \u00d3pera\"}]},{\"@type\":\"WebSite\",\"@id\":\"https:\/\/markd.com.br\/models\/#website\",\"url\":\"https:\/\/markd.com.br\/models\/\",\"name\":\"Not\u00edcias de Todos - Models01\",\"description\":\"Tenha um Portal de Not\u00edcias Moderno, Din\u00e2mico, R\u00e1pido e Profissional. Entregamos seu Site de  Not\u00edcias Pronto, Instalado, Hospedado, com Manual Passo a Passo e Suporte 24 horas.\",\"potentialAction\":[{\"@type\":\"SearchAction\",\"target\":{\"@type\":\"EntryPoint\",\"urlTemplate\":\"https:\/\/markd.com.br\/models\/?s={search_term_string}\"},\"query-input\":{\"@type\":\"PropertyValueSpecification\",\"valueRequired\":true,\"valueName\":\"search_term_string\"}}],\"inLanguage\":\"pt-BR\"},{\"@type\":\"Person\",\"@id\":\"https:\/\/markd.com.br\/models\/#\/schema\/person\/c12a77ab487a7262d8bec3c47301ad37\",\"name\":\"Reda\u00e7\u00e3o Reda\u00e7\u00e3o\",\"image\":{\"@type\":\"ImageObject\",\"inLanguage\":\"pt-BR\",\"@id\":\"https:\/\/markd.com.br\/models\/#\/schema\/person\/image\/\",\"url\":\"https:\/\/secure.gravatar.com\/avatar\/9448f3599ce269febf169e183039b4a6?s=96&d=mm&r=g\",\"contentUrl\":\"https:\/\/secure.gravatar.com\/avatar\/9448f3599ce269febf169e183039b4a6?s=96&d=mm&r=g\",\"caption\":\"Reda\u00e7\u00e3o Reda\u00e7\u00e3o\"},\"sameAs\":[\"https:\/\/markd.com.br\/\"],\"url\":\"https:\/\/markd.com.br\/models\/author\/redacao\/\"}]}<\/script>\n<!-- \/ Yoast SEO plugin. -->","yoast_head_json":{"title":"S\u00e9rie apresenta curiosidades sobre o 24\u00ba Festival Amazonas de \u00d3pera - Not\u00edcias de Todos - Models01","robots":{"index":"index","follow":"follow","max-snippet":"max-snippet:-1","max-image-preview":"max-image-preview:large","max-video-preview":"max-video-preview:-1"},"canonical":"https:\/\/markd.com.br\/models\/serie-apresenta-curiosidades-sobre-o-24o-festival-amazonas-de-opera\/","og_locale":"pt_BR","og_type":"article","og_title":"S\u00e9rie apresenta curiosidades sobre o 24\u00ba Festival Amazonas de \u00d3pera - Not\u00edcias de Todos - Models01","og_description":"Conte\u00fado \u00e9 exibido nas redes sociais da Secretaria de Cultura e Economia Criativa todas as...","og_url":"https:\/\/markd.com.br\/models\/serie-apresenta-curiosidades-sobre-o-24o-festival-amazonas-de-opera\/","og_site_name":"Not\u00edcias de Todos - Models01","article_published_time":"2022-04-18T20:13:50+00:00","article_modified_time":"2022-04-18T20:13:53+00:00","og_image":[{"width":650,"height":433,"url":"https:\/\/markd.com.br\/models\/wp-content\/uploads\/2022\/04\/fad0f4c9-b923-4862-8256-5e0a14277a78.jpg","type":"image\/jpeg"}],"author":"Reda\u00e7\u00e3o Reda\u00e7\u00e3o","twitter_card":"summary_large_image","twitter_misc":{"Escrito por":"Reda\u00e7\u00e3o Reda\u00e7\u00e3o","Est. tempo de leitura":"3 minutos"},"schema":{"@context":"https:\/\/schema.org","@graph":[{"@type":"WebPage","@id":"https:\/\/markd.com.br\/models\/serie-apresenta-curiosidades-sobre-o-24o-festival-amazonas-de-opera\/","url":"https:\/\/markd.com.br\/models\/serie-apresenta-curiosidades-sobre-o-24o-festival-amazonas-de-opera\/","name":"S\u00e9rie apresenta curiosidades sobre o 24\u00ba Festival Amazonas de \u00d3pera - Not\u00edcias de Todos - Models01","isPartOf":{"@id":"https:\/\/markd.com.br\/models\/#website"},"primaryImageOfPage":{"@id":"https:\/\/markd.com.br\/models\/serie-apresenta-curiosidades-sobre-o-24o-festival-amazonas-de-opera\/#primaryimage"},"image":{"@id":"https:\/\/markd.com.br\/models\/serie-apresenta-curiosidades-sobre-o-24o-festival-amazonas-de-opera\/#primaryimage"},"thumbnailUrl":"https:\/\/markd.com.br\/models\/wp-content\/uploads\/2022\/04\/fad0f4c9-b923-4862-8256-5e0a14277a78.jpg","datePublished":"2022-04-18T20:13:50+00:00","dateModified":"2022-04-18T20:13:53+00:00","author":{"@id":"https:\/\/markd.com.br\/models\/#\/schema\/person\/c12a77ab487a7262d8bec3c47301ad37"},"breadcrumb":{"@id":"https:\/\/markd.com.br\/models\/serie-apresenta-curiosidades-sobre-o-24o-festival-amazonas-de-opera\/#breadcrumb"},"inLanguage":"pt-BR","potentialAction":[{"@type":"ReadAction","target":["https:\/\/markd.com.br\/models\/serie-apresenta-curiosidades-sobre-o-24o-festival-amazonas-de-opera\/"]}]},{"@type":"ImageObject","inLanguage":"pt-BR","@id":"https:\/\/markd.com.br\/models\/serie-apresenta-curiosidades-sobre-o-24o-festival-amazonas-de-opera\/#primaryimage","url":"https:\/\/markd.com.br\/models\/wp-content\/uploads\/2022\/04\/fad0f4c9-b923-4862-8256-5e0a14277a78.jpg","contentUrl":"https:\/\/markd.com.br\/models\/wp-content\/uploads\/2022\/04\/fad0f4c9-b923-4862-8256-5e0a14277a78.jpg","width":650,"height":433},{"@type":"BreadcrumbList","@id":"https:\/\/markd.com.br\/models\/serie-apresenta-curiosidades-sobre-o-24o-festival-amazonas-de-opera\/#breadcrumb","itemListElement":[{"@type":"ListItem","position":1,"name":"In\u00edcio","item":"https:\/\/markd.com.br\/models\/"},{"@type":"ListItem","position":2,"name":"S\u00e9rie apresenta curiosidades sobre o 24\u00ba Festival Amazonas de \u00d3pera"}]},{"@type":"WebSite","@id":"https:\/\/markd.com.br\/models\/#website","url":"https:\/\/markd.com.br\/models\/","name":"Not\u00edcias de Todos - Models01","description":"Tenha um Portal de Not\u00edcias Moderno, Din\u00e2mico, R\u00e1pido e Profissional. Entregamos seu Site de  Not\u00edcias Pronto, Instalado, Hospedado, com Manual Passo a Passo e Suporte 24 horas.","potentialAction":[{"@type":"SearchAction","target":{"@type":"EntryPoint","urlTemplate":"https:\/\/markd.com.br\/models\/?s={search_term_string}"},"query-input":{"@type":"PropertyValueSpecification","valueRequired":true,"valueName":"search_term_string"}}],"inLanguage":"pt-BR"},{"@type":"Person","@id":"https:\/\/markd.com.br\/models\/#\/schema\/person\/c12a77ab487a7262d8bec3c47301ad37","name":"Reda\u00e7\u00e3o Reda\u00e7\u00e3o","image":{"@type":"ImageObject","inLanguage":"pt-BR","@id":"https:\/\/markd.com.br\/models\/#\/schema\/person\/image\/","url":"https:\/\/secure.gravatar.com\/avatar\/9448f3599ce269febf169e183039b4a6?s=96&d=mm&r=g","contentUrl":"https:\/\/secure.gravatar.com\/avatar\/9448f3599ce269febf169e183039b4a6?s=96&d=mm&r=g","caption":"Reda\u00e7\u00e3o Reda\u00e7\u00e3o"},"sameAs":["https:\/\/markd.com.br\/"],"url":"https:\/\/markd.com.br\/models\/author\/redacao\/"}]}},"featured_image_urls":{"full":["https:\/\/markd.com.br\/models\/wp-content\/uploads\/2022\/04\/fad0f4c9-b923-4862-8256-5e0a14277a78.jpg",650,433,false],"thumbnail":["https:\/\/markd.com.br\/models\/wp-content\/uploads\/2022\/04\/fad0f4c9-b923-4862-8256-5e0a14277a78-150x150.jpg",150,150,true],"medium":["https:\/\/markd.com.br\/models\/wp-content\/uploads\/2022\/04\/fad0f4c9-b923-4862-8256-5e0a14277a78-300x200.jpg",300,200,true],"medium_large":["https:\/\/markd.com.br\/models\/wp-content\/uploads\/2022\/04\/fad0f4c9-b923-4862-8256-5e0a14277a78.jpg",640,426,false],"large":["https:\/\/markd.com.br\/models\/wp-content\/uploads\/2022\/04\/fad0f4c9-b923-4862-8256-5e0a14277a78.jpg",640,426,false],"1536x1536":["https:\/\/markd.com.br\/models\/wp-content\/uploads\/2022\/04\/fad0f4c9-b923-4862-8256-5e0a14277a78.jpg",650,433,false],"2048x2048":["https:\/\/markd.com.br\/models\/wp-content\/uploads\/2022\/04\/fad0f4c9-b923-4862-8256-5e0a14277a78.jpg",650,433,false],"newsphere-slider-full":["https:\/\/markd.com.br\/models\/wp-content\/uploads\/2022\/04\/fad0f4c9-b923-4862-8256-5e0a14277a78.jpg",650,433,false],"newsphere-featured":["https:\/\/markd.com.br\/models\/wp-content\/uploads\/2022\/04\/fad0f4c9-b923-4862-8256-5e0a14277a78.jpg",650,433,false],"newsphere-medium":["https:\/\/markd.com.br\/models\/wp-content\/uploads\/2022\/04\/fad0f4c9-b923-4862-8256-5e0a14277a78-650x380.jpg",650,380,true]},"author_info":{"display_name":"Reda\u00e7\u00e3o Reda\u00e7\u00e3o","author_link":"https:\/\/markd.com.br\/models\/author\/redacao\/"},"category_info":"<a href=\"https:\/\/markd.com.br\/models\/category\/destaques\/\" rel=\"category tag\">destaques<\/a>","tag_info":"destaques","comment_count":"0","jetpack_featured_media_url":"https:\/\/markd.com.br\/models\/wp-content\/uploads\/2022\/04\/fad0f4c9-b923-4862-8256-5e0a14277a78.jpg","_links":{"self":[{"href":"https:\/\/markd.com.br\/models\/wp-json\/wp\/v2\/posts\/1722","targetHints":{"allow":["GET"]}}],"collection":[{"href":"https:\/\/markd.com.br\/models\/wp-json\/wp\/v2\/posts"}],"about":[{"href":"https:\/\/markd.com.br\/models\/wp-json\/wp\/v2\/types\/post"}],"author":[{"embeddable":true,"href":"https:\/\/markd.com.br\/models\/wp-json\/wp\/v2\/users\/5"}],"replies":[{"embeddable":true,"href":"https:\/\/markd.com.br\/models\/wp-json\/wp\/v2\/comments?post=1722"}],"version-history":[{"count":1,"href":"https:\/\/markd.com.br\/models\/wp-json\/wp\/v2\/posts\/1722\/revisions"}],"predecessor-version":[{"id":1724,"href":"https:\/\/markd.com.br\/models\/wp-json\/wp\/v2\/posts\/1722\/revisions\/1724"}],"wp:featuredmedia":[{"embeddable":true,"href":"https:\/\/markd.com.br\/models\/wp-json\/wp\/v2\/media\/1723"}],"wp:attachment":[{"href":"https:\/\/markd.com.br\/models\/wp-json\/wp\/v2\/media?parent=1722"}],"wp:term":[{"taxonomy":"category","embeddable":true,"href":"https:\/\/markd.com.br\/models\/wp-json\/wp\/v2\/categories?post=1722"},{"taxonomy":"post_tag","embeddable":true,"href":"https:\/\/markd.com.br\/models\/wp-json\/wp\/v2\/tags?post=1722"}],"curies":[{"name":"wp","href":"https:\/\/api.w.org\/{rel}","templated":true}]}}