{"id":1725,"date":"2022-04-18T17:16:35","date_gmt":"2022-04-18T20:16:35","guid":{"rendered":"https:\/\/portaldestaquenoticias.com.br\/?p=1725"},"modified":"2022-04-18T17:16:38","modified_gmt":"2022-04-18T20:16:38","slug":"governo-do-amazonas-entrega-r-260-mil-em-fomento-para-instituicoes-do-setor-social-de-manaus","status":"publish","type":"post","link":"https:\/\/markd.com.br\/models\/governo-do-amazonas-entrega-r-260-mil-em-fomento-para-instituicoes-do-setor-social-de-manaus\/","title":{"rendered":"Governo do Amazonas entrega R$ 260 mil em fomento para institui\u00e7\u00f5es do setor social de Manaus"},"content":{"rendered":"\n<p><\/p>\n\n\n\n<p>Investimento via edital do FPS ir\u00e1 promover qualidade de vida, gera\u00e7\u00e3o de renda e capacita\u00e7\u00e3o profissional para fam\u00edlias atendidas pelas entidades<\/p>\n\n\n\n<p>O Governo do Estado realizou, nesta segunda-feira (18\/04), a entrega de fomento, por meio de edital do Fundo de Promo\u00e7\u00e3o Social e Erradica\u00e7\u00e3o da Pobreza (FPS), para o Instituto Jovens do Futuro e para o Instituto Restaurar, organiza\u00e7\u00f5es da sociedade civil (OSCs) que atuam no setor social na zona norte de Manaus. O valor total dos recursos entregues \u00e0s entidades foi de R$ 259.782,67.<\/p>\n\n\n\n<p>A primeira entrega foi para o Instituto Jovens do Futuro, que recebeu em sua sede materiais de consumo e permanentes no valor de R$ 110.000,00. Com o investimento, a institui\u00e7\u00e3o adquiriu equipamentos como geladeira 579 litros, forno a g\u00e1s, batedeira semi-industrial, pipoqueira profissional el\u00e9trica, condicionador de ar, scanner port\u00e1til, impressora multifuncional, notebook, HD externo port\u00e1til, ventiladores de teto, arm\u00e1rios, estantes, bancadas, mesas, cadeiras, prateleiras, entre outros.<\/p>\n\n\n\n<p>Com equipamentos e material adquiridos a partir de fomento de edital anterior do FPS, o Jovens do Futuro j\u00e1 vinha oferecendo cursos de produ\u00e7\u00e3o de doces e salgados, conforme explica a presidente da entidade, Helen Andrade. \u201cAgora, com os novos equipamentos que recebemos hoje, iremos realizar cursos de tortas doces e bolos art\u00edsticos. Agrade\u00e7o de cora\u00e7\u00e3o ao governador Wilson Lima por esta parceria, que ajuda as nossas mulheres tanto na renda familiar como na ocupa\u00e7\u00e3o di\u00e1ria com as nossas atividades\u201d, agradeceu.<\/p>\n\n\n\n<p>O fomento vai permitir \u00e0 entidade promover qualidade de vida, gera\u00e7\u00e3o de renda e capacita\u00e7\u00e3o profissional para 80 m\u00e3es de jovens atendidas pelo o instituto e suas respectivas fam\u00edlias, com a oferta de cursos de confeitaria de tortas, doces e salgados, estendendo tamb\u00e9m os servi\u00e7os para a comunidade e bairros adjacentes.<\/p>\n\n\n\n<p>A dona de casa Ineudes Reis, de 49 anos, moradora do bairro Santa Etelvina, \u00e9 uma das alunas dos cursos realizados pelo Instituto. \u201cJ\u00e1 realizei dois cursos por aqui e pretendo fazer outros, ainda mais agora com estes equipamentos que o Governo do Amazonas est\u00e1 entregando para n\u00f3s, pois com eles teremos mais qualidade, e com isso, uma renda ainda melhor na venda dos bolos e tortas que iremos produzir\u201d.<\/p>\n\n\n\n<p>O Jovens do Futuro atende 152 pessoas diretamente, sendo 80 mulheres e 72 crian\u00e7as e adolescentes, e 240 indiretamente. A entidade oferece servi\u00e7os dentro dos par\u00e2metros da Prote\u00e7\u00e3o Social B\u00e1sica com a\u00e7\u00f5es socioeducativas, favorecendo o fortalecimento de v\u00ednculos mediante atendimentos psicossociais, acolhida, escuta qualificada, orienta\u00e7\u00e3o e resolu\u00e7\u00e3o das necessidades imediatas.<\/p>\n\n\n\n<p>As atividades da institui\u00e7\u00e3o incluem ainda a abordagem social na comunidade, alcan\u00e7ando usu\u00e1rios entre crian\u00e7as, adolescentes, jovens, adultos, idosos e fam\u00edlias em situa\u00e7\u00e3o de risco pessoal e social, que utilizam espa\u00e7os p\u00fablicos como forma de moradia\/sobreviv\u00eancia, al\u00e9m de palestras, campanhas e orienta\u00e7\u00f5es de diversos temas.<\/p>\n\n\n\n<p>Reforma e amplia\u00e7\u00e3o \u2013 Outra entidade contemplada, o Instituto Restaurar recebeu recursos no total de R$ 149.782,67. A verba foi aplicada na reforma e amplia\u00e7\u00e3o do N\u00facleo de Empoderamento Familiar, visando oferecer cursos para associados, aumentar o n\u00famero de atendimentos e proporcionar maior qualidade, conforto e comodidade para as pessoas atendidas.<\/p>\n\n\n\n<p>A presidente da institui\u00e7\u00e3o, Elisangela Guimar\u00e3es, agradeceu a presen\u00e7a da secret\u00e1ria do FPS, Kathelen Braz, que esteve presente na entrega da reforma e amplia\u00e7\u00e3o da sede. \u201cCom este projeto, iremos contemplar, por meio de cursos de capacita\u00e7\u00e3o, aproximadamente 300 fam\u00edlias da nossa comunidade\u201d, afirmou.<\/p>\n\n\n\n<p>O Instituto Restaurar atende atualmente, cerca de 200 fam\u00edlias e alcan\u00e7a aproximadamente 600 pessoas com a oferta de cursos de qualifica\u00e7\u00e3o profissional, oficinas tem\u00e1ticas e\/ou palestras e\/ou semin\u00e1rios.<\/p>\n\n\n\n<p>Para a moradora do bairro da Cidade Nova, Lucilene Oliveira, 62, os cursos no Instituto s\u00e3o uma esperan\u00e7a para melhoria de renda, tendo em vista sua atual situa\u00e7\u00e3o de desempregada.<\/p>\n\n\n\n<p>\u201cTodos os cursos oferecidos por aqui s\u00e3o de grande import\u00e2ncia para n\u00f3s. Logo eu estarei fazendo os de designer em sobrancelhas e maquiagem, ent\u00e3o eu, me qualificando, sei que ir\u00e1 me ajudar muito como profissional na \u00e1rea e ir\u00e1 me trazer uma boa ajuda financeira, principalmente agora com esta amplia\u00e7\u00e3o que ir\u00e1 abrir espa\u00e7o para muitas outras pessoas se qualificarem\u201d, afirmou.<\/p>\n\n\n\n<p>Parcerias \u2013 A secret\u00e1ria do FPS, Kathelen Braz, esteve nos dois institutos durante as entregas e destacou a import\u00e2ncia da parceria entre as OSCs e o Governo do Estado.<\/p>\n\n\n\n<p>\u201cHoje eu sinto uma felicidade muito grande em poder realizar estas a\u00e7\u00f5es de entregas do Governo do Amazonas para as duas institui\u00e7\u00f5es, pois s\u00e3o parcerias s\u00e9rias entre elas e o FPS, por meio de projetos enviados por editais. Desejo que cada uma alcance cada vez mais pessoas. N\u00f3s acreditamos que os trabalhos realizados por eles ir\u00e3o fazer uma diferen\u00e7a positiva enorme na vida de cada um e tamb\u00e9m de toda a comunidade, pois estes s\u00e3o projetos que o governador Wilson Lima realmente apoia\u201d.<\/p>\n\n\n\n<p>FPS \u2013 O Fundo de Promo\u00e7\u00e3o Social e Erradica\u00e7\u00e3o da Pobreza atua fomentando projetos autossustent\u00e1veis, de gera\u00e7\u00e3o de emprego, renda e inclus\u00e3o social, que garantem os direitos dos idosos, crian\u00e7as, adolescentes e pessoas com defici\u00eancia e pessoas em situa\u00e7\u00e3o de vulnerabilidade social e econ\u00f4mica.<\/p>\n\n\n\n<figure class=\"wp-block-image\"><img decoding=\"async\" src=\"https:\/\/sp-ao.shortpixel.ai\/client\/to_auto,q_glossy,ret_img,w_1024,h_1024\/https:\/\/portalmancheteam.com.br\/wp-content\/uploads\/2022\/04\/d450e633-21ad-4108-b79c-b93460860fda-1024x1024.jpg\" alt=\"\" class=\"wp-image-84222\"\/><\/figure>\n\n\n\n<p>FOTOS: Breno Brand\u00e3o<\/p>\n\n\n\n<p>Informa\u00e7\u00f5es para a imprensa: Assessoria de Comunica\u00e7\u00e3o do Fundo de Promo\u00e7\u00e3o Social e Erradica\u00e7\u00e3o da Pobreza (FPS): Nilo Diogo (3303-8319 e 99504-8596 WhatsApp).<\/p>\n","protected":false},"excerpt":{"rendered":"<p>Investimento via edital do FPS ir\u00e1 promover qualidade de vida, gera\u00e7\u00e3o de renda e capacita\u00e7\u00e3o&#8230;<\/p>\n","protected":false},"author":5,"featured_media":1726,"comment_status":"open","ping_status":"open","sticky":false,"template":"","format":"standard","meta":{"footnotes":""},"categories":[51],"tags":[484],"class_list":["post-1725","post","type-post","status-publish","format-standard","has-post-thumbnail","hentry","category-governo-do-amazonas","tag-instituicoes-do-setor-social"],"yoast_head":"<!-- This site is optimized with the Yoast SEO plugin v24.4 - https:\/\/yoast.com\/wordpress\/plugins\/seo\/ -->\n<title>Governo do Amazonas entrega R$ 260 mil em fomento para institui\u00e7\u00f5es do setor social de Manaus - Not\u00edcias de Todos - Models01<\/title>\n<meta name=\"robots\" content=\"index, follow, max-snippet:-1, max-image-preview:large, max-video-preview:-1\" \/>\n<link rel=\"canonical\" href=\"https:\/\/markd.com.br\/models\/governo-do-amazonas-entrega-r-260-mil-em-fomento-para-instituicoes-do-setor-social-de-manaus\/\" \/>\n<meta property=\"og:locale\" content=\"pt_BR\" \/>\n<meta property=\"og:type\" content=\"article\" \/>\n<meta property=\"og:title\" content=\"Governo do Amazonas entrega R$ 260 mil em fomento para institui\u00e7\u00f5es do setor social de Manaus - Not\u00edcias de Todos - Models01\" \/>\n<meta property=\"og:description\" content=\"Investimento via edital do FPS ir\u00e1 promover qualidade de vida, gera\u00e7\u00e3o de renda e capacita\u00e7\u00e3o...\" \/>\n<meta property=\"og:url\" content=\"https:\/\/markd.com.br\/models\/governo-do-amazonas-entrega-r-260-mil-em-fomento-para-instituicoes-do-setor-social-de-manaus\/\" \/>\n<meta property=\"og:site_name\" content=\"Not\u00edcias de Todos - Models01\" \/>\n<meta property=\"article:published_time\" content=\"2022-04-18T20:16:35+00:00\" \/>\n<meta property=\"article:modified_time\" content=\"2022-04-18T20:16:38+00:00\" \/>\n<meta property=\"og:image\" content=\"https:\/\/markd.com.br\/models\/wp-content\/uploads\/2022\/04\/d3054295-8529-4af8-ba28-941be59d8451.jpg\" \/>\n\t<meta property=\"og:image:width\" content=\"650\" \/>\n\t<meta property=\"og:image:height\" content=\"650\" \/>\n\t<meta property=\"og:image:type\" content=\"image\/jpeg\" \/>\n<meta name=\"author\" content=\"Reda\u00e7\u00e3o Reda\u00e7\u00e3o\" \/>\n<meta name=\"twitter:card\" content=\"summary_large_image\" \/>\n<meta name=\"twitter:label1\" content=\"Escrito por\" \/>\n\t<meta name=\"twitter:data1\" content=\"Reda\u00e7\u00e3o Reda\u00e7\u00e3o\" \/>\n\t<meta name=\"twitter:label2\" content=\"Est. tempo de leitura\" \/>\n\t<meta name=\"twitter:data2\" content=\"5 minutos\" \/>\n<script type=\"application\/ld+json\" class=\"yoast-schema-graph\">{\"@context\":\"https:\/\/schema.org\",\"@graph\":[{\"@type\":\"WebPage\",\"@id\":\"https:\/\/markd.com.br\/models\/governo-do-amazonas-entrega-r-260-mil-em-fomento-para-instituicoes-do-setor-social-de-manaus\/\",\"url\":\"https:\/\/markd.com.br\/models\/governo-do-amazonas-entrega-r-260-mil-em-fomento-para-instituicoes-do-setor-social-de-manaus\/\",\"name\":\"Governo do Amazonas entrega R$ 260 mil em fomento para institui\u00e7\u00f5es do setor social de Manaus - Not\u00edcias de Todos - Models01\",\"isPartOf\":{\"@id\":\"https:\/\/markd.com.br\/models\/#website\"},\"primaryImageOfPage\":{\"@id\":\"https:\/\/markd.com.br\/models\/governo-do-amazonas-entrega-r-260-mil-em-fomento-para-instituicoes-do-setor-social-de-manaus\/#primaryimage\"},\"image\":{\"@id\":\"https:\/\/markd.com.br\/models\/governo-do-amazonas-entrega-r-260-mil-em-fomento-para-instituicoes-do-setor-social-de-manaus\/#primaryimage\"},\"thumbnailUrl\":\"https:\/\/markd.com.br\/models\/wp-content\/uploads\/2022\/04\/d3054295-8529-4af8-ba28-941be59d8451.jpg\",\"datePublished\":\"2022-04-18T20:16:35+00:00\",\"dateModified\":\"2022-04-18T20:16:38+00:00\",\"author\":{\"@id\":\"https:\/\/markd.com.br\/models\/#\/schema\/person\/c12a77ab487a7262d8bec3c47301ad37\"},\"breadcrumb\":{\"@id\":\"https:\/\/markd.com.br\/models\/governo-do-amazonas-entrega-r-260-mil-em-fomento-para-instituicoes-do-setor-social-de-manaus\/#breadcrumb\"},\"inLanguage\":\"pt-BR\",\"potentialAction\":[{\"@type\":\"ReadAction\",\"target\":[\"https:\/\/markd.com.br\/models\/governo-do-amazonas-entrega-r-260-mil-em-fomento-para-instituicoes-do-setor-social-de-manaus\/\"]}]},{\"@type\":\"ImageObject\",\"inLanguage\":\"pt-BR\",\"@id\":\"https:\/\/markd.com.br\/models\/governo-do-amazonas-entrega-r-260-mil-em-fomento-para-instituicoes-do-setor-social-de-manaus\/#primaryimage\",\"url\":\"https:\/\/markd.com.br\/models\/wp-content\/uploads\/2022\/04\/d3054295-8529-4af8-ba28-941be59d8451.jpg\",\"contentUrl\":\"https:\/\/markd.com.br\/models\/wp-content\/uploads\/2022\/04\/d3054295-8529-4af8-ba28-941be59d8451.jpg\",\"width\":650,\"height\":650},{\"@type\":\"BreadcrumbList\",\"@id\":\"https:\/\/markd.com.br\/models\/governo-do-amazonas-entrega-r-260-mil-em-fomento-para-instituicoes-do-setor-social-de-manaus\/#breadcrumb\",\"itemListElement\":[{\"@type\":\"ListItem\",\"position\":1,\"name\":\"In\u00edcio\",\"item\":\"https:\/\/markd.com.br\/models\/\"},{\"@type\":\"ListItem\",\"position\":2,\"name\":\"Governo do Amazonas entrega R$ 260 mil em fomento para institui\u00e7\u00f5es do setor social de Manaus\"}]},{\"@type\":\"WebSite\",\"@id\":\"https:\/\/markd.com.br\/models\/#website\",\"url\":\"https:\/\/markd.com.br\/models\/\",\"name\":\"Not\u00edcias de Todos - Models01\",\"description\":\"Tenha um Portal de Not\u00edcias Moderno, Din\u00e2mico, R\u00e1pido e Profissional. Entregamos seu Site de  Not\u00edcias Pronto, Instalado, Hospedado, com Manual Passo a Passo e Suporte 24 horas.\",\"potentialAction\":[{\"@type\":\"SearchAction\",\"target\":{\"@type\":\"EntryPoint\",\"urlTemplate\":\"https:\/\/markd.com.br\/models\/?s={search_term_string}\"},\"query-input\":{\"@type\":\"PropertyValueSpecification\",\"valueRequired\":true,\"valueName\":\"search_term_string\"}}],\"inLanguage\":\"pt-BR\"},{\"@type\":\"Person\",\"@id\":\"https:\/\/markd.com.br\/models\/#\/schema\/person\/c12a77ab487a7262d8bec3c47301ad37\",\"name\":\"Reda\u00e7\u00e3o Reda\u00e7\u00e3o\",\"image\":{\"@type\":\"ImageObject\",\"inLanguage\":\"pt-BR\",\"@id\":\"https:\/\/markd.com.br\/models\/#\/schema\/person\/image\/\",\"url\":\"https:\/\/secure.gravatar.com\/avatar\/9448f3599ce269febf169e183039b4a6?s=96&d=mm&r=g\",\"contentUrl\":\"https:\/\/secure.gravatar.com\/avatar\/9448f3599ce269febf169e183039b4a6?s=96&d=mm&r=g\",\"caption\":\"Reda\u00e7\u00e3o Reda\u00e7\u00e3o\"},\"sameAs\":[\"https:\/\/markd.com.br\/\"],\"url\":\"https:\/\/markd.com.br\/models\/author\/redacao\/\"}]}<\/script>\n<!-- \/ Yoast SEO plugin. -->","yoast_head_json":{"title":"Governo do Amazonas entrega R$ 260 mil em fomento para institui\u00e7\u00f5es do setor social de Manaus - Not\u00edcias de Todos - Models01","robots":{"index":"index","follow":"follow","max-snippet":"max-snippet:-1","max-image-preview":"max-image-preview:large","max-video-preview":"max-video-preview:-1"},"canonical":"https:\/\/markd.com.br\/models\/governo-do-amazonas-entrega-r-260-mil-em-fomento-para-instituicoes-do-setor-social-de-manaus\/","og_locale":"pt_BR","og_type":"article","og_title":"Governo do Amazonas entrega R$ 260 mil em fomento para institui\u00e7\u00f5es do setor social de Manaus - Not\u00edcias de Todos - Models01","og_description":"Investimento via edital do FPS ir\u00e1 promover qualidade de vida, gera\u00e7\u00e3o de renda e capacita\u00e7\u00e3o...","og_url":"https:\/\/markd.com.br\/models\/governo-do-amazonas-entrega-r-260-mil-em-fomento-para-instituicoes-do-setor-social-de-manaus\/","og_site_name":"Not\u00edcias de Todos - Models01","article_published_time":"2022-04-18T20:16:35+00:00","article_modified_time":"2022-04-18T20:16:38+00:00","og_image":[{"width":650,"height":650,"url":"https:\/\/markd.com.br\/models\/wp-content\/uploads\/2022\/04\/d3054295-8529-4af8-ba28-941be59d8451.jpg","type":"image\/jpeg"}],"author":"Reda\u00e7\u00e3o Reda\u00e7\u00e3o","twitter_card":"summary_large_image","twitter_misc":{"Escrito por":"Reda\u00e7\u00e3o Reda\u00e7\u00e3o","Est. tempo de leitura":"5 minutos"},"schema":{"@context":"https:\/\/schema.org","@graph":[{"@type":"WebPage","@id":"https:\/\/markd.com.br\/models\/governo-do-amazonas-entrega-r-260-mil-em-fomento-para-instituicoes-do-setor-social-de-manaus\/","url":"https:\/\/markd.com.br\/models\/governo-do-amazonas-entrega-r-260-mil-em-fomento-para-instituicoes-do-setor-social-de-manaus\/","name":"Governo do Amazonas entrega R$ 260 mil em fomento para institui\u00e7\u00f5es do setor social de Manaus - Not\u00edcias de Todos - Models01","isPartOf":{"@id":"https:\/\/markd.com.br\/models\/#website"},"primaryImageOfPage":{"@id":"https:\/\/markd.com.br\/models\/governo-do-amazonas-entrega-r-260-mil-em-fomento-para-instituicoes-do-setor-social-de-manaus\/#primaryimage"},"image":{"@id":"https:\/\/markd.com.br\/models\/governo-do-amazonas-entrega-r-260-mil-em-fomento-para-instituicoes-do-setor-social-de-manaus\/#primaryimage"},"thumbnailUrl":"https:\/\/markd.com.br\/models\/wp-content\/uploads\/2022\/04\/d3054295-8529-4af8-ba28-941be59d8451.jpg","datePublished":"2022-04-18T20:16:35+00:00","dateModified":"2022-04-18T20:16:38+00:00","author":{"@id":"https:\/\/markd.com.br\/models\/#\/schema\/person\/c12a77ab487a7262d8bec3c47301ad37"},"breadcrumb":{"@id":"https:\/\/markd.com.br\/models\/governo-do-amazonas-entrega-r-260-mil-em-fomento-para-instituicoes-do-setor-social-de-manaus\/#breadcrumb"},"inLanguage":"pt-BR","potentialAction":[{"@type":"ReadAction","target":["https:\/\/markd.com.br\/models\/governo-do-amazonas-entrega-r-260-mil-em-fomento-para-instituicoes-do-setor-social-de-manaus\/"]}]},{"@type":"ImageObject","inLanguage":"pt-BR","@id":"https:\/\/markd.com.br\/models\/governo-do-amazonas-entrega-r-260-mil-em-fomento-para-instituicoes-do-setor-social-de-manaus\/#primaryimage","url":"https:\/\/markd.com.br\/models\/wp-content\/uploads\/2022\/04\/d3054295-8529-4af8-ba28-941be59d8451.jpg","contentUrl":"https:\/\/markd.com.br\/models\/wp-content\/uploads\/2022\/04\/d3054295-8529-4af8-ba28-941be59d8451.jpg","width":650,"height":650},{"@type":"BreadcrumbList","@id":"https:\/\/markd.com.br\/models\/governo-do-amazonas-entrega-r-260-mil-em-fomento-para-instituicoes-do-setor-social-de-manaus\/#breadcrumb","itemListElement":[{"@type":"ListItem","position":1,"name":"In\u00edcio","item":"https:\/\/markd.com.br\/models\/"},{"@type":"ListItem","position":2,"name":"Governo do Amazonas entrega R$ 260 mil em fomento para institui\u00e7\u00f5es do setor social de Manaus"}]},{"@type":"WebSite","@id":"https:\/\/markd.com.br\/models\/#website","url":"https:\/\/markd.com.br\/models\/","name":"Not\u00edcias de Todos - Models01","description":"Tenha um Portal de Not\u00edcias Moderno, Din\u00e2mico, R\u00e1pido e Profissional. Entregamos seu Site de  Not\u00edcias Pronto, Instalado, Hospedado, com Manual Passo a Passo e Suporte 24 horas.","potentialAction":[{"@type":"SearchAction","target":{"@type":"EntryPoint","urlTemplate":"https:\/\/markd.com.br\/models\/?s={search_term_string}"},"query-input":{"@type":"PropertyValueSpecification","valueRequired":true,"valueName":"search_term_string"}}],"inLanguage":"pt-BR"},{"@type":"Person","@id":"https:\/\/markd.com.br\/models\/#\/schema\/person\/c12a77ab487a7262d8bec3c47301ad37","name":"Reda\u00e7\u00e3o Reda\u00e7\u00e3o","image":{"@type":"ImageObject","inLanguage":"pt-BR","@id":"https:\/\/markd.com.br\/models\/#\/schema\/person\/image\/","url":"https:\/\/secure.gravatar.com\/avatar\/9448f3599ce269febf169e183039b4a6?s=96&d=mm&r=g","contentUrl":"https:\/\/secure.gravatar.com\/avatar\/9448f3599ce269febf169e183039b4a6?s=96&d=mm&r=g","caption":"Reda\u00e7\u00e3o Reda\u00e7\u00e3o"},"sameAs":["https:\/\/markd.com.br\/"],"url":"https:\/\/markd.com.br\/models\/author\/redacao\/"}]}},"featured_image_urls":{"full":["https:\/\/markd.com.br\/models\/wp-content\/uploads\/2022\/04\/d3054295-8529-4af8-ba28-941be59d8451.jpg",650,650,false],"thumbnail":["https:\/\/markd.com.br\/models\/wp-content\/uploads\/2022\/04\/d3054295-8529-4af8-ba28-941be59d8451-150x150.jpg",150,150,true],"medium":["https:\/\/markd.com.br\/models\/wp-content\/uploads\/2022\/04\/d3054295-8529-4af8-ba28-941be59d8451-300x300.jpg",300,300,true],"medium_large":["https:\/\/markd.com.br\/models\/wp-content\/uploads\/2022\/04\/d3054295-8529-4af8-ba28-941be59d8451.jpg",640,640,false],"large":["https:\/\/markd.com.br\/models\/wp-content\/uploads\/2022\/04\/d3054295-8529-4af8-ba28-941be59d8451.jpg",640,640,false],"1536x1536":["https:\/\/markd.com.br\/models\/wp-content\/uploads\/2022\/04\/d3054295-8529-4af8-ba28-941be59d8451.jpg",650,650,false],"2048x2048":["https:\/\/markd.com.br\/models\/wp-content\/uploads\/2022\/04\/d3054295-8529-4af8-ba28-941be59d8451.jpg",650,650,false],"newsphere-slider-full":["https:\/\/markd.com.br\/models\/wp-content\/uploads\/2022\/04\/d3054295-8529-4af8-ba28-941be59d8451.jpg",650,650,false],"newsphere-featured":["https:\/\/markd.com.br\/models\/wp-content\/uploads\/2022\/04\/d3054295-8529-4af8-ba28-941be59d8451.jpg",650,650,false],"newsphere-medium":["https:\/\/markd.com.br\/models\/wp-content\/uploads\/2022\/04\/d3054295-8529-4af8-ba28-941be59d8451-650x380.jpg",650,380,true]},"author_info":{"display_name":"Reda\u00e7\u00e3o Reda\u00e7\u00e3o","author_link":"https:\/\/markd.com.br\/models\/author\/redacao\/"},"category_info":"<a href=\"https:\/\/markd.com.br\/models\/category\/governo-do-amazonas\/\" rel=\"category tag\">Governo do amazonas<\/a>","tag_info":"Governo do amazonas","comment_count":"0","jetpack_featured_media_url":"https:\/\/markd.com.br\/models\/wp-content\/uploads\/2022\/04\/d3054295-8529-4af8-ba28-941be59d8451.jpg","_links":{"self":[{"href":"https:\/\/markd.com.br\/models\/wp-json\/wp\/v2\/posts\/1725","targetHints":{"allow":["GET"]}}],"collection":[{"href":"https:\/\/markd.com.br\/models\/wp-json\/wp\/v2\/posts"}],"about":[{"href":"https:\/\/markd.com.br\/models\/wp-json\/wp\/v2\/types\/post"}],"author":[{"embeddable":true,"href":"https:\/\/markd.com.br\/models\/wp-json\/wp\/v2\/users\/5"}],"replies":[{"embeddable":true,"href":"https:\/\/markd.com.br\/models\/wp-json\/wp\/v2\/comments?post=1725"}],"version-history":[{"count":1,"href":"https:\/\/markd.com.br\/models\/wp-json\/wp\/v2\/posts\/1725\/revisions"}],"predecessor-version":[{"id":1727,"href":"https:\/\/markd.com.br\/models\/wp-json\/wp\/v2\/posts\/1725\/revisions\/1727"}],"wp:featuredmedia":[{"embeddable":true,"href":"https:\/\/markd.com.br\/models\/wp-json\/wp\/v2\/media\/1726"}],"wp:attachment":[{"href":"https:\/\/markd.com.br\/models\/wp-json\/wp\/v2\/media?parent=1725"}],"wp:term":[{"taxonomy":"category","embeddable":true,"href":"https:\/\/markd.com.br\/models\/wp-json\/wp\/v2\/categories?post=1725"},{"taxonomy":"post_tag","embeddable":true,"href":"https:\/\/markd.com.br\/models\/wp-json\/wp\/v2\/tags?post=1725"}],"curies":[{"name":"wp","href":"https:\/\/api.w.org\/{rel}","templated":true}]}}