{"id":1728,"date":"2022-04-19T11:12:16","date_gmt":"2022-04-19T14:12:16","guid":{"rendered":"https:\/\/portaldestaquenoticias.com.br\/?p=1728"},"modified":"2022-04-19T11:12:19","modified_gmt":"2022-04-19T14:12:19","slug":"preco-da-gasolina-volta-a-subir-apos-tres-semanas-de-queda-consecutiva","status":"publish","type":"post","link":"https:\/\/markd.com.br\/models\/preco-da-gasolina-volta-a-subir-apos-tres-semanas-de-queda-consecutiva\/","title":{"rendered":"Pre\u00e7o da gasolina volta a subir ap\u00f3s tr\u00eas semanas de queda consecutiva"},"content":{"rendered":"\n<p><\/p>\n\n\n\n<p>Na semana entre 10 a 16 de abril, a&nbsp;pre\u00e7o da gasolina voltou a subir de 10 a 16 de abril, segundo dados atualizados da&nbsp;ANP (Ag\u00eancia Nacional de Petr\u00f3leo, G\u00e1s Natural e Biocombust\u00edveis). A subida interrompe a queda que esteve em vigor nas \u00faltimas tr\u00eas semanas consecutivas, onde o pre\u00e7o do&nbsp;litro do combust\u00edvel chegou a custar, em m\u00e9dia,&nbsp;R$ 8,327.<\/p>\n\n\n\n<p>O pre\u00e7o m\u00e9dio do litro de gasolina nos postos do pa\u00eds passou de R$ 7,192 para R$ 7,219, aumentando o equivalente a 0,37%. J\u00e1 o etanol registrou alta de 4,5%, aumentando de R$ 5,014 para R$ 5,241. Na \u00faltima semana, o valor do diesel foi o \u00fanico a cair:&nbsp;o pre\u00e7o m\u00e9dio do litro do combust\u00edvel caiu de R$ 6,600 para R$ 6,587, uma redu\u00e7\u00e3o de 0,19%.<\/p>\n\n\n\n<p>Mas al\u00e9m da gasolina e etanol, o g\u00e1s de cozinha de 13 kg registrou alta de 0,10%. Desta forma, o valor passou de R$ 113,54 para R$ 113,66. No in\u00edcio deste&nbsp;m\u00eas, a ANP determinou uma redu\u00e7\u00e3o no pre\u00e7o do g\u00e1s repassado para as distribuidoras. Com isso o pre\u00e7o do kg foi de R$ 4,48 para R$ 4,23.<br><em><strong>Com informa\u00e7\u00f5es do Poder 360<\/strong><\/em><\/p>\n","protected":false},"excerpt":{"rendered":"<p>Na semana entre 10 a 16 de abril, a&nbsp;pre\u00e7o da gasolina voltou a subir de&#8230;<\/p>\n","protected":false},"author":5,"featured_media":1729,"comment_status":"open","ping_status":"open","sticky":false,"template":"","format":"standard","meta":{"footnotes":""},"categories":[38],"tags":[486,485],"class_list":["post-1728","post","type-post","status-publish","format-standard","has-post-thumbnail","hentry","category-brasil","tag-brasil","tag-econimia"],"yoast_head":"<!-- This site is optimized with the Yoast SEO plugin v24.4 - https:\/\/yoast.com\/wordpress\/plugins\/seo\/ -->\n<title>Pre\u00e7o da gasolina volta a subir ap\u00f3s tr\u00eas semanas de queda consecutiva - Not\u00edcias de Todos - Models01<\/title>\n<meta name=\"robots\" content=\"index, follow, max-snippet:-1, max-image-preview:large, max-video-preview:-1\" \/>\n<link rel=\"canonical\" href=\"https:\/\/markd.com.br\/models\/preco-da-gasolina-volta-a-subir-apos-tres-semanas-de-queda-consecutiva\/\" \/>\n<meta property=\"og:locale\" content=\"pt_BR\" \/>\n<meta property=\"og:type\" content=\"article\" \/>\n<meta property=\"og:title\" content=\"Pre\u00e7o da gasolina volta a subir ap\u00f3s tr\u00eas semanas de queda consecutiva - Not\u00edcias de Todos - Models01\" \/>\n<meta property=\"og:description\" content=\"Na semana entre 10 a 16 de abril, a&nbsp;pre\u00e7o da gasolina voltou a subir de...\" \/>\n<meta property=\"og:url\" content=\"https:\/\/markd.com.br\/models\/preco-da-gasolina-volta-a-subir-apos-tres-semanas-de-queda-consecutiva\/\" \/>\n<meta property=\"og:site_name\" content=\"Not\u00edcias de Todos - Models01\" \/>\n<meta property=\"article:published_time\" content=\"2022-04-19T14:12:16+00:00\" \/>\n<meta property=\"article:modified_time\" content=\"2022-04-19T14:12:19+00:00\" \/>\n<meta property=\"og:image\" content=\"https:\/\/markd.com.br\/models\/wp-content\/uploads\/2022\/04\/1103818-mcam-edit-03011807017.jpg\" \/>\n\t<meta property=\"og:image:width\" content=\"650\" \/>\n\t<meta property=\"og:image:height\" content=\"389\" \/>\n\t<meta property=\"og:image:type\" content=\"image\/jpeg\" \/>\n<meta name=\"author\" content=\"Reda\u00e7\u00e3o Reda\u00e7\u00e3o\" \/>\n<meta name=\"twitter:card\" content=\"summary_large_image\" \/>\n<meta name=\"twitter:label1\" content=\"Escrito por\" \/>\n\t<meta name=\"twitter:data1\" content=\"Reda\u00e7\u00e3o Reda\u00e7\u00e3o\" \/>\n\t<meta name=\"twitter:label2\" content=\"Est. tempo de leitura\" \/>\n\t<meta name=\"twitter:data2\" content=\"2 minutos\" \/>\n<script type=\"application\/ld+json\" class=\"yoast-schema-graph\">{\"@context\":\"https:\/\/schema.org\",\"@graph\":[{\"@type\":\"WebPage\",\"@id\":\"https:\/\/markd.com.br\/models\/preco-da-gasolina-volta-a-subir-apos-tres-semanas-de-queda-consecutiva\/\",\"url\":\"https:\/\/markd.com.br\/models\/preco-da-gasolina-volta-a-subir-apos-tres-semanas-de-queda-consecutiva\/\",\"name\":\"Pre\u00e7o da gasolina volta a subir ap\u00f3s tr\u00eas semanas de queda consecutiva - Not\u00edcias de Todos - Models01\",\"isPartOf\":{\"@id\":\"https:\/\/markd.com.br\/models\/#website\"},\"primaryImageOfPage\":{\"@id\":\"https:\/\/markd.com.br\/models\/preco-da-gasolina-volta-a-subir-apos-tres-semanas-de-queda-consecutiva\/#primaryimage\"},\"image\":{\"@id\":\"https:\/\/markd.com.br\/models\/preco-da-gasolina-volta-a-subir-apos-tres-semanas-de-queda-consecutiva\/#primaryimage\"},\"thumbnailUrl\":\"https:\/\/markd.com.br\/models\/wp-content\/uploads\/2022\/04\/1103818-mcam-edit-03011807017.jpg\",\"datePublished\":\"2022-04-19T14:12:16+00:00\",\"dateModified\":\"2022-04-19T14:12:19+00:00\",\"author\":{\"@id\":\"https:\/\/markd.com.br\/models\/#\/schema\/person\/c12a77ab487a7262d8bec3c47301ad37\"},\"breadcrumb\":{\"@id\":\"https:\/\/markd.com.br\/models\/preco-da-gasolina-volta-a-subir-apos-tres-semanas-de-queda-consecutiva\/#breadcrumb\"},\"inLanguage\":\"pt-BR\",\"potentialAction\":[{\"@type\":\"ReadAction\",\"target\":[\"https:\/\/markd.com.br\/models\/preco-da-gasolina-volta-a-subir-apos-tres-semanas-de-queda-consecutiva\/\"]}]},{\"@type\":\"ImageObject\",\"inLanguage\":\"pt-BR\",\"@id\":\"https:\/\/markd.com.br\/models\/preco-da-gasolina-volta-a-subir-apos-tres-semanas-de-queda-consecutiva\/#primaryimage\",\"url\":\"https:\/\/markd.com.br\/models\/wp-content\/uploads\/2022\/04\/1103818-mcam-edit-03011807017.jpg\",\"contentUrl\":\"https:\/\/markd.com.br\/models\/wp-content\/uploads\/2022\/04\/1103818-mcam-edit-03011807017.jpg\",\"width\":650,\"height\":389},{\"@type\":\"BreadcrumbList\",\"@id\":\"https:\/\/markd.com.br\/models\/preco-da-gasolina-volta-a-subir-apos-tres-semanas-de-queda-consecutiva\/#breadcrumb\",\"itemListElement\":[{\"@type\":\"ListItem\",\"position\":1,\"name\":\"In\u00edcio\",\"item\":\"https:\/\/markd.com.br\/models\/\"},{\"@type\":\"ListItem\",\"position\":2,\"name\":\"Pre\u00e7o da gasolina volta a subir ap\u00f3s tr\u00eas semanas de queda consecutiva\"}]},{\"@type\":\"WebSite\",\"@id\":\"https:\/\/markd.com.br\/models\/#website\",\"url\":\"https:\/\/markd.com.br\/models\/\",\"name\":\"Not\u00edcias de Todos - Models01\",\"description\":\"Tenha um Portal de Not\u00edcias Moderno, Din\u00e2mico, R\u00e1pido e Profissional. Entregamos seu Site de  Not\u00edcias Pronto, Instalado, Hospedado, com Manual Passo a Passo e Suporte 24 horas.\",\"potentialAction\":[{\"@type\":\"SearchAction\",\"target\":{\"@type\":\"EntryPoint\",\"urlTemplate\":\"https:\/\/markd.com.br\/models\/?s={search_term_string}\"},\"query-input\":{\"@type\":\"PropertyValueSpecification\",\"valueRequired\":true,\"valueName\":\"search_term_string\"}}],\"inLanguage\":\"pt-BR\"},{\"@type\":\"Person\",\"@id\":\"https:\/\/markd.com.br\/models\/#\/schema\/person\/c12a77ab487a7262d8bec3c47301ad37\",\"name\":\"Reda\u00e7\u00e3o Reda\u00e7\u00e3o\",\"image\":{\"@type\":\"ImageObject\",\"inLanguage\":\"pt-BR\",\"@id\":\"https:\/\/markd.com.br\/models\/#\/schema\/person\/image\/\",\"url\":\"https:\/\/secure.gravatar.com\/avatar\/9448f3599ce269febf169e183039b4a6?s=96&d=mm&r=g\",\"contentUrl\":\"https:\/\/secure.gravatar.com\/avatar\/9448f3599ce269febf169e183039b4a6?s=96&d=mm&r=g\",\"caption\":\"Reda\u00e7\u00e3o Reda\u00e7\u00e3o\"},\"sameAs\":[\"https:\/\/markd.com.br\/\"],\"url\":\"https:\/\/markd.com.br\/models\/author\/redacao\/\"}]}<\/script>\n<!-- \/ Yoast SEO plugin. -->","yoast_head_json":{"title":"Pre\u00e7o da gasolina volta a subir ap\u00f3s tr\u00eas semanas de queda consecutiva - Not\u00edcias de Todos - Models01","robots":{"index":"index","follow":"follow","max-snippet":"max-snippet:-1","max-image-preview":"max-image-preview:large","max-video-preview":"max-video-preview:-1"},"canonical":"https:\/\/markd.com.br\/models\/preco-da-gasolina-volta-a-subir-apos-tres-semanas-de-queda-consecutiva\/","og_locale":"pt_BR","og_type":"article","og_title":"Pre\u00e7o da gasolina volta a subir ap\u00f3s tr\u00eas semanas de queda consecutiva - Not\u00edcias de Todos - Models01","og_description":"Na semana entre 10 a 16 de abril, a&nbsp;pre\u00e7o da gasolina voltou a subir de...","og_url":"https:\/\/markd.com.br\/models\/preco-da-gasolina-volta-a-subir-apos-tres-semanas-de-queda-consecutiva\/","og_site_name":"Not\u00edcias de Todos - Models01","article_published_time":"2022-04-19T14:12:16+00:00","article_modified_time":"2022-04-19T14:12:19+00:00","og_image":[{"width":650,"height":389,"url":"https:\/\/markd.com.br\/models\/wp-content\/uploads\/2022\/04\/1103818-mcam-edit-03011807017.jpg","type":"image\/jpeg"}],"author":"Reda\u00e7\u00e3o Reda\u00e7\u00e3o","twitter_card":"summary_large_image","twitter_misc":{"Escrito por":"Reda\u00e7\u00e3o Reda\u00e7\u00e3o","Est. tempo de leitura":"2 minutos"},"schema":{"@context":"https:\/\/schema.org","@graph":[{"@type":"WebPage","@id":"https:\/\/markd.com.br\/models\/preco-da-gasolina-volta-a-subir-apos-tres-semanas-de-queda-consecutiva\/","url":"https:\/\/markd.com.br\/models\/preco-da-gasolina-volta-a-subir-apos-tres-semanas-de-queda-consecutiva\/","name":"Pre\u00e7o da gasolina volta a subir ap\u00f3s tr\u00eas semanas de queda consecutiva - Not\u00edcias de Todos - Models01","isPartOf":{"@id":"https:\/\/markd.com.br\/models\/#website"},"primaryImageOfPage":{"@id":"https:\/\/markd.com.br\/models\/preco-da-gasolina-volta-a-subir-apos-tres-semanas-de-queda-consecutiva\/#primaryimage"},"image":{"@id":"https:\/\/markd.com.br\/models\/preco-da-gasolina-volta-a-subir-apos-tres-semanas-de-queda-consecutiva\/#primaryimage"},"thumbnailUrl":"https:\/\/markd.com.br\/models\/wp-content\/uploads\/2022\/04\/1103818-mcam-edit-03011807017.jpg","datePublished":"2022-04-19T14:12:16+00:00","dateModified":"2022-04-19T14:12:19+00:00","author":{"@id":"https:\/\/markd.com.br\/models\/#\/schema\/person\/c12a77ab487a7262d8bec3c47301ad37"},"breadcrumb":{"@id":"https:\/\/markd.com.br\/models\/preco-da-gasolina-volta-a-subir-apos-tres-semanas-de-queda-consecutiva\/#breadcrumb"},"inLanguage":"pt-BR","potentialAction":[{"@type":"ReadAction","target":["https:\/\/markd.com.br\/models\/preco-da-gasolina-volta-a-subir-apos-tres-semanas-de-queda-consecutiva\/"]}]},{"@type":"ImageObject","inLanguage":"pt-BR","@id":"https:\/\/markd.com.br\/models\/preco-da-gasolina-volta-a-subir-apos-tres-semanas-de-queda-consecutiva\/#primaryimage","url":"https:\/\/markd.com.br\/models\/wp-content\/uploads\/2022\/04\/1103818-mcam-edit-03011807017.jpg","contentUrl":"https:\/\/markd.com.br\/models\/wp-content\/uploads\/2022\/04\/1103818-mcam-edit-03011807017.jpg","width":650,"height":389},{"@type":"BreadcrumbList","@id":"https:\/\/markd.com.br\/models\/preco-da-gasolina-volta-a-subir-apos-tres-semanas-de-queda-consecutiva\/#breadcrumb","itemListElement":[{"@type":"ListItem","position":1,"name":"In\u00edcio","item":"https:\/\/markd.com.br\/models\/"},{"@type":"ListItem","position":2,"name":"Pre\u00e7o da gasolina volta a subir ap\u00f3s tr\u00eas semanas de queda consecutiva"}]},{"@type":"WebSite","@id":"https:\/\/markd.com.br\/models\/#website","url":"https:\/\/markd.com.br\/models\/","name":"Not\u00edcias de Todos - Models01","description":"Tenha um Portal de Not\u00edcias Moderno, Din\u00e2mico, R\u00e1pido e Profissional. Entregamos seu Site de  Not\u00edcias Pronto, Instalado, Hospedado, com Manual Passo a Passo e Suporte 24 horas.","potentialAction":[{"@type":"SearchAction","target":{"@type":"EntryPoint","urlTemplate":"https:\/\/markd.com.br\/models\/?s={search_term_string}"},"query-input":{"@type":"PropertyValueSpecification","valueRequired":true,"valueName":"search_term_string"}}],"inLanguage":"pt-BR"},{"@type":"Person","@id":"https:\/\/markd.com.br\/models\/#\/schema\/person\/c12a77ab487a7262d8bec3c47301ad37","name":"Reda\u00e7\u00e3o Reda\u00e7\u00e3o","image":{"@type":"ImageObject","inLanguage":"pt-BR","@id":"https:\/\/markd.com.br\/models\/#\/schema\/person\/image\/","url":"https:\/\/secure.gravatar.com\/avatar\/9448f3599ce269febf169e183039b4a6?s=96&d=mm&r=g","contentUrl":"https:\/\/secure.gravatar.com\/avatar\/9448f3599ce269febf169e183039b4a6?s=96&d=mm&r=g","caption":"Reda\u00e7\u00e3o Reda\u00e7\u00e3o"},"sameAs":["https:\/\/markd.com.br\/"],"url":"https:\/\/markd.com.br\/models\/author\/redacao\/"}]}},"featured_image_urls":{"full":["https:\/\/markd.com.br\/models\/wp-content\/uploads\/2022\/04\/1103818-mcam-edit-03011807017.jpg",650,389,false],"thumbnail":["https:\/\/markd.com.br\/models\/wp-content\/uploads\/2022\/04\/1103818-mcam-edit-03011807017-150x150.jpg",150,150,true],"medium":["https:\/\/markd.com.br\/models\/wp-content\/uploads\/2022\/04\/1103818-mcam-edit-03011807017-300x180.jpg",300,180,true],"medium_large":["https:\/\/markd.com.br\/models\/wp-content\/uploads\/2022\/04\/1103818-mcam-edit-03011807017.jpg",640,383,false],"large":["https:\/\/markd.com.br\/models\/wp-content\/uploads\/2022\/04\/1103818-mcam-edit-03011807017.jpg",640,383,false],"1536x1536":["https:\/\/markd.com.br\/models\/wp-content\/uploads\/2022\/04\/1103818-mcam-edit-03011807017.jpg",650,389,false],"2048x2048":["https:\/\/markd.com.br\/models\/wp-content\/uploads\/2022\/04\/1103818-mcam-edit-03011807017.jpg",650,389,false],"newsphere-slider-full":["https:\/\/markd.com.br\/models\/wp-content\/uploads\/2022\/04\/1103818-mcam-edit-03011807017.jpg",650,389,false],"newsphere-featured":["https:\/\/markd.com.br\/models\/wp-content\/uploads\/2022\/04\/1103818-mcam-edit-03011807017.jpg",650,389,false],"newsphere-medium":["https:\/\/markd.com.br\/models\/wp-content\/uploads\/2022\/04\/1103818-mcam-edit-03011807017-650x380.jpg",650,380,true]},"author_info":{"display_name":"Reda\u00e7\u00e3o Reda\u00e7\u00e3o","author_link":"https:\/\/markd.com.br\/models\/author\/redacao\/"},"category_info":"<a href=\"https:\/\/markd.com.br\/models\/category\/brasil\/\" rel=\"category tag\">Brasil<\/a>","tag_info":"Brasil","comment_count":"0","jetpack_featured_media_url":"https:\/\/markd.com.br\/models\/wp-content\/uploads\/2022\/04\/1103818-mcam-edit-03011807017.jpg","_links":{"self":[{"href":"https:\/\/markd.com.br\/models\/wp-json\/wp\/v2\/posts\/1728","targetHints":{"allow":["GET"]}}],"collection":[{"href":"https:\/\/markd.com.br\/models\/wp-json\/wp\/v2\/posts"}],"about":[{"href":"https:\/\/markd.com.br\/models\/wp-json\/wp\/v2\/types\/post"}],"author":[{"embeddable":true,"href":"https:\/\/markd.com.br\/models\/wp-json\/wp\/v2\/users\/5"}],"replies":[{"embeddable":true,"href":"https:\/\/markd.com.br\/models\/wp-json\/wp\/v2\/comments?post=1728"}],"version-history":[{"count":1,"href":"https:\/\/markd.com.br\/models\/wp-json\/wp\/v2\/posts\/1728\/revisions"}],"predecessor-version":[{"id":1730,"href":"https:\/\/markd.com.br\/models\/wp-json\/wp\/v2\/posts\/1728\/revisions\/1730"}],"wp:featuredmedia":[{"embeddable":true,"href":"https:\/\/markd.com.br\/models\/wp-json\/wp\/v2\/media\/1729"}],"wp:attachment":[{"href":"https:\/\/markd.com.br\/models\/wp-json\/wp\/v2\/media?parent=1728"}],"wp:term":[{"taxonomy":"category","embeddable":true,"href":"https:\/\/markd.com.br\/models\/wp-json\/wp\/v2\/categories?post=1728"},{"taxonomy":"post_tag","embeddable":true,"href":"https:\/\/markd.com.br\/models\/wp-json\/wp\/v2\/tags?post=1728"}],"curies":[{"name":"wp","href":"https:\/\/api.w.org\/{rel}","templated":true}]}}