{"id":1734,"date":"2022-04-19T11:18:11","date_gmt":"2022-04-19T14:18:11","guid":{"rendered":"https:\/\/portaldestaquenoticias.com.br\/?p=1734"},"modified":"2022-04-19T11:18:14","modified_gmt":"2022-04-19T14:18:14","slug":"no-dia-do-indio-governo-do-estado-exalta-cultura-dos-povos-indigenas-do-amazonas","status":"publish","type":"post","link":"https:\/\/markd.com.br\/models\/no-dia-do-indio-governo-do-estado-exalta-cultura-dos-povos-indigenas-do-amazonas\/","title":{"rendered":"No Dia do \u00cdndio, Governo do Estado exalta cultura dos povos ind\u00edgenas do Amazonas"},"content":{"rendered":"\n<p><\/p>\n\n\n\n<p>Data alavanca desenvolvimento e inclus\u00e3o da comunidade ind\u00edgena na sociedade<\/p>\n\n\n\n<p>O Governo do Amazonas, por meio da Funda\u00e7\u00e3o Estadual do \u00cdndio (FEI), exalta o desenvolvimento ind\u00edgena do estado neste Dia do \u00cdndio, comemorado hoje (19\/04). A comunidade ind\u00edgena, que cresce e se desenvolve junto com a tecnologia, n\u00e3o deixa de lado suas ra\u00edzes e culturas aprendidas com os ancestrais, sendo exemplo disso seus artesanatos, apresenta\u00e7\u00f5es e m\u00fasicas.<\/p>\n\n\n\n<p>Para o diretor-presidente da FEI, Zenilton Mura, a import\u00e2ncia que reside em toda a cultura e desenvolvimento ind\u00edgena abre espa\u00e7o para a desenvoltura e conhecimento.<\/p>\n\n\n\n<p>\u201cUma das fontes de renda dos parentes que moram no Amazonas s\u00e3o seus produtos feitos artesanalmente, ensinados de gera\u00e7\u00e3o a gera\u00e7\u00e3o. Por isso, em alus\u00e3o a este dia, precisamos impulsionar a valoriza\u00e7\u00e3o da produ\u00e7\u00e3o manual ind\u00edgena e a segmenta\u00e7\u00e3o de cada povo voltada a nossa linhagem\u201d, disse.<\/p>\n\n\n\n<p>Artesanato \u2013 O Centro do Empreendedor Ind\u00edgena Yand\u00e9 Muraki, mantido pela FEI, exp\u00f5e e comercializa pe\u00e7as e itens artesanais, fortalecendo a arte e a cultura ind\u00edgenas do estado. O espa\u00e7o vem impulsionando a venda do empreendedor ind\u00edgena e incentivando a fabrica\u00e7\u00e3o, reinventando e produzindo produtos de boa qualidade, com detalhes ricos em suas pe\u00e7as artesanais, comercializa vestimentas, acess\u00f3rios, rem\u00e9dios \u00e0 base de extra\u00e7\u00e3o natural da floresta e possibilitando pinturas corporais.<\/p>\n\n\n\n<p>O Centro do Empreendedor Ind\u00edgena Yand\u00e9 Muraki fica na rua Monsenhor Coutinho, 129, Centro, zona sul da capital, aberto de segunda a sexta-feira, das 8h \u00e0s 17h, para os que desejarem adquirir os produtos.<\/p>\n\n\n\n<p>Ecoturismo \u2013 A 1\u00aa Feira do Artesanato Ind\u00edgena, impulsionada pelo Governo do Estado, no per\u00edodo de 1\u00ba a 3 deste m\u00eas, em parceria com a Prefeitura de Rio Preto da Eva (a 57 quil\u00f4metros da capital), possibilitou alavancar as vendas para os artes\u00e3os e a amplia\u00e7\u00e3o da aprecia\u00e7\u00e3o \u00e0s apresenta\u00e7\u00f5es ind\u00edgenas, dando engajamento ao progresso na amplia\u00e7\u00e3o da cultura.<\/p>\n\n\n\n<p>Al\u00e9m do munic\u00edpio da Regi\u00e3o Metropolitana, Manaus e outras cidades receberam a feira para buscar o individualismo do artes\u00e3o de cada regi\u00e3o, trabalhando assim o ecoturismo.<\/p>\n\n\n\n<figure class=\"wp-block-image\"><img decoding=\"async\" src=\"https:\/\/sp-ao.shortpixel.ai\/client\/to_auto,q_glossy,ret_img,w_1024,h_682\/https:\/\/portalmancheteam.com.br\/wp-content\/uploads\/2022\/04\/8893bffe-4fbd-4a66-9659-8783e2571429-1024x682.jpg\" alt=\"\" class=\"wp-image-84289\"\/><\/figure>\n\n\n\n<p>FOTOS: Amaury Moraes\/FEI<\/p>\n\n\n\n<p>Informa\u00e7\u00f5es para a imprensa: Assessoria de Comunica\u00e7\u00e3o da Funda\u00e7\u00e3o Estadual do \u00cdndio (FEI): Amaury Moraes (99385-5548 e 98482-0251).<\/p>\n","protected":false},"excerpt":{"rendered":"<p>Data alavanca desenvolvimento e inclus\u00e3o da comunidade ind\u00edgena na sociedade O Governo do Amazonas, por&#8230;<\/p>\n","protected":false},"author":5,"featured_media":1735,"comment_status":"open","ping_status":"open","sticky":false,"template":"","format":"standard","meta":{"footnotes":""},"categories":[51],"tags":[414,487],"class_list":["post-1734","post","type-post","status-publish","format-standard","has-post-thumbnail","hentry","category-governo-do-amazonas","tag-cultura","tag-dia-do-indio"],"yoast_head":"<!-- This site is optimized with the Yoast SEO plugin v24.4 - https:\/\/yoast.com\/wordpress\/plugins\/seo\/ -->\n<title>No Dia do \u00cdndio, Governo do Estado exalta cultura dos povos ind\u00edgenas do Amazonas - Not\u00edcias de Todos - Models01<\/title>\n<meta name=\"robots\" content=\"index, follow, max-snippet:-1, max-image-preview:large, max-video-preview:-1\" \/>\n<link rel=\"canonical\" href=\"https:\/\/markd.com.br\/models\/no-dia-do-indio-governo-do-estado-exalta-cultura-dos-povos-indigenas-do-amazonas\/\" \/>\n<meta property=\"og:locale\" content=\"pt_BR\" \/>\n<meta property=\"og:type\" content=\"article\" \/>\n<meta property=\"og:title\" content=\"No Dia do \u00cdndio, Governo do Estado exalta cultura dos povos ind\u00edgenas do Amazonas - Not\u00edcias de Todos - Models01\" \/>\n<meta property=\"og:description\" content=\"Data alavanca desenvolvimento e inclus\u00e3o da comunidade ind\u00edgena na sociedade O Governo do Amazonas, por...\" \/>\n<meta property=\"og:url\" content=\"https:\/\/markd.com.br\/models\/no-dia-do-indio-governo-do-estado-exalta-cultura-dos-povos-indigenas-do-amazonas\/\" \/>\n<meta property=\"og:site_name\" content=\"Not\u00edcias de Todos - Models01\" \/>\n<meta property=\"article:published_time\" content=\"2022-04-19T14:18:11+00:00\" \/>\n<meta property=\"article:modified_time\" content=\"2022-04-19T14:18:14+00:00\" \/>\n<meta property=\"og:image\" content=\"https:\/\/markd.com.br\/models\/wp-content\/uploads\/2022\/04\/f790d997-5620-433b-8ff5-40c84b2abf35.jpg\" \/>\n\t<meta property=\"og:image:width\" content=\"650\" \/>\n\t<meta property=\"og:image:height\" content=\"433\" \/>\n\t<meta property=\"og:image:type\" content=\"image\/jpeg\" \/>\n<meta name=\"author\" content=\"Reda\u00e7\u00e3o Reda\u00e7\u00e3o\" \/>\n<meta name=\"twitter:card\" content=\"summary_large_image\" \/>\n<meta name=\"twitter:label1\" content=\"Escrito por\" \/>\n\t<meta name=\"twitter:data1\" content=\"Reda\u00e7\u00e3o Reda\u00e7\u00e3o\" \/>\n\t<meta name=\"twitter:label2\" content=\"Est. tempo de leitura\" \/>\n\t<meta name=\"twitter:data2\" content=\"3 minutos\" \/>\n<script type=\"application\/ld+json\" class=\"yoast-schema-graph\">{\"@context\":\"https:\/\/schema.org\",\"@graph\":[{\"@type\":\"WebPage\",\"@id\":\"https:\/\/markd.com.br\/models\/no-dia-do-indio-governo-do-estado-exalta-cultura-dos-povos-indigenas-do-amazonas\/\",\"url\":\"https:\/\/markd.com.br\/models\/no-dia-do-indio-governo-do-estado-exalta-cultura-dos-povos-indigenas-do-amazonas\/\",\"name\":\"No Dia do \u00cdndio, Governo do Estado exalta cultura dos povos ind\u00edgenas do Amazonas - Not\u00edcias de Todos - Models01\",\"isPartOf\":{\"@id\":\"https:\/\/markd.com.br\/models\/#website\"},\"primaryImageOfPage\":{\"@id\":\"https:\/\/markd.com.br\/models\/no-dia-do-indio-governo-do-estado-exalta-cultura-dos-povos-indigenas-do-amazonas\/#primaryimage\"},\"image\":{\"@id\":\"https:\/\/markd.com.br\/models\/no-dia-do-indio-governo-do-estado-exalta-cultura-dos-povos-indigenas-do-amazonas\/#primaryimage\"},\"thumbnailUrl\":\"https:\/\/markd.com.br\/models\/wp-content\/uploads\/2022\/04\/f790d997-5620-433b-8ff5-40c84b2abf35.jpg\",\"datePublished\":\"2022-04-19T14:18:11+00:00\",\"dateModified\":\"2022-04-19T14:18:14+00:00\",\"author\":{\"@id\":\"https:\/\/markd.com.br\/models\/#\/schema\/person\/c12a77ab487a7262d8bec3c47301ad37\"},\"breadcrumb\":{\"@id\":\"https:\/\/markd.com.br\/models\/no-dia-do-indio-governo-do-estado-exalta-cultura-dos-povos-indigenas-do-amazonas\/#breadcrumb\"},\"inLanguage\":\"pt-BR\",\"potentialAction\":[{\"@type\":\"ReadAction\",\"target\":[\"https:\/\/markd.com.br\/models\/no-dia-do-indio-governo-do-estado-exalta-cultura-dos-povos-indigenas-do-amazonas\/\"]}]},{\"@type\":\"ImageObject\",\"inLanguage\":\"pt-BR\",\"@id\":\"https:\/\/markd.com.br\/models\/no-dia-do-indio-governo-do-estado-exalta-cultura-dos-povos-indigenas-do-amazonas\/#primaryimage\",\"url\":\"https:\/\/markd.com.br\/models\/wp-content\/uploads\/2022\/04\/f790d997-5620-433b-8ff5-40c84b2abf35.jpg\",\"contentUrl\":\"https:\/\/markd.com.br\/models\/wp-content\/uploads\/2022\/04\/f790d997-5620-433b-8ff5-40c84b2abf35.jpg\",\"width\":650,\"height\":433},{\"@type\":\"BreadcrumbList\",\"@id\":\"https:\/\/markd.com.br\/models\/no-dia-do-indio-governo-do-estado-exalta-cultura-dos-povos-indigenas-do-amazonas\/#breadcrumb\",\"itemListElement\":[{\"@type\":\"ListItem\",\"position\":1,\"name\":\"In\u00edcio\",\"item\":\"https:\/\/markd.com.br\/models\/\"},{\"@type\":\"ListItem\",\"position\":2,\"name\":\"No Dia do \u00cdndio, Governo do Estado exalta cultura dos povos ind\u00edgenas do Amazonas\"}]},{\"@type\":\"WebSite\",\"@id\":\"https:\/\/markd.com.br\/models\/#website\",\"url\":\"https:\/\/markd.com.br\/models\/\",\"name\":\"Not\u00edcias de Todos - Models01\",\"description\":\"Tenha um Portal de Not\u00edcias Moderno, Din\u00e2mico, R\u00e1pido e Profissional. Entregamos seu Site de  Not\u00edcias Pronto, Instalado, Hospedado, com Manual Passo a Passo e Suporte 24 horas.\",\"potentialAction\":[{\"@type\":\"SearchAction\",\"target\":{\"@type\":\"EntryPoint\",\"urlTemplate\":\"https:\/\/markd.com.br\/models\/?s={search_term_string}\"},\"query-input\":{\"@type\":\"PropertyValueSpecification\",\"valueRequired\":true,\"valueName\":\"search_term_string\"}}],\"inLanguage\":\"pt-BR\"},{\"@type\":\"Person\",\"@id\":\"https:\/\/markd.com.br\/models\/#\/schema\/person\/c12a77ab487a7262d8bec3c47301ad37\",\"name\":\"Reda\u00e7\u00e3o Reda\u00e7\u00e3o\",\"image\":{\"@type\":\"ImageObject\",\"inLanguage\":\"pt-BR\",\"@id\":\"https:\/\/markd.com.br\/models\/#\/schema\/person\/image\/\",\"url\":\"https:\/\/secure.gravatar.com\/avatar\/9448f3599ce269febf169e183039b4a6?s=96&d=mm&r=g\",\"contentUrl\":\"https:\/\/secure.gravatar.com\/avatar\/9448f3599ce269febf169e183039b4a6?s=96&d=mm&r=g\",\"caption\":\"Reda\u00e7\u00e3o Reda\u00e7\u00e3o\"},\"sameAs\":[\"https:\/\/markd.com.br\/\"],\"url\":\"https:\/\/markd.com.br\/models\/author\/redacao\/\"}]}<\/script>\n<!-- \/ Yoast SEO plugin. -->","yoast_head_json":{"title":"No Dia do \u00cdndio, Governo do Estado exalta cultura dos povos ind\u00edgenas do Amazonas - Not\u00edcias de Todos - Models01","robots":{"index":"index","follow":"follow","max-snippet":"max-snippet:-1","max-image-preview":"max-image-preview:large","max-video-preview":"max-video-preview:-1"},"canonical":"https:\/\/markd.com.br\/models\/no-dia-do-indio-governo-do-estado-exalta-cultura-dos-povos-indigenas-do-amazonas\/","og_locale":"pt_BR","og_type":"article","og_title":"No Dia do \u00cdndio, Governo do Estado exalta cultura dos povos ind\u00edgenas do Amazonas - Not\u00edcias de Todos - Models01","og_description":"Data alavanca desenvolvimento e inclus\u00e3o da comunidade ind\u00edgena na sociedade O Governo do Amazonas, por...","og_url":"https:\/\/markd.com.br\/models\/no-dia-do-indio-governo-do-estado-exalta-cultura-dos-povos-indigenas-do-amazonas\/","og_site_name":"Not\u00edcias de Todos - Models01","article_published_time":"2022-04-19T14:18:11+00:00","article_modified_time":"2022-04-19T14:18:14+00:00","og_image":[{"width":650,"height":433,"url":"https:\/\/markd.com.br\/models\/wp-content\/uploads\/2022\/04\/f790d997-5620-433b-8ff5-40c84b2abf35.jpg","type":"image\/jpeg"}],"author":"Reda\u00e7\u00e3o Reda\u00e7\u00e3o","twitter_card":"summary_large_image","twitter_misc":{"Escrito por":"Reda\u00e7\u00e3o Reda\u00e7\u00e3o","Est. tempo de leitura":"3 minutos"},"schema":{"@context":"https:\/\/schema.org","@graph":[{"@type":"WebPage","@id":"https:\/\/markd.com.br\/models\/no-dia-do-indio-governo-do-estado-exalta-cultura-dos-povos-indigenas-do-amazonas\/","url":"https:\/\/markd.com.br\/models\/no-dia-do-indio-governo-do-estado-exalta-cultura-dos-povos-indigenas-do-amazonas\/","name":"No Dia do \u00cdndio, Governo do Estado exalta cultura dos povos ind\u00edgenas do Amazonas - Not\u00edcias de Todos - Models01","isPartOf":{"@id":"https:\/\/markd.com.br\/models\/#website"},"primaryImageOfPage":{"@id":"https:\/\/markd.com.br\/models\/no-dia-do-indio-governo-do-estado-exalta-cultura-dos-povos-indigenas-do-amazonas\/#primaryimage"},"image":{"@id":"https:\/\/markd.com.br\/models\/no-dia-do-indio-governo-do-estado-exalta-cultura-dos-povos-indigenas-do-amazonas\/#primaryimage"},"thumbnailUrl":"https:\/\/markd.com.br\/models\/wp-content\/uploads\/2022\/04\/f790d997-5620-433b-8ff5-40c84b2abf35.jpg","datePublished":"2022-04-19T14:18:11+00:00","dateModified":"2022-04-19T14:18:14+00:00","author":{"@id":"https:\/\/markd.com.br\/models\/#\/schema\/person\/c12a77ab487a7262d8bec3c47301ad37"},"breadcrumb":{"@id":"https:\/\/markd.com.br\/models\/no-dia-do-indio-governo-do-estado-exalta-cultura-dos-povos-indigenas-do-amazonas\/#breadcrumb"},"inLanguage":"pt-BR","potentialAction":[{"@type":"ReadAction","target":["https:\/\/markd.com.br\/models\/no-dia-do-indio-governo-do-estado-exalta-cultura-dos-povos-indigenas-do-amazonas\/"]}]},{"@type":"ImageObject","inLanguage":"pt-BR","@id":"https:\/\/markd.com.br\/models\/no-dia-do-indio-governo-do-estado-exalta-cultura-dos-povos-indigenas-do-amazonas\/#primaryimage","url":"https:\/\/markd.com.br\/models\/wp-content\/uploads\/2022\/04\/f790d997-5620-433b-8ff5-40c84b2abf35.jpg","contentUrl":"https:\/\/markd.com.br\/models\/wp-content\/uploads\/2022\/04\/f790d997-5620-433b-8ff5-40c84b2abf35.jpg","width":650,"height":433},{"@type":"BreadcrumbList","@id":"https:\/\/markd.com.br\/models\/no-dia-do-indio-governo-do-estado-exalta-cultura-dos-povos-indigenas-do-amazonas\/#breadcrumb","itemListElement":[{"@type":"ListItem","position":1,"name":"In\u00edcio","item":"https:\/\/markd.com.br\/models\/"},{"@type":"ListItem","position":2,"name":"No Dia do \u00cdndio, Governo do Estado exalta cultura dos povos ind\u00edgenas do Amazonas"}]},{"@type":"WebSite","@id":"https:\/\/markd.com.br\/models\/#website","url":"https:\/\/markd.com.br\/models\/","name":"Not\u00edcias de Todos - Models01","description":"Tenha um Portal de Not\u00edcias Moderno, Din\u00e2mico, R\u00e1pido e Profissional. Entregamos seu Site de  Not\u00edcias Pronto, Instalado, Hospedado, com Manual Passo a Passo e Suporte 24 horas.","potentialAction":[{"@type":"SearchAction","target":{"@type":"EntryPoint","urlTemplate":"https:\/\/markd.com.br\/models\/?s={search_term_string}"},"query-input":{"@type":"PropertyValueSpecification","valueRequired":true,"valueName":"search_term_string"}}],"inLanguage":"pt-BR"},{"@type":"Person","@id":"https:\/\/markd.com.br\/models\/#\/schema\/person\/c12a77ab487a7262d8bec3c47301ad37","name":"Reda\u00e7\u00e3o Reda\u00e7\u00e3o","image":{"@type":"ImageObject","inLanguage":"pt-BR","@id":"https:\/\/markd.com.br\/models\/#\/schema\/person\/image\/","url":"https:\/\/secure.gravatar.com\/avatar\/9448f3599ce269febf169e183039b4a6?s=96&d=mm&r=g","contentUrl":"https:\/\/secure.gravatar.com\/avatar\/9448f3599ce269febf169e183039b4a6?s=96&d=mm&r=g","caption":"Reda\u00e7\u00e3o Reda\u00e7\u00e3o"},"sameAs":["https:\/\/markd.com.br\/"],"url":"https:\/\/markd.com.br\/models\/author\/redacao\/"}]}},"featured_image_urls":{"full":["https:\/\/markd.com.br\/models\/wp-content\/uploads\/2022\/04\/f790d997-5620-433b-8ff5-40c84b2abf35.jpg",650,433,false],"thumbnail":["https:\/\/markd.com.br\/models\/wp-content\/uploads\/2022\/04\/f790d997-5620-433b-8ff5-40c84b2abf35-150x150.jpg",150,150,true],"medium":["https:\/\/markd.com.br\/models\/wp-content\/uploads\/2022\/04\/f790d997-5620-433b-8ff5-40c84b2abf35-300x200.jpg",300,200,true],"medium_large":["https:\/\/markd.com.br\/models\/wp-content\/uploads\/2022\/04\/f790d997-5620-433b-8ff5-40c84b2abf35.jpg",640,426,false],"large":["https:\/\/markd.com.br\/models\/wp-content\/uploads\/2022\/04\/f790d997-5620-433b-8ff5-40c84b2abf35.jpg",640,426,false],"1536x1536":["https:\/\/markd.com.br\/models\/wp-content\/uploads\/2022\/04\/f790d997-5620-433b-8ff5-40c84b2abf35.jpg",650,433,false],"2048x2048":["https:\/\/markd.com.br\/models\/wp-content\/uploads\/2022\/04\/f790d997-5620-433b-8ff5-40c84b2abf35.jpg",650,433,false],"newsphere-slider-full":["https:\/\/markd.com.br\/models\/wp-content\/uploads\/2022\/04\/f790d997-5620-433b-8ff5-40c84b2abf35.jpg",650,433,false],"newsphere-featured":["https:\/\/markd.com.br\/models\/wp-content\/uploads\/2022\/04\/f790d997-5620-433b-8ff5-40c84b2abf35.jpg",650,433,false],"newsphere-medium":["https:\/\/markd.com.br\/models\/wp-content\/uploads\/2022\/04\/f790d997-5620-433b-8ff5-40c84b2abf35-650x380.jpg",650,380,true]},"author_info":{"display_name":"Reda\u00e7\u00e3o Reda\u00e7\u00e3o","author_link":"https:\/\/markd.com.br\/models\/author\/redacao\/"},"category_info":"<a href=\"https:\/\/markd.com.br\/models\/category\/governo-do-amazonas\/\" rel=\"category tag\">Governo do amazonas<\/a>","tag_info":"Governo do amazonas","comment_count":"0","jetpack_featured_media_url":"https:\/\/markd.com.br\/models\/wp-content\/uploads\/2022\/04\/f790d997-5620-433b-8ff5-40c84b2abf35.jpg","_links":{"self":[{"href":"https:\/\/markd.com.br\/models\/wp-json\/wp\/v2\/posts\/1734","targetHints":{"allow":["GET"]}}],"collection":[{"href":"https:\/\/markd.com.br\/models\/wp-json\/wp\/v2\/posts"}],"about":[{"href":"https:\/\/markd.com.br\/models\/wp-json\/wp\/v2\/types\/post"}],"author":[{"embeddable":true,"href":"https:\/\/markd.com.br\/models\/wp-json\/wp\/v2\/users\/5"}],"replies":[{"embeddable":true,"href":"https:\/\/markd.com.br\/models\/wp-json\/wp\/v2\/comments?post=1734"}],"version-history":[{"count":1,"href":"https:\/\/markd.com.br\/models\/wp-json\/wp\/v2\/posts\/1734\/revisions"}],"predecessor-version":[{"id":1736,"href":"https:\/\/markd.com.br\/models\/wp-json\/wp\/v2\/posts\/1734\/revisions\/1736"}],"wp:featuredmedia":[{"embeddable":true,"href":"https:\/\/markd.com.br\/models\/wp-json\/wp\/v2\/media\/1735"}],"wp:attachment":[{"href":"https:\/\/markd.com.br\/models\/wp-json\/wp\/v2\/media?parent=1734"}],"wp:term":[{"taxonomy":"category","embeddable":true,"href":"https:\/\/markd.com.br\/models\/wp-json\/wp\/v2\/categories?post=1734"},{"taxonomy":"post_tag","embeddable":true,"href":"https:\/\/markd.com.br\/models\/wp-json\/wp\/v2\/tags?post=1734"}],"curies":[{"name":"wp","href":"https:\/\/api.w.org\/{rel}","templated":true}]}}