{"id":1759,"date":"2022-04-19T14:49:46","date_gmt":"2022-04-19T17:49:46","guid":{"rendered":"https:\/\/portaldestaquenoticias.com.br\/?p=1759"},"modified":"2022-04-19T14:49:49","modified_gmt":"2022-04-19T17:49:49","slug":"buscas-continuam-por-paraquedista-desaparecido-nesta-terca-feira-19-04","status":"publish","type":"post","link":"https:\/\/markd.com.br\/models\/buscas-continuam-por-paraquedista-desaparecido-nesta-terca-feira-19-04\/","title":{"rendered":"Buscas continuam por paraquedista desaparecido nesta ter\u00e7a-feira (19\/04)"},"content":{"rendered":"\n<p><\/p>\n\n\n\n<p>Equipes seguem empenhadas no trabalho de localiza\u00e7\u00e3o e resgate do desaparecido em ambiente de mata e pelo rio<\/p>\n\n\n\n<p>O Corpo de Bombeiros Militar do Amazonas (CBMAM) informa que as buscas pelo paraquedista Luiz Henrique Cardelli continuam nesta ter\u00e7a-feira (19\/04), em ambiente de mata e pelo rio. A atividade \u00e9 coordenada pela Secretaria de Seguran\u00e7a P\u00fablica do Amazonas (SSP-AM) e conta com apoio do Ex\u00e9rcito, Aeron\u00e1utica e Marinha.<\/p>\n\n\n\n<p>A SSP-AM tamb\u00e9m continua com um gabinete de crise, no Centro Integrado de Comando e Controle (CICC), com o objetivo de planejar e executar as buscas pelo paraquedista.<\/p>\n\n\n\n<p>Conforme o comandante do Corpo de Bombeiros da Capital (CBC) e coordenador operacional das buscas, coronel Sulemar Barroso, todas as equipes que iniciaram as buscas na sexta-feira (15\/04) seguem empenhadas no trabalho de localiza\u00e7\u00e3o e resgate do desaparecido em ambiente de mata e pelo rio.<\/p>\n\n\n\n<p>O comandante-geral do CBMAM, coronel Orleiso Muniz, solicita ainda aos ribeirinhos e pescadores que porventura encontrem alguma pista do paraquedista que liguem imediatamente para o n\u00famero 193, do Corpo de Bombeiros, para que uma equipe seja deslocada ao local para averiguar.<\/p>\n\n\n\n<figure class=\"wp-block-image\"><img decoding=\"async\" src=\"https:\/\/sp-ao.shortpixel.ai\/client\/to_auto,q_glossy,ret_img,w_1024,h_461\/https:\/\/portalmancheteam.com.br\/wp-content\/uploads\/2022\/04\/4c31edbf-4ce6-4f3f-9813-a3e8d099fef7-1024x461.jpg\" alt=\"\" class=\"wp-image-84343\"\/><\/figure>\n\n\n\n<p>FOTOS: CBMAM\/Divulga\u00e7\u00e3o<\/p>\n\n\n\n<p>Informa\u00e7\u00f5es para a imprensa: Assessoria de Comunica\u00e7\u00e3o do Corpo de Bombeiros Militar do Estado do Amazonas (CBMAM): Tenente Maely (99237-0616), tenente Maria Jesse (98144-8375), cabo Marcus (99228-3487) e Emerson Miranda (99290-1777).<\/p>\n","protected":false},"excerpt":{"rendered":"<p>Equipes seguem empenhadas no trabalho de localiza\u00e7\u00e3o e resgate do desaparecido em ambiente de mata&#8230;<\/p>\n","protected":false},"author":5,"featured_media":1760,"comment_status":"open","ping_status":"open","sticky":false,"template":"","format":"standard","meta":{"footnotes":""},"categories":[49],"tags":[493,492,381],"class_list":["post-1759","post","type-post","status-publish","format-standard","has-post-thumbnail","hentry","category-destaques","tag-cbmam","tag-paraquedista","tag-ssp-am"],"yoast_head":"<!-- This site is optimized with the Yoast SEO plugin v24.4 - https:\/\/yoast.com\/wordpress\/plugins\/seo\/ -->\n<title>Buscas continuam por paraquedista desaparecido nesta ter\u00e7a-feira (19\/04) - Not\u00edcias de Todos - Models01<\/title>\n<meta name=\"robots\" content=\"index, follow, max-snippet:-1, max-image-preview:large, max-video-preview:-1\" \/>\n<link rel=\"canonical\" href=\"https:\/\/markd.com.br\/models\/buscas-continuam-por-paraquedista-desaparecido-nesta-terca-feira-19-04\/\" \/>\n<meta property=\"og:locale\" content=\"pt_BR\" \/>\n<meta property=\"og:type\" content=\"article\" \/>\n<meta property=\"og:title\" content=\"Buscas continuam por paraquedista desaparecido nesta ter\u00e7a-feira (19\/04) - Not\u00edcias de Todos - Models01\" \/>\n<meta property=\"og:description\" content=\"Equipes seguem empenhadas no trabalho de localiza\u00e7\u00e3o e resgate do desaparecido em ambiente de mata...\" \/>\n<meta property=\"og:url\" content=\"https:\/\/markd.com.br\/models\/buscas-continuam-por-paraquedista-desaparecido-nesta-terca-feira-19-04\/\" \/>\n<meta property=\"og:site_name\" content=\"Not\u00edcias de Todos - Models01\" \/>\n<meta property=\"article:published_time\" content=\"2022-04-19T17:49:46+00:00\" \/>\n<meta property=\"article:modified_time\" content=\"2022-04-19T17:49:49+00:00\" \/>\n<meta property=\"og:image\" content=\"https:\/\/markd.com.br\/models\/wp-content\/uploads\/2022\/04\/a2540574-7c79-47d7-ab10-45c97cd596d8-650x445-1.jpg\" \/>\n\t<meta property=\"og:image:width\" content=\"650\" \/>\n\t<meta property=\"og:image:height\" content=\"445\" \/>\n\t<meta property=\"og:image:type\" content=\"image\/jpeg\" \/>\n<meta name=\"author\" content=\"Reda\u00e7\u00e3o Reda\u00e7\u00e3o\" \/>\n<meta name=\"twitter:card\" content=\"summary_large_image\" \/>\n<meta name=\"twitter:label1\" content=\"Escrito por\" \/>\n\t<meta name=\"twitter:data1\" content=\"Reda\u00e7\u00e3o Reda\u00e7\u00e3o\" \/>\n\t<meta name=\"twitter:label2\" content=\"Est. tempo de leitura\" \/>\n\t<meta name=\"twitter:data2\" content=\"2 minutos\" \/>\n<script type=\"application\/ld+json\" class=\"yoast-schema-graph\">{\"@context\":\"https:\/\/schema.org\",\"@graph\":[{\"@type\":\"WebPage\",\"@id\":\"https:\/\/markd.com.br\/models\/buscas-continuam-por-paraquedista-desaparecido-nesta-terca-feira-19-04\/\",\"url\":\"https:\/\/markd.com.br\/models\/buscas-continuam-por-paraquedista-desaparecido-nesta-terca-feira-19-04\/\",\"name\":\"Buscas continuam por paraquedista desaparecido nesta ter\u00e7a-feira (19\/04) - Not\u00edcias de Todos - Models01\",\"isPartOf\":{\"@id\":\"https:\/\/markd.com.br\/models\/#website\"},\"primaryImageOfPage\":{\"@id\":\"https:\/\/markd.com.br\/models\/buscas-continuam-por-paraquedista-desaparecido-nesta-terca-feira-19-04\/#primaryimage\"},\"image\":{\"@id\":\"https:\/\/markd.com.br\/models\/buscas-continuam-por-paraquedista-desaparecido-nesta-terca-feira-19-04\/#primaryimage\"},\"thumbnailUrl\":\"https:\/\/markd.com.br\/models\/wp-content\/uploads\/2022\/04\/a2540574-7c79-47d7-ab10-45c97cd596d8-650x445-1.jpg\",\"datePublished\":\"2022-04-19T17:49:46+00:00\",\"dateModified\":\"2022-04-19T17:49:49+00:00\",\"author\":{\"@id\":\"https:\/\/markd.com.br\/models\/#\/schema\/person\/c12a77ab487a7262d8bec3c47301ad37\"},\"breadcrumb\":{\"@id\":\"https:\/\/markd.com.br\/models\/buscas-continuam-por-paraquedista-desaparecido-nesta-terca-feira-19-04\/#breadcrumb\"},\"inLanguage\":\"pt-BR\",\"potentialAction\":[{\"@type\":\"ReadAction\",\"target\":[\"https:\/\/markd.com.br\/models\/buscas-continuam-por-paraquedista-desaparecido-nesta-terca-feira-19-04\/\"]}]},{\"@type\":\"ImageObject\",\"inLanguage\":\"pt-BR\",\"@id\":\"https:\/\/markd.com.br\/models\/buscas-continuam-por-paraquedista-desaparecido-nesta-terca-feira-19-04\/#primaryimage\",\"url\":\"https:\/\/markd.com.br\/models\/wp-content\/uploads\/2022\/04\/a2540574-7c79-47d7-ab10-45c97cd596d8-650x445-1.jpg\",\"contentUrl\":\"https:\/\/markd.com.br\/models\/wp-content\/uploads\/2022\/04\/a2540574-7c79-47d7-ab10-45c97cd596d8-650x445-1.jpg\",\"width\":650,\"height\":445},{\"@type\":\"BreadcrumbList\",\"@id\":\"https:\/\/markd.com.br\/models\/buscas-continuam-por-paraquedista-desaparecido-nesta-terca-feira-19-04\/#breadcrumb\",\"itemListElement\":[{\"@type\":\"ListItem\",\"position\":1,\"name\":\"In\u00edcio\",\"item\":\"https:\/\/markd.com.br\/models\/\"},{\"@type\":\"ListItem\",\"position\":2,\"name\":\"Buscas continuam por paraquedista desaparecido nesta ter\u00e7a-feira (19\/04)\"}]},{\"@type\":\"WebSite\",\"@id\":\"https:\/\/markd.com.br\/models\/#website\",\"url\":\"https:\/\/markd.com.br\/models\/\",\"name\":\"Not\u00edcias de Todos - Models01\",\"description\":\"Tenha um Portal de Not\u00edcias Moderno, Din\u00e2mico, R\u00e1pido e Profissional. Entregamos seu Site de  Not\u00edcias Pronto, Instalado, Hospedado, com Manual Passo a Passo e Suporte 24 horas.\",\"potentialAction\":[{\"@type\":\"SearchAction\",\"target\":{\"@type\":\"EntryPoint\",\"urlTemplate\":\"https:\/\/markd.com.br\/models\/?s={search_term_string}\"},\"query-input\":{\"@type\":\"PropertyValueSpecification\",\"valueRequired\":true,\"valueName\":\"search_term_string\"}}],\"inLanguage\":\"pt-BR\"},{\"@type\":\"Person\",\"@id\":\"https:\/\/markd.com.br\/models\/#\/schema\/person\/c12a77ab487a7262d8bec3c47301ad37\",\"name\":\"Reda\u00e7\u00e3o Reda\u00e7\u00e3o\",\"image\":{\"@type\":\"ImageObject\",\"inLanguage\":\"pt-BR\",\"@id\":\"https:\/\/markd.com.br\/models\/#\/schema\/person\/image\/\",\"url\":\"https:\/\/secure.gravatar.com\/avatar\/9448f3599ce269febf169e183039b4a6?s=96&d=mm&r=g\",\"contentUrl\":\"https:\/\/secure.gravatar.com\/avatar\/9448f3599ce269febf169e183039b4a6?s=96&d=mm&r=g\",\"caption\":\"Reda\u00e7\u00e3o Reda\u00e7\u00e3o\"},\"sameAs\":[\"https:\/\/markd.com.br\/\"],\"url\":\"https:\/\/markd.com.br\/models\/author\/redacao\/\"}]}<\/script>\n<!-- \/ Yoast SEO plugin. -->","yoast_head_json":{"title":"Buscas continuam por paraquedista desaparecido nesta ter\u00e7a-feira (19\/04) - Not\u00edcias de Todos - Models01","robots":{"index":"index","follow":"follow","max-snippet":"max-snippet:-1","max-image-preview":"max-image-preview:large","max-video-preview":"max-video-preview:-1"},"canonical":"https:\/\/markd.com.br\/models\/buscas-continuam-por-paraquedista-desaparecido-nesta-terca-feira-19-04\/","og_locale":"pt_BR","og_type":"article","og_title":"Buscas continuam por paraquedista desaparecido nesta ter\u00e7a-feira (19\/04) - Not\u00edcias de Todos - Models01","og_description":"Equipes seguem empenhadas no trabalho de localiza\u00e7\u00e3o e resgate do desaparecido em ambiente de mata...","og_url":"https:\/\/markd.com.br\/models\/buscas-continuam-por-paraquedista-desaparecido-nesta-terca-feira-19-04\/","og_site_name":"Not\u00edcias de Todos - Models01","article_published_time":"2022-04-19T17:49:46+00:00","article_modified_time":"2022-04-19T17:49:49+00:00","og_image":[{"width":650,"height":445,"url":"https:\/\/markd.com.br\/models\/wp-content\/uploads\/2022\/04\/a2540574-7c79-47d7-ab10-45c97cd596d8-650x445-1.jpg","type":"image\/jpeg"}],"author":"Reda\u00e7\u00e3o Reda\u00e7\u00e3o","twitter_card":"summary_large_image","twitter_misc":{"Escrito por":"Reda\u00e7\u00e3o Reda\u00e7\u00e3o","Est. tempo de leitura":"2 minutos"},"schema":{"@context":"https:\/\/schema.org","@graph":[{"@type":"WebPage","@id":"https:\/\/markd.com.br\/models\/buscas-continuam-por-paraquedista-desaparecido-nesta-terca-feira-19-04\/","url":"https:\/\/markd.com.br\/models\/buscas-continuam-por-paraquedista-desaparecido-nesta-terca-feira-19-04\/","name":"Buscas continuam por paraquedista desaparecido nesta ter\u00e7a-feira (19\/04) - Not\u00edcias de Todos - Models01","isPartOf":{"@id":"https:\/\/markd.com.br\/models\/#website"},"primaryImageOfPage":{"@id":"https:\/\/markd.com.br\/models\/buscas-continuam-por-paraquedista-desaparecido-nesta-terca-feira-19-04\/#primaryimage"},"image":{"@id":"https:\/\/markd.com.br\/models\/buscas-continuam-por-paraquedista-desaparecido-nesta-terca-feira-19-04\/#primaryimage"},"thumbnailUrl":"https:\/\/markd.com.br\/models\/wp-content\/uploads\/2022\/04\/a2540574-7c79-47d7-ab10-45c97cd596d8-650x445-1.jpg","datePublished":"2022-04-19T17:49:46+00:00","dateModified":"2022-04-19T17:49:49+00:00","author":{"@id":"https:\/\/markd.com.br\/models\/#\/schema\/person\/c12a77ab487a7262d8bec3c47301ad37"},"breadcrumb":{"@id":"https:\/\/markd.com.br\/models\/buscas-continuam-por-paraquedista-desaparecido-nesta-terca-feira-19-04\/#breadcrumb"},"inLanguage":"pt-BR","potentialAction":[{"@type":"ReadAction","target":["https:\/\/markd.com.br\/models\/buscas-continuam-por-paraquedista-desaparecido-nesta-terca-feira-19-04\/"]}]},{"@type":"ImageObject","inLanguage":"pt-BR","@id":"https:\/\/markd.com.br\/models\/buscas-continuam-por-paraquedista-desaparecido-nesta-terca-feira-19-04\/#primaryimage","url":"https:\/\/markd.com.br\/models\/wp-content\/uploads\/2022\/04\/a2540574-7c79-47d7-ab10-45c97cd596d8-650x445-1.jpg","contentUrl":"https:\/\/markd.com.br\/models\/wp-content\/uploads\/2022\/04\/a2540574-7c79-47d7-ab10-45c97cd596d8-650x445-1.jpg","width":650,"height":445},{"@type":"BreadcrumbList","@id":"https:\/\/markd.com.br\/models\/buscas-continuam-por-paraquedista-desaparecido-nesta-terca-feira-19-04\/#breadcrumb","itemListElement":[{"@type":"ListItem","position":1,"name":"In\u00edcio","item":"https:\/\/markd.com.br\/models\/"},{"@type":"ListItem","position":2,"name":"Buscas continuam por paraquedista desaparecido nesta ter\u00e7a-feira (19\/04)"}]},{"@type":"WebSite","@id":"https:\/\/markd.com.br\/models\/#website","url":"https:\/\/markd.com.br\/models\/","name":"Not\u00edcias de Todos - Models01","description":"Tenha um Portal de Not\u00edcias Moderno, Din\u00e2mico, R\u00e1pido e Profissional. Entregamos seu Site de  Not\u00edcias Pronto, Instalado, Hospedado, com Manual Passo a Passo e Suporte 24 horas.","potentialAction":[{"@type":"SearchAction","target":{"@type":"EntryPoint","urlTemplate":"https:\/\/markd.com.br\/models\/?s={search_term_string}"},"query-input":{"@type":"PropertyValueSpecification","valueRequired":true,"valueName":"search_term_string"}}],"inLanguage":"pt-BR"},{"@type":"Person","@id":"https:\/\/markd.com.br\/models\/#\/schema\/person\/c12a77ab487a7262d8bec3c47301ad37","name":"Reda\u00e7\u00e3o Reda\u00e7\u00e3o","image":{"@type":"ImageObject","inLanguage":"pt-BR","@id":"https:\/\/markd.com.br\/models\/#\/schema\/person\/image\/","url":"https:\/\/secure.gravatar.com\/avatar\/9448f3599ce269febf169e183039b4a6?s=96&d=mm&r=g","contentUrl":"https:\/\/secure.gravatar.com\/avatar\/9448f3599ce269febf169e183039b4a6?s=96&d=mm&r=g","caption":"Reda\u00e7\u00e3o Reda\u00e7\u00e3o"},"sameAs":["https:\/\/markd.com.br\/"],"url":"https:\/\/markd.com.br\/models\/author\/redacao\/"}]}},"featured_image_urls":{"full":["https:\/\/markd.com.br\/models\/wp-content\/uploads\/2022\/04\/a2540574-7c79-47d7-ab10-45c97cd596d8-650x445-1.jpg",650,445,false],"thumbnail":["https:\/\/markd.com.br\/models\/wp-content\/uploads\/2022\/04\/a2540574-7c79-47d7-ab10-45c97cd596d8-650x445-1-150x150.jpg",150,150,true],"medium":["https:\/\/markd.com.br\/models\/wp-content\/uploads\/2022\/04\/a2540574-7c79-47d7-ab10-45c97cd596d8-650x445-1-300x205.jpg",300,205,true],"medium_large":["https:\/\/markd.com.br\/models\/wp-content\/uploads\/2022\/04\/a2540574-7c79-47d7-ab10-45c97cd596d8-650x445-1.jpg",640,438,false],"large":["https:\/\/markd.com.br\/models\/wp-content\/uploads\/2022\/04\/a2540574-7c79-47d7-ab10-45c97cd596d8-650x445-1.jpg",640,438,false],"1536x1536":["https:\/\/markd.com.br\/models\/wp-content\/uploads\/2022\/04\/a2540574-7c79-47d7-ab10-45c97cd596d8-650x445-1.jpg",650,445,false],"2048x2048":["https:\/\/markd.com.br\/models\/wp-content\/uploads\/2022\/04\/a2540574-7c79-47d7-ab10-45c97cd596d8-650x445-1.jpg",650,445,false],"newsphere-slider-full":["https:\/\/markd.com.br\/models\/wp-content\/uploads\/2022\/04\/a2540574-7c79-47d7-ab10-45c97cd596d8-650x445-1.jpg",650,445,false],"newsphere-featured":["https:\/\/markd.com.br\/models\/wp-content\/uploads\/2022\/04\/a2540574-7c79-47d7-ab10-45c97cd596d8-650x445-1.jpg",650,445,false],"newsphere-medium":["https:\/\/markd.com.br\/models\/wp-content\/uploads\/2022\/04\/a2540574-7c79-47d7-ab10-45c97cd596d8-650x445-1-650x380.jpg",650,380,true]},"author_info":{"display_name":"Reda\u00e7\u00e3o Reda\u00e7\u00e3o","author_link":"https:\/\/markd.com.br\/models\/author\/redacao\/"},"category_info":"<a href=\"https:\/\/markd.com.br\/models\/category\/destaques\/\" rel=\"category tag\">destaques<\/a>","tag_info":"destaques","comment_count":"0","jetpack_featured_media_url":"https:\/\/markd.com.br\/models\/wp-content\/uploads\/2022\/04\/a2540574-7c79-47d7-ab10-45c97cd596d8-650x445-1.jpg","_links":{"self":[{"href":"https:\/\/markd.com.br\/models\/wp-json\/wp\/v2\/posts\/1759","targetHints":{"allow":["GET"]}}],"collection":[{"href":"https:\/\/markd.com.br\/models\/wp-json\/wp\/v2\/posts"}],"about":[{"href":"https:\/\/markd.com.br\/models\/wp-json\/wp\/v2\/types\/post"}],"author":[{"embeddable":true,"href":"https:\/\/markd.com.br\/models\/wp-json\/wp\/v2\/users\/5"}],"replies":[{"embeddable":true,"href":"https:\/\/markd.com.br\/models\/wp-json\/wp\/v2\/comments?post=1759"}],"version-history":[{"count":1,"href":"https:\/\/markd.com.br\/models\/wp-json\/wp\/v2\/posts\/1759\/revisions"}],"predecessor-version":[{"id":1761,"href":"https:\/\/markd.com.br\/models\/wp-json\/wp\/v2\/posts\/1759\/revisions\/1761"}],"wp:featuredmedia":[{"embeddable":true,"href":"https:\/\/markd.com.br\/models\/wp-json\/wp\/v2\/media\/1760"}],"wp:attachment":[{"href":"https:\/\/markd.com.br\/models\/wp-json\/wp\/v2\/media?parent=1759"}],"wp:term":[{"taxonomy":"category","embeddable":true,"href":"https:\/\/markd.com.br\/models\/wp-json\/wp\/v2\/categories?post=1759"},{"taxonomy":"post_tag","embeddable":true,"href":"https:\/\/markd.com.br\/models\/wp-json\/wp\/v2\/tags?post=1759"}],"curies":[{"name":"wp","href":"https:\/\/api.w.org\/{rel}","templated":true}]}}