{"id":1762,"date":"2022-04-19T14:54:38","date_gmt":"2022-04-19T17:54:38","guid":{"rendered":"https:\/\/portaldestaquenoticias.com.br\/?p=1762"},"modified":"2022-04-19T14:54:41","modified_gmt":"2022-04-19T17:54:41","slug":"governo-do-estado-promove-atendimentos-do-credito-solidario-na-capital","status":"publish","type":"post","link":"https:\/\/markd.com.br\/models\/governo-do-estado-promove-atendimentos-do-credito-solidario-na-capital\/","title":{"rendered":"Governo do Estado promove atendimentos do Cr\u00e9dito Solid\u00e1rio na capital"},"content":{"rendered":"\n<p><\/p>\n\n\n\n<p>A\u00e7\u00f5es em duas zonas de Manaus t\u00eam estimativa de atender 400 proponentes no programa, e contam com recursos de R$ 800 mil<\/p>\n\n\n\n<p>O Governo do Amazonas, por meio do Fundo de Promo\u00e7\u00e3o Social e Erradica\u00e7\u00e3o da Pobreza (FPS), realiza a primeira a\u00e7\u00e3o do Cr\u00e9dito Solid\u00e1rio de 2022 em Manaus. A iniciativa acontece nesta ter\u00e7a e quarta-feira (19 e 20\/04), com atendimentos no Centro Estadual de Conviv\u00eancia da Fam\u00edlia (CECF) Teon\u00edzia Lobo, no bairro Mutir\u00e3o, zona norte; e no Centro Estadual de Refer\u00eancia e Apoio \u00e0 Mulher (Cream), no bairro Educandos, zona sul.<\/p>\n\n\n\n<p>Os atendimentos no CECF Teon\u00edzia Lobo \u2013 conhecido popularmente como Ara \u2013 e no Cream ser\u00e3o realizados das 8h30 \u00e0s 16h30. O programa ir\u00e1 disponibilizar, em cada a\u00e7\u00e3o, R$ 400 mil para 200 proponentes, totalizando R$ 800 mil em recursos para 400 pequenos empreendedores aprovados.<\/p>\n\n\n\n<p>O Cr\u00e9dito Solid\u00e1rio disponibiliza o acesso ao cr\u00e9dito desburocratizado, de cunho social, voltado a pessoas sem v\u00ednculos empregat\u00edcios desempregadas ou subempregadas, possibilitando a inser\u00e7\u00e3o do cidad\u00e3o no mercado de trabalho, visando a autossustentabilidade por meio de sua gera\u00e7\u00e3o de renda, na atividade declarada no atendimento.<\/p>\n\n\n\n<p>Documenta\u00e7\u00e3o \u2013 Os documentos necess\u00e1rios para o cadastro s\u00e3o RG (original e c\u00f3pia); CPF (original e c\u00f3pia); comprovante de resid\u00eancia atualizado no nome do solicitante e com CEP (\u00e1gua\/luz\/telefone\/IPTU, original e c\u00f3pia) ou, caso more alugado, contrato ou declara\u00e7\u00e3o de aluguel assinada e com c\u00f3pia do RG e CPF do propriet\u00e1rio; e comprovante do estado civil (original e c\u00f3pia), com c\u00f3pia de RG e CPF do companheiro.<\/p>\n\n\n\n<p>Al\u00e9m da documenta\u00e7\u00e3o, \u00e9 necess\u00e1rio que o proponente n\u00e3o possua CNPJ ou MEI, d\u00edvidas em bancos, em lojas ou protesto em cart\u00f3rio, com exce\u00e7\u00e3o das d\u00edvidas em lojas com credi\u00e1rio pr\u00f3prio, at\u00e9 o limite m\u00e1ximo de R$ 1 mil. Aposentados e benefici\u00e1rios de aux\u00edlio-doen\u00e7a tamb\u00e9m s\u00e3o restringidos no Programa.<\/p>\n\n\n\n<p>Objetivo \u2013 A a\u00e7\u00e3o do programa Cr\u00e9dito Solid\u00e1rio visa disponibilizar financiamentos com linhas de cr\u00e9dito para fomentar o mercado de trabalho informal na capital amazonense para pessoas que desejam ser inclu\u00eddas no contexto socioecon\u00f4mico, realizando trabalhos informais para a gera\u00e7\u00e3o de renda familiar, desenvolvendo atividades ligadas \u00e0 presta\u00e7\u00e3o de servi\u00e7os como profissionais da beleza, vendas de lanches, confec\u00e7\u00f5es, artesanato e outros.<\/p>\n\n\n\n<p>O valor dispon\u00edvel para cada aprovado vai de R$ 500 a R$ 2 mil.<\/p>\n\n\n\n<p>Cr\u00e9dito Solid\u00e1rio \u2013 O programa do Governo do Estado disponibiliza o acesso ao cr\u00e9dito de forma orientada e desburocratizada, com o objetivo de promover o resgate social e econ\u00f4mico a pessoas que se encontram em situa\u00e7\u00e3o de vulnerabilidade social e econ\u00f4mica, sejam elas desempregadas, sem v\u00ednculos empregat\u00edcios ou subempregadas, buscando oferecer uma alternativa de cr\u00e9dito.<\/p>\n\n\n\n<p>A a\u00e7\u00e3o disponibiliza recursos que servir\u00e3o como capital de giro para micro e pequenos empreendedores, permitindo-lhes impulsionar seus neg\u00f3cios e, dessa forma, conquistar uma fonte de renda segura.<\/p>\n\n\n\n<p>Parceria \u2013 O Cr\u00e9dito Solid\u00e1rio \u00e9 resultado de uma parceria entre o FPS e a Ag\u00eancia de Fomento do Estado do Amazonas (Afeam), com o objetivo de levar um sistema de financiamento para pessoas desempregadas ou subempregadas, o que tornar\u00e1 poss\u00edvel sua autossustentabilidade e melhor qualidade de vida.<\/p>\n\n\n\n<p>FPS \u2013 O Fundo de Promo\u00e7\u00e3o Social e Erradica\u00e7\u00e3o da Pobreza atua fomentando projetos autossustent\u00e1veis, de gera\u00e7\u00e3o de emprego, renda e inclus\u00e3o social, que garantam os direitos dos idosos, crian\u00e7as, adolescentes, pessoas com defici\u00eancia e pessoas em situa\u00e7\u00e3o de vulnerabilidade social e econ\u00f4mica.<\/p>\n\n\n\n<figure class=\"wp-block-image\"><img decoding=\"async\" src=\"https:\/\/sp-ao.shortpixel.ai\/client\/to_auto,q_glossy,ret_img,w_1024,h_1024\/https:\/\/portalmancheteam.com.br\/wp-content\/uploads\/2022\/04\/93c59ab3-b01c-4ff7-ad87-21a58e2d9ee8-1024x1024.jpg\" alt=\"\" class=\"wp-image-84336\"\/><\/figure>\n\n\n\n<p>FOTOS: Arquivo FPS<\/p>\n\n\n\n<p>Informa\u00e7\u00f5es para a imprensa: Assessoria de Comunica\u00e7\u00e3o do Fundo de Promo\u00e7\u00e3o Social e Erradica\u00e7\u00e3o da Pobreza: Nilo Diogo (99504-8596 e 3303-8319).<\/p>\n","protected":false},"excerpt":{"rendered":"<p>A\u00e7\u00f5es em duas zonas de Manaus t\u00eam estimativa de atender 400 proponentes no programa, e&#8230;<\/p>\n","protected":false},"author":5,"featured_media":1763,"comment_status":"open","ping_status":"open","sticky":false,"template":"","format":"standard","meta":{"footnotes":""},"categories":[51],"tags":[495,496,52],"class_list":["post-1762","post","type-post","status-publish","format-standard","has-post-thumbnail","hentry","category-governo-do-amazonas","tag-cream","tag-fps","tag-governo-do-amazonas"],"yoast_head":"<!-- This site is optimized with the Yoast SEO plugin v24.4 - https:\/\/yoast.com\/wordpress\/plugins\/seo\/ -->\n<title>Governo do Estado promove atendimentos do Cr\u00e9dito Solid\u00e1rio na capital - Not\u00edcias de Todos - Models01<\/title>\n<meta name=\"robots\" content=\"index, follow, max-snippet:-1, max-image-preview:large, max-video-preview:-1\" \/>\n<link rel=\"canonical\" href=\"https:\/\/markd.com.br\/models\/governo-do-estado-promove-atendimentos-do-credito-solidario-na-capital\/\" \/>\n<meta property=\"og:locale\" content=\"pt_BR\" \/>\n<meta property=\"og:type\" content=\"article\" \/>\n<meta property=\"og:title\" content=\"Governo do Estado promove atendimentos do Cr\u00e9dito Solid\u00e1rio na capital - Not\u00edcias de Todos - Models01\" \/>\n<meta property=\"og:description\" content=\"A\u00e7\u00f5es em duas zonas de Manaus t\u00eam estimativa de atender 400 proponentes no programa, e...\" \/>\n<meta property=\"og:url\" content=\"https:\/\/markd.com.br\/models\/governo-do-estado-promove-atendimentos-do-credito-solidario-na-capital\/\" \/>\n<meta property=\"og:site_name\" content=\"Not\u00edcias de Todos - Models01\" \/>\n<meta property=\"article:published_time\" content=\"2022-04-19T17:54:38+00:00\" \/>\n<meta property=\"article:modified_time\" content=\"2022-04-19T17:54:41+00:00\" \/>\n<meta property=\"og:image\" content=\"https:\/\/markd.com.br\/models\/wp-content\/uploads\/2022\/04\/6393e441-0a47-4232-882c-66d91692dffb-650x445-1.jpg\" \/>\n\t<meta property=\"og:image:width\" content=\"650\" \/>\n\t<meta property=\"og:image:height\" content=\"445\" \/>\n\t<meta property=\"og:image:type\" content=\"image\/jpeg\" \/>\n<meta name=\"author\" content=\"Reda\u00e7\u00e3o Reda\u00e7\u00e3o\" \/>\n<meta name=\"twitter:card\" content=\"summary_large_image\" \/>\n<meta name=\"twitter:label1\" content=\"Escrito por\" \/>\n\t<meta name=\"twitter:data1\" content=\"Reda\u00e7\u00e3o Reda\u00e7\u00e3o\" \/>\n\t<meta name=\"twitter:label2\" content=\"Est. tempo de leitura\" \/>\n\t<meta name=\"twitter:data2\" content=\"4 minutos\" \/>\n<script type=\"application\/ld+json\" class=\"yoast-schema-graph\">{\"@context\":\"https:\/\/schema.org\",\"@graph\":[{\"@type\":\"WebPage\",\"@id\":\"https:\/\/markd.com.br\/models\/governo-do-estado-promove-atendimentos-do-credito-solidario-na-capital\/\",\"url\":\"https:\/\/markd.com.br\/models\/governo-do-estado-promove-atendimentos-do-credito-solidario-na-capital\/\",\"name\":\"Governo do Estado promove atendimentos do Cr\u00e9dito Solid\u00e1rio na capital - Not\u00edcias de Todos - Models01\",\"isPartOf\":{\"@id\":\"https:\/\/markd.com.br\/models\/#website\"},\"primaryImageOfPage\":{\"@id\":\"https:\/\/markd.com.br\/models\/governo-do-estado-promove-atendimentos-do-credito-solidario-na-capital\/#primaryimage\"},\"image\":{\"@id\":\"https:\/\/markd.com.br\/models\/governo-do-estado-promove-atendimentos-do-credito-solidario-na-capital\/#primaryimage\"},\"thumbnailUrl\":\"https:\/\/markd.com.br\/models\/wp-content\/uploads\/2022\/04\/6393e441-0a47-4232-882c-66d91692dffb-650x445-1.jpg\",\"datePublished\":\"2022-04-19T17:54:38+00:00\",\"dateModified\":\"2022-04-19T17:54:41+00:00\",\"author\":{\"@id\":\"https:\/\/markd.com.br\/models\/#\/schema\/person\/c12a77ab487a7262d8bec3c47301ad37\"},\"breadcrumb\":{\"@id\":\"https:\/\/markd.com.br\/models\/governo-do-estado-promove-atendimentos-do-credito-solidario-na-capital\/#breadcrumb\"},\"inLanguage\":\"pt-BR\",\"potentialAction\":[{\"@type\":\"ReadAction\",\"target\":[\"https:\/\/markd.com.br\/models\/governo-do-estado-promove-atendimentos-do-credito-solidario-na-capital\/\"]}]},{\"@type\":\"ImageObject\",\"inLanguage\":\"pt-BR\",\"@id\":\"https:\/\/markd.com.br\/models\/governo-do-estado-promove-atendimentos-do-credito-solidario-na-capital\/#primaryimage\",\"url\":\"https:\/\/markd.com.br\/models\/wp-content\/uploads\/2022\/04\/6393e441-0a47-4232-882c-66d91692dffb-650x445-1.jpg\",\"contentUrl\":\"https:\/\/markd.com.br\/models\/wp-content\/uploads\/2022\/04\/6393e441-0a47-4232-882c-66d91692dffb-650x445-1.jpg\",\"width\":650,\"height\":445},{\"@type\":\"BreadcrumbList\",\"@id\":\"https:\/\/markd.com.br\/models\/governo-do-estado-promove-atendimentos-do-credito-solidario-na-capital\/#breadcrumb\",\"itemListElement\":[{\"@type\":\"ListItem\",\"position\":1,\"name\":\"In\u00edcio\",\"item\":\"https:\/\/markd.com.br\/models\/\"},{\"@type\":\"ListItem\",\"position\":2,\"name\":\"Governo do Estado promove atendimentos do Cr\u00e9dito Solid\u00e1rio na capital\"}]},{\"@type\":\"WebSite\",\"@id\":\"https:\/\/markd.com.br\/models\/#website\",\"url\":\"https:\/\/markd.com.br\/models\/\",\"name\":\"Not\u00edcias de Todos - Models01\",\"description\":\"Tenha um Portal de Not\u00edcias Moderno, Din\u00e2mico, R\u00e1pido e Profissional. Entregamos seu Site de  Not\u00edcias Pronto, Instalado, Hospedado, com Manual Passo a Passo e Suporte 24 horas.\",\"potentialAction\":[{\"@type\":\"SearchAction\",\"target\":{\"@type\":\"EntryPoint\",\"urlTemplate\":\"https:\/\/markd.com.br\/models\/?s={search_term_string}\"},\"query-input\":{\"@type\":\"PropertyValueSpecification\",\"valueRequired\":true,\"valueName\":\"search_term_string\"}}],\"inLanguage\":\"pt-BR\"},{\"@type\":\"Person\",\"@id\":\"https:\/\/markd.com.br\/models\/#\/schema\/person\/c12a77ab487a7262d8bec3c47301ad37\",\"name\":\"Reda\u00e7\u00e3o Reda\u00e7\u00e3o\",\"image\":{\"@type\":\"ImageObject\",\"inLanguage\":\"pt-BR\",\"@id\":\"https:\/\/markd.com.br\/models\/#\/schema\/person\/image\/\",\"url\":\"https:\/\/secure.gravatar.com\/avatar\/9448f3599ce269febf169e183039b4a6?s=96&d=mm&r=g\",\"contentUrl\":\"https:\/\/secure.gravatar.com\/avatar\/9448f3599ce269febf169e183039b4a6?s=96&d=mm&r=g\",\"caption\":\"Reda\u00e7\u00e3o Reda\u00e7\u00e3o\"},\"sameAs\":[\"https:\/\/markd.com.br\/\"],\"url\":\"https:\/\/markd.com.br\/models\/author\/redacao\/\"}]}<\/script>\n<!-- \/ Yoast SEO plugin. -->","yoast_head_json":{"title":"Governo do Estado promove atendimentos do Cr\u00e9dito Solid\u00e1rio na capital - Not\u00edcias de Todos - Models01","robots":{"index":"index","follow":"follow","max-snippet":"max-snippet:-1","max-image-preview":"max-image-preview:large","max-video-preview":"max-video-preview:-1"},"canonical":"https:\/\/markd.com.br\/models\/governo-do-estado-promove-atendimentos-do-credito-solidario-na-capital\/","og_locale":"pt_BR","og_type":"article","og_title":"Governo do Estado promove atendimentos do Cr\u00e9dito Solid\u00e1rio na capital - Not\u00edcias de Todos - Models01","og_description":"A\u00e7\u00f5es em duas zonas de Manaus t\u00eam estimativa de atender 400 proponentes no programa, e...","og_url":"https:\/\/markd.com.br\/models\/governo-do-estado-promove-atendimentos-do-credito-solidario-na-capital\/","og_site_name":"Not\u00edcias de Todos - Models01","article_published_time":"2022-04-19T17:54:38+00:00","article_modified_time":"2022-04-19T17:54:41+00:00","og_image":[{"width":650,"height":445,"url":"https:\/\/markd.com.br\/models\/wp-content\/uploads\/2022\/04\/6393e441-0a47-4232-882c-66d91692dffb-650x445-1.jpg","type":"image\/jpeg"}],"author":"Reda\u00e7\u00e3o Reda\u00e7\u00e3o","twitter_card":"summary_large_image","twitter_misc":{"Escrito por":"Reda\u00e7\u00e3o Reda\u00e7\u00e3o","Est. tempo de leitura":"4 minutos"},"schema":{"@context":"https:\/\/schema.org","@graph":[{"@type":"WebPage","@id":"https:\/\/markd.com.br\/models\/governo-do-estado-promove-atendimentos-do-credito-solidario-na-capital\/","url":"https:\/\/markd.com.br\/models\/governo-do-estado-promove-atendimentos-do-credito-solidario-na-capital\/","name":"Governo do Estado promove atendimentos do Cr\u00e9dito Solid\u00e1rio na capital - Not\u00edcias de Todos - Models01","isPartOf":{"@id":"https:\/\/markd.com.br\/models\/#website"},"primaryImageOfPage":{"@id":"https:\/\/markd.com.br\/models\/governo-do-estado-promove-atendimentos-do-credito-solidario-na-capital\/#primaryimage"},"image":{"@id":"https:\/\/markd.com.br\/models\/governo-do-estado-promove-atendimentos-do-credito-solidario-na-capital\/#primaryimage"},"thumbnailUrl":"https:\/\/markd.com.br\/models\/wp-content\/uploads\/2022\/04\/6393e441-0a47-4232-882c-66d91692dffb-650x445-1.jpg","datePublished":"2022-04-19T17:54:38+00:00","dateModified":"2022-04-19T17:54:41+00:00","author":{"@id":"https:\/\/markd.com.br\/models\/#\/schema\/person\/c12a77ab487a7262d8bec3c47301ad37"},"breadcrumb":{"@id":"https:\/\/markd.com.br\/models\/governo-do-estado-promove-atendimentos-do-credito-solidario-na-capital\/#breadcrumb"},"inLanguage":"pt-BR","potentialAction":[{"@type":"ReadAction","target":["https:\/\/markd.com.br\/models\/governo-do-estado-promove-atendimentos-do-credito-solidario-na-capital\/"]}]},{"@type":"ImageObject","inLanguage":"pt-BR","@id":"https:\/\/markd.com.br\/models\/governo-do-estado-promove-atendimentos-do-credito-solidario-na-capital\/#primaryimage","url":"https:\/\/markd.com.br\/models\/wp-content\/uploads\/2022\/04\/6393e441-0a47-4232-882c-66d91692dffb-650x445-1.jpg","contentUrl":"https:\/\/markd.com.br\/models\/wp-content\/uploads\/2022\/04\/6393e441-0a47-4232-882c-66d91692dffb-650x445-1.jpg","width":650,"height":445},{"@type":"BreadcrumbList","@id":"https:\/\/markd.com.br\/models\/governo-do-estado-promove-atendimentos-do-credito-solidario-na-capital\/#breadcrumb","itemListElement":[{"@type":"ListItem","position":1,"name":"In\u00edcio","item":"https:\/\/markd.com.br\/models\/"},{"@type":"ListItem","position":2,"name":"Governo do Estado promove atendimentos do Cr\u00e9dito Solid\u00e1rio na capital"}]},{"@type":"WebSite","@id":"https:\/\/markd.com.br\/models\/#website","url":"https:\/\/markd.com.br\/models\/","name":"Not\u00edcias de Todos - Models01","description":"Tenha um Portal de Not\u00edcias Moderno, Din\u00e2mico, R\u00e1pido e Profissional. Entregamos seu Site de  Not\u00edcias Pronto, Instalado, Hospedado, com Manual Passo a Passo e Suporte 24 horas.","potentialAction":[{"@type":"SearchAction","target":{"@type":"EntryPoint","urlTemplate":"https:\/\/markd.com.br\/models\/?s={search_term_string}"},"query-input":{"@type":"PropertyValueSpecification","valueRequired":true,"valueName":"search_term_string"}}],"inLanguage":"pt-BR"},{"@type":"Person","@id":"https:\/\/markd.com.br\/models\/#\/schema\/person\/c12a77ab487a7262d8bec3c47301ad37","name":"Reda\u00e7\u00e3o Reda\u00e7\u00e3o","image":{"@type":"ImageObject","inLanguage":"pt-BR","@id":"https:\/\/markd.com.br\/models\/#\/schema\/person\/image\/","url":"https:\/\/secure.gravatar.com\/avatar\/9448f3599ce269febf169e183039b4a6?s=96&d=mm&r=g","contentUrl":"https:\/\/secure.gravatar.com\/avatar\/9448f3599ce269febf169e183039b4a6?s=96&d=mm&r=g","caption":"Reda\u00e7\u00e3o Reda\u00e7\u00e3o"},"sameAs":["https:\/\/markd.com.br\/"],"url":"https:\/\/markd.com.br\/models\/author\/redacao\/"}]}},"featured_image_urls":{"full":["https:\/\/markd.com.br\/models\/wp-content\/uploads\/2022\/04\/6393e441-0a47-4232-882c-66d91692dffb-650x445-1.jpg",650,445,false],"thumbnail":["https:\/\/markd.com.br\/models\/wp-content\/uploads\/2022\/04\/6393e441-0a47-4232-882c-66d91692dffb-650x445-1-150x150.jpg",150,150,true],"medium":["https:\/\/markd.com.br\/models\/wp-content\/uploads\/2022\/04\/6393e441-0a47-4232-882c-66d91692dffb-650x445-1-300x205.jpg",300,205,true],"medium_large":["https:\/\/markd.com.br\/models\/wp-content\/uploads\/2022\/04\/6393e441-0a47-4232-882c-66d91692dffb-650x445-1.jpg",640,438,false],"large":["https:\/\/markd.com.br\/models\/wp-content\/uploads\/2022\/04\/6393e441-0a47-4232-882c-66d91692dffb-650x445-1.jpg",640,438,false],"1536x1536":["https:\/\/markd.com.br\/models\/wp-content\/uploads\/2022\/04\/6393e441-0a47-4232-882c-66d91692dffb-650x445-1.jpg",650,445,false],"2048x2048":["https:\/\/markd.com.br\/models\/wp-content\/uploads\/2022\/04\/6393e441-0a47-4232-882c-66d91692dffb-650x445-1.jpg",650,445,false],"newsphere-slider-full":["https:\/\/markd.com.br\/models\/wp-content\/uploads\/2022\/04\/6393e441-0a47-4232-882c-66d91692dffb-650x445-1.jpg",650,445,false],"newsphere-featured":["https:\/\/markd.com.br\/models\/wp-content\/uploads\/2022\/04\/6393e441-0a47-4232-882c-66d91692dffb-650x445-1.jpg",650,445,false],"newsphere-medium":["https:\/\/markd.com.br\/models\/wp-content\/uploads\/2022\/04\/6393e441-0a47-4232-882c-66d91692dffb-650x445-1-650x380.jpg",650,380,true]},"author_info":{"display_name":"Reda\u00e7\u00e3o Reda\u00e7\u00e3o","author_link":"https:\/\/markd.com.br\/models\/author\/redacao\/"},"category_info":"<a href=\"https:\/\/markd.com.br\/models\/category\/governo-do-amazonas\/\" rel=\"category tag\">Governo do amazonas<\/a>","tag_info":"Governo do amazonas","comment_count":"0","jetpack_featured_media_url":"https:\/\/markd.com.br\/models\/wp-content\/uploads\/2022\/04\/6393e441-0a47-4232-882c-66d91692dffb-650x445-1.jpg","_links":{"self":[{"href":"https:\/\/markd.com.br\/models\/wp-json\/wp\/v2\/posts\/1762","targetHints":{"allow":["GET"]}}],"collection":[{"href":"https:\/\/markd.com.br\/models\/wp-json\/wp\/v2\/posts"}],"about":[{"href":"https:\/\/markd.com.br\/models\/wp-json\/wp\/v2\/types\/post"}],"author":[{"embeddable":true,"href":"https:\/\/markd.com.br\/models\/wp-json\/wp\/v2\/users\/5"}],"replies":[{"embeddable":true,"href":"https:\/\/markd.com.br\/models\/wp-json\/wp\/v2\/comments?post=1762"}],"version-history":[{"count":1,"href":"https:\/\/markd.com.br\/models\/wp-json\/wp\/v2\/posts\/1762\/revisions"}],"predecessor-version":[{"id":1764,"href":"https:\/\/markd.com.br\/models\/wp-json\/wp\/v2\/posts\/1762\/revisions\/1764"}],"wp:featuredmedia":[{"embeddable":true,"href":"https:\/\/markd.com.br\/models\/wp-json\/wp\/v2\/media\/1763"}],"wp:attachment":[{"href":"https:\/\/markd.com.br\/models\/wp-json\/wp\/v2\/media?parent=1762"}],"wp:term":[{"taxonomy":"category","embeddable":true,"href":"https:\/\/markd.com.br\/models\/wp-json\/wp\/v2\/categories?post=1762"},{"taxonomy":"post_tag","embeddable":true,"href":"https:\/\/markd.com.br\/models\/wp-json\/wp\/v2\/tags?post=1762"}],"curies":[{"name":"wp","href":"https:\/\/api.w.org\/{rel}","templated":true}]}}