{"id":1783,"date":"2022-04-19T15:53:00","date_gmt":"2022-04-19T18:53:00","guid":{"rendered":"https:\/\/portaldestaquenoticias.com.br\/?p=1783"},"modified":"2022-04-19T15:53:03","modified_gmt":"2022-04-19T18:53:03","slug":"prefeitura-promovera-circuito-de-atividades-no-dia-da-criatividade-e-inovacao","status":"publish","type":"post","link":"https:\/\/markd.com.br\/models\/prefeitura-promovera-circuito-de-atividades-no-dia-da-criatividade-e-inovacao\/","title":{"rendered":"Prefeitura promover\u00e1 circuito de atividades no Dia da Criatividade e Inova\u00e7\u00e3o"},"content":{"rendered":"\n<p><\/p>\n\n\n\n<p>A Prefeitura de Manaus, por meio da Secretaria Municipal do Trabalho, Empreendedorismo e Inova\u00e7\u00e3o (Semtepi), realiza, na pr\u00f3xima quinta-feira, 21\/4, a primeira edi\u00e7\u00e3o do evento \u201cManaus Criativa\u201d, em alus\u00e3o ao Dia Mundial da Criatividade e Inova\u00e7\u00e3o. Durante a programa\u00e7\u00e3o, ser\u00e3o realizadas palestras, pain\u00e9is e oficinas voltadas para a \u00e1rea de tecnologia e inova\u00e7\u00e3o.<\/p>\n\n\n\n<p>O evento ser\u00e1 realizado a partir das 8h, no Casar\u00e3o da Inova\u00e7\u00e3o Cassina, localizado no Centro Hist\u00f3rico de Manaus. As inscri\u00e7\u00f5es est\u00e3o abertas de forma on-line, por meio do endere\u00e7o eletr\u00f4nico (<a href=\"https:\/\/forms.gle\/9pXxaWRy5seXqdCCA\" target=\"_blank\" rel=\"noreferrer noopener\">https:\/\/forms.gle\/9pXxaWRy5seXqdCCA<\/a>), e podem ser realizadas at\u00e9 quarta-feira, 20.<\/p>\n\n\n\n<p>Entre os temas debatidos est\u00e3o cidades inteligentes, rob\u00f3tica, desenvolvimento da cultura de inova\u00e7\u00e3o e repert\u00f3rio de criatividade. O secret\u00e1rio da Semtepi, Radyr J\u00fanior, ser\u00e1 um dos palestrantes do evento, com o tema \u201cCidades que Transformam: Perspectivas para uma cidade inteligente\u201d. Segundo ele, promover debates relacionados ao tema \u00e9 importante para o fortalecimento do ecossistema de inova\u00e7\u00e3o.<\/p>\n\n\n\n<p>\u201c\u00c9 um dia especial, voltado para a \u00e1rea de inova\u00e7\u00e3o e criatividade. No Casar\u00e3o da Inova\u00e7\u00e3o Cassina vamos reunir especialistas regionais e nacionais, para uma troca de ideias entre profissionais e estudantes. Na ocasi\u00e3o, vou falar sobre o conceito cidades inteligentes, e como ele vem sendo aplicado na gest\u00e3o do prefeito David Almeida\u201d, ressaltou Radyr.<\/p>\n","protected":false},"excerpt":{"rendered":"<p>A Prefeitura de Manaus, por meio da Secretaria Municipal do Trabalho, Empreendedorismo e Inova\u00e7\u00e3o (Semtepi),&#8230;<\/p>\n","protected":false},"author":5,"featured_media":1784,"comment_status":"open","ping_status":"open","sticky":false,"template":"","format":"standard","meta":{"footnotes":""},"categories":[35],"tags":[43,401,413],"class_list":["post-1783","post","type-post","status-publish","format-standard","has-post-thumbnail","hentry","category-prefeitura-de-manaus","tag-prefeitura-de-manaus","tag-semcom","tag-semtepi"],"yoast_head":"<!-- This site is optimized with the Yoast SEO plugin v24.4 - https:\/\/yoast.com\/wordpress\/plugins\/seo\/ -->\n<title>Prefeitura promover\u00e1 circuito de atividades no Dia da Criatividade e Inova\u00e7\u00e3o - Not\u00edcias de Todos - Models01<\/title>\n<meta name=\"robots\" content=\"index, follow, max-snippet:-1, max-image-preview:large, max-video-preview:-1\" \/>\n<link rel=\"canonical\" href=\"https:\/\/markd.com.br\/models\/prefeitura-promovera-circuito-de-atividades-no-dia-da-criatividade-e-inovacao\/\" \/>\n<meta property=\"og:locale\" content=\"pt_BR\" \/>\n<meta property=\"og:type\" content=\"article\" \/>\n<meta property=\"og:title\" content=\"Prefeitura promover\u00e1 circuito de atividades no Dia da Criatividade e Inova\u00e7\u00e3o - Not\u00edcias de Todos - Models01\" \/>\n<meta property=\"og:description\" content=\"A Prefeitura de Manaus, por meio da Secretaria Municipal do Trabalho, Empreendedorismo e Inova\u00e7\u00e3o (Semtepi),...\" \/>\n<meta property=\"og:url\" content=\"https:\/\/markd.com.br\/models\/prefeitura-promovera-circuito-de-atividades-no-dia-da-criatividade-e-inovacao\/\" \/>\n<meta property=\"og:site_name\" content=\"Not\u00edcias de Todos - Models01\" \/>\n<meta property=\"article:published_time\" content=\"2022-04-19T18:53:00+00:00\" \/>\n<meta property=\"article:modified_time\" content=\"2022-04-19T18:53:03+00:00\" \/>\n<meta property=\"og:image\" content=\"https:\/\/markd.com.br\/models\/wp-content\/uploads\/2022\/04\/50730158073_b001e6a858_h-1-720x407-1.jpg\" \/>\n\t<meta property=\"og:image:width\" content=\"640\" \/>\n\t<meta property=\"og:image:height\" content=\"362\" \/>\n\t<meta property=\"og:image:type\" content=\"image\/jpeg\" \/>\n<meta name=\"author\" content=\"Reda\u00e7\u00e3o Reda\u00e7\u00e3o\" \/>\n<meta name=\"twitter:card\" content=\"summary_large_image\" \/>\n<meta name=\"twitter:label1\" content=\"Escrito por\" \/>\n\t<meta name=\"twitter:data1\" content=\"Reda\u00e7\u00e3o Reda\u00e7\u00e3o\" \/>\n\t<meta name=\"twitter:label2\" content=\"Est. tempo de leitura\" \/>\n\t<meta name=\"twitter:data2\" content=\"2 minutos\" \/>\n<script type=\"application\/ld+json\" class=\"yoast-schema-graph\">{\"@context\":\"https:\/\/schema.org\",\"@graph\":[{\"@type\":\"WebPage\",\"@id\":\"https:\/\/markd.com.br\/models\/prefeitura-promovera-circuito-de-atividades-no-dia-da-criatividade-e-inovacao\/\",\"url\":\"https:\/\/markd.com.br\/models\/prefeitura-promovera-circuito-de-atividades-no-dia-da-criatividade-e-inovacao\/\",\"name\":\"Prefeitura promover\u00e1 circuito de atividades no Dia da Criatividade e Inova\u00e7\u00e3o - Not\u00edcias de Todos - Models01\",\"isPartOf\":{\"@id\":\"https:\/\/markd.com.br\/models\/#website\"},\"primaryImageOfPage\":{\"@id\":\"https:\/\/markd.com.br\/models\/prefeitura-promovera-circuito-de-atividades-no-dia-da-criatividade-e-inovacao\/#primaryimage\"},\"image\":{\"@id\":\"https:\/\/markd.com.br\/models\/prefeitura-promovera-circuito-de-atividades-no-dia-da-criatividade-e-inovacao\/#primaryimage\"},\"thumbnailUrl\":\"https:\/\/markd.com.br\/models\/wp-content\/uploads\/2022\/04\/50730158073_b001e6a858_h-1-720x407-1.jpg\",\"datePublished\":\"2022-04-19T18:53:00+00:00\",\"dateModified\":\"2022-04-19T18:53:03+00:00\",\"author\":{\"@id\":\"https:\/\/markd.com.br\/models\/#\/schema\/person\/c12a77ab487a7262d8bec3c47301ad37\"},\"breadcrumb\":{\"@id\":\"https:\/\/markd.com.br\/models\/prefeitura-promovera-circuito-de-atividades-no-dia-da-criatividade-e-inovacao\/#breadcrumb\"},\"inLanguage\":\"pt-BR\",\"potentialAction\":[{\"@type\":\"ReadAction\",\"target\":[\"https:\/\/markd.com.br\/models\/prefeitura-promovera-circuito-de-atividades-no-dia-da-criatividade-e-inovacao\/\"]}]},{\"@type\":\"ImageObject\",\"inLanguage\":\"pt-BR\",\"@id\":\"https:\/\/markd.com.br\/models\/prefeitura-promovera-circuito-de-atividades-no-dia-da-criatividade-e-inovacao\/#primaryimage\",\"url\":\"https:\/\/markd.com.br\/models\/wp-content\/uploads\/2022\/04\/50730158073_b001e6a858_h-1-720x407-1.jpg\",\"contentUrl\":\"https:\/\/markd.com.br\/models\/wp-content\/uploads\/2022\/04\/50730158073_b001e6a858_h-1-720x407-1.jpg\",\"width\":640,\"height\":362},{\"@type\":\"BreadcrumbList\",\"@id\":\"https:\/\/markd.com.br\/models\/prefeitura-promovera-circuito-de-atividades-no-dia-da-criatividade-e-inovacao\/#breadcrumb\",\"itemListElement\":[{\"@type\":\"ListItem\",\"position\":1,\"name\":\"In\u00edcio\",\"item\":\"https:\/\/markd.com.br\/models\/\"},{\"@type\":\"ListItem\",\"position\":2,\"name\":\"Prefeitura promover\u00e1 circuito de atividades no Dia da Criatividade e Inova\u00e7\u00e3o\"}]},{\"@type\":\"WebSite\",\"@id\":\"https:\/\/markd.com.br\/models\/#website\",\"url\":\"https:\/\/markd.com.br\/models\/\",\"name\":\"Not\u00edcias de Todos - Models01\",\"description\":\"Tenha um Portal de Not\u00edcias Moderno, Din\u00e2mico, R\u00e1pido e Profissional. Entregamos seu Site de  Not\u00edcias Pronto, Instalado, Hospedado, com Manual Passo a Passo e Suporte 24 horas.\",\"potentialAction\":[{\"@type\":\"SearchAction\",\"target\":{\"@type\":\"EntryPoint\",\"urlTemplate\":\"https:\/\/markd.com.br\/models\/?s={search_term_string}\"},\"query-input\":{\"@type\":\"PropertyValueSpecification\",\"valueRequired\":true,\"valueName\":\"search_term_string\"}}],\"inLanguage\":\"pt-BR\"},{\"@type\":\"Person\",\"@id\":\"https:\/\/markd.com.br\/models\/#\/schema\/person\/c12a77ab487a7262d8bec3c47301ad37\",\"name\":\"Reda\u00e7\u00e3o Reda\u00e7\u00e3o\",\"image\":{\"@type\":\"ImageObject\",\"inLanguage\":\"pt-BR\",\"@id\":\"https:\/\/markd.com.br\/models\/#\/schema\/person\/image\/\",\"url\":\"https:\/\/secure.gravatar.com\/avatar\/9448f3599ce269febf169e183039b4a6?s=96&d=mm&r=g\",\"contentUrl\":\"https:\/\/secure.gravatar.com\/avatar\/9448f3599ce269febf169e183039b4a6?s=96&d=mm&r=g\",\"caption\":\"Reda\u00e7\u00e3o Reda\u00e7\u00e3o\"},\"sameAs\":[\"https:\/\/markd.com.br\/\"],\"url\":\"https:\/\/markd.com.br\/models\/author\/redacao\/\"}]}<\/script>\n<!-- \/ Yoast SEO plugin. -->","yoast_head_json":{"title":"Prefeitura promover\u00e1 circuito de atividades no Dia da Criatividade e Inova\u00e7\u00e3o - Not\u00edcias de Todos - Models01","robots":{"index":"index","follow":"follow","max-snippet":"max-snippet:-1","max-image-preview":"max-image-preview:large","max-video-preview":"max-video-preview:-1"},"canonical":"https:\/\/markd.com.br\/models\/prefeitura-promovera-circuito-de-atividades-no-dia-da-criatividade-e-inovacao\/","og_locale":"pt_BR","og_type":"article","og_title":"Prefeitura promover\u00e1 circuito de atividades no Dia da Criatividade e Inova\u00e7\u00e3o - Not\u00edcias de Todos - Models01","og_description":"A Prefeitura de Manaus, por meio da Secretaria Municipal do Trabalho, Empreendedorismo e Inova\u00e7\u00e3o (Semtepi),...","og_url":"https:\/\/markd.com.br\/models\/prefeitura-promovera-circuito-de-atividades-no-dia-da-criatividade-e-inovacao\/","og_site_name":"Not\u00edcias de Todos - Models01","article_published_time":"2022-04-19T18:53:00+00:00","article_modified_time":"2022-04-19T18:53:03+00:00","og_image":[{"width":640,"height":362,"url":"https:\/\/markd.com.br\/models\/wp-content\/uploads\/2022\/04\/50730158073_b001e6a858_h-1-720x407-1.jpg","type":"image\/jpeg"}],"author":"Reda\u00e7\u00e3o Reda\u00e7\u00e3o","twitter_card":"summary_large_image","twitter_misc":{"Escrito por":"Reda\u00e7\u00e3o Reda\u00e7\u00e3o","Est. tempo de leitura":"2 minutos"},"schema":{"@context":"https:\/\/schema.org","@graph":[{"@type":"WebPage","@id":"https:\/\/markd.com.br\/models\/prefeitura-promovera-circuito-de-atividades-no-dia-da-criatividade-e-inovacao\/","url":"https:\/\/markd.com.br\/models\/prefeitura-promovera-circuito-de-atividades-no-dia-da-criatividade-e-inovacao\/","name":"Prefeitura promover\u00e1 circuito de atividades no Dia da Criatividade e Inova\u00e7\u00e3o - Not\u00edcias de Todos - Models01","isPartOf":{"@id":"https:\/\/markd.com.br\/models\/#website"},"primaryImageOfPage":{"@id":"https:\/\/markd.com.br\/models\/prefeitura-promovera-circuito-de-atividades-no-dia-da-criatividade-e-inovacao\/#primaryimage"},"image":{"@id":"https:\/\/markd.com.br\/models\/prefeitura-promovera-circuito-de-atividades-no-dia-da-criatividade-e-inovacao\/#primaryimage"},"thumbnailUrl":"https:\/\/markd.com.br\/models\/wp-content\/uploads\/2022\/04\/50730158073_b001e6a858_h-1-720x407-1.jpg","datePublished":"2022-04-19T18:53:00+00:00","dateModified":"2022-04-19T18:53:03+00:00","author":{"@id":"https:\/\/markd.com.br\/models\/#\/schema\/person\/c12a77ab487a7262d8bec3c47301ad37"},"breadcrumb":{"@id":"https:\/\/markd.com.br\/models\/prefeitura-promovera-circuito-de-atividades-no-dia-da-criatividade-e-inovacao\/#breadcrumb"},"inLanguage":"pt-BR","potentialAction":[{"@type":"ReadAction","target":["https:\/\/markd.com.br\/models\/prefeitura-promovera-circuito-de-atividades-no-dia-da-criatividade-e-inovacao\/"]}]},{"@type":"ImageObject","inLanguage":"pt-BR","@id":"https:\/\/markd.com.br\/models\/prefeitura-promovera-circuito-de-atividades-no-dia-da-criatividade-e-inovacao\/#primaryimage","url":"https:\/\/markd.com.br\/models\/wp-content\/uploads\/2022\/04\/50730158073_b001e6a858_h-1-720x407-1.jpg","contentUrl":"https:\/\/markd.com.br\/models\/wp-content\/uploads\/2022\/04\/50730158073_b001e6a858_h-1-720x407-1.jpg","width":640,"height":362},{"@type":"BreadcrumbList","@id":"https:\/\/markd.com.br\/models\/prefeitura-promovera-circuito-de-atividades-no-dia-da-criatividade-e-inovacao\/#breadcrumb","itemListElement":[{"@type":"ListItem","position":1,"name":"In\u00edcio","item":"https:\/\/markd.com.br\/models\/"},{"@type":"ListItem","position":2,"name":"Prefeitura promover\u00e1 circuito de atividades no Dia da Criatividade e Inova\u00e7\u00e3o"}]},{"@type":"WebSite","@id":"https:\/\/markd.com.br\/models\/#website","url":"https:\/\/markd.com.br\/models\/","name":"Not\u00edcias de Todos - Models01","description":"Tenha um Portal de Not\u00edcias Moderno, Din\u00e2mico, R\u00e1pido e Profissional. Entregamos seu Site de  Not\u00edcias Pronto, Instalado, Hospedado, com Manual Passo a Passo e Suporte 24 horas.","potentialAction":[{"@type":"SearchAction","target":{"@type":"EntryPoint","urlTemplate":"https:\/\/markd.com.br\/models\/?s={search_term_string}"},"query-input":{"@type":"PropertyValueSpecification","valueRequired":true,"valueName":"search_term_string"}}],"inLanguage":"pt-BR"},{"@type":"Person","@id":"https:\/\/markd.com.br\/models\/#\/schema\/person\/c12a77ab487a7262d8bec3c47301ad37","name":"Reda\u00e7\u00e3o Reda\u00e7\u00e3o","image":{"@type":"ImageObject","inLanguage":"pt-BR","@id":"https:\/\/markd.com.br\/models\/#\/schema\/person\/image\/","url":"https:\/\/secure.gravatar.com\/avatar\/9448f3599ce269febf169e183039b4a6?s=96&d=mm&r=g","contentUrl":"https:\/\/secure.gravatar.com\/avatar\/9448f3599ce269febf169e183039b4a6?s=96&d=mm&r=g","caption":"Reda\u00e7\u00e3o Reda\u00e7\u00e3o"},"sameAs":["https:\/\/markd.com.br\/"],"url":"https:\/\/markd.com.br\/models\/author\/redacao\/"}]}},"featured_image_urls":{"full":["https:\/\/markd.com.br\/models\/wp-content\/uploads\/2022\/04\/50730158073_b001e6a858_h-1-720x407-1.jpg",640,362,false],"thumbnail":["https:\/\/markd.com.br\/models\/wp-content\/uploads\/2022\/04\/50730158073_b001e6a858_h-1-720x407-1-150x150.jpg",150,150,true],"medium":["https:\/\/markd.com.br\/models\/wp-content\/uploads\/2022\/04\/50730158073_b001e6a858_h-1-720x407-1-300x170.jpg",300,170,true],"medium_large":["https:\/\/markd.com.br\/models\/wp-content\/uploads\/2022\/04\/50730158073_b001e6a858_h-1-720x407-1.jpg",640,362,false],"large":["https:\/\/markd.com.br\/models\/wp-content\/uploads\/2022\/04\/50730158073_b001e6a858_h-1-720x407-1.jpg",640,362,false],"1536x1536":["https:\/\/markd.com.br\/models\/wp-content\/uploads\/2022\/04\/50730158073_b001e6a858_h-1-720x407-1.jpg",640,362,false],"2048x2048":["https:\/\/markd.com.br\/models\/wp-content\/uploads\/2022\/04\/50730158073_b001e6a858_h-1-720x407-1.jpg",640,362,false],"newsphere-slider-full":["https:\/\/markd.com.br\/models\/wp-content\/uploads\/2022\/04\/50730158073_b001e6a858_h-1-720x407-1.jpg",640,362,false],"newsphere-featured":["https:\/\/markd.com.br\/models\/wp-content\/uploads\/2022\/04\/50730158073_b001e6a858_h-1-720x407-1.jpg",640,362,false],"newsphere-medium":["https:\/\/markd.com.br\/models\/wp-content\/uploads\/2022\/04\/50730158073_b001e6a858_h-1-720x407-1.jpg",640,362,false]},"author_info":{"display_name":"Reda\u00e7\u00e3o Reda\u00e7\u00e3o","author_link":"https:\/\/markd.com.br\/models\/author\/redacao\/"},"category_info":"<a href=\"https:\/\/markd.com.br\/models\/category\/prefeitura-de-manaus\/\" rel=\"category tag\">Prefeitura de Manaus<\/a>","tag_info":"Prefeitura de Manaus","comment_count":"0","jetpack_featured_media_url":"https:\/\/markd.com.br\/models\/wp-content\/uploads\/2022\/04\/50730158073_b001e6a858_h-1-720x407-1.jpg","_links":{"self":[{"href":"https:\/\/markd.com.br\/models\/wp-json\/wp\/v2\/posts\/1783","targetHints":{"allow":["GET"]}}],"collection":[{"href":"https:\/\/markd.com.br\/models\/wp-json\/wp\/v2\/posts"}],"about":[{"href":"https:\/\/markd.com.br\/models\/wp-json\/wp\/v2\/types\/post"}],"author":[{"embeddable":true,"href":"https:\/\/markd.com.br\/models\/wp-json\/wp\/v2\/users\/5"}],"replies":[{"embeddable":true,"href":"https:\/\/markd.com.br\/models\/wp-json\/wp\/v2\/comments?post=1783"}],"version-history":[{"count":1,"href":"https:\/\/markd.com.br\/models\/wp-json\/wp\/v2\/posts\/1783\/revisions"}],"predecessor-version":[{"id":1785,"href":"https:\/\/markd.com.br\/models\/wp-json\/wp\/v2\/posts\/1783\/revisions\/1785"}],"wp:featuredmedia":[{"embeddable":true,"href":"https:\/\/markd.com.br\/models\/wp-json\/wp\/v2\/media\/1784"}],"wp:attachment":[{"href":"https:\/\/markd.com.br\/models\/wp-json\/wp\/v2\/media?parent=1783"}],"wp:term":[{"taxonomy":"category","embeddable":true,"href":"https:\/\/markd.com.br\/models\/wp-json\/wp\/v2\/categories?post=1783"},{"taxonomy":"post_tag","embeddable":true,"href":"https:\/\/markd.com.br\/models\/wp-json\/wp\/v2\/tags?post=1783"}],"curies":[{"name":"wp","href":"https:\/\/api.w.org\/{rel}","templated":true}]}}