{"id":1806,"date":"2022-04-20T14:08:57","date_gmt":"2022-04-20T17:08:57","guid":{"rendered":"https:\/\/portaldestaquenoticias.com.br\/?p=1806"},"modified":"2022-04-20T14:09:59","modified_gmt":"2022-04-20T17:09:59","slug":"mudanca-no-funcionamento-no-setor-de-quimioterapia-da-fcecon-no-7o-paragrafo","status":"publish","type":"post","link":"https:\/\/markd.com.br\/models\/mudanca-no-funcionamento-no-setor-de-quimioterapia-da-fcecon-no-7o-paragrafo\/","title":{"rendered":"Mudan\u00e7a no funcionamento no setor de quimioterapia da FCecon, no 7\u00ba par\u00e1grafo"},"content":{"rendered":"\n<p><\/p>\n\n\n\n<p class=\"has-text-align-center has-vivid-cyan-blue-color has-text-color\"><strong><em>Servi\u00e7os de urg\u00eancia e emerg\u00eancia do Amazonas ser\u00e3o mantidos durante feriado de Tiradentes e ponto facultativo<\/em><\/strong><\/p>\n\n\n\n<p>Coleta de sangue da Funda\u00e7\u00e3o Hemoam funcionar\u00e1 na sexta-feira (22\/04) e no s\u00e1bado (23\/04), das 7h \u00e0s 18h<\/p>\n\n\n\n<p>Os servi\u00e7os oferecidos pelas 25 unidades de urg\u00eancia e emerg\u00eancia da Secretaria de Estado de Sa\u00fade (SES-AM) ser\u00e3o mantidos durante o feriado de Tiradentes, nesta quinta-feira (21\/04), e no ponto facultativo, na sexta-feira (22\/04). As unidades da SES-AM funcionar\u00e3o normalmente, em plant\u00e3o de 24 horas.<\/p>\n\n\n\n<p>Estar\u00e3o funcionando os seis prontos-socorros, as sete maternidades, os nove Servi\u00e7os de Pronto Atendimento (SPAs), as duas Unidades de Pronto Atendimento (UPAs), al\u00e9m do servi\u00e7o de emerg\u00eancia do Centro Psiqui\u00e1trico Eduardo Ribeiro.<\/p>\n\n\n\n<p>Os SPAs e as UPAs atendem casos de urg\u00eancia de baixa e m\u00e9dia complexidade. Para casos graves, os seis prontos-socorros, sendo tr\u00eas adultos e tr\u00eas infantis, estar\u00e3o em funcionamento normalmente. O atendimento \u00e0s gr\u00e1vidas tamb\u00e9m seguir\u00e1 sem altera\u00e7\u00f5es nas sete maternidades do estado.<\/p>\n\n\n\n<p>No interior, todos os 61 munic\u00edpios possuem unidades hospitalares com atendimento de urg\u00eancia e emerg\u00eancia diariamente em regime de plant\u00e3o 24 horas.<\/p>\n\n\n\n<p>Atendimento ambulatorial \u2013 As unidades que atendem consultas agendadas, como Centros de Aten\u00e7\u00e3o Integral \u00e0 Crian\u00e7a (Caics), Centros de Aten\u00e7\u00e3o \u00e0 Melhor Idade (Caimis) e Policl\u00ednicas retornam \u00e0s atividades na segunda-feira (25\/04). As agendas dessas unidades s\u00e3o bloqueadas nos fins de semana, feriados e pontos facultativos, e n\u00e3o s\u00e3o marcados no Sistema Nacional de Regula\u00e7\u00e3o (Sisreg) servi\u00e7os nesses dias.<\/p>\n\n\n\n<p>Hospitais das funda\u00e7\u00f5es de sa\u00fade \u2013 Durante o feriado e o ponto facultativo, os hospitais das funda\u00e7\u00f5es de sa\u00fade funcionar\u00e3o para casos de emerg\u00eancia e de interna\u00e7\u00e3o, em plant\u00e3o 24 horas.<\/p>\n\n\n\n<p>Na Funda\u00e7\u00e3o Centro de Controle de Oncologia do Amazonas (FCecon), as sess\u00f5es de quimioterapia agendadas para quinta e sexta-feira (21 e 22\/04) ir\u00e3o ocorrer normalmente.<\/p>\n\n\n\n<p>Hemocentro \u2013 A coleta de sangue da Funda\u00e7\u00e3o Hospitalar de Hematologia e Hemoterapia do Amazonas (Hemoam) funcionar\u00e1 na sexta-feira (22\/04) e no s\u00e1bado (23\/04), das 7h \u00e0s 18h. No feriado n\u00e3o haver\u00e1 atendimento no hemocentro.<\/p>\n\n\n\n<p>As consultas ambulatoriais e os exames laboratoriais foram remanejados e n\u00e3o haver\u00e1 atendimento durante o feriado e ponto facultativo. O servi\u00e7o de urg\u00eancia e interna\u00e7\u00e3o para os pacientes do Hemoam funcionar\u00e1 normalmente 24h.<\/p>\n\n\n\n<p>Servi\u00e7os e Unidades de Pronto Atendimento (SPAs e UPAs)<br>\u2022 SPA Alvorada \u2013 Avenida L\u00f3ris Cordovil, s\/n\u00ba, Alvorada, zona centro-oeste<br>\u2022 SPA Coroado \u2013 Avenida Beira-Mar, 122, Coroado, zona leste<br>\u2022 SPA Zona Sul \u2013 Rua Bento Jos\u00e9 de Lima, 33, Col\u00f4nia Oliveira Machado, zona sul<br>\u2022 SPA Joventina Dias \u2013 Rua T-6, 33, Compensa 3, zona oeste<br>\u2022 SPA Eliameme Mady \u2013 Avenida Sama\u00fama, s\/n\u00ba, Monte das Oliveiras, zona norte<br>\u2022 SPA S\u00e3o Raimundo \u2013 Pra\u00e7a Ismael Benigno, s\/n\u00ba \u2013 S\u00e3o Raimundo, zona oeste<br>\u2022 SPA Jos\u00e9 Lins (Reden\u00e7\u00e3o) \u2013 Rua Maracan\u00e3, s\/n\u00ba \u2013 Reden\u00e7\u00e3o, zona centro-oeste<br>\u2022 SPA e Maternidade Ant\u00f4nio Aleixo \u2013 Alameda Cosme Ferreira, Km 14, Col\u00f4nia Ant\u00f4nio Aleixo, zona sul<br>\u2022 SPA Danilo Corr\u00eaa \u2013 Avenida Noel Nutels, s\/n\u00ba, Cidade Nova, zona norte<br>\u2022 UPA Campos Salles \u2013 Rua Campos Salles, s\/n\u00ba, Tarum\u00e3, zona oeste<br>\u2022 UPA Jos\u00e9 Rodrigues \u2013 Avenida Camapu\u00e3, Cidade Nova, zona norte<\/p>\n\n\n\n<p>Hospitais e Prontos-Socorros (HPSs) Adultos<br>\u2022 HPS 28 de Agosto \u2013 Avenida M\u00e1rio Ypiranga Monteiro, 1.581, Adrian\u00f3polis, zona centro-sul<br>\u2022 HPS Jo\u00e3o L\u00facio \u2013 Alameda Cosme Ferreira, s\/n\u00ba, Aleixo, zona leste<br>\u2022 HPS Plat\u00e3o Ara\u00fajo \u2013 Avenida Autaz Mirim, s\/n\u00ba, Jorge Teixeira, zona leste<\/p>\n\n\n\n<p>Hospitais e Prontos-Socorros da Crian\u00e7a (HPSC)<br>\u2022 HPSC da Zona Leste \u2013 Alameda Cosme Ferreira, s\/n\u00ba, Aleixo, zona leste<br>\u2022 HPSC da Zona Sul \u2013 Rua Codaj\u00e1s, 26, Cachoeirinha, zona sul<br>\u2022 HPSC da Zona Oeste \u2013 Avenida Brasil, s\/n\u00ba, Compensa, zona oeste<\/p>\n\n\n\n<p>Maternidades<br>\u2022 Ana Braga \u2013 Alameda Cosme Ferreira, s\/n\u00ba, S\u00e3o Jos\u00e9, zona leste<br>\u2022 Azilda Marreiro \u2013 Avenida Sama\u00fama, s\/n\u00ba, conjunto Galileia 2, Monte das Oliveiras, zona norte<br>\u2022 Alvorada \u2013 Rua 07, s\/n\u00ba, Alvorada, zona centro-oeste<br>\u2022 Balbina Mestrinho \u2013 Rua Duque de Caxias, s\/n\u00ba, Pra\u00e7a 14, zona sul<br>\u2022 Chapot Prevost \u2013 Estrada do Aleixo, Km 16, Col\u00f4nia Ant\u00f4nio Aleixo, zona leste<br>\u2022 Nazira Daou \u2013 Avenida Camapu\u00e3, 108, Q\/316, N\u00facleo 9, Cidade Nova, zona norte<br>\u2022 Instituto da Mulher Dona Lindu \u2013 Avenida M\u00e1rio Ypiranga Monteiro, 1.581, Adrian\u00f3polis, zona centro-sul<\/p>\n\n\n\n<figure class=\"wp-block-image\"><img decoding=\"async\" src=\"https:\/\/sp-ao.shortpixel.ai\/client\/to_auto,q_glossy,ret_img,w_1024,h_576\/https:\/\/portalmancheteam.com.br\/wp-content\/uploads\/2022\/04\/1270da17-3d4f-41e3-bab8-89aa4c6f1d08-1024x576.jpg\" alt=\"\" class=\"wp-image-84594\"\/><\/figure>\n\n\n\n<p>Aten\u00e7\u00e3o Psicossocial<br>\u2022 Centro Psiqui\u00e1trico Eduardo Ribeiro \u2013 Avenida Constantino Nery, 4.307, Chapada, zona centro-sul<\/p>\n\n\n\n<p>FOTOS: Rodrigo Santos\/SES-AM e Arquivo\/Hemoam<\/p>\n\n\n\n<p>Informa\u00e7\u00f5es para a imprensa: Assessoria de Comunica\u00e7\u00e3o da Secretaria de Estado de Sa\u00fade (SES-AM): comunicacao@saude.am.gov.br e (92) 98407-1699.<\/p>\n","protected":false},"excerpt":{"rendered":"<p>Servi\u00e7os de urg\u00eancia e emerg\u00eancia do Amazonas ser\u00e3o mantidos durante feriado de Tiradentes e ponto&#8230;<\/p>\n","protected":false},"author":5,"featured_media":1807,"comment_status":"open","ping_status":"open","sticky":false,"template":"","format":"standard","meta":{"footnotes":""},"categories":[51],"tags":[52,511,168],"class_list":["post-1806","post","type-post","status-publish","format-standard","has-post-thumbnail","hentry","category-governo-do-amazonas","tag-governo-do-amazonas","tag-hemoam","tag-ses-am"],"yoast_head":"<!-- This site is optimized with the Yoast SEO plugin v24.4 - https:\/\/yoast.com\/wordpress\/plugins\/seo\/ -->\n<title>Mudan\u00e7a no funcionamento no setor de quimioterapia da FCecon, no 7\u00ba par\u00e1grafo - Not\u00edcias de Todos - Models01<\/title>\n<meta name=\"robots\" content=\"index, follow, max-snippet:-1, max-image-preview:large, max-video-preview:-1\" \/>\n<link rel=\"canonical\" href=\"https:\/\/markd.com.br\/models\/mudanca-no-funcionamento-no-setor-de-quimioterapia-da-fcecon-no-7o-paragrafo\/\" \/>\n<meta property=\"og:locale\" content=\"pt_BR\" \/>\n<meta property=\"og:type\" content=\"article\" \/>\n<meta property=\"og:title\" content=\"Mudan\u00e7a no funcionamento no setor de quimioterapia da FCecon, no 7\u00ba par\u00e1grafo - Not\u00edcias de Todos - Models01\" \/>\n<meta property=\"og:description\" content=\"Servi\u00e7os de urg\u00eancia e emerg\u00eancia do Amazonas ser\u00e3o mantidos durante feriado de Tiradentes e ponto...\" \/>\n<meta property=\"og:url\" content=\"https:\/\/markd.com.br\/models\/mudanca-no-funcionamento-no-setor-de-quimioterapia-da-fcecon-no-7o-paragrafo\/\" \/>\n<meta property=\"og:site_name\" content=\"Not\u00edcias de Todos - Models01\" \/>\n<meta property=\"article:published_time\" content=\"2022-04-20T17:08:57+00:00\" \/>\n<meta property=\"article:modified_time\" content=\"2022-04-20T17:09:59+00:00\" \/>\n<meta property=\"og:image\" content=\"https:\/\/markd.com.br\/models\/wp-content\/uploads\/2022\/04\/e978ae78-9177-49cb-aa32-7a012b0a06f7.jpg\" \/>\n\t<meta property=\"og:image:width\" content=\"650\" \/>\n\t<meta property=\"og:image:height\" content=\"366\" \/>\n\t<meta property=\"og:image:type\" content=\"image\/jpeg\" \/>\n<meta name=\"author\" content=\"Reda\u00e7\u00e3o Reda\u00e7\u00e3o\" \/>\n<meta name=\"twitter:card\" content=\"summary_large_image\" \/>\n<meta name=\"twitter:label1\" content=\"Escrito por\" \/>\n\t<meta name=\"twitter:data1\" content=\"Reda\u00e7\u00e3o Reda\u00e7\u00e3o\" \/>\n\t<meta name=\"twitter:label2\" content=\"Est. tempo de leitura\" \/>\n\t<meta name=\"twitter:data2\" content=\"5 minutos\" \/>\n<script type=\"application\/ld+json\" class=\"yoast-schema-graph\">{\"@context\":\"https:\/\/schema.org\",\"@graph\":[{\"@type\":\"WebPage\",\"@id\":\"https:\/\/markd.com.br\/models\/mudanca-no-funcionamento-no-setor-de-quimioterapia-da-fcecon-no-7o-paragrafo\/\",\"url\":\"https:\/\/markd.com.br\/models\/mudanca-no-funcionamento-no-setor-de-quimioterapia-da-fcecon-no-7o-paragrafo\/\",\"name\":\"Mudan\u00e7a no funcionamento no setor de quimioterapia da FCecon, no 7\u00ba par\u00e1grafo - Not\u00edcias de Todos - Models01\",\"isPartOf\":{\"@id\":\"https:\/\/markd.com.br\/models\/#website\"},\"primaryImageOfPage\":{\"@id\":\"https:\/\/markd.com.br\/models\/mudanca-no-funcionamento-no-setor-de-quimioterapia-da-fcecon-no-7o-paragrafo\/#primaryimage\"},\"image\":{\"@id\":\"https:\/\/markd.com.br\/models\/mudanca-no-funcionamento-no-setor-de-quimioterapia-da-fcecon-no-7o-paragrafo\/#primaryimage\"},\"thumbnailUrl\":\"https:\/\/markd.com.br\/models\/wp-content\/uploads\/2022\/04\/e978ae78-9177-49cb-aa32-7a012b0a06f7.jpg\",\"datePublished\":\"2022-04-20T17:08:57+00:00\",\"dateModified\":\"2022-04-20T17:09:59+00:00\",\"author\":{\"@id\":\"https:\/\/markd.com.br\/models\/#\/schema\/person\/c12a77ab487a7262d8bec3c47301ad37\"},\"breadcrumb\":{\"@id\":\"https:\/\/markd.com.br\/models\/mudanca-no-funcionamento-no-setor-de-quimioterapia-da-fcecon-no-7o-paragrafo\/#breadcrumb\"},\"inLanguage\":\"pt-BR\",\"potentialAction\":[{\"@type\":\"ReadAction\",\"target\":[\"https:\/\/markd.com.br\/models\/mudanca-no-funcionamento-no-setor-de-quimioterapia-da-fcecon-no-7o-paragrafo\/\"]}]},{\"@type\":\"ImageObject\",\"inLanguage\":\"pt-BR\",\"@id\":\"https:\/\/markd.com.br\/models\/mudanca-no-funcionamento-no-setor-de-quimioterapia-da-fcecon-no-7o-paragrafo\/#primaryimage\",\"url\":\"https:\/\/markd.com.br\/models\/wp-content\/uploads\/2022\/04\/e978ae78-9177-49cb-aa32-7a012b0a06f7.jpg\",\"contentUrl\":\"https:\/\/markd.com.br\/models\/wp-content\/uploads\/2022\/04\/e978ae78-9177-49cb-aa32-7a012b0a06f7.jpg\",\"width\":650,\"height\":366},{\"@type\":\"BreadcrumbList\",\"@id\":\"https:\/\/markd.com.br\/models\/mudanca-no-funcionamento-no-setor-de-quimioterapia-da-fcecon-no-7o-paragrafo\/#breadcrumb\",\"itemListElement\":[{\"@type\":\"ListItem\",\"position\":1,\"name\":\"In\u00edcio\",\"item\":\"https:\/\/markd.com.br\/models\/\"},{\"@type\":\"ListItem\",\"position\":2,\"name\":\"Mudan\u00e7a no funcionamento no setor de quimioterapia da FCecon, no 7\u00ba par\u00e1grafo\"}]},{\"@type\":\"WebSite\",\"@id\":\"https:\/\/markd.com.br\/models\/#website\",\"url\":\"https:\/\/markd.com.br\/models\/\",\"name\":\"Not\u00edcias de Todos - Models01\",\"description\":\"Tenha um Portal de Not\u00edcias Moderno, Din\u00e2mico, R\u00e1pido e Profissional. Entregamos seu Site de  Not\u00edcias Pronto, Instalado, Hospedado, com Manual Passo a Passo e Suporte 24 horas.\",\"potentialAction\":[{\"@type\":\"SearchAction\",\"target\":{\"@type\":\"EntryPoint\",\"urlTemplate\":\"https:\/\/markd.com.br\/models\/?s={search_term_string}\"},\"query-input\":{\"@type\":\"PropertyValueSpecification\",\"valueRequired\":true,\"valueName\":\"search_term_string\"}}],\"inLanguage\":\"pt-BR\"},{\"@type\":\"Person\",\"@id\":\"https:\/\/markd.com.br\/models\/#\/schema\/person\/c12a77ab487a7262d8bec3c47301ad37\",\"name\":\"Reda\u00e7\u00e3o Reda\u00e7\u00e3o\",\"image\":{\"@type\":\"ImageObject\",\"inLanguage\":\"pt-BR\",\"@id\":\"https:\/\/markd.com.br\/models\/#\/schema\/person\/image\/\",\"url\":\"https:\/\/secure.gravatar.com\/avatar\/9448f3599ce269febf169e183039b4a6?s=96&d=mm&r=g\",\"contentUrl\":\"https:\/\/secure.gravatar.com\/avatar\/9448f3599ce269febf169e183039b4a6?s=96&d=mm&r=g\",\"caption\":\"Reda\u00e7\u00e3o Reda\u00e7\u00e3o\"},\"sameAs\":[\"https:\/\/markd.com.br\/\"],\"url\":\"https:\/\/markd.com.br\/models\/author\/redacao\/\"}]}<\/script>\n<!-- \/ Yoast SEO plugin. -->","yoast_head_json":{"title":"Mudan\u00e7a no funcionamento no setor de quimioterapia da FCecon, no 7\u00ba par\u00e1grafo - Not\u00edcias de Todos - Models01","robots":{"index":"index","follow":"follow","max-snippet":"max-snippet:-1","max-image-preview":"max-image-preview:large","max-video-preview":"max-video-preview:-1"},"canonical":"https:\/\/markd.com.br\/models\/mudanca-no-funcionamento-no-setor-de-quimioterapia-da-fcecon-no-7o-paragrafo\/","og_locale":"pt_BR","og_type":"article","og_title":"Mudan\u00e7a no funcionamento no setor de quimioterapia da FCecon, no 7\u00ba par\u00e1grafo - Not\u00edcias de Todos - Models01","og_description":"Servi\u00e7os de urg\u00eancia e emerg\u00eancia do Amazonas ser\u00e3o mantidos durante feriado de Tiradentes e ponto...","og_url":"https:\/\/markd.com.br\/models\/mudanca-no-funcionamento-no-setor-de-quimioterapia-da-fcecon-no-7o-paragrafo\/","og_site_name":"Not\u00edcias de Todos - Models01","article_published_time":"2022-04-20T17:08:57+00:00","article_modified_time":"2022-04-20T17:09:59+00:00","og_image":[{"width":650,"height":366,"url":"https:\/\/markd.com.br\/models\/wp-content\/uploads\/2022\/04\/e978ae78-9177-49cb-aa32-7a012b0a06f7.jpg","type":"image\/jpeg"}],"author":"Reda\u00e7\u00e3o Reda\u00e7\u00e3o","twitter_card":"summary_large_image","twitter_misc":{"Escrito por":"Reda\u00e7\u00e3o Reda\u00e7\u00e3o","Est. tempo de leitura":"5 minutos"},"schema":{"@context":"https:\/\/schema.org","@graph":[{"@type":"WebPage","@id":"https:\/\/markd.com.br\/models\/mudanca-no-funcionamento-no-setor-de-quimioterapia-da-fcecon-no-7o-paragrafo\/","url":"https:\/\/markd.com.br\/models\/mudanca-no-funcionamento-no-setor-de-quimioterapia-da-fcecon-no-7o-paragrafo\/","name":"Mudan\u00e7a no funcionamento no setor de quimioterapia da FCecon, no 7\u00ba par\u00e1grafo - Not\u00edcias de Todos - Models01","isPartOf":{"@id":"https:\/\/markd.com.br\/models\/#website"},"primaryImageOfPage":{"@id":"https:\/\/markd.com.br\/models\/mudanca-no-funcionamento-no-setor-de-quimioterapia-da-fcecon-no-7o-paragrafo\/#primaryimage"},"image":{"@id":"https:\/\/markd.com.br\/models\/mudanca-no-funcionamento-no-setor-de-quimioterapia-da-fcecon-no-7o-paragrafo\/#primaryimage"},"thumbnailUrl":"https:\/\/markd.com.br\/models\/wp-content\/uploads\/2022\/04\/e978ae78-9177-49cb-aa32-7a012b0a06f7.jpg","datePublished":"2022-04-20T17:08:57+00:00","dateModified":"2022-04-20T17:09:59+00:00","author":{"@id":"https:\/\/markd.com.br\/models\/#\/schema\/person\/c12a77ab487a7262d8bec3c47301ad37"},"breadcrumb":{"@id":"https:\/\/markd.com.br\/models\/mudanca-no-funcionamento-no-setor-de-quimioterapia-da-fcecon-no-7o-paragrafo\/#breadcrumb"},"inLanguage":"pt-BR","potentialAction":[{"@type":"ReadAction","target":["https:\/\/markd.com.br\/models\/mudanca-no-funcionamento-no-setor-de-quimioterapia-da-fcecon-no-7o-paragrafo\/"]}]},{"@type":"ImageObject","inLanguage":"pt-BR","@id":"https:\/\/markd.com.br\/models\/mudanca-no-funcionamento-no-setor-de-quimioterapia-da-fcecon-no-7o-paragrafo\/#primaryimage","url":"https:\/\/markd.com.br\/models\/wp-content\/uploads\/2022\/04\/e978ae78-9177-49cb-aa32-7a012b0a06f7.jpg","contentUrl":"https:\/\/markd.com.br\/models\/wp-content\/uploads\/2022\/04\/e978ae78-9177-49cb-aa32-7a012b0a06f7.jpg","width":650,"height":366},{"@type":"BreadcrumbList","@id":"https:\/\/markd.com.br\/models\/mudanca-no-funcionamento-no-setor-de-quimioterapia-da-fcecon-no-7o-paragrafo\/#breadcrumb","itemListElement":[{"@type":"ListItem","position":1,"name":"In\u00edcio","item":"https:\/\/markd.com.br\/models\/"},{"@type":"ListItem","position":2,"name":"Mudan\u00e7a no funcionamento no setor de quimioterapia da FCecon, no 7\u00ba par\u00e1grafo"}]},{"@type":"WebSite","@id":"https:\/\/markd.com.br\/models\/#website","url":"https:\/\/markd.com.br\/models\/","name":"Not\u00edcias de Todos - Models01","description":"Tenha um Portal de Not\u00edcias Moderno, Din\u00e2mico, R\u00e1pido e Profissional. Entregamos seu Site de  Not\u00edcias Pronto, Instalado, Hospedado, com Manual Passo a Passo e Suporte 24 horas.","potentialAction":[{"@type":"SearchAction","target":{"@type":"EntryPoint","urlTemplate":"https:\/\/markd.com.br\/models\/?s={search_term_string}"},"query-input":{"@type":"PropertyValueSpecification","valueRequired":true,"valueName":"search_term_string"}}],"inLanguage":"pt-BR"},{"@type":"Person","@id":"https:\/\/markd.com.br\/models\/#\/schema\/person\/c12a77ab487a7262d8bec3c47301ad37","name":"Reda\u00e7\u00e3o Reda\u00e7\u00e3o","image":{"@type":"ImageObject","inLanguage":"pt-BR","@id":"https:\/\/markd.com.br\/models\/#\/schema\/person\/image\/","url":"https:\/\/secure.gravatar.com\/avatar\/9448f3599ce269febf169e183039b4a6?s=96&d=mm&r=g","contentUrl":"https:\/\/secure.gravatar.com\/avatar\/9448f3599ce269febf169e183039b4a6?s=96&d=mm&r=g","caption":"Reda\u00e7\u00e3o Reda\u00e7\u00e3o"},"sameAs":["https:\/\/markd.com.br\/"],"url":"https:\/\/markd.com.br\/models\/author\/redacao\/"}]}},"featured_image_urls":{"full":["https:\/\/markd.com.br\/models\/wp-content\/uploads\/2022\/04\/e978ae78-9177-49cb-aa32-7a012b0a06f7.jpg",650,366,false],"thumbnail":["https:\/\/markd.com.br\/models\/wp-content\/uploads\/2022\/04\/e978ae78-9177-49cb-aa32-7a012b0a06f7-150x150.jpg",150,150,true],"medium":["https:\/\/markd.com.br\/models\/wp-content\/uploads\/2022\/04\/e978ae78-9177-49cb-aa32-7a012b0a06f7-300x169.jpg",300,169,true],"medium_large":["https:\/\/markd.com.br\/models\/wp-content\/uploads\/2022\/04\/e978ae78-9177-49cb-aa32-7a012b0a06f7.jpg",640,360,false],"large":["https:\/\/markd.com.br\/models\/wp-content\/uploads\/2022\/04\/e978ae78-9177-49cb-aa32-7a012b0a06f7.jpg",640,360,false],"1536x1536":["https:\/\/markd.com.br\/models\/wp-content\/uploads\/2022\/04\/e978ae78-9177-49cb-aa32-7a012b0a06f7.jpg",650,366,false],"2048x2048":["https:\/\/markd.com.br\/models\/wp-content\/uploads\/2022\/04\/e978ae78-9177-49cb-aa32-7a012b0a06f7.jpg",650,366,false],"newsphere-slider-full":["https:\/\/markd.com.br\/models\/wp-content\/uploads\/2022\/04\/e978ae78-9177-49cb-aa32-7a012b0a06f7.jpg",650,366,false],"newsphere-featured":["https:\/\/markd.com.br\/models\/wp-content\/uploads\/2022\/04\/e978ae78-9177-49cb-aa32-7a012b0a06f7.jpg",650,366,false],"newsphere-medium":["https:\/\/markd.com.br\/models\/wp-content\/uploads\/2022\/04\/e978ae78-9177-49cb-aa32-7a012b0a06f7.jpg",650,366,false]},"author_info":{"display_name":"Reda\u00e7\u00e3o Reda\u00e7\u00e3o","author_link":"https:\/\/markd.com.br\/models\/author\/redacao\/"},"category_info":"<a href=\"https:\/\/markd.com.br\/models\/category\/governo-do-amazonas\/\" rel=\"category tag\">Governo do amazonas<\/a>","tag_info":"Governo do amazonas","comment_count":"0","jetpack_featured_media_url":"https:\/\/markd.com.br\/models\/wp-content\/uploads\/2022\/04\/e978ae78-9177-49cb-aa32-7a012b0a06f7.jpg","_links":{"self":[{"href":"https:\/\/markd.com.br\/models\/wp-json\/wp\/v2\/posts\/1806","targetHints":{"allow":["GET"]}}],"collection":[{"href":"https:\/\/markd.com.br\/models\/wp-json\/wp\/v2\/posts"}],"about":[{"href":"https:\/\/markd.com.br\/models\/wp-json\/wp\/v2\/types\/post"}],"author":[{"embeddable":true,"href":"https:\/\/markd.com.br\/models\/wp-json\/wp\/v2\/users\/5"}],"replies":[{"embeddable":true,"href":"https:\/\/markd.com.br\/models\/wp-json\/wp\/v2\/comments?post=1806"}],"version-history":[{"count":2,"href":"https:\/\/markd.com.br\/models\/wp-json\/wp\/v2\/posts\/1806\/revisions"}],"predecessor-version":[{"id":1809,"href":"https:\/\/markd.com.br\/models\/wp-json\/wp\/v2\/posts\/1806\/revisions\/1809"}],"wp:featuredmedia":[{"embeddable":true,"href":"https:\/\/markd.com.br\/models\/wp-json\/wp\/v2\/media\/1807"}],"wp:attachment":[{"href":"https:\/\/markd.com.br\/models\/wp-json\/wp\/v2\/media?parent=1806"}],"wp:term":[{"taxonomy":"category","embeddable":true,"href":"https:\/\/markd.com.br\/models\/wp-json\/wp\/v2\/categories?post=1806"},{"taxonomy":"post_tag","embeddable":true,"href":"https:\/\/markd.com.br\/models\/wp-json\/wp\/v2\/tags?post=1806"}],"curies":[{"name":"wp","href":"https:\/\/api.w.org\/{rel}","templated":true}]}}