{"id":1865,"date":"2022-04-20T15:09:54","date_gmt":"2022-04-20T18:09:54","guid":{"rendered":"https:\/\/portaldestaquenoticias.com.br\/?p=1865"},"modified":"2022-04-20T15:09:59","modified_gmt":"2022-04-20T18:09:59","slug":"isis-valverde-e-barrada-em-restaurante-nos-eua-por-usar-jeans-rasgado","status":"publish","type":"post","link":"https:\/\/markd.com.br\/models\/isis-valverde-e-barrada-em-restaurante-nos-eua-por-usar-jeans-rasgado\/","title":{"rendered":"Isis Valverde \u00e9 barrada em restaurante nos EUA por usar jeans rasgado"},"content":{"rendered":"\n<p><\/p>\n\n\n\n<p>A atriz Isis Valverde, 35, se revoltou e mostrou todo o seu descontentamento nas redes sociais ap\u00f3s ser barrada de entrar em um restaurante de um hotel de Los Angeles, nos Estados Unidos. O motivo: a roupa que estava usando.<\/p>\n\n\n\n<p>A atriz contou (e mostrou) nos Stories de seu Instagram que chegou de viagem com algumas amigas morrendo de fome para acompanhar os shows do Coachella, na Calif\u00f3rnia, e quis ir se alimentar. Ela usava um bon\u00e9, uma jaqueta de couro e uma cal\u00e7a jeans mais larga e com alguns rasgos.<\/p>\n\n\n\n<p>Por\u00e9m, conta ter sido impedida de entrar. \u201cCheguei no restaurante, eu e minhas amigas, o cara olhou nossa roupa e falou que a gente n\u00e3o podia entrar, porque estava de jeans largo e que meu jeans estava rasgado. Barrou a gente no restaurante. Ele queria jeans \u2018tight\u2019 (apertado)\u201d, come\u00e7ou ela.<\/p>\n\n\n\n<p>Ela disse que recebeu a chamada com grosseria por parte do funcion\u00e1rio e criticou o hotel. \u201cAcho que porque estava com bon\u00e9, esse estilo. N\u00e3o estava de salto alto, cal\u00e7a apertada ou vestido de gala, o cara n\u00e3o deixou a gente entrar. Foi horr\u00edvel, me senti p\u00e9ssima\u201d, disse.<\/p>\n\n\n\n<p>Segundo ela, pode ter sido machismo por parte do homem. \u201cPor causa de um jeans. Ele queria que eu usasse jeans apertado porque sou mulher, n\u00e3o posso usar jeans largo. Estou chocada. N\u00e3o acreditei. O cara foi super grosseiro julgando a gente\u201d, encerrou.<\/p>\n\n\n\n<p>Recentemente, Isis terminou seu casamento de tr\u00eas anos com Andr\u00e9 Resende. \u201cA rela\u00e7\u00e3o termina agora deixando como fruto a amizade e o respeito, al\u00e9m de um filho lindo e amoroso\u201d, disse a assessoria dela, se referindo ao filho do casal, Rael, 3.<\/p>\n\n\n\n<p>\u201cAo longo da hist\u00f3ria dos dois, sempre puderam contar com o respeito da m\u00eddia em rela\u00e7\u00e3o aos limites que separam a vida p\u00fablica e privada. Portanto nesse momento, eles gostariam de continuar contando com essa compreens\u00e3o, especialmente por se tratar de um momento delicado e de ter uma crian\u00e7a envolvida\u201d, completou o comunicado da atriz.<\/p>\n\n\n\n<p>O an\u00fancio de t\u00e9rmino chega apenas uma semana de um post do empres\u00e1rio se declarando para Isis. Na publica\u00e7\u00e3o pelo anivers\u00e1rio dela, ele chega a afirmar que ela \u00e9 o amor de sua vida. \u201cParab\u00e9ns, amor da minha vida. Deus te aben\u00e7oe e ilumine, muito amor e sa\u00fade! Saudade est\u00e1 grande\u201d, afirmou Resende em sua p\u00e1gina no Instagram.<\/p>\n\n\n\n<p>Fonte: Noticias ao minuto<\/p>\n","protected":false},"excerpt":{"rendered":"<p>A atriz Isis Valverde, 35, se revoltou e mostrou todo o seu descontentamento nas redes&#8230;<\/p>\n","protected":false},"author":5,"featured_media":1868,"comment_status":"open","ping_status":"open","sticky":false,"template":"","format":"standard","meta":{"footnotes":""},"categories":[49],"tags":[529,528,527],"class_list":["post-1865","post","type-post","status-publish","format-standard","has-post-thumbnail","hentry","category-destaques","tag-barrada","tag-coachella","tag-isis-valverde"],"yoast_head":"<!-- This site is optimized with the Yoast SEO plugin v24.4 - https:\/\/yoast.com\/wordpress\/plugins\/seo\/ -->\n<title>Isis Valverde \u00e9 barrada em restaurante nos EUA por usar jeans rasgado - Not\u00edcias de Todos - Models01<\/title>\n<meta name=\"robots\" content=\"index, follow, max-snippet:-1, max-image-preview:large, max-video-preview:-1\" \/>\n<link rel=\"canonical\" href=\"https:\/\/markd.com.br\/models\/isis-valverde-e-barrada-em-restaurante-nos-eua-por-usar-jeans-rasgado\/\" \/>\n<meta property=\"og:locale\" content=\"pt_BR\" \/>\n<meta property=\"og:type\" content=\"article\" \/>\n<meta property=\"og:title\" content=\"Isis Valverde \u00e9 barrada em restaurante nos EUA por usar jeans rasgado - Not\u00edcias de Todos - Models01\" \/>\n<meta property=\"og:description\" content=\"A atriz Isis Valverde, 35, se revoltou e mostrou todo o seu descontentamento nas redes...\" \/>\n<meta property=\"og:url\" content=\"https:\/\/markd.com.br\/models\/isis-valverde-e-barrada-em-restaurante-nos-eua-por-usar-jeans-rasgado\/\" \/>\n<meta property=\"og:site_name\" content=\"Not\u00edcias de Todos - Models01\" \/>\n<meta property=\"article:published_time\" content=\"2022-04-20T18:09:54+00:00\" \/>\n<meta property=\"article:modified_time\" content=\"2022-04-20T18:09:59+00:00\" \/>\n<meta property=\"og:image\" content=\"https:\/\/markd.com.br\/models\/wp-content\/uploads\/2022\/04\/naom_6139c813ba848.jpg\" \/>\n\t<meta property=\"og:image:width\" content=\"640\" \/>\n\t<meta property=\"og:image:height\" content=\"360\" \/>\n\t<meta property=\"og:image:type\" content=\"image\/jpeg\" \/>\n<meta name=\"author\" content=\"Reda\u00e7\u00e3o Reda\u00e7\u00e3o\" \/>\n<meta name=\"twitter:card\" content=\"summary_large_image\" \/>\n<meta name=\"twitter:label1\" content=\"Escrito por\" \/>\n\t<meta name=\"twitter:data1\" content=\"Reda\u00e7\u00e3o Reda\u00e7\u00e3o\" \/>\n\t<meta name=\"twitter:label2\" content=\"Est. tempo de leitura\" \/>\n\t<meta name=\"twitter:data2\" content=\"3 minutos\" \/>\n<script type=\"application\/ld+json\" class=\"yoast-schema-graph\">{\"@context\":\"https:\/\/schema.org\",\"@graph\":[{\"@type\":\"WebPage\",\"@id\":\"https:\/\/markd.com.br\/models\/isis-valverde-e-barrada-em-restaurante-nos-eua-por-usar-jeans-rasgado\/\",\"url\":\"https:\/\/markd.com.br\/models\/isis-valverde-e-barrada-em-restaurante-nos-eua-por-usar-jeans-rasgado\/\",\"name\":\"Isis Valverde \u00e9 barrada em restaurante nos EUA por usar jeans rasgado - Not\u00edcias de Todos - Models01\",\"isPartOf\":{\"@id\":\"https:\/\/markd.com.br\/models\/#website\"},\"primaryImageOfPage\":{\"@id\":\"https:\/\/markd.com.br\/models\/isis-valverde-e-barrada-em-restaurante-nos-eua-por-usar-jeans-rasgado\/#primaryimage\"},\"image\":{\"@id\":\"https:\/\/markd.com.br\/models\/isis-valverde-e-barrada-em-restaurante-nos-eua-por-usar-jeans-rasgado\/#primaryimage\"},\"thumbnailUrl\":\"https:\/\/markd.com.br\/models\/wp-content\/uploads\/2022\/04\/naom_6139c813ba848.jpg\",\"datePublished\":\"2022-04-20T18:09:54+00:00\",\"dateModified\":\"2022-04-20T18:09:59+00:00\",\"author\":{\"@id\":\"https:\/\/markd.com.br\/models\/#\/schema\/person\/c12a77ab487a7262d8bec3c47301ad37\"},\"breadcrumb\":{\"@id\":\"https:\/\/markd.com.br\/models\/isis-valverde-e-barrada-em-restaurante-nos-eua-por-usar-jeans-rasgado\/#breadcrumb\"},\"inLanguage\":\"pt-BR\",\"potentialAction\":[{\"@type\":\"ReadAction\",\"target\":[\"https:\/\/markd.com.br\/models\/isis-valverde-e-barrada-em-restaurante-nos-eua-por-usar-jeans-rasgado\/\"]}]},{\"@type\":\"ImageObject\",\"inLanguage\":\"pt-BR\",\"@id\":\"https:\/\/markd.com.br\/models\/isis-valverde-e-barrada-em-restaurante-nos-eua-por-usar-jeans-rasgado\/#primaryimage\",\"url\":\"https:\/\/markd.com.br\/models\/wp-content\/uploads\/2022\/04\/naom_6139c813ba848.jpg\",\"contentUrl\":\"https:\/\/markd.com.br\/models\/wp-content\/uploads\/2022\/04\/naom_6139c813ba848.jpg\",\"width\":640,\"height\":360},{\"@type\":\"BreadcrumbList\",\"@id\":\"https:\/\/markd.com.br\/models\/isis-valverde-e-barrada-em-restaurante-nos-eua-por-usar-jeans-rasgado\/#breadcrumb\",\"itemListElement\":[{\"@type\":\"ListItem\",\"position\":1,\"name\":\"In\u00edcio\",\"item\":\"https:\/\/markd.com.br\/models\/\"},{\"@type\":\"ListItem\",\"position\":2,\"name\":\"Isis Valverde \u00e9 barrada em restaurante nos EUA por usar jeans rasgado\"}]},{\"@type\":\"WebSite\",\"@id\":\"https:\/\/markd.com.br\/models\/#website\",\"url\":\"https:\/\/markd.com.br\/models\/\",\"name\":\"Not\u00edcias de Todos - Models01\",\"description\":\"Tenha um Portal de Not\u00edcias Moderno, Din\u00e2mico, R\u00e1pido e Profissional. Entregamos seu Site de  Not\u00edcias Pronto, Instalado, Hospedado, com Manual Passo a Passo e Suporte 24 horas.\",\"potentialAction\":[{\"@type\":\"SearchAction\",\"target\":{\"@type\":\"EntryPoint\",\"urlTemplate\":\"https:\/\/markd.com.br\/models\/?s={search_term_string}\"},\"query-input\":{\"@type\":\"PropertyValueSpecification\",\"valueRequired\":true,\"valueName\":\"search_term_string\"}}],\"inLanguage\":\"pt-BR\"},{\"@type\":\"Person\",\"@id\":\"https:\/\/markd.com.br\/models\/#\/schema\/person\/c12a77ab487a7262d8bec3c47301ad37\",\"name\":\"Reda\u00e7\u00e3o Reda\u00e7\u00e3o\",\"image\":{\"@type\":\"ImageObject\",\"inLanguage\":\"pt-BR\",\"@id\":\"https:\/\/markd.com.br\/models\/#\/schema\/person\/image\/\",\"url\":\"https:\/\/secure.gravatar.com\/avatar\/9448f3599ce269febf169e183039b4a6?s=96&d=mm&r=g\",\"contentUrl\":\"https:\/\/secure.gravatar.com\/avatar\/9448f3599ce269febf169e183039b4a6?s=96&d=mm&r=g\",\"caption\":\"Reda\u00e7\u00e3o Reda\u00e7\u00e3o\"},\"sameAs\":[\"https:\/\/markd.com.br\/\"],\"url\":\"https:\/\/markd.com.br\/models\/author\/redacao\/\"}]}<\/script>\n<!-- \/ Yoast SEO plugin. -->","yoast_head_json":{"title":"Isis Valverde \u00e9 barrada em restaurante nos EUA por usar jeans rasgado - Not\u00edcias de Todos - Models01","robots":{"index":"index","follow":"follow","max-snippet":"max-snippet:-1","max-image-preview":"max-image-preview:large","max-video-preview":"max-video-preview:-1"},"canonical":"https:\/\/markd.com.br\/models\/isis-valverde-e-barrada-em-restaurante-nos-eua-por-usar-jeans-rasgado\/","og_locale":"pt_BR","og_type":"article","og_title":"Isis Valverde \u00e9 barrada em restaurante nos EUA por usar jeans rasgado - Not\u00edcias de Todos - Models01","og_description":"A atriz Isis Valverde, 35, se revoltou e mostrou todo o seu descontentamento nas redes...","og_url":"https:\/\/markd.com.br\/models\/isis-valverde-e-barrada-em-restaurante-nos-eua-por-usar-jeans-rasgado\/","og_site_name":"Not\u00edcias de Todos - Models01","article_published_time":"2022-04-20T18:09:54+00:00","article_modified_time":"2022-04-20T18:09:59+00:00","og_image":[{"width":640,"height":360,"url":"https:\/\/markd.com.br\/models\/wp-content\/uploads\/2022\/04\/naom_6139c813ba848.jpg","type":"image\/jpeg"}],"author":"Reda\u00e7\u00e3o Reda\u00e7\u00e3o","twitter_card":"summary_large_image","twitter_misc":{"Escrito por":"Reda\u00e7\u00e3o Reda\u00e7\u00e3o","Est. tempo de leitura":"3 minutos"},"schema":{"@context":"https:\/\/schema.org","@graph":[{"@type":"WebPage","@id":"https:\/\/markd.com.br\/models\/isis-valverde-e-barrada-em-restaurante-nos-eua-por-usar-jeans-rasgado\/","url":"https:\/\/markd.com.br\/models\/isis-valverde-e-barrada-em-restaurante-nos-eua-por-usar-jeans-rasgado\/","name":"Isis Valverde \u00e9 barrada em restaurante nos EUA por usar jeans rasgado - Not\u00edcias de Todos - Models01","isPartOf":{"@id":"https:\/\/markd.com.br\/models\/#website"},"primaryImageOfPage":{"@id":"https:\/\/markd.com.br\/models\/isis-valverde-e-barrada-em-restaurante-nos-eua-por-usar-jeans-rasgado\/#primaryimage"},"image":{"@id":"https:\/\/markd.com.br\/models\/isis-valverde-e-barrada-em-restaurante-nos-eua-por-usar-jeans-rasgado\/#primaryimage"},"thumbnailUrl":"https:\/\/markd.com.br\/models\/wp-content\/uploads\/2022\/04\/naom_6139c813ba848.jpg","datePublished":"2022-04-20T18:09:54+00:00","dateModified":"2022-04-20T18:09:59+00:00","author":{"@id":"https:\/\/markd.com.br\/models\/#\/schema\/person\/c12a77ab487a7262d8bec3c47301ad37"},"breadcrumb":{"@id":"https:\/\/markd.com.br\/models\/isis-valverde-e-barrada-em-restaurante-nos-eua-por-usar-jeans-rasgado\/#breadcrumb"},"inLanguage":"pt-BR","potentialAction":[{"@type":"ReadAction","target":["https:\/\/markd.com.br\/models\/isis-valverde-e-barrada-em-restaurante-nos-eua-por-usar-jeans-rasgado\/"]}]},{"@type":"ImageObject","inLanguage":"pt-BR","@id":"https:\/\/markd.com.br\/models\/isis-valverde-e-barrada-em-restaurante-nos-eua-por-usar-jeans-rasgado\/#primaryimage","url":"https:\/\/markd.com.br\/models\/wp-content\/uploads\/2022\/04\/naom_6139c813ba848.jpg","contentUrl":"https:\/\/markd.com.br\/models\/wp-content\/uploads\/2022\/04\/naom_6139c813ba848.jpg","width":640,"height":360},{"@type":"BreadcrumbList","@id":"https:\/\/markd.com.br\/models\/isis-valverde-e-barrada-em-restaurante-nos-eua-por-usar-jeans-rasgado\/#breadcrumb","itemListElement":[{"@type":"ListItem","position":1,"name":"In\u00edcio","item":"https:\/\/markd.com.br\/models\/"},{"@type":"ListItem","position":2,"name":"Isis Valverde \u00e9 barrada em restaurante nos EUA por usar jeans rasgado"}]},{"@type":"WebSite","@id":"https:\/\/markd.com.br\/models\/#website","url":"https:\/\/markd.com.br\/models\/","name":"Not\u00edcias de Todos - Models01","description":"Tenha um Portal de Not\u00edcias Moderno, Din\u00e2mico, R\u00e1pido e Profissional. Entregamos seu Site de  Not\u00edcias Pronto, Instalado, Hospedado, com Manual Passo a Passo e Suporte 24 horas.","potentialAction":[{"@type":"SearchAction","target":{"@type":"EntryPoint","urlTemplate":"https:\/\/markd.com.br\/models\/?s={search_term_string}"},"query-input":{"@type":"PropertyValueSpecification","valueRequired":true,"valueName":"search_term_string"}}],"inLanguage":"pt-BR"},{"@type":"Person","@id":"https:\/\/markd.com.br\/models\/#\/schema\/person\/c12a77ab487a7262d8bec3c47301ad37","name":"Reda\u00e7\u00e3o Reda\u00e7\u00e3o","image":{"@type":"ImageObject","inLanguage":"pt-BR","@id":"https:\/\/markd.com.br\/models\/#\/schema\/person\/image\/","url":"https:\/\/secure.gravatar.com\/avatar\/9448f3599ce269febf169e183039b4a6?s=96&d=mm&r=g","contentUrl":"https:\/\/secure.gravatar.com\/avatar\/9448f3599ce269febf169e183039b4a6?s=96&d=mm&r=g","caption":"Reda\u00e7\u00e3o Reda\u00e7\u00e3o"},"sameAs":["https:\/\/markd.com.br\/"],"url":"https:\/\/markd.com.br\/models\/author\/redacao\/"}]}},"featured_image_urls":{"full":["https:\/\/markd.com.br\/models\/wp-content\/uploads\/2022\/04\/naom_6139c813ba848.jpg",640,360,false],"thumbnail":["https:\/\/markd.com.br\/models\/wp-content\/uploads\/2022\/04\/naom_6139c813ba848-150x150.jpg",150,150,true],"medium":["https:\/\/markd.com.br\/models\/wp-content\/uploads\/2022\/04\/naom_6139c813ba848-300x169.jpg",300,169,true],"medium_large":["https:\/\/markd.com.br\/models\/wp-content\/uploads\/2022\/04\/naom_6139c813ba848.jpg",640,360,false],"large":["https:\/\/markd.com.br\/models\/wp-content\/uploads\/2022\/04\/naom_6139c813ba848.jpg",640,360,false],"1536x1536":["https:\/\/markd.com.br\/models\/wp-content\/uploads\/2022\/04\/naom_6139c813ba848.jpg",640,360,false],"2048x2048":["https:\/\/markd.com.br\/models\/wp-content\/uploads\/2022\/04\/naom_6139c813ba848.jpg",640,360,false],"newsphere-slider-full":["https:\/\/markd.com.br\/models\/wp-content\/uploads\/2022\/04\/naom_6139c813ba848.jpg",640,360,false],"newsphere-featured":["https:\/\/markd.com.br\/models\/wp-content\/uploads\/2022\/04\/naom_6139c813ba848.jpg",640,360,false],"newsphere-medium":["https:\/\/markd.com.br\/models\/wp-content\/uploads\/2022\/04\/naom_6139c813ba848.jpg",640,360,false]},"author_info":{"display_name":"Reda\u00e7\u00e3o Reda\u00e7\u00e3o","author_link":"https:\/\/markd.com.br\/models\/author\/redacao\/"},"category_info":"<a href=\"https:\/\/markd.com.br\/models\/category\/destaques\/\" rel=\"category tag\">destaques<\/a>","tag_info":"destaques","comment_count":"0","jetpack_featured_media_url":"https:\/\/markd.com.br\/models\/wp-content\/uploads\/2022\/04\/naom_6139c813ba848.jpg","_links":{"self":[{"href":"https:\/\/markd.com.br\/models\/wp-json\/wp\/v2\/posts\/1865","targetHints":{"allow":["GET"]}}],"collection":[{"href":"https:\/\/markd.com.br\/models\/wp-json\/wp\/v2\/posts"}],"about":[{"href":"https:\/\/markd.com.br\/models\/wp-json\/wp\/v2\/types\/post"}],"author":[{"embeddable":true,"href":"https:\/\/markd.com.br\/models\/wp-json\/wp\/v2\/users\/5"}],"replies":[{"embeddable":true,"href":"https:\/\/markd.com.br\/models\/wp-json\/wp\/v2\/comments?post=1865"}],"version-history":[{"count":1,"href":"https:\/\/markd.com.br\/models\/wp-json\/wp\/v2\/posts\/1865\/revisions"}],"predecessor-version":[{"id":1869,"href":"https:\/\/markd.com.br\/models\/wp-json\/wp\/v2\/posts\/1865\/revisions\/1869"}],"wp:featuredmedia":[{"embeddable":true,"href":"https:\/\/markd.com.br\/models\/wp-json\/wp\/v2\/media\/1868"}],"wp:attachment":[{"href":"https:\/\/markd.com.br\/models\/wp-json\/wp\/v2\/media?parent=1865"}],"wp:term":[{"taxonomy":"category","embeddable":true,"href":"https:\/\/markd.com.br\/models\/wp-json\/wp\/v2\/categories?post=1865"},{"taxonomy":"post_tag","embeddable":true,"href":"https:\/\/markd.com.br\/models\/wp-json\/wp\/v2\/tags?post=1865"}],"curies":[{"name":"wp","href":"https:\/\/api.w.org\/{rel}","templated":true}]}}