{"id":1875,"date":"2022-04-20T15:24:09","date_gmt":"2022-04-20T18:24:09","guid":{"rendered":"https:\/\/portaldestaquenoticias.com.br\/?p=1875"},"modified":"2022-04-20T15:24:14","modified_gmt":"2022-04-20T18:24:14","slug":"suboficial-da-marinha-sendo-executado-em-assalto-major-da-pm-tambem-foi-baleado","status":"publish","type":"post","link":"https:\/\/markd.com.br\/models\/suboficial-da-marinha-sendo-executado-em-assalto-major-da-pm-tambem-foi-baleado\/","title":{"rendered":"Suboficial da Marinha sendo executado em assalto; major da PM tamb\u00e9m foi baleado."},"content":{"rendered":"\n<p><\/p>\n\n\n\n<p>Um homem foi baleado ao ser abordado por um assaltante e morreu, na noite desta ter\u00e7a-feira, dia 19, no viaduto Paulo de Frontin, pr\u00f3ximo \u00e0 entrada do T\u00fanel Rebou\u00e7as, no sentido Zona Sul. A v\u00edtima \u00e9 um suboficial da Marinha, de 41 anos. Atingido por ao menos tr\u00eas tiros disparados pelo assaltante, o militar, que estava em uma moto, chegou a ser socorrido em estado grave para o Hospital municipal Souza Aguiar, no Centro, mas n\u00e3o resistiu aos ferimentos. Um PM reformado tamb\u00e9m ficou ferido sem gravidade na a\u00e7\u00e3o.<\/p>\n\n\n\n<p>Um v\u00eddeo com imagens fortes que circula nas redes sociais traz o momento em que o suboficial \u00e9 executado. A grava\u00e7\u00e3o mostra v\u00e1rios carros parados no tr\u00e2nsito devido \u00e0 a\u00e7\u00e3o do criminoso. \u00c9 poss\u00edvel ver um homem em p\u00e9 atirando em outro, ca\u00eddo no ch\u00e3o, que usa um capacete. O homem atira ao menos quatro vezes contra a v\u00edtima, que permanece no ch\u00e3o.<\/p>\n\n\n\n<p>O Corpo de Bombeiros foi chamado \u00e0s 20h para uma ocorr\u00eancia com v\u00edtima baleada no Paulo de Frontin, altura do motel Magnus, sentido Zona Sul. Segundo informa\u00e7\u00f5es obtidas no Hospital Souza Aguiar, o militar chegou \u00e0 unidade j\u00e1 em \u00f3bito, com m\u00faltiplos ferimentos \u00e0 bala no peito, na cabe\u00e7a e na barriga.<\/p>\n\n\n\n<p>Informa\u00e7\u00f5es preliminares apontam que tr\u00eas criminosos participaram da a\u00e7\u00e3o, divididos em duas motos. O suboficial teria reagido \u00e0 abordagem dos assaltantes. Ainda de acordo com esse primeiro relato, um major reformado da Pol\u00edcia Militar que passava pelo local tamb\u00e9m entrou em confronto com os ladr\u00f5es. Ferido sem gravidade no bra\u00e7o esquerdo, o militar, de 60 anos, foi socorrido para o Hospital Central da corpora\u00e7\u00e3o.<\/p>\n\n\n\n<p>Policiais da Delegacia de Homic\u00eddios da Capital (DHC) foram acionados e est\u00e3o indo para o local da execu\u00e7\u00e3o. Agentes do Grupo de Local de Crime (GELC) ir\u00e3o fazer uma per\u00edcia e buscar imagens de c\u00e2meras de seguran\u00e7a e testemunhas que levem \u00e0 identifica\u00e7\u00e3o dos autores.<\/p>\n\n\n\n<p>Segundo o Centro de Opera\u00e7\u00f5es da prefeitura, o elevado est\u00e1 com uma faixa ocupada devido \u00e0 ocorr\u00eancia. Agentes da CET-Rio, bombeiros e a Pol\u00edcia Militar est\u00e3o no local, e h\u00e1 tr\u00e2nsito intenso no trecho.<\/p>\n\n\n\n<p>Fonte: Portal do zacarias<\/p>\n","protected":false},"excerpt":{"rendered":"<p>Um homem foi baleado ao ser abordado por um assaltante e morreu, na noite desta&#8230;<\/p>\n","protected":false},"author":5,"featured_media":1876,"comment_status":"open","ping_status":"open","sticky":false,"template":"","format":"standard","meta":{"footnotes":""},"categories":[124],"tags":[162,532,127],"class_list":["post-1875","post","type-post","status-publish","format-standard","has-post-thumbnail","hentry","category-policia","tag-assalto","tag-baleado","tag-pm"],"yoast_head":"<!-- This site is optimized with the Yoast SEO plugin v24.4 - https:\/\/yoast.com\/wordpress\/plugins\/seo\/ -->\n<title>Suboficial da Marinha sendo executado em assalto; major da PM tamb\u00e9m foi baleado. - Not\u00edcias de Todos - Models01<\/title>\n<meta name=\"robots\" content=\"index, follow, max-snippet:-1, max-image-preview:large, max-video-preview:-1\" \/>\n<link rel=\"canonical\" href=\"https:\/\/markd.com.br\/models\/suboficial-da-marinha-sendo-executado-em-assalto-major-da-pm-tambem-foi-baleado\/\" \/>\n<meta property=\"og:locale\" content=\"pt_BR\" \/>\n<meta property=\"og:type\" content=\"article\" \/>\n<meta property=\"og:title\" content=\"Suboficial da Marinha sendo executado em assalto; major da PM tamb\u00e9m foi baleado. - Not\u00edcias de Todos - Models01\" \/>\n<meta property=\"og:description\" content=\"Um homem foi baleado ao ser abordado por um assaltante e morreu, na noite desta...\" \/>\n<meta property=\"og:url\" content=\"https:\/\/markd.com.br\/models\/suboficial-da-marinha-sendo-executado-em-assalto-major-da-pm-tambem-foi-baleado\/\" \/>\n<meta property=\"og:site_name\" content=\"Not\u00edcias de Todos - Models01\" \/>\n<meta property=\"article:published_time\" content=\"2022-04-20T18:24:09+00:00\" \/>\n<meta property=\"article:modified_time\" content=\"2022-04-20T18:24:14+00:00\" \/>\n<meta property=\"og:image\" content=\"https:\/\/markd.com.br\/models\/wp-content\/uploads\/2022\/04\/20220420085404whatsappimage20220419at22.35.48.jpeg-644x445-1.jpg\" \/>\n\t<meta property=\"og:image:width\" content=\"644\" \/>\n\t<meta property=\"og:image:height\" content=\"445\" \/>\n\t<meta property=\"og:image:type\" content=\"image\/jpeg\" \/>\n<meta name=\"author\" content=\"Reda\u00e7\u00e3o Reda\u00e7\u00e3o\" \/>\n<meta name=\"twitter:card\" content=\"summary_large_image\" \/>\n<meta name=\"twitter:label1\" content=\"Escrito por\" \/>\n\t<meta name=\"twitter:data1\" content=\"Reda\u00e7\u00e3o Reda\u00e7\u00e3o\" \/>\n\t<meta name=\"twitter:label2\" content=\"Est. tempo de leitura\" \/>\n\t<meta name=\"twitter:data2\" content=\"2 minutos\" \/>\n<script type=\"application\/ld+json\" class=\"yoast-schema-graph\">{\"@context\":\"https:\/\/schema.org\",\"@graph\":[{\"@type\":\"WebPage\",\"@id\":\"https:\/\/markd.com.br\/models\/suboficial-da-marinha-sendo-executado-em-assalto-major-da-pm-tambem-foi-baleado\/\",\"url\":\"https:\/\/markd.com.br\/models\/suboficial-da-marinha-sendo-executado-em-assalto-major-da-pm-tambem-foi-baleado\/\",\"name\":\"Suboficial da Marinha sendo executado em assalto; major da PM tamb\u00e9m foi baleado. - Not\u00edcias de Todos - Models01\",\"isPartOf\":{\"@id\":\"https:\/\/markd.com.br\/models\/#website\"},\"primaryImageOfPage\":{\"@id\":\"https:\/\/markd.com.br\/models\/suboficial-da-marinha-sendo-executado-em-assalto-major-da-pm-tambem-foi-baleado\/#primaryimage\"},\"image\":{\"@id\":\"https:\/\/markd.com.br\/models\/suboficial-da-marinha-sendo-executado-em-assalto-major-da-pm-tambem-foi-baleado\/#primaryimage\"},\"thumbnailUrl\":\"https:\/\/markd.com.br\/models\/wp-content\/uploads\/2022\/04\/20220420085404whatsappimage20220419at22.35.48.jpeg-644x445-1.jpg\",\"datePublished\":\"2022-04-20T18:24:09+00:00\",\"dateModified\":\"2022-04-20T18:24:14+00:00\",\"author\":{\"@id\":\"https:\/\/markd.com.br\/models\/#\/schema\/person\/c12a77ab487a7262d8bec3c47301ad37\"},\"breadcrumb\":{\"@id\":\"https:\/\/markd.com.br\/models\/suboficial-da-marinha-sendo-executado-em-assalto-major-da-pm-tambem-foi-baleado\/#breadcrumb\"},\"inLanguage\":\"pt-BR\",\"potentialAction\":[{\"@type\":\"ReadAction\",\"target\":[\"https:\/\/markd.com.br\/models\/suboficial-da-marinha-sendo-executado-em-assalto-major-da-pm-tambem-foi-baleado\/\"]}]},{\"@type\":\"ImageObject\",\"inLanguage\":\"pt-BR\",\"@id\":\"https:\/\/markd.com.br\/models\/suboficial-da-marinha-sendo-executado-em-assalto-major-da-pm-tambem-foi-baleado\/#primaryimage\",\"url\":\"https:\/\/markd.com.br\/models\/wp-content\/uploads\/2022\/04\/20220420085404whatsappimage20220419at22.35.48.jpeg-644x445-1.jpg\",\"contentUrl\":\"https:\/\/markd.com.br\/models\/wp-content\/uploads\/2022\/04\/20220420085404whatsappimage20220419at22.35.48.jpeg-644x445-1.jpg\",\"width\":644,\"height\":445},{\"@type\":\"BreadcrumbList\",\"@id\":\"https:\/\/markd.com.br\/models\/suboficial-da-marinha-sendo-executado-em-assalto-major-da-pm-tambem-foi-baleado\/#breadcrumb\",\"itemListElement\":[{\"@type\":\"ListItem\",\"position\":1,\"name\":\"In\u00edcio\",\"item\":\"https:\/\/markd.com.br\/models\/\"},{\"@type\":\"ListItem\",\"position\":2,\"name\":\"Suboficial da Marinha sendo executado em assalto; major da PM tamb\u00e9m foi baleado.\"}]},{\"@type\":\"WebSite\",\"@id\":\"https:\/\/markd.com.br\/models\/#website\",\"url\":\"https:\/\/markd.com.br\/models\/\",\"name\":\"Not\u00edcias de Todos - Models01\",\"description\":\"Tenha um Portal de Not\u00edcias Moderno, Din\u00e2mico, R\u00e1pido e Profissional. Entregamos seu Site de  Not\u00edcias Pronto, Instalado, Hospedado, com Manual Passo a Passo e Suporte 24 horas.\",\"potentialAction\":[{\"@type\":\"SearchAction\",\"target\":{\"@type\":\"EntryPoint\",\"urlTemplate\":\"https:\/\/markd.com.br\/models\/?s={search_term_string}\"},\"query-input\":{\"@type\":\"PropertyValueSpecification\",\"valueRequired\":true,\"valueName\":\"search_term_string\"}}],\"inLanguage\":\"pt-BR\"},{\"@type\":\"Person\",\"@id\":\"https:\/\/markd.com.br\/models\/#\/schema\/person\/c12a77ab487a7262d8bec3c47301ad37\",\"name\":\"Reda\u00e7\u00e3o Reda\u00e7\u00e3o\",\"image\":{\"@type\":\"ImageObject\",\"inLanguage\":\"pt-BR\",\"@id\":\"https:\/\/markd.com.br\/models\/#\/schema\/person\/image\/\",\"url\":\"https:\/\/secure.gravatar.com\/avatar\/9448f3599ce269febf169e183039b4a6?s=96&d=mm&r=g\",\"contentUrl\":\"https:\/\/secure.gravatar.com\/avatar\/9448f3599ce269febf169e183039b4a6?s=96&d=mm&r=g\",\"caption\":\"Reda\u00e7\u00e3o Reda\u00e7\u00e3o\"},\"sameAs\":[\"https:\/\/markd.com.br\/\"],\"url\":\"https:\/\/markd.com.br\/models\/author\/redacao\/\"}]}<\/script>\n<!-- \/ Yoast SEO plugin. -->","yoast_head_json":{"title":"Suboficial da Marinha sendo executado em assalto; major da PM tamb\u00e9m foi baleado. - Not\u00edcias de Todos - Models01","robots":{"index":"index","follow":"follow","max-snippet":"max-snippet:-1","max-image-preview":"max-image-preview:large","max-video-preview":"max-video-preview:-1"},"canonical":"https:\/\/markd.com.br\/models\/suboficial-da-marinha-sendo-executado-em-assalto-major-da-pm-tambem-foi-baleado\/","og_locale":"pt_BR","og_type":"article","og_title":"Suboficial da Marinha sendo executado em assalto; major da PM tamb\u00e9m foi baleado. - Not\u00edcias de Todos - Models01","og_description":"Um homem foi baleado ao ser abordado por um assaltante e morreu, na noite desta...","og_url":"https:\/\/markd.com.br\/models\/suboficial-da-marinha-sendo-executado-em-assalto-major-da-pm-tambem-foi-baleado\/","og_site_name":"Not\u00edcias de Todos - Models01","article_published_time":"2022-04-20T18:24:09+00:00","article_modified_time":"2022-04-20T18:24:14+00:00","og_image":[{"width":644,"height":445,"url":"https:\/\/markd.com.br\/models\/wp-content\/uploads\/2022\/04\/20220420085404whatsappimage20220419at22.35.48.jpeg-644x445-1.jpg","type":"image\/jpeg"}],"author":"Reda\u00e7\u00e3o Reda\u00e7\u00e3o","twitter_card":"summary_large_image","twitter_misc":{"Escrito por":"Reda\u00e7\u00e3o Reda\u00e7\u00e3o","Est. tempo de leitura":"2 minutos"},"schema":{"@context":"https:\/\/schema.org","@graph":[{"@type":"WebPage","@id":"https:\/\/markd.com.br\/models\/suboficial-da-marinha-sendo-executado-em-assalto-major-da-pm-tambem-foi-baleado\/","url":"https:\/\/markd.com.br\/models\/suboficial-da-marinha-sendo-executado-em-assalto-major-da-pm-tambem-foi-baleado\/","name":"Suboficial da Marinha sendo executado em assalto; major da PM tamb\u00e9m foi baleado. - Not\u00edcias de Todos - Models01","isPartOf":{"@id":"https:\/\/markd.com.br\/models\/#website"},"primaryImageOfPage":{"@id":"https:\/\/markd.com.br\/models\/suboficial-da-marinha-sendo-executado-em-assalto-major-da-pm-tambem-foi-baleado\/#primaryimage"},"image":{"@id":"https:\/\/markd.com.br\/models\/suboficial-da-marinha-sendo-executado-em-assalto-major-da-pm-tambem-foi-baleado\/#primaryimage"},"thumbnailUrl":"https:\/\/markd.com.br\/models\/wp-content\/uploads\/2022\/04\/20220420085404whatsappimage20220419at22.35.48.jpeg-644x445-1.jpg","datePublished":"2022-04-20T18:24:09+00:00","dateModified":"2022-04-20T18:24:14+00:00","author":{"@id":"https:\/\/markd.com.br\/models\/#\/schema\/person\/c12a77ab487a7262d8bec3c47301ad37"},"breadcrumb":{"@id":"https:\/\/markd.com.br\/models\/suboficial-da-marinha-sendo-executado-em-assalto-major-da-pm-tambem-foi-baleado\/#breadcrumb"},"inLanguage":"pt-BR","potentialAction":[{"@type":"ReadAction","target":["https:\/\/markd.com.br\/models\/suboficial-da-marinha-sendo-executado-em-assalto-major-da-pm-tambem-foi-baleado\/"]}]},{"@type":"ImageObject","inLanguage":"pt-BR","@id":"https:\/\/markd.com.br\/models\/suboficial-da-marinha-sendo-executado-em-assalto-major-da-pm-tambem-foi-baleado\/#primaryimage","url":"https:\/\/markd.com.br\/models\/wp-content\/uploads\/2022\/04\/20220420085404whatsappimage20220419at22.35.48.jpeg-644x445-1.jpg","contentUrl":"https:\/\/markd.com.br\/models\/wp-content\/uploads\/2022\/04\/20220420085404whatsappimage20220419at22.35.48.jpeg-644x445-1.jpg","width":644,"height":445},{"@type":"BreadcrumbList","@id":"https:\/\/markd.com.br\/models\/suboficial-da-marinha-sendo-executado-em-assalto-major-da-pm-tambem-foi-baleado\/#breadcrumb","itemListElement":[{"@type":"ListItem","position":1,"name":"In\u00edcio","item":"https:\/\/markd.com.br\/models\/"},{"@type":"ListItem","position":2,"name":"Suboficial da Marinha sendo executado em assalto; major da PM tamb\u00e9m foi baleado."}]},{"@type":"WebSite","@id":"https:\/\/markd.com.br\/models\/#website","url":"https:\/\/markd.com.br\/models\/","name":"Not\u00edcias de Todos - Models01","description":"Tenha um Portal de Not\u00edcias Moderno, Din\u00e2mico, R\u00e1pido e Profissional. Entregamos seu Site de  Not\u00edcias Pronto, Instalado, Hospedado, com Manual Passo a Passo e Suporte 24 horas.","potentialAction":[{"@type":"SearchAction","target":{"@type":"EntryPoint","urlTemplate":"https:\/\/markd.com.br\/models\/?s={search_term_string}"},"query-input":{"@type":"PropertyValueSpecification","valueRequired":true,"valueName":"search_term_string"}}],"inLanguage":"pt-BR"},{"@type":"Person","@id":"https:\/\/markd.com.br\/models\/#\/schema\/person\/c12a77ab487a7262d8bec3c47301ad37","name":"Reda\u00e7\u00e3o Reda\u00e7\u00e3o","image":{"@type":"ImageObject","inLanguage":"pt-BR","@id":"https:\/\/markd.com.br\/models\/#\/schema\/person\/image\/","url":"https:\/\/secure.gravatar.com\/avatar\/9448f3599ce269febf169e183039b4a6?s=96&d=mm&r=g","contentUrl":"https:\/\/secure.gravatar.com\/avatar\/9448f3599ce269febf169e183039b4a6?s=96&d=mm&r=g","caption":"Reda\u00e7\u00e3o Reda\u00e7\u00e3o"},"sameAs":["https:\/\/markd.com.br\/"],"url":"https:\/\/markd.com.br\/models\/author\/redacao\/"}]}},"featured_image_urls":{"full":["https:\/\/markd.com.br\/models\/wp-content\/uploads\/2022\/04\/20220420085404whatsappimage20220419at22.35.48.jpeg-644x445-1.jpg",644,445,false],"thumbnail":["https:\/\/markd.com.br\/models\/wp-content\/uploads\/2022\/04\/20220420085404whatsappimage20220419at22.35.48.jpeg-644x445-1-150x150.jpg",150,150,true],"medium":["https:\/\/markd.com.br\/models\/wp-content\/uploads\/2022\/04\/20220420085404whatsappimage20220419at22.35.48.jpeg-644x445-1-300x207.jpg",300,207,true],"medium_large":["https:\/\/markd.com.br\/models\/wp-content\/uploads\/2022\/04\/20220420085404whatsappimage20220419at22.35.48.jpeg-644x445-1.jpg",640,442,false],"large":["https:\/\/markd.com.br\/models\/wp-content\/uploads\/2022\/04\/20220420085404whatsappimage20220419at22.35.48.jpeg-644x445-1.jpg",640,442,false],"1536x1536":["https:\/\/markd.com.br\/models\/wp-content\/uploads\/2022\/04\/20220420085404whatsappimage20220419at22.35.48.jpeg-644x445-1.jpg",644,445,false],"2048x2048":["https:\/\/markd.com.br\/models\/wp-content\/uploads\/2022\/04\/20220420085404whatsappimage20220419at22.35.48.jpeg-644x445-1.jpg",644,445,false],"newsphere-slider-full":["https:\/\/markd.com.br\/models\/wp-content\/uploads\/2022\/04\/20220420085404whatsappimage20220419at22.35.48.jpeg-644x445-1.jpg",644,445,false],"newsphere-featured":["https:\/\/markd.com.br\/models\/wp-content\/uploads\/2022\/04\/20220420085404whatsappimage20220419at22.35.48.jpeg-644x445-1.jpg",644,445,false],"newsphere-medium":["https:\/\/markd.com.br\/models\/wp-content\/uploads\/2022\/04\/20220420085404whatsappimage20220419at22.35.48.jpeg-644x445-1-644x380.jpg",644,380,true]},"author_info":{"display_name":"Reda\u00e7\u00e3o Reda\u00e7\u00e3o","author_link":"https:\/\/markd.com.br\/models\/author\/redacao\/"},"category_info":"<a href=\"https:\/\/markd.com.br\/models\/category\/policia\/\" rel=\"category tag\">Policia<\/a>","tag_info":"Policia","comment_count":"0","jetpack_featured_media_url":"https:\/\/markd.com.br\/models\/wp-content\/uploads\/2022\/04\/20220420085404whatsappimage20220419at22.35.48.jpeg-644x445-1.jpg","_links":{"self":[{"href":"https:\/\/markd.com.br\/models\/wp-json\/wp\/v2\/posts\/1875","targetHints":{"allow":["GET"]}}],"collection":[{"href":"https:\/\/markd.com.br\/models\/wp-json\/wp\/v2\/posts"}],"about":[{"href":"https:\/\/markd.com.br\/models\/wp-json\/wp\/v2\/types\/post"}],"author":[{"embeddable":true,"href":"https:\/\/markd.com.br\/models\/wp-json\/wp\/v2\/users\/5"}],"replies":[{"embeddable":true,"href":"https:\/\/markd.com.br\/models\/wp-json\/wp\/v2\/comments?post=1875"}],"version-history":[{"count":1,"href":"https:\/\/markd.com.br\/models\/wp-json\/wp\/v2\/posts\/1875\/revisions"}],"predecessor-version":[{"id":1877,"href":"https:\/\/markd.com.br\/models\/wp-json\/wp\/v2\/posts\/1875\/revisions\/1877"}],"wp:featuredmedia":[{"embeddable":true,"href":"https:\/\/markd.com.br\/models\/wp-json\/wp\/v2\/media\/1876"}],"wp:attachment":[{"href":"https:\/\/markd.com.br\/models\/wp-json\/wp\/v2\/media?parent=1875"}],"wp:term":[{"taxonomy":"category","embeddable":true,"href":"https:\/\/markd.com.br\/models\/wp-json\/wp\/v2\/categories?post=1875"},{"taxonomy":"post_tag","embeddable":true,"href":"https:\/\/markd.com.br\/models\/wp-json\/wp\/v2\/tags?post=1875"}],"curies":[{"name":"wp","href":"https:\/\/api.w.org\/{rel}","templated":true}]}}