{"id":1878,"date":"2022-04-20T15:34:46","date_gmt":"2022-04-20T18:34:46","guid":{"rendered":"https:\/\/portaldestaquenoticias.com.br\/?p=1878"},"modified":"2022-04-20T15:34:48","modified_gmt":"2022-04-20T18:34:48","slug":"fernando-rocha-diz-que-se-sentia-como-um-cachorro-apos-demissao-da-globo","status":"publish","type":"post","link":"https:\/\/markd.com.br\/models\/fernando-rocha-diz-que-se-sentia-como-um-cachorro-apos-demissao-da-globo\/","title":{"rendered":"Fernando Rocha diz que se sentia como um cachorro ap\u00f3s demiss\u00e3o da Globo"},"content":{"rendered":"\n<p><\/p>\n\n\n\n<p>O jornalista Fernando Rocha, 55, contou em entrevista ao canal do YouTube de Luciana Liviero que se sentiu como um cachorro ap\u00f3s a sua demiss\u00e3o da TV Globo, em fevereiro de 2019, onde permaneceu por 30 anos.<\/p>\n\n\n\n<p>\u201cQuando voc\u00ea perde um emprego de uma forma muito abrupta, voc\u00ea perde a sua ess\u00eancia. Eu demorei, confessando aqui, em torno de um ano para entender tudo isso.<\/p>\n\n\n\n<p>Durante o per\u00edodo pr\u00e9-pandemia, eu me sentia como um cachorro que caiu do caminh\u00e3o de mudan\u00e7a\u201d, disse ele.<\/p>\n\n\n\n<p>Hoje em dia, toda essa bagagem e repert\u00f3rio adquiridos ap\u00f3s o momento complicado do desligamento ele leva para outras pessoas por meio de palestras. Dessa forma, diz ter conseguido perceber que h\u00e1 \u201cvida inteligente fora da TV\u201d.<\/p>\n\n\n\n<p>\u201cEm 2020, na pandemia, eu entendi que o mundo inteiro estava exatamente nessa mesma situa\u00e7\u00e3o, como se ca\u00edsse de um grande caminh\u00e3o de mudan\u00e7a e precisasse de reinventar. Quando eu descobri que eu tinha uma hist\u00f3ria para contar, eu falei: \u2018Eu tenho uma forma de me levantar contando a minha pr\u00f3pria hist\u00f3ria&#8217;\u201d, afirmou.<\/p>\n\n\n\n<p>Ap\u00f3s a demiss\u00e3o, Rocha n\u00e3o teve nem a chance de se despedir do p\u00fablico. \u201cA vida \u00e9 assim, corrida, uma hora esquenta, outra hora esfria, mas o que ela nos pede mesmo \u00e9 coragem\u201d, afirmou o apresentador na ocasi\u00e3o, que agradeceu o p\u00fablico por acompanhar toda a sua jornada. \u201cEstou confiante com o que vem pela frente\u201d, disse.<\/p>\n\n\n\n<p>Fonte; Portal do zacarias<\/p>\n","protected":false},"excerpt":{"rendered":"<p>O jornalista Fernando Rocha, 55, contou em entrevista ao canal do YouTube de Luciana Liviero&#8230;<\/p>\n","protected":false},"author":5,"featured_media":1879,"comment_status":"open","ping_status":"open","sticky":false,"template":"","format":"standard","meta":{"footnotes":""},"categories":[33],"tags":[535,533,534],"class_list":["post-1878","post","type-post","status-publish","format-standard","has-post-thumbnail","hentry","category-economia","tag-demissao","tag-fernando-rocha","tag-globo"],"yoast_head":"<!-- This site is optimized with the Yoast SEO plugin v24.4 - https:\/\/yoast.com\/wordpress\/plugins\/seo\/ -->\n<title>Fernando Rocha diz que se sentia como um cachorro ap\u00f3s demiss\u00e3o da Globo - Not\u00edcias de Todos - Models01<\/title>\n<meta name=\"robots\" content=\"index, follow, max-snippet:-1, max-image-preview:large, max-video-preview:-1\" \/>\n<link rel=\"canonical\" href=\"https:\/\/markd.com.br\/models\/fernando-rocha-diz-que-se-sentia-como-um-cachorro-apos-demissao-da-globo\/\" \/>\n<meta property=\"og:locale\" content=\"pt_BR\" \/>\n<meta property=\"og:type\" content=\"article\" \/>\n<meta property=\"og:title\" content=\"Fernando Rocha diz que se sentia como um cachorro ap\u00f3s demiss\u00e3o da Globo - Not\u00edcias de Todos - Models01\" \/>\n<meta property=\"og:description\" content=\"O jornalista Fernando Rocha, 55, contou em entrevista ao canal do YouTube de Luciana Liviero...\" \/>\n<meta property=\"og:url\" content=\"https:\/\/markd.com.br\/models\/fernando-rocha-diz-que-se-sentia-como-um-cachorro-apos-demissao-da-globo\/\" \/>\n<meta property=\"og:site_name\" content=\"Not\u00edcias de Todos - Models01\" \/>\n<meta property=\"article:published_time\" content=\"2022-04-20T18:34:46+00:00\" \/>\n<meta property=\"article:modified_time\" content=\"2022-04-20T18:34:48+00:00\" \/>\n<meta property=\"og:image\" content=\"https:\/\/markd.com.br\/models\/wp-content\/uploads\/2022\/04\/naom_5c76d0d628e0f.jpg\" \/>\n\t<meta property=\"og:image:width\" content=\"640\" \/>\n\t<meta property=\"og:image:height\" content=\"360\" \/>\n\t<meta property=\"og:image:type\" content=\"image\/jpeg\" \/>\n<meta name=\"author\" content=\"Reda\u00e7\u00e3o Reda\u00e7\u00e3o\" \/>\n<meta name=\"twitter:card\" content=\"summary_large_image\" \/>\n<meta name=\"twitter:label1\" content=\"Escrito por\" \/>\n\t<meta name=\"twitter:data1\" content=\"Reda\u00e7\u00e3o Reda\u00e7\u00e3o\" \/>\n\t<meta name=\"twitter:label2\" content=\"Est. tempo de leitura\" \/>\n\t<meta name=\"twitter:data2\" content=\"2 minutos\" \/>\n<script type=\"application\/ld+json\" class=\"yoast-schema-graph\">{\"@context\":\"https:\/\/schema.org\",\"@graph\":[{\"@type\":\"WebPage\",\"@id\":\"https:\/\/markd.com.br\/models\/fernando-rocha-diz-que-se-sentia-como-um-cachorro-apos-demissao-da-globo\/\",\"url\":\"https:\/\/markd.com.br\/models\/fernando-rocha-diz-que-se-sentia-como-um-cachorro-apos-demissao-da-globo\/\",\"name\":\"Fernando Rocha diz que se sentia como um cachorro ap\u00f3s demiss\u00e3o da Globo - Not\u00edcias de Todos - Models01\",\"isPartOf\":{\"@id\":\"https:\/\/markd.com.br\/models\/#website\"},\"primaryImageOfPage\":{\"@id\":\"https:\/\/markd.com.br\/models\/fernando-rocha-diz-que-se-sentia-como-um-cachorro-apos-demissao-da-globo\/#primaryimage\"},\"image\":{\"@id\":\"https:\/\/markd.com.br\/models\/fernando-rocha-diz-que-se-sentia-como-um-cachorro-apos-demissao-da-globo\/#primaryimage\"},\"thumbnailUrl\":\"https:\/\/markd.com.br\/models\/wp-content\/uploads\/2022\/04\/naom_5c76d0d628e0f.jpg\",\"datePublished\":\"2022-04-20T18:34:46+00:00\",\"dateModified\":\"2022-04-20T18:34:48+00:00\",\"author\":{\"@id\":\"https:\/\/markd.com.br\/models\/#\/schema\/person\/c12a77ab487a7262d8bec3c47301ad37\"},\"breadcrumb\":{\"@id\":\"https:\/\/markd.com.br\/models\/fernando-rocha-diz-que-se-sentia-como-um-cachorro-apos-demissao-da-globo\/#breadcrumb\"},\"inLanguage\":\"pt-BR\",\"potentialAction\":[{\"@type\":\"ReadAction\",\"target\":[\"https:\/\/markd.com.br\/models\/fernando-rocha-diz-que-se-sentia-como-um-cachorro-apos-demissao-da-globo\/\"]}]},{\"@type\":\"ImageObject\",\"inLanguage\":\"pt-BR\",\"@id\":\"https:\/\/markd.com.br\/models\/fernando-rocha-diz-que-se-sentia-como-um-cachorro-apos-demissao-da-globo\/#primaryimage\",\"url\":\"https:\/\/markd.com.br\/models\/wp-content\/uploads\/2022\/04\/naom_5c76d0d628e0f.jpg\",\"contentUrl\":\"https:\/\/markd.com.br\/models\/wp-content\/uploads\/2022\/04\/naom_5c76d0d628e0f.jpg\",\"width\":640,\"height\":360},{\"@type\":\"BreadcrumbList\",\"@id\":\"https:\/\/markd.com.br\/models\/fernando-rocha-diz-que-se-sentia-como-um-cachorro-apos-demissao-da-globo\/#breadcrumb\",\"itemListElement\":[{\"@type\":\"ListItem\",\"position\":1,\"name\":\"In\u00edcio\",\"item\":\"https:\/\/markd.com.br\/models\/\"},{\"@type\":\"ListItem\",\"position\":2,\"name\":\"Fernando Rocha diz que se sentia como um cachorro ap\u00f3s demiss\u00e3o da Globo\"}]},{\"@type\":\"WebSite\",\"@id\":\"https:\/\/markd.com.br\/models\/#website\",\"url\":\"https:\/\/markd.com.br\/models\/\",\"name\":\"Not\u00edcias de Todos - Models01\",\"description\":\"Tenha um Portal de Not\u00edcias Moderno, Din\u00e2mico, R\u00e1pido e Profissional. Entregamos seu Site de  Not\u00edcias Pronto, Instalado, Hospedado, com Manual Passo a Passo e Suporte 24 horas.\",\"potentialAction\":[{\"@type\":\"SearchAction\",\"target\":{\"@type\":\"EntryPoint\",\"urlTemplate\":\"https:\/\/markd.com.br\/models\/?s={search_term_string}\"},\"query-input\":{\"@type\":\"PropertyValueSpecification\",\"valueRequired\":true,\"valueName\":\"search_term_string\"}}],\"inLanguage\":\"pt-BR\"},{\"@type\":\"Person\",\"@id\":\"https:\/\/markd.com.br\/models\/#\/schema\/person\/c12a77ab487a7262d8bec3c47301ad37\",\"name\":\"Reda\u00e7\u00e3o Reda\u00e7\u00e3o\",\"image\":{\"@type\":\"ImageObject\",\"inLanguage\":\"pt-BR\",\"@id\":\"https:\/\/markd.com.br\/models\/#\/schema\/person\/image\/\",\"url\":\"https:\/\/secure.gravatar.com\/avatar\/9448f3599ce269febf169e183039b4a6?s=96&d=mm&r=g\",\"contentUrl\":\"https:\/\/secure.gravatar.com\/avatar\/9448f3599ce269febf169e183039b4a6?s=96&d=mm&r=g\",\"caption\":\"Reda\u00e7\u00e3o Reda\u00e7\u00e3o\"},\"sameAs\":[\"https:\/\/markd.com.br\/\"],\"url\":\"https:\/\/markd.com.br\/models\/author\/redacao\/\"}]}<\/script>\n<!-- \/ Yoast SEO plugin. -->","yoast_head_json":{"title":"Fernando Rocha diz que se sentia como um cachorro ap\u00f3s demiss\u00e3o da Globo - Not\u00edcias de Todos - Models01","robots":{"index":"index","follow":"follow","max-snippet":"max-snippet:-1","max-image-preview":"max-image-preview:large","max-video-preview":"max-video-preview:-1"},"canonical":"https:\/\/markd.com.br\/models\/fernando-rocha-diz-que-se-sentia-como-um-cachorro-apos-demissao-da-globo\/","og_locale":"pt_BR","og_type":"article","og_title":"Fernando Rocha diz que se sentia como um cachorro ap\u00f3s demiss\u00e3o da Globo - Not\u00edcias de Todos - Models01","og_description":"O jornalista Fernando Rocha, 55, contou em entrevista ao canal do YouTube de Luciana Liviero...","og_url":"https:\/\/markd.com.br\/models\/fernando-rocha-diz-que-se-sentia-como-um-cachorro-apos-demissao-da-globo\/","og_site_name":"Not\u00edcias de Todos - Models01","article_published_time":"2022-04-20T18:34:46+00:00","article_modified_time":"2022-04-20T18:34:48+00:00","og_image":[{"width":640,"height":360,"url":"https:\/\/markd.com.br\/models\/wp-content\/uploads\/2022\/04\/naom_5c76d0d628e0f.jpg","type":"image\/jpeg"}],"author":"Reda\u00e7\u00e3o Reda\u00e7\u00e3o","twitter_card":"summary_large_image","twitter_misc":{"Escrito por":"Reda\u00e7\u00e3o Reda\u00e7\u00e3o","Est. tempo de leitura":"2 minutos"},"schema":{"@context":"https:\/\/schema.org","@graph":[{"@type":"WebPage","@id":"https:\/\/markd.com.br\/models\/fernando-rocha-diz-que-se-sentia-como-um-cachorro-apos-demissao-da-globo\/","url":"https:\/\/markd.com.br\/models\/fernando-rocha-diz-que-se-sentia-como-um-cachorro-apos-demissao-da-globo\/","name":"Fernando Rocha diz que se sentia como um cachorro ap\u00f3s demiss\u00e3o da Globo - Not\u00edcias de Todos - Models01","isPartOf":{"@id":"https:\/\/markd.com.br\/models\/#website"},"primaryImageOfPage":{"@id":"https:\/\/markd.com.br\/models\/fernando-rocha-diz-que-se-sentia-como-um-cachorro-apos-demissao-da-globo\/#primaryimage"},"image":{"@id":"https:\/\/markd.com.br\/models\/fernando-rocha-diz-que-se-sentia-como-um-cachorro-apos-demissao-da-globo\/#primaryimage"},"thumbnailUrl":"https:\/\/markd.com.br\/models\/wp-content\/uploads\/2022\/04\/naom_5c76d0d628e0f.jpg","datePublished":"2022-04-20T18:34:46+00:00","dateModified":"2022-04-20T18:34:48+00:00","author":{"@id":"https:\/\/markd.com.br\/models\/#\/schema\/person\/c12a77ab487a7262d8bec3c47301ad37"},"breadcrumb":{"@id":"https:\/\/markd.com.br\/models\/fernando-rocha-diz-que-se-sentia-como-um-cachorro-apos-demissao-da-globo\/#breadcrumb"},"inLanguage":"pt-BR","potentialAction":[{"@type":"ReadAction","target":["https:\/\/markd.com.br\/models\/fernando-rocha-diz-que-se-sentia-como-um-cachorro-apos-demissao-da-globo\/"]}]},{"@type":"ImageObject","inLanguage":"pt-BR","@id":"https:\/\/markd.com.br\/models\/fernando-rocha-diz-que-se-sentia-como-um-cachorro-apos-demissao-da-globo\/#primaryimage","url":"https:\/\/markd.com.br\/models\/wp-content\/uploads\/2022\/04\/naom_5c76d0d628e0f.jpg","contentUrl":"https:\/\/markd.com.br\/models\/wp-content\/uploads\/2022\/04\/naom_5c76d0d628e0f.jpg","width":640,"height":360},{"@type":"BreadcrumbList","@id":"https:\/\/markd.com.br\/models\/fernando-rocha-diz-que-se-sentia-como-um-cachorro-apos-demissao-da-globo\/#breadcrumb","itemListElement":[{"@type":"ListItem","position":1,"name":"In\u00edcio","item":"https:\/\/markd.com.br\/models\/"},{"@type":"ListItem","position":2,"name":"Fernando Rocha diz que se sentia como um cachorro ap\u00f3s demiss\u00e3o da Globo"}]},{"@type":"WebSite","@id":"https:\/\/markd.com.br\/models\/#website","url":"https:\/\/markd.com.br\/models\/","name":"Not\u00edcias de Todos - Models01","description":"Tenha um Portal de Not\u00edcias Moderno, Din\u00e2mico, R\u00e1pido e Profissional. Entregamos seu Site de  Not\u00edcias Pronto, Instalado, Hospedado, com Manual Passo a Passo e Suporte 24 horas.","potentialAction":[{"@type":"SearchAction","target":{"@type":"EntryPoint","urlTemplate":"https:\/\/markd.com.br\/models\/?s={search_term_string}"},"query-input":{"@type":"PropertyValueSpecification","valueRequired":true,"valueName":"search_term_string"}}],"inLanguage":"pt-BR"},{"@type":"Person","@id":"https:\/\/markd.com.br\/models\/#\/schema\/person\/c12a77ab487a7262d8bec3c47301ad37","name":"Reda\u00e7\u00e3o Reda\u00e7\u00e3o","image":{"@type":"ImageObject","inLanguage":"pt-BR","@id":"https:\/\/markd.com.br\/models\/#\/schema\/person\/image\/","url":"https:\/\/secure.gravatar.com\/avatar\/9448f3599ce269febf169e183039b4a6?s=96&d=mm&r=g","contentUrl":"https:\/\/secure.gravatar.com\/avatar\/9448f3599ce269febf169e183039b4a6?s=96&d=mm&r=g","caption":"Reda\u00e7\u00e3o Reda\u00e7\u00e3o"},"sameAs":["https:\/\/markd.com.br\/"],"url":"https:\/\/markd.com.br\/models\/author\/redacao\/"}]}},"featured_image_urls":{"full":["https:\/\/markd.com.br\/models\/wp-content\/uploads\/2022\/04\/naom_5c76d0d628e0f.jpg",640,360,false],"thumbnail":["https:\/\/markd.com.br\/models\/wp-content\/uploads\/2022\/04\/naom_5c76d0d628e0f-150x150.jpg",150,150,true],"medium":["https:\/\/markd.com.br\/models\/wp-content\/uploads\/2022\/04\/naom_5c76d0d628e0f-300x169.jpg",300,169,true],"medium_large":["https:\/\/markd.com.br\/models\/wp-content\/uploads\/2022\/04\/naom_5c76d0d628e0f.jpg",640,360,false],"large":["https:\/\/markd.com.br\/models\/wp-content\/uploads\/2022\/04\/naom_5c76d0d628e0f.jpg",640,360,false],"1536x1536":["https:\/\/markd.com.br\/models\/wp-content\/uploads\/2022\/04\/naom_5c76d0d628e0f.jpg",640,360,false],"2048x2048":["https:\/\/markd.com.br\/models\/wp-content\/uploads\/2022\/04\/naom_5c76d0d628e0f.jpg",640,360,false],"newsphere-slider-full":["https:\/\/markd.com.br\/models\/wp-content\/uploads\/2022\/04\/naom_5c76d0d628e0f.jpg",640,360,false],"newsphere-featured":["https:\/\/markd.com.br\/models\/wp-content\/uploads\/2022\/04\/naom_5c76d0d628e0f.jpg",640,360,false],"newsphere-medium":["https:\/\/markd.com.br\/models\/wp-content\/uploads\/2022\/04\/naom_5c76d0d628e0f.jpg",640,360,false]},"author_info":{"display_name":"Reda\u00e7\u00e3o Reda\u00e7\u00e3o","author_link":"https:\/\/markd.com.br\/models\/author\/redacao\/"},"category_info":"<a href=\"https:\/\/markd.com.br\/models\/category\/economia\/\" rel=\"category tag\">Famosos<\/a>","tag_info":"Famosos","comment_count":"0","jetpack_featured_media_url":"https:\/\/markd.com.br\/models\/wp-content\/uploads\/2022\/04\/naom_5c76d0d628e0f.jpg","_links":{"self":[{"href":"https:\/\/markd.com.br\/models\/wp-json\/wp\/v2\/posts\/1878","targetHints":{"allow":["GET"]}}],"collection":[{"href":"https:\/\/markd.com.br\/models\/wp-json\/wp\/v2\/posts"}],"about":[{"href":"https:\/\/markd.com.br\/models\/wp-json\/wp\/v2\/types\/post"}],"author":[{"embeddable":true,"href":"https:\/\/markd.com.br\/models\/wp-json\/wp\/v2\/users\/5"}],"replies":[{"embeddable":true,"href":"https:\/\/markd.com.br\/models\/wp-json\/wp\/v2\/comments?post=1878"}],"version-history":[{"count":1,"href":"https:\/\/markd.com.br\/models\/wp-json\/wp\/v2\/posts\/1878\/revisions"}],"predecessor-version":[{"id":1880,"href":"https:\/\/markd.com.br\/models\/wp-json\/wp\/v2\/posts\/1878\/revisions\/1880"}],"wp:featuredmedia":[{"embeddable":true,"href":"https:\/\/markd.com.br\/models\/wp-json\/wp\/v2\/media\/1879"}],"wp:attachment":[{"href":"https:\/\/markd.com.br\/models\/wp-json\/wp\/v2\/media?parent=1878"}],"wp:term":[{"taxonomy":"category","embeddable":true,"href":"https:\/\/markd.com.br\/models\/wp-json\/wp\/v2\/categories?post=1878"},{"taxonomy":"post_tag","embeddable":true,"href":"https:\/\/markd.com.br\/models\/wp-json\/wp\/v2\/tags?post=1878"}],"curies":[{"name":"wp","href":"https:\/\/api.w.org\/{rel}","templated":true}]}}