{"id":1881,"date":"2022-04-20T15:37:39","date_gmt":"2022-04-20T18:37:39","guid":{"rendered":"https:\/\/portaldestaquenoticias.com.br\/?p=1881"},"modified":"2022-04-20T15:37:42","modified_gmt":"2022-04-20T18:37:42","slug":"ugpe-apresenta-carta-consulta-do-prosai-parintins-a-comissao-de-financiamento-externo-do-ministerio-da-economia","status":"publish","type":"post","link":"https:\/\/markd.com.br\/models\/ugpe-apresenta-carta-consulta-do-prosai-parintins-a-comissao-de-financiamento-externo-do-ministerio-da-economia\/","title":{"rendered":"UGPE apresenta Carta-Consulta do Prosai Parintins \u00e0 Comiss\u00e3o de Financiamento Externo do Minist\u00e9rio da Economia"},"content":{"rendered":"\n<p><\/p>\n\n\n\n<p>Objetivo da a\u00e7\u00e3o \u00e9 garantir aprova\u00e7\u00e3o federal para financiamento de US$ 70 milh\u00f5es pleiteado para realiza\u00e7\u00e3o das obras<\/p>\n\n\n\n<p>A Unidade Gestora de Projetos Especiais (UGPE) do Governo do Amazonas apresentou \u00e0 Comiss\u00e3o de Financiamento Externo do Minist\u00e9rio da Economia (Cofiex), nesta ter\u00e7a-feira (19\/04), a Carta-Consulta do Programa Social e Ambiental do Interior (Prosai) a ser executado em Parintins (a 369 quil\u00f4metros de Manaus). A apresenta\u00e7\u00e3o \u00e9 a primeira etapa do pedido de autoriza\u00e7\u00e3o ao Governo Federal para o financiamento de US$ 70 milh\u00f5es junto ao Banco Interamericano de Desenvolvimento (BID).<\/p>\n\n\n\n<p>Durante a reuni\u00e3o virtual com o Grupo T\u00e9cnico (GTEC) do Minist\u00e9rio da Economia, que assessora a Cofiex, o coordenador executivo da UGPE, engenheiro civil Marcellus Camp\u00ealo, apresentou o projeto com as interven\u00e7\u00f5es a serem realizadas no munic\u00edpio.<\/p>\n\n\n\n<p>O Prosai Parintins ter\u00e1 interven\u00e7\u00f5es ambientais, urban\u00edsticas e habitacionais, al\u00e9m da implanta\u00e7\u00e3o de sistema de abastecimento de \u00e1gua, de esgotamento sanit\u00e1rio e implanta\u00e7\u00e3o de coleta e tratamento de res\u00edduos s\u00f3lidos, este \u00faltimo feito com recursos direto da fonte estadual. O investimento total do projeto \u00e9 de US$ 87 milh\u00f5es, sendo US$ 17,5 milh\u00f5es de contrapartida estadual.<\/p>\n\n\n\n<p>Segundo Marcellus, a avalia\u00e7\u00e3o e resposta \u00e0 proposta foram positivas. \u201cO programa foi elogiado, a apresenta\u00e7\u00e3o tamb\u00e9m. V\u00e3o ser feitos alguns ajustes para ser devolvido ao Grupo T\u00e9cnico e, assim, pautado na pr\u00f3xima Cofiex, que se dar\u00e1 daqui a dois meses\u201d, explicou o coordenador.<\/p>\n\n\n\n<p>Durante a reuni\u00e3o, o coordenador do GTEC, Marcelo de Paula, ressaltou as experi\u00eancias exitosas do Programa Social e Ambiental de Manaus e Interior (Prosamin+), executado na capital, e do Prosai Mau\u00e9s.<\/p>\n\n\n\n<p>De acordo com ele, na pr\u00f3xima reuni\u00e3o, a Cofiex ir\u00e1 conferir nota aos programas de todo o Brasil, e os que mais pontuarem ter\u00e3o a recomenda\u00e7\u00e3o do Minist\u00e9rio da Economia para a prepara\u00e7\u00e3o do contrato de empr\u00e9stimos.<\/p>\n\n\n\n<p>Programa \u2013 O projeto completo do Prosai Parintins inclui uma \u00e1rea de interven\u00e7\u00e3o de 119 mil metros quadrados, alcan\u00e7ando os bairros da Francesa, Palmares, Santa Clara, Rita de C\u00e1ssia e Centro. A principal \u00e1rea de abrang\u00eancia ser\u00e1 a Lagoa da Francesa, para a qual o objetivo do programa \u00e9 solucionar problemas ambientais, urban\u00edsticos e sociais do local e de suas redondezas, incluindo as alaga\u00e7\u00f5es.<\/p>\n\n\n\n<p>O programa vai retirar 515 fam\u00edlias de \u00e1reas alagadi\u00e7as de risco, promovendo a requalifica\u00e7\u00e3o dos espa\u00e7os com drenagem e mobilidade urbana, por meio de sistema vi\u00e1rio, recupera\u00e7\u00e3o ambiental, al\u00e9m de dotar os locais de interven\u00e7\u00e3o com parques, pra\u00e7as, ciclovias e equipamentos de apoio social. Vai ainda implantar sistema de capta\u00e7\u00e3o e distribui\u00e7\u00e3o de \u00e1gua, levando abastecimento para 100% da \u00e1rea urbana.<\/p>\n\n\n\n<p>A primeira obra do Prosai Parintins j\u00e1 inicia neste ano, com recursos estaduais. Ser\u00e3o investidos R$ 60 milh\u00f5es para a implanta\u00e7\u00e3o de um complexo de tratamento de res\u00edduos s\u00f3lidos por meio de pir\u00f3lise.<\/p>\n\n\n\n<figure class=\"wp-block-image\"><img decoding=\"async\" src=\"https:\/\/sp-ao.shortpixel.ai\/client\/to_auto,q_glossy,ret_img,w_1024,h_682\/https:\/\/portalmancheteam.com.br\/wp-content\/uploads\/2022\/04\/073b3347-c810-49ce-9c84-3d94d776e664-1024x682.jpg\" alt=\"\" class=\"wp-image-84583\"\/><\/figure>\n\n\n\n<p>FOTOS: Tiago Corr\u00eaa\/UGPE<\/p>\n\n\n\n<p>Informa\u00e7\u00f5es para a imprensa: Assessoria de Comunica\u00e7\u00e3o da Unidade Gestora de Projetos Especiais\/Programa Social e Ambiental de Manaus e Interior (UGPE\/Prosamin+): Roseane Mota (99126-7364) e Tiago Pires Corr\u00eaa (98249-0635).<\/p>\n","protected":false},"excerpt":{"rendered":"<p>Objetivo da a\u00e7\u00e3o \u00e9 garantir aprova\u00e7\u00e3o federal para financiamento de US$ 70 milh\u00f5es pleiteado para&#8230;<\/p>\n","protected":false},"author":5,"featured_media":1882,"comment_status":"open","ping_status":"open","sticky":false,"template":"","format":"standard","meta":{"footnotes":""},"categories":[51],"tags":[52,537,536],"class_list":["post-1881","post","type-post","status-publish","format-standard","has-post-thumbnail","hentry","category-governo-do-amazonas","tag-governo-do-amazonas","tag-prosai","tag-ugpe"],"yoast_head":"<!-- This site is optimized with the Yoast SEO plugin v24.4 - https:\/\/yoast.com\/wordpress\/plugins\/seo\/ -->\n<title>UGPE apresenta Carta-Consulta do Prosai Parintins \u00e0 Comiss\u00e3o de Financiamento Externo do Minist\u00e9rio da Economia - Not\u00edcias de Todos - Models01<\/title>\n<meta name=\"robots\" content=\"index, follow, max-snippet:-1, max-image-preview:large, max-video-preview:-1\" \/>\n<link rel=\"canonical\" href=\"https:\/\/markd.com.br\/models\/ugpe-apresenta-carta-consulta-do-prosai-parintins-a-comissao-de-financiamento-externo-do-ministerio-da-economia\/\" \/>\n<meta property=\"og:locale\" content=\"pt_BR\" \/>\n<meta property=\"og:type\" content=\"article\" \/>\n<meta property=\"og:title\" content=\"UGPE apresenta Carta-Consulta do Prosai Parintins \u00e0 Comiss\u00e3o de Financiamento Externo do Minist\u00e9rio da Economia - Not\u00edcias de Todos - Models01\" \/>\n<meta property=\"og:description\" content=\"Objetivo da a\u00e7\u00e3o \u00e9 garantir aprova\u00e7\u00e3o federal para financiamento de US$ 70 milh\u00f5es pleiteado para...\" \/>\n<meta property=\"og:url\" content=\"https:\/\/markd.com.br\/models\/ugpe-apresenta-carta-consulta-do-prosai-parintins-a-comissao-de-financiamento-externo-do-ministerio-da-economia\/\" \/>\n<meta property=\"og:site_name\" content=\"Not\u00edcias de Todos - Models01\" \/>\n<meta property=\"article:published_time\" content=\"2022-04-20T18:37:39+00:00\" \/>\n<meta property=\"article:modified_time\" content=\"2022-04-20T18:37:42+00:00\" \/>\n<meta property=\"og:image\" content=\"https:\/\/markd.com.br\/models\/wp-content\/uploads\/2022\/04\/332a4a24-72c9-4b84-b2fd-0cdcd99ea2ce.jpg\" \/>\n\t<meta property=\"og:image:width\" content=\"650\" \/>\n\t<meta property=\"og:image:height\" content=\"433\" \/>\n\t<meta property=\"og:image:type\" content=\"image\/jpeg\" \/>\n<meta name=\"author\" content=\"Reda\u00e7\u00e3o Reda\u00e7\u00e3o\" \/>\n<meta name=\"twitter:card\" content=\"summary_large_image\" \/>\n<meta name=\"twitter:label1\" content=\"Escrito por\" \/>\n\t<meta name=\"twitter:data1\" content=\"Reda\u00e7\u00e3o Reda\u00e7\u00e3o\" \/>\n\t<meta name=\"twitter:label2\" content=\"Est. tempo de leitura\" \/>\n\t<meta name=\"twitter:data2\" content=\"3 minutos\" \/>\n<script type=\"application\/ld+json\" class=\"yoast-schema-graph\">{\"@context\":\"https:\/\/schema.org\",\"@graph\":[{\"@type\":\"WebPage\",\"@id\":\"https:\/\/markd.com.br\/models\/ugpe-apresenta-carta-consulta-do-prosai-parintins-a-comissao-de-financiamento-externo-do-ministerio-da-economia\/\",\"url\":\"https:\/\/markd.com.br\/models\/ugpe-apresenta-carta-consulta-do-prosai-parintins-a-comissao-de-financiamento-externo-do-ministerio-da-economia\/\",\"name\":\"UGPE apresenta Carta-Consulta do Prosai Parintins \u00e0 Comiss\u00e3o de Financiamento Externo do Minist\u00e9rio da Economia - Not\u00edcias de Todos - Models01\",\"isPartOf\":{\"@id\":\"https:\/\/markd.com.br\/models\/#website\"},\"primaryImageOfPage\":{\"@id\":\"https:\/\/markd.com.br\/models\/ugpe-apresenta-carta-consulta-do-prosai-parintins-a-comissao-de-financiamento-externo-do-ministerio-da-economia\/#primaryimage\"},\"image\":{\"@id\":\"https:\/\/markd.com.br\/models\/ugpe-apresenta-carta-consulta-do-prosai-parintins-a-comissao-de-financiamento-externo-do-ministerio-da-economia\/#primaryimage\"},\"thumbnailUrl\":\"https:\/\/markd.com.br\/models\/wp-content\/uploads\/2022\/04\/332a4a24-72c9-4b84-b2fd-0cdcd99ea2ce.jpg\",\"datePublished\":\"2022-04-20T18:37:39+00:00\",\"dateModified\":\"2022-04-20T18:37:42+00:00\",\"author\":{\"@id\":\"https:\/\/markd.com.br\/models\/#\/schema\/person\/c12a77ab487a7262d8bec3c47301ad37\"},\"breadcrumb\":{\"@id\":\"https:\/\/markd.com.br\/models\/ugpe-apresenta-carta-consulta-do-prosai-parintins-a-comissao-de-financiamento-externo-do-ministerio-da-economia\/#breadcrumb\"},\"inLanguage\":\"pt-BR\",\"potentialAction\":[{\"@type\":\"ReadAction\",\"target\":[\"https:\/\/markd.com.br\/models\/ugpe-apresenta-carta-consulta-do-prosai-parintins-a-comissao-de-financiamento-externo-do-ministerio-da-economia\/\"]}]},{\"@type\":\"ImageObject\",\"inLanguage\":\"pt-BR\",\"@id\":\"https:\/\/markd.com.br\/models\/ugpe-apresenta-carta-consulta-do-prosai-parintins-a-comissao-de-financiamento-externo-do-ministerio-da-economia\/#primaryimage\",\"url\":\"https:\/\/markd.com.br\/models\/wp-content\/uploads\/2022\/04\/332a4a24-72c9-4b84-b2fd-0cdcd99ea2ce.jpg\",\"contentUrl\":\"https:\/\/markd.com.br\/models\/wp-content\/uploads\/2022\/04\/332a4a24-72c9-4b84-b2fd-0cdcd99ea2ce.jpg\",\"width\":650,\"height\":433},{\"@type\":\"BreadcrumbList\",\"@id\":\"https:\/\/markd.com.br\/models\/ugpe-apresenta-carta-consulta-do-prosai-parintins-a-comissao-de-financiamento-externo-do-ministerio-da-economia\/#breadcrumb\",\"itemListElement\":[{\"@type\":\"ListItem\",\"position\":1,\"name\":\"In\u00edcio\",\"item\":\"https:\/\/markd.com.br\/models\/\"},{\"@type\":\"ListItem\",\"position\":2,\"name\":\"UGPE apresenta Carta-Consulta do Prosai Parintins \u00e0 Comiss\u00e3o de Financiamento Externo do Minist\u00e9rio da Economia\"}]},{\"@type\":\"WebSite\",\"@id\":\"https:\/\/markd.com.br\/models\/#website\",\"url\":\"https:\/\/markd.com.br\/models\/\",\"name\":\"Not\u00edcias de Todos - Models01\",\"description\":\"Tenha um Portal de Not\u00edcias Moderno, Din\u00e2mico, R\u00e1pido e Profissional. Entregamos seu Site de  Not\u00edcias Pronto, Instalado, Hospedado, com Manual Passo a Passo e Suporte 24 horas.\",\"potentialAction\":[{\"@type\":\"SearchAction\",\"target\":{\"@type\":\"EntryPoint\",\"urlTemplate\":\"https:\/\/markd.com.br\/models\/?s={search_term_string}\"},\"query-input\":{\"@type\":\"PropertyValueSpecification\",\"valueRequired\":true,\"valueName\":\"search_term_string\"}}],\"inLanguage\":\"pt-BR\"},{\"@type\":\"Person\",\"@id\":\"https:\/\/markd.com.br\/models\/#\/schema\/person\/c12a77ab487a7262d8bec3c47301ad37\",\"name\":\"Reda\u00e7\u00e3o Reda\u00e7\u00e3o\",\"image\":{\"@type\":\"ImageObject\",\"inLanguage\":\"pt-BR\",\"@id\":\"https:\/\/markd.com.br\/models\/#\/schema\/person\/image\/\",\"url\":\"https:\/\/secure.gravatar.com\/avatar\/9448f3599ce269febf169e183039b4a6?s=96&d=mm&r=g\",\"contentUrl\":\"https:\/\/secure.gravatar.com\/avatar\/9448f3599ce269febf169e183039b4a6?s=96&d=mm&r=g\",\"caption\":\"Reda\u00e7\u00e3o Reda\u00e7\u00e3o\"},\"sameAs\":[\"https:\/\/markd.com.br\/\"],\"url\":\"https:\/\/markd.com.br\/models\/author\/redacao\/\"}]}<\/script>\n<!-- \/ Yoast SEO plugin. -->","yoast_head_json":{"title":"UGPE apresenta Carta-Consulta do Prosai Parintins \u00e0 Comiss\u00e3o de Financiamento Externo do Minist\u00e9rio da Economia - Not\u00edcias de Todos - Models01","robots":{"index":"index","follow":"follow","max-snippet":"max-snippet:-1","max-image-preview":"max-image-preview:large","max-video-preview":"max-video-preview:-1"},"canonical":"https:\/\/markd.com.br\/models\/ugpe-apresenta-carta-consulta-do-prosai-parintins-a-comissao-de-financiamento-externo-do-ministerio-da-economia\/","og_locale":"pt_BR","og_type":"article","og_title":"UGPE apresenta Carta-Consulta do Prosai Parintins \u00e0 Comiss\u00e3o de Financiamento Externo do Minist\u00e9rio da Economia - Not\u00edcias de Todos - Models01","og_description":"Objetivo da a\u00e7\u00e3o \u00e9 garantir aprova\u00e7\u00e3o federal para financiamento de US$ 70 milh\u00f5es pleiteado para...","og_url":"https:\/\/markd.com.br\/models\/ugpe-apresenta-carta-consulta-do-prosai-parintins-a-comissao-de-financiamento-externo-do-ministerio-da-economia\/","og_site_name":"Not\u00edcias de Todos - Models01","article_published_time":"2022-04-20T18:37:39+00:00","article_modified_time":"2022-04-20T18:37:42+00:00","og_image":[{"width":650,"height":433,"url":"https:\/\/markd.com.br\/models\/wp-content\/uploads\/2022\/04\/332a4a24-72c9-4b84-b2fd-0cdcd99ea2ce.jpg","type":"image\/jpeg"}],"author":"Reda\u00e7\u00e3o Reda\u00e7\u00e3o","twitter_card":"summary_large_image","twitter_misc":{"Escrito por":"Reda\u00e7\u00e3o Reda\u00e7\u00e3o","Est. tempo de leitura":"3 minutos"},"schema":{"@context":"https:\/\/schema.org","@graph":[{"@type":"WebPage","@id":"https:\/\/markd.com.br\/models\/ugpe-apresenta-carta-consulta-do-prosai-parintins-a-comissao-de-financiamento-externo-do-ministerio-da-economia\/","url":"https:\/\/markd.com.br\/models\/ugpe-apresenta-carta-consulta-do-prosai-parintins-a-comissao-de-financiamento-externo-do-ministerio-da-economia\/","name":"UGPE apresenta Carta-Consulta do Prosai Parintins \u00e0 Comiss\u00e3o de Financiamento Externo do Minist\u00e9rio da Economia - Not\u00edcias de Todos - Models01","isPartOf":{"@id":"https:\/\/markd.com.br\/models\/#website"},"primaryImageOfPage":{"@id":"https:\/\/markd.com.br\/models\/ugpe-apresenta-carta-consulta-do-prosai-parintins-a-comissao-de-financiamento-externo-do-ministerio-da-economia\/#primaryimage"},"image":{"@id":"https:\/\/markd.com.br\/models\/ugpe-apresenta-carta-consulta-do-prosai-parintins-a-comissao-de-financiamento-externo-do-ministerio-da-economia\/#primaryimage"},"thumbnailUrl":"https:\/\/markd.com.br\/models\/wp-content\/uploads\/2022\/04\/332a4a24-72c9-4b84-b2fd-0cdcd99ea2ce.jpg","datePublished":"2022-04-20T18:37:39+00:00","dateModified":"2022-04-20T18:37:42+00:00","author":{"@id":"https:\/\/markd.com.br\/models\/#\/schema\/person\/c12a77ab487a7262d8bec3c47301ad37"},"breadcrumb":{"@id":"https:\/\/markd.com.br\/models\/ugpe-apresenta-carta-consulta-do-prosai-parintins-a-comissao-de-financiamento-externo-do-ministerio-da-economia\/#breadcrumb"},"inLanguage":"pt-BR","potentialAction":[{"@type":"ReadAction","target":["https:\/\/markd.com.br\/models\/ugpe-apresenta-carta-consulta-do-prosai-parintins-a-comissao-de-financiamento-externo-do-ministerio-da-economia\/"]}]},{"@type":"ImageObject","inLanguage":"pt-BR","@id":"https:\/\/markd.com.br\/models\/ugpe-apresenta-carta-consulta-do-prosai-parintins-a-comissao-de-financiamento-externo-do-ministerio-da-economia\/#primaryimage","url":"https:\/\/markd.com.br\/models\/wp-content\/uploads\/2022\/04\/332a4a24-72c9-4b84-b2fd-0cdcd99ea2ce.jpg","contentUrl":"https:\/\/markd.com.br\/models\/wp-content\/uploads\/2022\/04\/332a4a24-72c9-4b84-b2fd-0cdcd99ea2ce.jpg","width":650,"height":433},{"@type":"BreadcrumbList","@id":"https:\/\/markd.com.br\/models\/ugpe-apresenta-carta-consulta-do-prosai-parintins-a-comissao-de-financiamento-externo-do-ministerio-da-economia\/#breadcrumb","itemListElement":[{"@type":"ListItem","position":1,"name":"In\u00edcio","item":"https:\/\/markd.com.br\/models\/"},{"@type":"ListItem","position":2,"name":"UGPE apresenta Carta-Consulta do Prosai Parintins \u00e0 Comiss\u00e3o de Financiamento Externo do Minist\u00e9rio da Economia"}]},{"@type":"WebSite","@id":"https:\/\/markd.com.br\/models\/#website","url":"https:\/\/markd.com.br\/models\/","name":"Not\u00edcias de Todos - Models01","description":"Tenha um Portal de Not\u00edcias Moderno, Din\u00e2mico, R\u00e1pido e Profissional. Entregamos seu Site de  Not\u00edcias Pronto, Instalado, Hospedado, com Manual Passo a Passo e Suporte 24 horas.","potentialAction":[{"@type":"SearchAction","target":{"@type":"EntryPoint","urlTemplate":"https:\/\/markd.com.br\/models\/?s={search_term_string}"},"query-input":{"@type":"PropertyValueSpecification","valueRequired":true,"valueName":"search_term_string"}}],"inLanguage":"pt-BR"},{"@type":"Person","@id":"https:\/\/markd.com.br\/models\/#\/schema\/person\/c12a77ab487a7262d8bec3c47301ad37","name":"Reda\u00e7\u00e3o Reda\u00e7\u00e3o","image":{"@type":"ImageObject","inLanguage":"pt-BR","@id":"https:\/\/markd.com.br\/models\/#\/schema\/person\/image\/","url":"https:\/\/secure.gravatar.com\/avatar\/9448f3599ce269febf169e183039b4a6?s=96&d=mm&r=g","contentUrl":"https:\/\/secure.gravatar.com\/avatar\/9448f3599ce269febf169e183039b4a6?s=96&d=mm&r=g","caption":"Reda\u00e7\u00e3o Reda\u00e7\u00e3o"},"sameAs":["https:\/\/markd.com.br\/"],"url":"https:\/\/markd.com.br\/models\/author\/redacao\/"}]}},"featured_image_urls":{"full":["https:\/\/markd.com.br\/models\/wp-content\/uploads\/2022\/04\/332a4a24-72c9-4b84-b2fd-0cdcd99ea2ce.jpg",650,433,false],"thumbnail":["https:\/\/markd.com.br\/models\/wp-content\/uploads\/2022\/04\/332a4a24-72c9-4b84-b2fd-0cdcd99ea2ce-150x150.jpg",150,150,true],"medium":["https:\/\/markd.com.br\/models\/wp-content\/uploads\/2022\/04\/332a4a24-72c9-4b84-b2fd-0cdcd99ea2ce-300x200.jpg",300,200,true],"medium_large":["https:\/\/markd.com.br\/models\/wp-content\/uploads\/2022\/04\/332a4a24-72c9-4b84-b2fd-0cdcd99ea2ce.jpg",640,426,false],"large":["https:\/\/markd.com.br\/models\/wp-content\/uploads\/2022\/04\/332a4a24-72c9-4b84-b2fd-0cdcd99ea2ce.jpg",640,426,false],"1536x1536":["https:\/\/markd.com.br\/models\/wp-content\/uploads\/2022\/04\/332a4a24-72c9-4b84-b2fd-0cdcd99ea2ce.jpg",650,433,false],"2048x2048":["https:\/\/markd.com.br\/models\/wp-content\/uploads\/2022\/04\/332a4a24-72c9-4b84-b2fd-0cdcd99ea2ce.jpg",650,433,false],"newsphere-slider-full":["https:\/\/markd.com.br\/models\/wp-content\/uploads\/2022\/04\/332a4a24-72c9-4b84-b2fd-0cdcd99ea2ce.jpg",650,433,false],"newsphere-featured":["https:\/\/markd.com.br\/models\/wp-content\/uploads\/2022\/04\/332a4a24-72c9-4b84-b2fd-0cdcd99ea2ce.jpg",650,433,false],"newsphere-medium":["https:\/\/markd.com.br\/models\/wp-content\/uploads\/2022\/04\/332a4a24-72c9-4b84-b2fd-0cdcd99ea2ce-650x380.jpg",650,380,true]},"author_info":{"display_name":"Reda\u00e7\u00e3o Reda\u00e7\u00e3o","author_link":"https:\/\/markd.com.br\/models\/author\/redacao\/"},"category_info":"<a href=\"https:\/\/markd.com.br\/models\/category\/governo-do-amazonas\/\" rel=\"category tag\">Governo do amazonas<\/a>","tag_info":"Governo do amazonas","comment_count":"0","jetpack_featured_media_url":"https:\/\/markd.com.br\/models\/wp-content\/uploads\/2022\/04\/332a4a24-72c9-4b84-b2fd-0cdcd99ea2ce.jpg","_links":{"self":[{"href":"https:\/\/markd.com.br\/models\/wp-json\/wp\/v2\/posts\/1881","targetHints":{"allow":["GET"]}}],"collection":[{"href":"https:\/\/markd.com.br\/models\/wp-json\/wp\/v2\/posts"}],"about":[{"href":"https:\/\/markd.com.br\/models\/wp-json\/wp\/v2\/types\/post"}],"author":[{"embeddable":true,"href":"https:\/\/markd.com.br\/models\/wp-json\/wp\/v2\/users\/5"}],"replies":[{"embeddable":true,"href":"https:\/\/markd.com.br\/models\/wp-json\/wp\/v2\/comments?post=1881"}],"version-history":[{"count":1,"href":"https:\/\/markd.com.br\/models\/wp-json\/wp\/v2\/posts\/1881\/revisions"}],"predecessor-version":[{"id":1883,"href":"https:\/\/markd.com.br\/models\/wp-json\/wp\/v2\/posts\/1881\/revisions\/1883"}],"wp:featuredmedia":[{"embeddable":true,"href":"https:\/\/markd.com.br\/models\/wp-json\/wp\/v2\/media\/1882"}],"wp:attachment":[{"href":"https:\/\/markd.com.br\/models\/wp-json\/wp\/v2\/media?parent=1881"}],"wp:term":[{"taxonomy":"category","embeddable":true,"href":"https:\/\/markd.com.br\/models\/wp-json\/wp\/v2\/categories?post=1881"},{"taxonomy":"post_tag","embeddable":true,"href":"https:\/\/markd.com.br\/models\/wp-json\/wp\/v2\/tags?post=1881"}],"curies":[{"name":"wp","href":"https:\/\/api.w.org\/{rel}","templated":true}]}}