{"id":1884,"date":"2022-04-20T16:01:19","date_gmt":"2022-04-20T19:01:19","guid":{"rendered":"https:\/\/portaldestaquenoticias.com.br\/?p=1884"},"modified":"2022-04-20T16:01:23","modified_gmt":"2022-04-20T19:01:23","slug":"suspeito-tenta-assaltar-homem-e-e-morto-a-tiros-no-amazonas","status":"publish","type":"post","link":"https:\/\/markd.com.br\/models\/suspeito-tenta-assaltar-homem-e-e-morto-a-tiros-no-amazonas\/","title":{"rendered":"Suspeito tenta assaltar homem e \u00e9 morto a tiros no Amazonas\u00a0"},"content":{"rendered":"\n<p>Um homem, ainda n\u00e3o identificado, foi morto a tiros na manh\u00e3 desta quarta-feira (20), ap\u00f3s ser tentar assaltar um cliente que saia de uma ag\u00eancia banc\u00e1ria no munic\u00edpio de Nova Olinda do Norte, no Amazonas.<a href=\"https:\/\/www.portaldoholanda.com.br\/bastidores-da-politica\/bolsonaro-bichissima-no-sambodromo-e-forma-errada-de-protesto\"><\/a><a href=\"https:\/\/www.portaldoholanda.com.br\/bastidores-da-politica\/bolsonaro-bichissima-no-sambodromo-e-forma-errada-de-protesto\"><br>&#8216;Bolsonaro Bich\u00edssima&#8217; no samb\u00f3dromo \u00e9 forma errada de protesto&nbsp;<\/a><\/p>\n\n\n\n<p>Segundo informa\u00e7\u00f5es preliminares de testemunhas, dois suspeitos em uma motocicleta abordaram o homem que sa\u00eda do banco, mas a v\u00edtima do assalto&nbsp; reagiu e atirou em dire\u00e7\u00e3o dos assaltantes, atingindo um deles na cabe\u00e7a.<\/p>\n\n\n\n<p>Entramos em contato com a Pol\u00edcia Militar do munic\u00edpio para obter mais informa\u00e7\u00f5es sobre o caso, mas ainda n\u00e3o tivemos retorno.<\/p>\n\n\n\n<p>FONTE: PORTAL DO HOLANDA<\/p>\n","protected":false},"excerpt":{"rendered":"<p>Um homem, ainda n\u00e3o identificado, foi morto a tiros na manh\u00e3 desta quarta-feira (20), ap\u00f3s&#8230;<\/p>\n","protected":false},"author":5,"featured_media":1885,"comment_status":"open","ping_status":"open","sticky":false,"template":"","format":"standard","meta":{"footnotes":""},"categories":[124],"tags":[44],"class_list":["post-1884","post","type-post","status-publish","format-standard","has-post-thumbnail","hentry","category-policia","tag-policia-2"],"yoast_head":"<!-- This site is optimized with the Yoast SEO plugin v24.4 - https:\/\/yoast.com\/wordpress\/plugins\/seo\/ -->\n<title>Suspeito tenta assaltar homem e \u00e9 morto a tiros no Amazonas\u00a0 - Not\u00edcias de Todos - Models01<\/title>\n<meta name=\"robots\" content=\"index, follow, max-snippet:-1, max-image-preview:large, max-video-preview:-1\" \/>\n<link rel=\"canonical\" href=\"https:\/\/markd.com.br\/models\/suspeito-tenta-assaltar-homem-e-e-morto-a-tiros-no-amazonas\/\" \/>\n<meta property=\"og:locale\" content=\"pt_BR\" \/>\n<meta property=\"og:type\" content=\"article\" \/>\n<meta property=\"og:title\" content=\"Suspeito tenta assaltar homem e \u00e9 morto a tiros no Amazonas\u00a0 - Not\u00edcias de Todos - Models01\" \/>\n<meta property=\"og:description\" content=\"Um homem, ainda n\u00e3o identificado, foi morto a tiros na manh\u00e3 desta quarta-feira (20), ap\u00f3s...\" \/>\n<meta property=\"og:url\" content=\"https:\/\/markd.com.br\/models\/suspeito-tenta-assaltar-homem-e-e-morto-a-tiros-no-amazonas\/\" \/>\n<meta property=\"og:site_name\" content=\"Not\u00edcias de Todos - Models01\" \/>\n<meta property=\"article:published_time\" content=\"2022-04-20T19:01:19+00:00\" \/>\n<meta property=\"article:modified_time\" content=\"2022-04-20T19:01:23+00:00\" \/>\n<meta property=\"og:image\" content=\"https:\/\/markd.com.br\/models\/wp-content\/uploads\/2022\/04\/2519D5B3-44FD-463C-817C-1D6BCCFBF658.jpeg\" \/>\n\t<meta property=\"og:image:width\" content=\"750\" \/>\n\t<meta property=\"og:image:height\" content=\"563\" \/>\n\t<meta property=\"og:image:type\" content=\"image\/jpeg\" \/>\n<meta name=\"author\" content=\"Reda\u00e7\u00e3o Reda\u00e7\u00e3o\" \/>\n<meta name=\"twitter:card\" content=\"summary_large_image\" \/>\n<meta name=\"twitter:label1\" content=\"Escrito por\" \/>\n\t<meta name=\"twitter:data1\" content=\"Reda\u00e7\u00e3o Reda\u00e7\u00e3o\" \/>\n\t<meta name=\"twitter:label2\" content=\"Est. tempo de leitura\" \/>\n\t<meta name=\"twitter:data2\" content=\"1 minuto\" \/>\n<script type=\"application\/ld+json\" class=\"yoast-schema-graph\">{\"@context\":\"https:\/\/schema.org\",\"@graph\":[{\"@type\":\"WebPage\",\"@id\":\"https:\/\/markd.com.br\/models\/suspeito-tenta-assaltar-homem-e-e-morto-a-tiros-no-amazonas\/\",\"url\":\"https:\/\/markd.com.br\/models\/suspeito-tenta-assaltar-homem-e-e-morto-a-tiros-no-amazonas\/\",\"name\":\"Suspeito tenta assaltar homem e \u00e9 morto a tiros no Amazonas\u00a0 - Not\u00edcias de Todos - Models01\",\"isPartOf\":{\"@id\":\"https:\/\/markd.com.br\/models\/#website\"},\"primaryImageOfPage\":{\"@id\":\"https:\/\/markd.com.br\/models\/suspeito-tenta-assaltar-homem-e-e-morto-a-tiros-no-amazonas\/#primaryimage\"},\"image\":{\"@id\":\"https:\/\/markd.com.br\/models\/suspeito-tenta-assaltar-homem-e-e-morto-a-tiros-no-amazonas\/#primaryimage\"},\"thumbnailUrl\":\"https:\/\/markd.com.br\/models\/wp-content\/uploads\/2022\/04\/2519D5B3-44FD-463C-817C-1D6BCCFBF658.jpeg\",\"datePublished\":\"2022-04-20T19:01:19+00:00\",\"dateModified\":\"2022-04-20T19:01:23+00:00\",\"author\":{\"@id\":\"https:\/\/markd.com.br\/models\/#\/schema\/person\/c12a77ab487a7262d8bec3c47301ad37\"},\"breadcrumb\":{\"@id\":\"https:\/\/markd.com.br\/models\/suspeito-tenta-assaltar-homem-e-e-morto-a-tiros-no-amazonas\/#breadcrumb\"},\"inLanguage\":\"pt-BR\",\"potentialAction\":[{\"@type\":\"ReadAction\",\"target\":[\"https:\/\/markd.com.br\/models\/suspeito-tenta-assaltar-homem-e-e-morto-a-tiros-no-amazonas\/\"]}]},{\"@type\":\"ImageObject\",\"inLanguage\":\"pt-BR\",\"@id\":\"https:\/\/markd.com.br\/models\/suspeito-tenta-assaltar-homem-e-e-morto-a-tiros-no-amazonas\/#primaryimage\",\"url\":\"https:\/\/markd.com.br\/models\/wp-content\/uploads\/2022\/04\/2519D5B3-44FD-463C-817C-1D6BCCFBF658.jpeg\",\"contentUrl\":\"https:\/\/markd.com.br\/models\/wp-content\/uploads\/2022\/04\/2519D5B3-44FD-463C-817C-1D6BCCFBF658.jpeg\",\"width\":750,\"height\":563},{\"@type\":\"BreadcrumbList\",\"@id\":\"https:\/\/markd.com.br\/models\/suspeito-tenta-assaltar-homem-e-e-morto-a-tiros-no-amazonas\/#breadcrumb\",\"itemListElement\":[{\"@type\":\"ListItem\",\"position\":1,\"name\":\"In\u00edcio\",\"item\":\"https:\/\/markd.com.br\/models\/\"},{\"@type\":\"ListItem\",\"position\":2,\"name\":\"Suspeito tenta assaltar homem e \u00e9 morto a tiros no Amazonas\u00a0\"}]},{\"@type\":\"WebSite\",\"@id\":\"https:\/\/markd.com.br\/models\/#website\",\"url\":\"https:\/\/markd.com.br\/models\/\",\"name\":\"Not\u00edcias de Todos - Models01\",\"description\":\"Tenha um Portal de Not\u00edcias Moderno, Din\u00e2mico, R\u00e1pido e Profissional. Entregamos seu Site de  Not\u00edcias Pronto, Instalado, Hospedado, com Manual Passo a Passo e Suporte 24 horas.\",\"potentialAction\":[{\"@type\":\"SearchAction\",\"target\":{\"@type\":\"EntryPoint\",\"urlTemplate\":\"https:\/\/markd.com.br\/models\/?s={search_term_string}\"},\"query-input\":{\"@type\":\"PropertyValueSpecification\",\"valueRequired\":true,\"valueName\":\"search_term_string\"}}],\"inLanguage\":\"pt-BR\"},{\"@type\":\"Person\",\"@id\":\"https:\/\/markd.com.br\/models\/#\/schema\/person\/c12a77ab487a7262d8bec3c47301ad37\",\"name\":\"Reda\u00e7\u00e3o Reda\u00e7\u00e3o\",\"image\":{\"@type\":\"ImageObject\",\"inLanguage\":\"pt-BR\",\"@id\":\"https:\/\/markd.com.br\/models\/#\/schema\/person\/image\/\",\"url\":\"https:\/\/secure.gravatar.com\/avatar\/9448f3599ce269febf169e183039b4a6?s=96&d=mm&r=g\",\"contentUrl\":\"https:\/\/secure.gravatar.com\/avatar\/9448f3599ce269febf169e183039b4a6?s=96&d=mm&r=g\",\"caption\":\"Reda\u00e7\u00e3o Reda\u00e7\u00e3o\"},\"sameAs\":[\"https:\/\/markd.com.br\/\"],\"url\":\"https:\/\/markd.com.br\/models\/author\/redacao\/\"}]}<\/script>\n<!-- \/ Yoast SEO plugin. -->","yoast_head_json":{"title":"Suspeito tenta assaltar homem e \u00e9 morto a tiros no Amazonas\u00a0 - Not\u00edcias de Todos - Models01","robots":{"index":"index","follow":"follow","max-snippet":"max-snippet:-1","max-image-preview":"max-image-preview:large","max-video-preview":"max-video-preview:-1"},"canonical":"https:\/\/markd.com.br\/models\/suspeito-tenta-assaltar-homem-e-e-morto-a-tiros-no-amazonas\/","og_locale":"pt_BR","og_type":"article","og_title":"Suspeito tenta assaltar homem e \u00e9 morto a tiros no Amazonas\u00a0 - Not\u00edcias de Todos - Models01","og_description":"Um homem, ainda n\u00e3o identificado, foi morto a tiros na manh\u00e3 desta quarta-feira (20), ap\u00f3s...","og_url":"https:\/\/markd.com.br\/models\/suspeito-tenta-assaltar-homem-e-e-morto-a-tiros-no-amazonas\/","og_site_name":"Not\u00edcias de Todos - Models01","article_published_time":"2022-04-20T19:01:19+00:00","article_modified_time":"2022-04-20T19:01:23+00:00","og_image":[{"width":750,"height":563,"url":"https:\/\/markd.com.br\/models\/wp-content\/uploads\/2022\/04\/2519D5B3-44FD-463C-817C-1D6BCCFBF658.jpeg","type":"image\/jpeg"}],"author":"Reda\u00e7\u00e3o Reda\u00e7\u00e3o","twitter_card":"summary_large_image","twitter_misc":{"Escrito por":"Reda\u00e7\u00e3o Reda\u00e7\u00e3o","Est. tempo de leitura":"1 minuto"},"schema":{"@context":"https:\/\/schema.org","@graph":[{"@type":"WebPage","@id":"https:\/\/markd.com.br\/models\/suspeito-tenta-assaltar-homem-e-e-morto-a-tiros-no-amazonas\/","url":"https:\/\/markd.com.br\/models\/suspeito-tenta-assaltar-homem-e-e-morto-a-tiros-no-amazonas\/","name":"Suspeito tenta assaltar homem e \u00e9 morto a tiros no Amazonas\u00a0 - Not\u00edcias de Todos - Models01","isPartOf":{"@id":"https:\/\/markd.com.br\/models\/#website"},"primaryImageOfPage":{"@id":"https:\/\/markd.com.br\/models\/suspeito-tenta-assaltar-homem-e-e-morto-a-tiros-no-amazonas\/#primaryimage"},"image":{"@id":"https:\/\/markd.com.br\/models\/suspeito-tenta-assaltar-homem-e-e-morto-a-tiros-no-amazonas\/#primaryimage"},"thumbnailUrl":"https:\/\/markd.com.br\/models\/wp-content\/uploads\/2022\/04\/2519D5B3-44FD-463C-817C-1D6BCCFBF658.jpeg","datePublished":"2022-04-20T19:01:19+00:00","dateModified":"2022-04-20T19:01:23+00:00","author":{"@id":"https:\/\/markd.com.br\/models\/#\/schema\/person\/c12a77ab487a7262d8bec3c47301ad37"},"breadcrumb":{"@id":"https:\/\/markd.com.br\/models\/suspeito-tenta-assaltar-homem-e-e-morto-a-tiros-no-amazonas\/#breadcrumb"},"inLanguage":"pt-BR","potentialAction":[{"@type":"ReadAction","target":["https:\/\/markd.com.br\/models\/suspeito-tenta-assaltar-homem-e-e-morto-a-tiros-no-amazonas\/"]}]},{"@type":"ImageObject","inLanguage":"pt-BR","@id":"https:\/\/markd.com.br\/models\/suspeito-tenta-assaltar-homem-e-e-morto-a-tiros-no-amazonas\/#primaryimage","url":"https:\/\/markd.com.br\/models\/wp-content\/uploads\/2022\/04\/2519D5B3-44FD-463C-817C-1D6BCCFBF658.jpeg","contentUrl":"https:\/\/markd.com.br\/models\/wp-content\/uploads\/2022\/04\/2519D5B3-44FD-463C-817C-1D6BCCFBF658.jpeg","width":750,"height":563},{"@type":"BreadcrumbList","@id":"https:\/\/markd.com.br\/models\/suspeito-tenta-assaltar-homem-e-e-morto-a-tiros-no-amazonas\/#breadcrumb","itemListElement":[{"@type":"ListItem","position":1,"name":"In\u00edcio","item":"https:\/\/markd.com.br\/models\/"},{"@type":"ListItem","position":2,"name":"Suspeito tenta assaltar homem e \u00e9 morto a tiros no Amazonas\u00a0"}]},{"@type":"WebSite","@id":"https:\/\/markd.com.br\/models\/#website","url":"https:\/\/markd.com.br\/models\/","name":"Not\u00edcias de Todos - Models01","description":"Tenha um Portal de Not\u00edcias Moderno, Din\u00e2mico, R\u00e1pido e Profissional. Entregamos seu Site de  Not\u00edcias Pronto, Instalado, Hospedado, com Manual Passo a Passo e Suporte 24 horas.","potentialAction":[{"@type":"SearchAction","target":{"@type":"EntryPoint","urlTemplate":"https:\/\/markd.com.br\/models\/?s={search_term_string}"},"query-input":{"@type":"PropertyValueSpecification","valueRequired":true,"valueName":"search_term_string"}}],"inLanguage":"pt-BR"},{"@type":"Person","@id":"https:\/\/markd.com.br\/models\/#\/schema\/person\/c12a77ab487a7262d8bec3c47301ad37","name":"Reda\u00e7\u00e3o Reda\u00e7\u00e3o","image":{"@type":"ImageObject","inLanguage":"pt-BR","@id":"https:\/\/markd.com.br\/models\/#\/schema\/person\/image\/","url":"https:\/\/secure.gravatar.com\/avatar\/9448f3599ce269febf169e183039b4a6?s=96&d=mm&r=g","contentUrl":"https:\/\/secure.gravatar.com\/avatar\/9448f3599ce269febf169e183039b4a6?s=96&d=mm&r=g","caption":"Reda\u00e7\u00e3o Reda\u00e7\u00e3o"},"sameAs":["https:\/\/markd.com.br\/"],"url":"https:\/\/markd.com.br\/models\/author\/redacao\/"}]}},"featured_image_urls":{"full":["https:\/\/markd.com.br\/models\/wp-content\/uploads\/2022\/04\/2519D5B3-44FD-463C-817C-1D6BCCFBF658.jpeg",750,563,false],"thumbnail":["https:\/\/markd.com.br\/models\/wp-content\/uploads\/2022\/04\/2519D5B3-44FD-463C-817C-1D6BCCFBF658-150x150.jpeg",150,150,true],"medium":["https:\/\/markd.com.br\/models\/wp-content\/uploads\/2022\/04\/2519D5B3-44FD-463C-817C-1D6BCCFBF658-300x225.jpeg",300,225,true],"medium_large":["https:\/\/markd.com.br\/models\/wp-content\/uploads\/2022\/04\/2519D5B3-44FD-463C-817C-1D6BCCFBF658.jpeg",640,480,false],"large":["https:\/\/markd.com.br\/models\/wp-content\/uploads\/2022\/04\/2519D5B3-44FD-463C-817C-1D6BCCFBF658.jpeg",640,480,false],"1536x1536":["https:\/\/markd.com.br\/models\/wp-content\/uploads\/2022\/04\/2519D5B3-44FD-463C-817C-1D6BCCFBF658.jpeg",750,563,false],"2048x2048":["https:\/\/markd.com.br\/models\/wp-content\/uploads\/2022\/04\/2519D5B3-44FD-463C-817C-1D6BCCFBF658.jpeg",750,563,false],"newsphere-slider-full":["https:\/\/markd.com.br\/models\/wp-content\/uploads\/2022\/04\/2519D5B3-44FD-463C-817C-1D6BCCFBF658.jpeg",750,563,false],"newsphere-featured":["https:\/\/markd.com.br\/models\/wp-content\/uploads\/2022\/04\/2519D5B3-44FD-463C-817C-1D6BCCFBF658.jpeg",750,563,false],"newsphere-medium":["https:\/\/markd.com.br\/models\/wp-content\/uploads\/2022\/04\/2519D5B3-44FD-463C-817C-1D6BCCFBF658-720x380.jpeg",720,380,true]},"author_info":{"display_name":"Reda\u00e7\u00e3o Reda\u00e7\u00e3o","author_link":"https:\/\/markd.com.br\/models\/author\/redacao\/"},"category_info":"<a href=\"https:\/\/markd.com.br\/models\/category\/policia\/\" rel=\"category tag\">Policia<\/a>","tag_info":"Policia","comment_count":"0","jetpack_featured_media_url":"https:\/\/markd.com.br\/models\/wp-content\/uploads\/2022\/04\/2519D5B3-44FD-463C-817C-1D6BCCFBF658.jpeg","_links":{"self":[{"href":"https:\/\/markd.com.br\/models\/wp-json\/wp\/v2\/posts\/1884","targetHints":{"allow":["GET"]}}],"collection":[{"href":"https:\/\/markd.com.br\/models\/wp-json\/wp\/v2\/posts"}],"about":[{"href":"https:\/\/markd.com.br\/models\/wp-json\/wp\/v2\/types\/post"}],"author":[{"embeddable":true,"href":"https:\/\/markd.com.br\/models\/wp-json\/wp\/v2\/users\/5"}],"replies":[{"embeddable":true,"href":"https:\/\/markd.com.br\/models\/wp-json\/wp\/v2\/comments?post=1884"}],"version-history":[{"count":1,"href":"https:\/\/markd.com.br\/models\/wp-json\/wp\/v2\/posts\/1884\/revisions"}],"predecessor-version":[{"id":1886,"href":"https:\/\/markd.com.br\/models\/wp-json\/wp\/v2\/posts\/1884\/revisions\/1886"}],"wp:featuredmedia":[{"embeddable":true,"href":"https:\/\/markd.com.br\/models\/wp-json\/wp\/v2\/media\/1885"}],"wp:attachment":[{"href":"https:\/\/markd.com.br\/models\/wp-json\/wp\/v2\/media?parent=1884"}],"wp:term":[{"taxonomy":"category","embeddable":true,"href":"https:\/\/markd.com.br\/models\/wp-json\/wp\/v2\/categories?post=1884"},{"taxonomy":"post_tag","embeddable":true,"href":"https:\/\/markd.com.br\/models\/wp-json\/wp\/v2\/tags?post=1884"}],"curies":[{"name":"wp","href":"https:\/\/api.w.org\/{rel}","templated":true}]}}