{"id":1909,"date":"2022-04-20T18:28:55","date_gmt":"2022-04-20T21:28:55","guid":{"rendered":"https:\/\/portaldestaquenoticias.com.br\/?p=1909"},"modified":"2022-04-20T18:29:00","modified_gmt":"2022-04-20T21:29:00","slug":"alunos-participam-de-atividades-culturais-em-escolas-de-rio-preto-da-evaapresentacoes-fazem-parte-das-programacoes-pelo-dia-municipal-da-leitura-comemorado-em-25-de-abril","status":"publish","type":"post","link":"https:\/\/markd.com.br\/models\/alunos-participam-de-atividades-culturais-em-escolas-de-rio-preto-da-evaapresentacoes-fazem-parte-das-programacoes-pelo-dia-municipal-da-leitura-comemorado-em-25-de-abril\/","title":{"rendered":"Alunos participam de atividades culturais em escolas de Rio Preto da Eva<br>Apresenta\u00e7\u00f5es fazem parte das programa\u00e7\u00f5es pelo Dia Municipal da Leitura, comemorado em 25 de abril"},"content":{"rendered":"\n<p>A manh\u00e3 desta quarta-feira (20) foi marcada por muitas apresenta\u00e7\u00f5es culturais dos alunos da Escola Municipal Alegria de Saber, em Rio Preto da Eva. As atividades fazem parte do Projeto Interdisciplinar do Dia Municipal da Leitura, comemorado em 25 de abril.<\/p>\n\n\n\n<p>Os alunos tiveram a oportunidade de apresentar contos, hist\u00f3rias, dan\u00e7as e pe\u00e7as teatrais. Carlos Henrique de 11 anos, aluno do 6\u00ba ano, interpretou Jesus na pe\u00e7a que contava a morte e ressurrei\u00e7\u00e3o de Cristo. Ap\u00f3s uma semana de ensaios, ele diz que ficou feliz com o que apresentou. \u201cMuita reponsabilidade, nervosismo, mas no fim deu certo, eu fiquei muito satisfeito com a apresenta\u00e7\u00e3o\u201d, contou o estudante.<\/p>\n\n\n\n<p>A diretora da Escola Municipal Alegria de Saber ficou orgulhosa dos alunos e comentou sobre a import\u00e2ncia de um evento como esse. \u201cA import\u00e2ncia entre muitas \u00e9 dos alunos entenderem a import\u00e2ncia da leitura, \u00e9 aprender os g\u00eaneros liter\u00e1rios e com isso firmarem mais o gosto pela literatura\u201d, disse Edileide Gomes.<\/p>\n\n\n\n<p>As apresenta\u00e7\u00f5es culturais v\u00e3o continuar em todas as escolas do munic\u00edpio at\u00e9 o dia 29 de abril. O objetivo \u00e9 estimular a leitura e uma boa escrita aos alunos, buscando formar um leitor cr\u00edtico e argumentativo.<\/p>\n\n\n\n<p>Dia Municipal da Leitura e Homenagem<\/p>\n\n\n\n<p>O Dia Municipal da Leitura, comemorado no dia 25 de abril em Rio Preto da Eva foi institu\u00eddo pela prefeitura por meio da lei 383, de 02 de julho de 2014. A data foi escolhida porque marca o nascimento do professor Agenor Muca de Souza, um dos maiores nomes da educa\u00e7\u00e3o no munic\u00edpio.<\/p>\n\n\n\n<p>\u201cO professor Agenor Muca foi um dos pioneiros da educa\u00e7\u00e3o no munic\u00edpio, sempre incentivou a leitura, fez v\u00e1rios projetos de alfabetiza\u00e7\u00e3o, fundou algumas escolas da zona rural, trabalhou nessas escolas, al\u00e9m de ser um grande exemplo pra todos n\u00f3s\u201d, disse a professora e coordenadora pedag\u00f3gica da Secretaria de Educa\u00e7\u00e3o de Rio Preto da Eva, Regiane Viana.<\/p>\n\n\n\n<p>Agenor Muca aprendeu a ler e escrever aos 18 anos, era pedagogo, formado pela Universidade Federal do Amazonas; P\u00f3s-graduado em: Administra\u00e7\u00e3o Escolar pela Funda\u00e7\u00e3o Educacional Severino Sombra &#8211; Vassouras-RJ, Supervis\u00e3o e Orienta\u00e7\u00e3o Educacional \u2013 Universidade Federal do Amazonas e Terapia Comunit\u00e1ria \u2013 Universidade Federal do Cear\u00e1.<\/p>\n\n\n\n<p>Pai de seis filhos, foi casado com a Psic\u00f3loga M\u00aa do Socorro Ferreira Barroso, morava na Comunidade de S\u00e3o Benedito, em Rio Preto da Eva, foi produtor rural na agricultura familiar at\u00e9 falecer em 18 de novembro de 2012.<\/p>\n\n\n\n<p>FOTOS: SECOM RIO PRETO DA EVA<\/p>\n\n\n\n<figure class=\"wp-block-image size-full\"><img loading=\"lazy\" decoding=\"async\" width=\"640\" height=\"480\" src=\"https:\/\/portaldestaquenoticias.com.br\/wp-content\/uploads\/2022\/04\/WhatsApp-Image-2022-04-20-at-18.06.12.jpeg\" alt=\"\" class=\"wp-image-1910\" srcset=\"https:\/\/markd.com.br\/models\/wp-content\/uploads\/2022\/04\/WhatsApp-Image-2022-04-20-at-18.06.12.jpeg 640w, https:\/\/markd.com.br\/models\/wp-content\/uploads\/2022\/04\/WhatsApp-Image-2022-04-20-at-18.06.12-300x225.jpeg 300w\" sizes=\"auto, (max-width: 640px) 100vw, 640px\" \/><\/figure>\n\n\n\n<figure class=\"wp-block-image size-full\"><img loading=\"lazy\" decoding=\"async\" width=\"480\" height=\"640\" src=\"https:\/\/portaldestaquenoticias.com.br\/wp-content\/uploads\/2022\/04\/WhatsApp-Image-2022-04-20-at-18.06.13.jpeg\" alt=\"\" class=\"wp-image-1911\" srcset=\"https:\/\/markd.com.br\/models\/wp-content\/uploads\/2022\/04\/WhatsApp-Image-2022-04-20-at-18.06.13.jpeg 480w, https:\/\/markd.com.br\/models\/wp-content\/uploads\/2022\/04\/WhatsApp-Image-2022-04-20-at-18.06.13-225x300.jpeg 225w\" sizes=\"auto, (max-width: 480px) 100vw, 480px\" \/><\/figure>\n\n\n\n<figure class=\"wp-block-image size-full\"><img loading=\"lazy\" decoding=\"async\" width=\"480\" height=\"640\" src=\"https:\/\/portaldestaquenoticias.com.br\/wp-content\/uploads\/2022\/04\/WhatsApp-Image-2022-04-20-at-18.06.18.jpeg\" alt=\"\" class=\"wp-image-1912\" srcset=\"https:\/\/markd.com.br\/models\/wp-content\/uploads\/2022\/04\/WhatsApp-Image-2022-04-20-at-18.06.18.jpeg 480w, https:\/\/markd.com.br\/models\/wp-content\/uploads\/2022\/04\/WhatsApp-Image-2022-04-20-at-18.06.18-225x300.jpeg 225w\" sizes=\"auto, (max-width: 480px) 100vw, 480px\" \/><\/figure>\n\n\n\n<figure class=\"wp-block-image size-full\"><img loading=\"lazy\" decoding=\"async\" width=\"480\" height=\"640\" src=\"https:\/\/portaldestaquenoticias.com.br\/wp-content\/uploads\/2022\/04\/WhatsApp-Image-2022-04-20-at-18.06.21-1.jpeg\" alt=\"\" class=\"wp-image-1913\" srcset=\"https:\/\/markd.com.br\/models\/wp-content\/uploads\/2022\/04\/WhatsApp-Image-2022-04-20-at-18.06.21-1.jpeg 480w, https:\/\/markd.com.br\/models\/wp-content\/uploads\/2022\/04\/WhatsApp-Image-2022-04-20-at-18.06.21-1-225x300.jpeg 225w\" sizes=\"auto, (max-width: 480px) 100vw, 480px\" \/><\/figure>\n\n\n\n<figure class=\"wp-block-image size-full\"><img loading=\"lazy\" decoding=\"async\" width=\"480\" height=\"640\" src=\"https:\/\/portaldestaquenoticias.com.br\/wp-content\/uploads\/2022\/04\/WhatsApp-Image-2022-04-20-at-18.06.21.jpeg\" alt=\"\" class=\"wp-image-1914\" srcset=\"https:\/\/markd.com.br\/models\/wp-content\/uploads\/2022\/04\/WhatsApp-Image-2022-04-20-at-18.06.21.jpeg 480w, https:\/\/markd.com.br\/models\/wp-content\/uploads\/2022\/04\/WhatsApp-Image-2022-04-20-at-18.06.21-225x300.jpeg 225w\" sizes=\"auto, (max-width: 480px) 100vw, 480px\" \/><\/figure>\n\n\n\n<figure class=\"wp-block-image size-full\"><img loading=\"lazy\" decoding=\"async\" width=\"480\" height=\"640\" src=\"https:\/\/portaldestaquenoticias.com.br\/wp-content\/uploads\/2022\/04\/WhatsApp-Image-2022-04-20-at-18.06.22.jpeg\" alt=\"\" class=\"wp-image-1915\" srcset=\"https:\/\/markd.com.br\/models\/wp-content\/uploads\/2022\/04\/WhatsApp-Image-2022-04-20-at-18.06.22.jpeg 480w, https:\/\/markd.com.br\/models\/wp-content\/uploads\/2022\/04\/WhatsApp-Image-2022-04-20-at-18.06.22-225x300.jpeg 225w\" sizes=\"auto, (max-width: 480px) 100vw, 480px\" \/><\/figure>\n\n\n","protected":false},"excerpt":{"rendered":"<p>A manh\u00e3 desta quarta-feira (20) foi marcada por muitas apresenta\u00e7\u00f5es culturais dos alunos da Escola&#8230;<\/p>\n","protected":false},"author":5,"featured_media":1916,"comment_status":"open","ping_status":"open","sticky":false,"template":"","format":"standard","meta":{"footnotes":""},"categories":[67],"tags":[68],"class_list":["post-1909","post","type-post","status-publish","format-standard","has-post-thumbnail","hentry","category-rio-preto-da-eva","tag-rio-preto-da-eva"],"yoast_head":"<!-- This site is optimized with the Yoast SEO plugin v24.4 - https:\/\/yoast.com\/wordpress\/plugins\/seo\/ -->\n<title>Alunos participam de atividades culturais em escolas de Rio Preto da EvaApresenta\u00e7\u00f5es fazem parte das programa\u00e7\u00f5es pelo Dia Municipal da Leitura, comemorado em 25 de abril - Not\u00edcias de Todos - Models01<\/title>\n<meta name=\"robots\" content=\"index, follow, max-snippet:-1, max-image-preview:large, max-video-preview:-1\" \/>\n<link rel=\"canonical\" href=\"https:\/\/markd.com.br\/models\/alunos-participam-de-atividades-culturais-em-escolas-de-rio-preto-da-evaapresentacoes-fazem-parte-das-programacoes-pelo-dia-municipal-da-leitura-comemorado-em-25-de-abril\/\" \/>\n<meta property=\"og:locale\" content=\"pt_BR\" \/>\n<meta property=\"og:type\" content=\"article\" \/>\n<meta property=\"og:title\" content=\"Alunos participam de atividades culturais em escolas de Rio Preto da EvaApresenta\u00e7\u00f5es fazem parte das programa\u00e7\u00f5es pelo Dia Municipal da Leitura, comemorado em 25 de abril - Not\u00edcias de Todos - Models01\" \/>\n<meta property=\"og:description\" content=\"A manh\u00e3 desta quarta-feira (20) foi marcada por muitas apresenta\u00e7\u00f5es culturais dos alunos da Escola...\" \/>\n<meta property=\"og:url\" content=\"https:\/\/markd.com.br\/models\/alunos-participam-de-atividades-culturais-em-escolas-de-rio-preto-da-evaapresentacoes-fazem-parte-das-programacoes-pelo-dia-municipal-da-leitura-comemorado-em-25-de-abril\/\" \/>\n<meta property=\"og:site_name\" content=\"Not\u00edcias de Todos - Models01\" \/>\n<meta property=\"article:published_time\" content=\"2022-04-20T21:28:55+00:00\" \/>\n<meta property=\"article:modified_time\" content=\"2022-04-20T21:29:00+00:00\" \/>\n<meta property=\"og:image\" content=\"https:\/\/markd.com.br\/models\/wp-content\/uploads\/2022\/04\/WhatsApp-Image-2022-04-20-at-18.06.18-1.jpeg\" \/>\n\t<meta property=\"og:image:width\" content=\"640\" \/>\n\t<meta property=\"og:image:height\" content=\"480\" \/>\n\t<meta property=\"og:image:type\" content=\"image\/jpeg\" \/>\n<meta name=\"author\" content=\"Reda\u00e7\u00e3o Reda\u00e7\u00e3o\" \/>\n<meta name=\"twitter:card\" content=\"summary_large_image\" \/>\n<meta name=\"twitter:label1\" content=\"Escrito por\" \/>\n\t<meta name=\"twitter:data1\" content=\"Reda\u00e7\u00e3o Reda\u00e7\u00e3o\" \/>\n\t<meta name=\"twitter:label2\" content=\"Est. tempo de leitura\" \/>\n\t<meta name=\"twitter:data2\" content=\"4 minutos\" \/>\n<script type=\"application\/ld+json\" class=\"yoast-schema-graph\">{\"@context\":\"https:\/\/schema.org\",\"@graph\":[{\"@type\":\"WebPage\",\"@id\":\"https:\/\/markd.com.br\/models\/alunos-participam-de-atividades-culturais-em-escolas-de-rio-preto-da-evaapresentacoes-fazem-parte-das-programacoes-pelo-dia-municipal-da-leitura-comemorado-em-25-de-abril\/\",\"url\":\"https:\/\/markd.com.br\/models\/alunos-participam-de-atividades-culturais-em-escolas-de-rio-preto-da-evaapresentacoes-fazem-parte-das-programacoes-pelo-dia-municipal-da-leitura-comemorado-em-25-de-abril\/\",\"name\":\"Alunos participam de atividades culturais em escolas de Rio Preto da Eva Apresenta\u00e7\u00f5es fazem parte das programa\u00e7\u00f5es pelo Dia Municipal da Leitura, comemorado em 25 de abril - Not\u00edcias de Todos - Models01\",\"isPartOf\":{\"@id\":\"https:\/\/markd.com.br\/models\/#website\"},\"primaryImageOfPage\":{\"@id\":\"https:\/\/markd.com.br\/models\/alunos-participam-de-atividades-culturais-em-escolas-de-rio-preto-da-evaapresentacoes-fazem-parte-das-programacoes-pelo-dia-municipal-da-leitura-comemorado-em-25-de-abril\/#primaryimage\"},\"image\":{\"@id\":\"https:\/\/markd.com.br\/models\/alunos-participam-de-atividades-culturais-em-escolas-de-rio-preto-da-evaapresentacoes-fazem-parte-das-programacoes-pelo-dia-municipal-da-leitura-comemorado-em-25-de-abril\/#primaryimage\"},\"thumbnailUrl\":\"https:\/\/markd.com.br\/models\/wp-content\/uploads\/2022\/04\/WhatsApp-Image-2022-04-20-at-18.06.18-1.jpeg\",\"datePublished\":\"2022-04-20T21:28:55+00:00\",\"dateModified\":\"2022-04-20T21:29:00+00:00\",\"author\":{\"@id\":\"https:\/\/markd.com.br\/models\/#\/schema\/person\/c12a77ab487a7262d8bec3c47301ad37\"},\"breadcrumb\":{\"@id\":\"https:\/\/markd.com.br\/models\/alunos-participam-de-atividades-culturais-em-escolas-de-rio-preto-da-evaapresentacoes-fazem-parte-das-programacoes-pelo-dia-municipal-da-leitura-comemorado-em-25-de-abril\/#breadcrumb\"},\"inLanguage\":\"pt-BR\",\"potentialAction\":[{\"@type\":\"ReadAction\",\"target\":[\"https:\/\/markd.com.br\/models\/alunos-participam-de-atividades-culturais-em-escolas-de-rio-preto-da-evaapresentacoes-fazem-parte-das-programacoes-pelo-dia-municipal-da-leitura-comemorado-em-25-de-abril\/\"]}]},{\"@type\":\"ImageObject\",\"inLanguage\":\"pt-BR\",\"@id\":\"https:\/\/markd.com.br\/models\/alunos-participam-de-atividades-culturais-em-escolas-de-rio-preto-da-evaapresentacoes-fazem-parte-das-programacoes-pelo-dia-municipal-da-leitura-comemorado-em-25-de-abril\/#primaryimage\",\"url\":\"https:\/\/markd.com.br\/models\/wp-content\/uploads\/2022\/04\/WhatsApp-Image-2022-04-20-at-18.06.18-1.jpeg\",\"contentUrl\":\"https:\/\/markd.com.br\/models\/wp-content\/uploads\/2022\/04\/WhatsApp-Image-2022-04-20-at-18.06.18-1.jpeg\",\"width\":640,\"height\":480},{\"@type\":\"BreadcrumbList\",\"@id\":\"https:\/\/markd.com.br\/models\/alunos-participam-de-atividades-culturais-em-escolas-de-rio-preto-da-evaapresentacoes-fazem-parte-das-programacoes-pelo-dia-municipal-da-leitura-comemorado-em-25-de-abril\/#breadcrumb\",\"itemListElement\":[{\"@type\":\"ListItem\",\"position\":1,\"name\":\"In\u00edcio\",\"item\":\"https:\/\/markd.com.br\/models\/\"},{\"@type\":\"ListItem\",\"position\":2,\"name\":\"Alunos participam de atividades culturais em escolas de Rio Preto da EvaApresenta\u00e7\u00f5es fazem parte das programa\u00e7\u00f5es pelo Dia Municipal da Leitura, comemorado em 25 de abril\"}]},{\"@type\":\"WebSite\",\"@id\":\"https:\/\/markd.com.br\/models\/#website\",\"url\":\"https:\/\/markd.com.br\/models\/\",\"name\":\"Not\u00edcias de Todos - Models01\",\"description\":\"Tenha um Portal de Not\u00edcias Moderno, Din\u00e2mico, R\u00e1pido e Profissional. Entregamos seu Site de  Not\u00edcias Pronto, Instalado, Hospedado, com Manual Passo a Passo e Suporte 24 horas.\",\"potentialAction\":[{\"@type\":\"SearchAction\",\"target\":{\"@type\":\"EntryPoint\",\"urlTemplate\":\"https:\/\/markd.com.br\/models\/?s={search_term_string}\"},\"query-input\":{\"@type\":\"PropertyValueSpecification\",\"valueRequired\":true,\"valueName\":\"search_term_string\"}}],\"inLanguage\":\"pt-BR\"},{\"@type\":\"Person\",\"@id\":\"https:\/\/markd.com.br\/models\/#\/schema\/person\/c12a77ab487a7262d8bec3c47301ad37\",\"name\":\"Reda\u00e7\u00e3o Reda\u00e7\u00e3o\",\"image\":{\"@type\":\"ImageObject\",\"inLanguage\":\"pt-BR\",\"@id\":\"https:\/\/markd.com.br\/models\/#\/schema\/person\/image\/\",\"url\":\"https:\/\/secure.gravatar.com\/avatar\/9448f3599ce269febf169e183039b4a6?s=96&d=mm&r=g\",\"contentUrl\":\"https:\/\/secure.gravatar.com\/avatar\/9448f3599ce269febf169e183039b4a6?s=96&d=mm&r=g\",\"caption\":\"Reda\u00e7\u00e3o Reda\u00e7\u00e3o\"},\"sameAs\":[\"https:\/\/markd.com.br\/\"],\"url\":\"https:\/\/markd.com.br\/models\/author\/redacao\/\"}]}<\/script>\n<!-- \/ Yoast SEO plugin. -->","yoast_head_json":{"title":"Alunos participam de atividades culturais em escolas de Rio Preto da EvaApresenta\u00e7\u00f5es fazem parte das programa\u00e7\u00f5es pelo Dia Municipal da Leitura, comemorado em 25 de abril - Not\u00edcias de Todos - Models01","robots":{"index":"index","follow":"follow","max-snippet":"max-snippet:-1","max-image-preview":"max-image-preview:large","max-video-preview":"max-video-preview:-1"},"canonical":"https:\/\/markd.com.br\/models\/alunos-participam-de-atividades-culturais-em-escolas-de-rio-preto-da-evaapresentacoes-fazem-parte-das-programacoes-pelo-dia-municipal-da-leitura-comemorado-em-25-de-abril\/","og_locale":"pt_BR","og_type":"article","og_title":"Alunos participam de atividades culturais em escolas de Rio Preto da EvaApresenta\u00e7\u00f5es fazem parte das programa\u00e7\u00f5es pelo Dia Municipal da Leitura, comemorado em 25 de abril - Not\u00edcias de Todos - Models01","og_description":"A manh\u00e3 desta quarta-feira (20) foi marcada por muitas apresenta\u00e7\u00f5es culturais dos alunos da Escola...","og_url":"https:\/\/markd.com.br\/models\/alunos-participam-de-atividades-culturais-em-escolas-de-rio-preto-da-evaapresentacoes-fazem-parte-das-programacoes-pelo-dia-municipal-da-leitura-comemorado-em-25-de-abril\/","og_site_name":"Not\u00edcias de Todos - Models01","article_published_time":"2022-04-20T21:28:55+00:00","article_modified_time":"2022-04-20T21:29:00+00:00","og_image":[{"width":640,"height":480,"url":"https:\/\/markd.com.br\/models\/wp-content\/uploads\/2022\/04\/WhatsApp-Image-2022-04-20-at-18.06.18-1.jpeg","type":"image\/jpeg"}],"author":"Reda\u00e7\u00e3o Reda\u00e7\u00e3o","twitter_card":"summary_large_image","twitter_misc":{"Escrito por":"Reda\u00e7\u00e3o Reda\u00e7\u00e3o","Est. tempo de leitura":"4 minutos"},"schema":{"@context":"https:\/\/schema.org","@graph":[{"@type":"WebPage","@id":"https:\/\/markd.com.br\/models\/alunos-participam-de-atividades-culturais-em-escolas-de-rio-preto-da-evaapresentacoes-fazem-parte-das-programacoes-pelo-dia-municipal-da-leitura-comemorado-em-25-de-abril\/","url":"https:\/\/markd.com.br\/models\/alunos-participam-de-atividades-culturais-em-escolas-de-rio-preto-da-evaapresentacoes-fazem-parte-das-programacoes-pelo-dia-municipal-da-leitura-comemorado-em-25-de-abril\/","name":"Alunos participam de atividades culturais em escolas de Rio Preto da Eva Apresenta\u00e7\u00f5es fazem parte das programa\u00e7\u00f5es pelo Dia Municipal da Leitura, comemorado em 25 de abril - Not\u00edcias de Todos - Models01","isPartOf":{"@id":"https:\/\/markd.com.br\/models\/#website"},"primaryImageOfPage":{"@id":"https:\/\/markd.com.br\/models\/alunos-participam-de-atividades-culturais-em-escolas-de-rio-preto-da-evaapresentacoes-fazem-parte-das-programacoes-pelo-dia-municipal-da-leitura-comemorado-em-25-de-abril\/#primaryimage"},"image":{"@id":"https:\/\/markd.com.br\/models\/alunos-participam-de-atividades-culturais-em-escolas-de-rio-preto-da-evaapresentacoes-fazem-parte-das-programacoes-pelo-dia-municipal-da-leitura-comemorado-em-25-de-abril\/#primaryimage"},"thumbnailUrl":"https:\/\/markd.com.br\/models\/wp-content\/uploads\/2022\/04\/WhatsApp-Image-2022-04-20-at-18.06.18-1.jpeg","datePublished":"2022-04-20T21:28:55+00:00","dateModified":"2022-04-20T21:29:00+00:00","author":{"@id":"https:\/\/markd.com.br\/models\/#\/schema\/person\/c12a77ab487a7262d8bec3c47301ad37"},"breadcrumb":{"@id":"https:\/\/markd.com.br\/models\/alunos-participam-de-atividades-culturais-em-escolas-de-rio-preto-da-evaapresentacoes-fazem-parte-das-programacoes-pelo-dia-municipal-da-leitura-comemorado-em-25-de-abril\/#breadcrumb"},"inLanguage":"pt-BR","potentialAction":[{"@type":"ReadAction","target":["https:\/\/markd.com.br\/models\/alunos-participam-de-atividades-culturais-em-escolas-de-rio-preto-da-evaapresentacoes-fazem-parte-das-programacoes-pelo-dia-municipal-da-leitura-comemorado-em-25-de-abril\/"]}]},{"@type":"ImageObject","inLanguage":"pt-BR","@id":"https:\/\/markd.com.br\/models\/alunos-participam-de-atividades-culturais-em-escolas-de-rio-preto-da-evaapresentacoes-fazem-parte-das-programacoes-pelo-dia-municipal-da-leitura-comemorado-em-25-de-abril\/#primaryimage","url":"https:\/\/markd.com.br\/models\/wp-content\/uploads\/2022\/04\/WhatsApp-Image-2022-04-20-at-18.06.18-1.jpeg","contentUrl":"https:\/\/markd.com.br\/models\/wp-content\/uploads\/2022\/04\/WhatsApp-Image-2022-04-20-at-18.06.18-1.jpeg","width":640,"height":480},{"@type":"BreadcrumbList","@id":"https:\/\/markd.com.br\/models\/alunos-participam-de-atividades-culturais-em-escolas-de-rio-preto-da-evaapresentacoes-fazem-parte-das-programacoes-pelo-dia-municipal-da-leitura-comemorado-em-25-de-abril\/#breadcrumb","itemListElement":[{"@type":"ListItem","position":1,"name":"In\u00edcio","item":"https:\/\/markd.com.br\/models\/"},{"@type":"ListItem","position":2,"name":"Alunos participam de atividades culturais em escolas de Rio Preto da EvaApresenta\u00e7\u00f5es fazem parte das programa\u00e7\u00f5es pelo Dia Municipal da Leitura, comemorado em 25 de abril"}]},{"@type":"WebSite","@id":"https:\/\/markd.com.br\/models\/#website","url":"https:\/\/markd.com.br\/models\/","name":"Not\u00edcias de Todos - Models01","description":"Tenha um Portal de Not\u00edcias Moderno, Din\u00e2mico, R\u00e1pido e Profissional. Entregamos seu Site de  Not\u00edcias Pronto, Instalado, Hospedado, com Manual Passo a Passo e Suporte 24 horas.","potentialAction":[{"@type":"SearchAction","target":{"@type":"EntryPoint","urlTemplate":"https:\/\/markd.com.br\/models\/?s={search_term_string}"},"query-input":{"@type":"PropertyValueSpecification","valueRequired":true,"valueName":"search_term_string"}}],"inLanguage":"pt-BR"},{"@type":"Person","@id":"https:\/\/markd.com.br\/models\/#\/schema\/person\/c12a77ab487a7262d8bec3c47301ad37","name":"Reda\u00e7\u00e3o Reda\u00e7\u00e3o","image":{"@type":"ImageObject","inLanguage":"pt-BR","@id":"https:\/\/markd.com.br\/models\/#\/schema\/person\/image\/","url":"https:\/\/secure.gravatar.com\/avatar\/9448f3599ce269febf169e183039b4a6?s=96&d=mm&r=g","contentUrl":"https:\/\/secure.gravatar.com\/avatar\/9448f3599ce269febf169e183039b4a6?s=96&d=mm&r=g","caption":"Reda\u00e7\u00e3o Reda\u00e7\u00e3o"},"sameAs":["https:\/\/markd.com.br\/"],"url":"https:\/\/markd.com.br\/models\/author\/redacao\/"}]}},"featured_image_urls":{"full":["https:\/\/markd.com.br\/models\/wp-content\/uploads\/2022\/04\/WhatsApp-Image-2022-04-20-at-18.06.18-1.jpeg",640,480,false],"thumbnail":["https:\/\/markd.com.br\/models\/wp-content\/uploads\/2022\/04\/WhatsApp-Image-2022-04-20-at-18.06.18-1-150x150.jpeg",150,150,true],"medium":["https:\/\/markd.com.br\/models\/wp-content\/uploads\/2022\/04\/WhatsApp-Image-2022-04-20-at-18.06.18-1-300x225.jpeg",300,225,true],"medium_large":["https:\/\/markd.com.br\/models\/wp-content\/uploads\/2022\/04\/WhatsApp-Image-2022-04-20-at-18.06.18-1.jpeg",640,480,false],"large":["https:\/\/markd.com.br\/models\/wp-content\/uploads\/2022\/04\/WhatsApp-Image-2022-04-20-at-18.06.18-1.jpeg",640,480,false],"1536x1536":["https:\/\/markd.com.br\/models\/wp-content\/uploads\/2022\/04\/WhatsApp-Image-2022-04-20-at-18.06.18-1.jpeg",640,480,false],"2048x2048":["https:\/\/markd.com.br\/models\/wp-content\/uploads\/2022\/04\/WhatsApp-Image-2022-04-20-at-18.06.18-1.jpeg",640,480,false],"newsphere-slider-full":["https:\/\/markd.com.br\/models\/wp-content\/uploads\/2022\/04\/WhatsApp-Image-2022-04-20-at-18.06.18-1.jpeg",640,480,false],"newsphere-featured":["https:\/\/markd.com.br\/models\/wp-content\/uploads\/2022\/04\/WhatsApp-Image-2022-04-20-at-18.06.18-1.jpeg",640,480,false],"newsphere-medium":["https:\/\/markd.com.br\/models\/wp-content\/uploads\/2022\/04\/WhatsApp-Image-2022-04-20-at-18.06.18-1-640x380.jpeg",640,380,true]},"author_info":{"display_name":"Reda\u00e7\u00e3o Reda\u00e7\u00e3o","author_link":"https:\/\/markd.com.br\/models\/author\/redacao\/"},"category_info":"<a href=\"https:\/\/markd.com.br\/models\/category\/rio-preto-da-eva\/\" rel=\"category tag\">Rio Preto da Eva<\/a>","tag_info":"Rio Preto da Eva","comment_count":"0","jetpack_featured_media_url":"https:\/\/markd.com.br\/models\/wp-content\/uploads\/2022\/04\/WhatsApp-Image-2022-04-20-at-18.06.18-1.jpeg","_links":{"self":[{"href":"https:\/\/markd.com.br\/models\/wp-json\/wp\/v2\/posts\/1909","targetHints":{"allow":["GET"]}}],"collection":[{"href":"https:\/\/markd.com.br\/models\/wp-json\/wp\/v2\/posts"}],"about":[{"href":"https:\/\/markd.com.br\/models\/wp-json\/wp\/v2\/types\/post"}],"author":[{"embeddable":true,"href":"https:\/\/markd.com.br\/models\/wp-json\/wp\/v2\/users\/5"}],"replies":[{"embeddable":true,"href":"https:\/\/markd.com.br\/models\/wp-json\/wp\/v2\/comments?post=1909"}],"version-history":[{"count":1,"href":"https:\/\/markd.com.br\/models\/wp-json\/wp\/v2\/posts\/1909\/revisions"}],"predecessor-version":[{"id":1917,"href":"https:\/\/markd.com.br\/models\/wp-json\/wp\/v2\/posts\/1909\/revisions\/1917"}],"wp:featuredmedia":[{"embeddable":true,"href":"https:\/\/markd.com.br\/models\/wp-json\/wp\/v2\/media\/1916"}],"wp:attachment":[{"href":"https:\/\/markd.com.br\/models\/wp-json\/wp\/v2\/media?parent=1909"}],"wp:term":[{"taxonomy":"category","embeddable":true,"href":"https:\/\/markd.com.br\/models\/wp-json\/wp\/v2\/categories?post=1909"},{"taxonomy":"post_tag","embeddable":true,"href":"https:\/\/markd.com.br\/models\/wp-json\/wp\/v2\/tags?post=1909"}],"curies":[{"name":"wp","href":"https:\/\/api.w.org\/{rel}","templated":true}]}}