{"id":1918,"date":"2022-04-21T10:32:17","date_gmt":"2022-04-21T13:32:17","guid":{"rendered":"https:\/\/portaldestaquenoticias.com.br\/?p=1918"},"modified":"2022-04-21T10:32:22","modified_gmt":"2022-04-21T13:32:22","slug":"prefeitura-inicia-recuperacao-de-rede-de-drenagem-na-avenida-jornalista-umberto-calderaro-filho","status":"publish","type":"post","link":"https:\/\/markd.com.br\/models\/prefeitura-inicia-recuperacao-de-rede-de-drenagem-na-avenida-jornalista-umberto-calderaro-filho\/","title":{"rendered":"Prefeitura inicia recupera\u00e7\u00e3o de rede de drenagem na avenida Jornalista Umberto Calderaro Filho\u00a0"},"content":{"rendered":"\n<p>A Prefeitura de Manaus, por meio da Secretaria Municipal de Infraestrutura (Seminf), deu in\u00edcio, na noite desta quarta-feira, 20\/4, \u00e0 a\u00e7\u00e3o\u00a0emergencial\u00a0de manuten\u00e7\u00e3o das redes de drenagem profundas que romperam em frente ao Centro de Coopera\u00e7\u00e3o da Cidade (CCC), na avenida Jornalista Umberto Calderaro Filho, zona Centro-Sul, causando o afundamento de um trecho da pista e consequentemente uma cratera na via.<\/p>\n\n\n\n<p>Em pronta-resposta, de forma imediata a \u00e1rea foi isolada e os trabalhos iniciados pelas equipes de obras do munic\u00edpio, devendo se estender at\u00e9 o pr\u00f3ximo domingo, 24, aproveitando o feriado de Tiradentes, e o fim de semana, quando o fluxo de ve\u00edculos \u00e9 menor, causando menos transtornos.<\/p>\n\n\n\n<p>De acordo com o secret\u00e1rio da Infraestrutura, Renato J\u00fanior, as a\u00e7\u00f5es ser\u00e3o realizadas de forma definitiva, pois h\u00e1 nove anos a via vem apresentando problemas.<\/p>\n\n\n\n<p>\u201cEstamos iniciando essa for\u00e7a-tarefa aqui na avenida Jornalista Umberto Calderaro Filho e vamos trocar toda a tubula\u00e7\u00e3o antiga, resolvendo esse problema recorrente. Estamos interditando essa \u00e1rea para que as nossas equipes possam trabalhar de forma segura, a previs\u00e3o \u00e9 que elas permane\u00e7am trabalhando assim at\u00e9 o pr\u00f3ximo domingo, diuturnamente, aproveitando o feriado, quando o fluxo de ve\u00edculos fica reduzido. A determina\u00e7\u00e3o do prefeito David Almeida \u00e9 para executarmos o servi\u00e7o de forma definitiva, evitando que o transtorno venha a se repetir\u201d, pontuou Renato.<\/p>\n\n\n\n<p>M\u00e1quinas retroescavadeiras, tratores, caminh\u00f5es e mais uma equipe especializada em implanta\u00e7\u00e3o de drenagens est\u00e3o atuando na obra. Ao final dos servi\u00e7os o trecho da via ser\u00e1 recapeado e a trafegabilidade reestruturada.<\/p>\n\n\n\n<p><strong>Monitoramento<\/strong><\/p>\n\n\n\n<p>O Instituto Municipal de Mobilidade Urbana (IMMU) est\u00e1 com uma equipe permanente no local, orientando condutores e mantendo a seguran\u00e7a do tr\u00e1fego na via at\u00e9 a libera\u00e7\u00e3o do espa\u00e7o.<\/p>\n\n\n\n<figure class=\"wp-block-image size-full\"><img loading=\"lazy\" decoding=\"async\" width=\"640\" height=\"427\" src=\"https:\/\/portaldestaquenoticias.com.br\/wp-content\/uploads\/2022\/04\/52018818721_4d989f8b24_c.jpg\" alt=\"\" class=\"wp-image-1919\" srcset=\"https:\/\/markd.com.br\/models\/wp-content\/uploads\/2022\/04\/52018818721_4d989f8b24_c.jpg 640w, https:\/\/markd.com.br\/models\/wp-content\/uploads\/2022\/04\/52018818721_4d989f8b24_c-300x200.jpg 300w\" sizes=\"auto, (max-width: 640px) 100vw, 640px\" \/><\/figure>\n\n\n\n<figure class=\"wp-block-image size-full\"><img loading=\"lazy\" decoding=\"async\" width=\"640\" height=\"427\" src=\"https:\/\/portaldestaquenoticias.com.br\/wp-content\/uploads\/2022\/04\/52018862653_3e4ffba7e7_c.jpg\" alt=\"\" class=\"wp-image-1920\" srcset=\"https:\/\/markd.com.br\/models\/wp-content\/uploads\/2022\/04\/52018862653_3e4ffba7e7_c.jpg 640w, https:\/\/markd.com.br\/models\/wp-content\/uploads\/2022\/04\/52018862653_3e4ffba7e7_c-300x200.jpg 300w\" sizes=\"auto, (max-width: 640px) 100vw, 640px\" \/><\/figure>\n\n\n\n<figure class=\"wp-block-image size-full\"><img loading=\"lazy\" decoding=\"async\" width=\"640\" height=\"427\" src=\"https:\/\/portaldestaquenoticias.com.br\/wp-content\/uploads\/2022\/04\/52019070999_10b37f564e_c.jpg\" alt=\"\" class=\"wp-image-1921\" srcset=\"https:\/\/markd.com.br\/models\/wp-content\/uploads\/2022\/04\/52019070999_10b37f564e_c.jpg 640w, https:\/\/markd.com.br\/models\/wp-content\/uploads\/2022\/04\/52019070999_10b37f564e_c-300x200.jpg 300w\" sizes=\"auto, (max-width: 640px) 100vw, 640px\" \/><\/figure>\n\n\n\n<figure class=\"wp-block-image size-full\"><img loading=\"lazy\" decoding=\"async\" width=\"640\" height=\"427\" src=\"https:\/\/portaldestaquenoticias.com.br\/wp-content\/uploads\/2022\/04\/52019339205_3501d21fd5_c.jpg\" alt=\"\" class=\"wp-image-1922\" srcset=\"https:\/\/markd.com.br\/models\/wp-content\/uploads\/2022\/04\/52019339205_3501d21fd5_c.jpg 640w, https:\/\/markd.com.br\/models\/wp-content\/uploads\/2022\/04\/52019339205_3501d21fd5_c-300x200.jpg 300w\" sizes=\"auto, (max-width: 640px) 100vw, 640px\" \/><\/figure>\n\n\n\n<figure class=\"wp-block-image size-full\"><img loading=\"lazy\" decoding=\"async\" width=\"640\" height=\"427\" src=\"https:\/\/portaldestaquenoticias.com.br\/wp-content\/uploads\/2022\/04\/52019339500_ee90a1ff57_c.jpg\" alt=\"\" class=\"wp-image-1923\" srcset=\"https:\/\/markd.com.br\/models\/wp-content\/uploads\/2022\/04\/52019339500_ee90a1ff57_c.jpg 640w, https:\/\/markd.com.br\/models\/wp-content\/uploads\/2022\/04\/52019339500_ee90a1ff57_c-300x200.jpg 300w\" sizes=\"auto, (max-width: 640px) 100vw, 640px\" \/><\/figure>\n","protected":false},"excerpt":{"rendered":"<p>A Prefeitura de Manaus, por meio da Secretaria Municipal de Infraestrutura (Seminf), deu in\u00edcio, na&#8230;<\/p>\n","protected":false},"author":5,"featured_media":1924,"comment_status":"open","ping_status":"open","sticky":false,"template":"","format":"standard","meta":{"footnotes":""},"categories":[35],"tags":[43],"class_list":["post-1918","post","type-post","status-publish","format-standard","has-post-thumbnail","hentry","category-prefeitura-de-manaus","tag-prefeitura-de-manaus"],"yoast_head":"<!-- This site is optimized with the Yoast SEO plugin v24.4 - https:\/\/yoast.com\/wordpress\/plugins\/seo\/ -->\n<title>Prefeitura inicia recupera\u00e7\u00e3o de rede de drenagem na avenida Jornalista Umberto Calderaro Filho\u00a0 - Not\u00edcias de Todos - Models01<\/title>\n<meta name=\"robots\" content=\"index, follow, max-snippet:-1, max-image-preview:large, max-video-preview:-1\" \/>\n<link rel=\"canonical\" href=\"https:\/\/markd.com.br\/models\/prefeitura-inicia-recuperacao-de-rede-de-drenagem-na-avenida-jornalista-umberto-calderaro-filho\/\" \/>\n<meta property=\"og:locale\" content=\"pt_BR\" \/>\n<meta property=\"og:type\" content=\"article\" \/>\n<meta property=\"og:title\" content=\"Prefeitura inicia recupera\u00e7\u00e3o de rede de drenagem na avenida Jornalista Umberto Calderaro Filho\u00a0 - Not\u00edcias de Todos - Models01\" \/>\n<meta property=\"og:description\" content=\"A Prefeitura de Manaus, por meio da Secretaria Municipal de Infraestrutura (Seminf), deu in\u00edcio, na...\" \/>\n<meta property=\"og:url\" content=\"https:\/\/markd.com.br\/models\/prefeitura-inicia-recuperacao-de-rede-de-drenagem-na-avenida-jornalista-umberto-calderaro-filho\/\" \/>\n<meta property=\"og:site_name\" content=\"Not\u00edcias de Todos - Models01\" \/>\n<meta property=\"article:published_time\" content=\"2022-04-21T13:32:17+00:00\" \/>\n<meta property=\"article:modified_time\" content=\"2022-04-21T13:32:22+00:00\" \/>\n<meta property=\"og:image\" content=\"https:\/\/markd.com.br\/models\/wp-content\/uploads\/2022\/04\/52018818721_4d989f8b24_c-1.jpg\" \/>\n\t<meta property=\"og:image:width\" content=\"640\" \/>\n\t<meta property=\"og:image:height\" content=\"427\" \/>\n\t<meta property=\"og:image:type\" content=\"image\/jpeg\" \/>\n<meta name=\"author\" content=\"Reda\u00e7\u00e3o Reda\u00e7\u00e3o\" \/>\n<meta name=\"twitter:card\" content=\"summary_large_image\" \/>\n<meta name=\"twitter:label1\" content=\"Escrito por\" \/>\n\t<meta name=\"twitter:data1\" content=\"Reda\u00e7\u00e3o Reda\u00e7\u00e3o\" \/>\n\t<meta name=\"twitter:label2\" content=\"Est. tempo de leitura\" \/>\n\t<meta name=\"twitter:data2\" content=\"3 minutos\" \/>\n<script type=\"application\/ld+json\" class=\"yoast-schema-graph\">{\"@context\":\"https:\/\/schema.org\",\"@graph\":[{\"@type\":\"WebPage\",\"@id\":\"https:\/\/markd.com.br\/models\/prefeitura-inicia-recuperacao-de-rede-de-drenagem-na-avenida-jornalista-umberto-calderaro-filho\/\",\"url\":\"https:\/\/markd.com.br\/models\/prefeitura-inicia-recuperacao-de-rede-de-drenagem-na-avenida-jornalista-umberto-calderaro-filho\/\",\"name\":\"Prefeitura inicia recupera\u00e7\u00e3o de rede de drenagem na avenida Jornalista Umberto Calderaro Filho\u00a0 - Not\u00edcias de Todos - Models01\",\"isPartOf\":{\"@id\":\"https:\/\/markd.com.br\/models\/#website\"},\"primaryImageOfPage\":{\"@id\":\"https:\/\/markd.com.br\/models\/prefeitura-inicia-recuperacao-de-rede-de-drenagem-na-avenida-jornalista-umberto-calderaro-filho\/#primaryimage\"},\"image\":{\"@id\":\"https:\/\/markd.com.br\/models\/prefeitura-inicia-recuperacao-de-rede-de-drenagem-na-avenida-jornalista-umberto-calderaro-filho\/#primaryimage\"},\"thumbnailUrl\":\"https:\/\/markd.com.br\/models\/wp-content\/uploads\/2022\/04\/52018818721_4d989f8b24_c-1.jpg\",\"datePublished\":\"2022-04-21T13:32:17+00:00\",\"dateModified\":\"2022-04-21T13:32:22+00:00\",\"author\":{\"@id\":\"https:\/\/markd.com.br\/models\/#\/schema\/person\/c12a77ab487a7262d8bec3c47301ad37\"},\"breadcrumb\":{\"@id\":\"https:\/\/markd.com.br\/models\/prefeitura-inicia-recuperacao-de-rede-de-drenagem-na-avenida-jornalista-umberto-calderaro-filho\/#breadcrumb\"},\"inLanguage\":\"pt-BR\",\"potentialAction\":[{\"@type\":\"ReadAction\",\"target\":[\"https:\/\/markd.com.br\/models\/prefeitura-inicia-recuperacao-de-rede-de-drenagem-na-avenida-jornalista-umberto-calderaro-filho\/\"]}]},{\"@type\":\"ImageObject\",\"inLanguage\":\"pt-BR\",\"@id\":\"https:\/\/markd.com.br\/models\/prefeitura-inicia-recuperacao-de-rede-de-drenagem-na-avenida-jornalista-umberto-calderaro-filho\/#primaryimage\",\"url\":\"https:\/\/markd.com.br\/models\/wp-content\/uploads\/2022\/04\/52018818721_4d989f8b24_c-1.jpg\",\"contentUrl\":\"https:\/\/markd.com.br\/models\/wp-content\/uploads\/2022\/04\/52018818721_4d989f8b24_c-1.jpg\",\"width\":640,\"height\":427},{\"@type\":\"BreadcrumbList\",\"@id\":\"https:\/\/markd.com.br\/models\/prefeitura-inicia-recuperacao-de-rede-de-drenagem-na-avenida-jornalista-umberto-calderaro-filho\/#breadcrumb\",\"itemListElement\":[{\"@type\":\"ListItem\",\"position\":1,\"name\":\"In\u00edcio\",\"item\":\"https:\/\/markd.com.br\/models\/\"},{\"@type\":\"ListItem\",\"position\":2,\"name\":\"Prefeitura inicia recupera\u00e7\u00e3o de rede de drenagem na avenida Jornalista Umberto Calderaro Filho\u00a0\"}]},{\"@type\":\"WebSite\",\"@id\":\"https:\/\/markd.com.br\/models\/#website\",\"url\":\"https:\/\/markd.com.br\/models\/\",\"name\":\"Not\u00edcias de Todos - Models01\",\"description\":\"Tenha um Portal de Not\u00edcias Moderno, Din\u00e2mico, R\u00e1pido e Profissional. Entregamos seu Site de  Not\u00edcias Pronto, Instalado, Hospedado, com Manual Passo a Passo e Suporte 24 horas.\",\"potentialAction\":[{\"@type\":\"SearchAction\",\"target\":{\"@type\":\"EntryPoint\",\"urlTemplate\":\"https:\/\/markd.com.br\/models\/?s={search_term_string}\"},\"query-input\":{\"@type\":\"PropertyValueSpecification\",\"valueRequired\":true,\"valueName\":\"search_term_string\"}}],\"inLanguage\":\"pt-BR\"},{\"@type\":\"Person\",\"@id\":\"https:\/\/markd.com.br\/models\/#\/schema\/person\/c12a77ab487a7262d8bec3c47301ad37\",\"name\":\"Reda\u00e7\u00e3o Reda\u00e7\u00e3o\",\"image\":{\"@type\":\"ImageObject\",\"inLanguage\":\"pt-BR\",\"@id\":\"https:\/\/markd.com.br\/models\/#\/schema\/person\/image\/\",\"url\":\"https:\/\/secure.gravatar.com\/avatar\/9448f3599ce269febf169e183039b4a6?s=96&d=mm&r=g\",\"contentUrl\":\"https:\/\/secure.gravatar.com\/avatar\/9448f3599ce269febf169e183039b4a6?s=96&d=mm&r=g\",\"caption\":\"Reda\u00e7\u00e3o Reda\u00e7\u00e3o\"},\"sameAs\":[\"https:\/\/markd.com.br\/\"],\"url\":\"https:\/\/markd.com.br\/models\/author\/redacao\/\"}]}<\/script>\n<!-- \/ Yoast SEO plugin. -->","yoast_head_json":{"title":"Prefeitura inicia recupera\u00e7\u00e3o de rede de drenagem na avenida Jornalista Umberto Calderaro Filho\u00a0 - Not\u00edcias de Todos - Models01","robots":{"index":"index","follow":"follow","max-snippet":"max-snippet:-1","max-image-preview":"max-image-preview:large","max-video-preview":"max-video-preview:-1"},"canonical":"https:\/\/markd.com.br\/models\/prefeitura-inicia-recuperacao-de-rede-de-drenagem-na-avenida-jornalista-umberto-calderaro-filho\/","og_locale":"pt_BR","og_type":"article","og_title":"Prefeitura inicia recupera\u00e7\u00e3o de rede de drenagem na avenida Jornalista Umberto Calderaro Filho\u00a0 - Not\u00edcias de Todos - Models01","og_description":"A Prefeitura de Manaus, por meio da Secretaria Municipal de Infraestrutura (Seminf), deu in\u00edcio, na...","og_url":"https:\/\/markd.com.br\/models\/prefeitura-inicia-recuperacao-de-rede-de-drenagem-na-avenida-jornalista-umberto-calderaro-filho\/","og_site_name":"Not\u00edcias de Todos - Models01","article_published_time":"2022-04-21T13:32:17+00:00","article_modified_time":"2022-04-21T13:32:22+00:00","og_image":[{"width":640,"height":427,"url":"https:\/\/markd.com.br\/models\/wp-content\/uploads\/2022\/04\/52018818721_4d989f8b24_c-1.jpg","type":"image\/jpeg"}],"author":"Reda\u00e7\u00e3o Reda\u00e7\u00e3o","twitter_card":"summary_large_image","twitter_misc":{"Escrito por":"Reda\u00e7\u00e3o Reda\u00e7\u00e3o","Est. tempo de leitura":"3 minutos"},"schema":{"@context":"https:\/\/schema.org","@graph":[{"@type":"WebPage","@id":"https:\/\/markd.com.br\/models\/prefeitura-inicia-recuperacao-de-rede-de-drenagem-na-avenida-jornalista-umberto-calderaro-filho\/","url":"https:\/\/markd.com.br\/models\/prefeitura-inicia-recuperacao-de-rede-de-drenagem-na-avenida-jornalista-umberto-calderaro-filho\/","name":"Prefeitura inicia recupera\u00e7\u00e3o de rede de drenagem na avenida Jornalista Umberto Calderaro Filho\u00a0 - Not\u00edcias de Todos - Models01","isPartOf":{"@id":"https:\/\/markd.com.br\/models\/#website"},"primaryImageOfPage":{"@id":"https:\/\/markd.com.br\/models\/prefeitura-inicia-recuperacao-de-rede-de-drenagem-na-avenida-jornalista-umberto-calderaro-filho\/#primaryimage"},"image":{"@id":"https:\/\/markd.com.br\/models\/prefeitura-inicia-recuperacao-de-rede-de-drenagem-na-avenida-jornalista-umberto-calderaro-filho\/#primaryimage"},"thumbnailUrl":"https:\/\/markd.com.br\/models\/wp-content\/uploads\/2022\/04\/52018818721_4d989f8b24_c-1.jpg","datePublished":"2022-04-21T13:32:17+00:00","dateModified":"2022-04-21T13:32:22+00:00","author":{"@id":"https:\/\/markd.com.br\/models\/#\/schema\/person\/c12a77ab487a7262d8bec3c47301ad37"},"breadcrumb":{"@id":"https:\/\/markd.com.br\/models\/prefeitura-inicia-recuperacao-de-rede-de-drenagem-na-avenida-jornalista-umberto-calderaro-filho\/#breadcrumb"},"inLanguage":"pt-BR","potentialAction":[{"@type":"ReadAction","target":["https:\/\/markd.com.br\/models\/prefeitura-inicia-recuperacao-de-rede-de-drenagem-na-avenida-jornalista-umberto-calderaro-filho\/"]}]},{"@type":"ImageObject","inLanguage":"pt-BR","@id":"https:\/\/markd.com.br\/models\/prefeitura-inicia-recuperacao-de-rede-de-drenagem-na-avenida-jornalista-umberto-calderaro-filho\/#primaryimage","url":"https:\/\/markd.com.br\/models\/wp-content\/uploads\/2022\/04\/52018818721_4d989f8b24_c-1.jpg","contentUrl":"https:\/\/markd.com.br\/models\/wp-content\/uploads\/2022\/04\/52018818721_4d989f8b24_c-1.jpg","width":640,"height":427},{"@type":"BreadcrumbList","@id":"https:\/\/markd.com.br\/models\/prefeitura-inicia-recuperacao-de-rede-de-drenagem-na-avenida-jornalista-umberto-calderaro-filho\/#breadcrumb","itemListElement":[{"@type":"ListItem","position":1,"name":"In\u00edcio","item":"https:\/\/markd.com.br\/models\/"},{"@type":"ListItem","position":2,"name":"Prefeitura inicia recupera\u00e7\u00e3o de rede de drenagem na avenida Jornalista Umberto Calderaro Filho\u00a0"}]},{"@type":"WebSite","@id":"https:\/\/markd.com.br\/models\/#website","url":"https:\/\/markd.com.br\/models\/","name":"Not\u00edcias de Todos - Models01","description":"Tenha um Portal de Not\u00edcias Moderno, Din\u00e2mico, R\u00e1pido e Profissional. Entregamos seu Site de  Not\u00edcias Pronto, Instalado, Hospedado, com Manual Passo a Passo e Suporte 24 horas.","potentialAction":[{"@type":"SearchAction","target":{"@type":"EntryPoint","urlTemplate":"https:\/\/markd.com.br\/models\/?s={search_term_string}"},"query-input":{"@type":"PropertyValueSpecification","valueRequired":true,"valueName":"search_term_string"}}],"inLanguage":"pt-BR"},{"@type":"Person","@id":"https:\/\/markd.com.br\/models\/#\/schema\/person\/c12a77ab487a7262d8bec3c47301ad37","name":"Reda\u00e7\u00e3o Reda\u00e7\u00e3o","image":{"@type":"ImageObject","inLanguage":"pt-BR","@id":"https:\/\/markd.com.br\/models\/#\/schema\/person\/image\/","url":"https:\/\/secure.gravatar.com\/avatar\/9448f3599ce269febf169e183039b4a6?s=96&d=mm&r=g","contentUrl":"https:\/\/secure.gravatar.com\/avatar\/9448f3599ce269febf169e183039b4a6?s=96&d=mm&r=g","caption":"Reda\u00e7\u00e3o Reda\u00e7\u00e3o"},"sameAs":["https:\/\/markd.com.br\/"],"url":"https:\/\/markd.com.br\/models\/author\/redacao\/"}]}},"featured_image_urls":{"full":["https:\/\/markd.com.br\/models\/wp-content\/uploads\/2022\/04\/52018818721_4d989f8b24_c-1.jpg",640,427,false],"thumbnail":["https:\/\/markd.com.br\/models\/wp-content\/uploads\/2022\/04\/52018818721_4d989f8b24_c-1-150x150.jpg",150,150,true],"medium":["https:\/\/markd.com.br\/models\/wp-content\/uploads\/2022\/04\/52018818721_4d989f8b24_c-1-300x200.jpg",300,200,true],"medium_large":["https:\/\/markd.com.br\/models\/wp-content\/uploads\/2022\/04\/52018818721_4d989f8b24_c-1.jpg",640,427,false],"large":["https:\/\/markd.com.br\/models\/wp-content\/uploads\/2022\/04\/52018818721_4d989f8b24_c-1.jpg",640,427,false],"1536x1536":["https:\/\/markd.com.br\/models\/wp-content\/uploads\/2022\/04\/52018818721_4d989f8b24_c-1.jpg",640,427,false],"2048x2048":["https:\/\/markd.com.br\/models\/wp-content\/uploads\/2022\/04\/52018818721_4d989f8b24_c-1.jpg",640,427,false],"newsphere-slider-full":["https:\/\/markd.com.br\/models\/wp-content\/uploads\/2022\/04\/52018818721_4d989f8b24_c-1.jpg",640,427,false],"newsphere-featured":["https:\/\/markd.com.br\/models\/wp-content\/uploads\/2022\/04\/52018818721_4d989f8b24_c-1.jpg",640,427,false],"newsphere-medium":["https:\/\/markd.com.br\/models\/wp-content\/uploads\/2022\/04\/52018818721_4d989f8b24_c-1-640x380.jpg",640,380,true]},"author_info":{"display_name":"Reda\u00e7\u00e3o Reda\u00e7\u00e3o","author_link":"https:\/\/markd.com.br\/models\/author\/redacao\/"},"category_info":"<a href=\"https:\/\/markd.com.br\/models\/category\/prefeitura-de-manaus\/\" rel=\"category tag\">Prefeitura de Manaus<\/a>","tag_info":"Prefeitura de Manaus","comment_count":"0","jetpack_featured_media_url":"https:\/\/markd.com.br\/models\/wp-content\/uploads\/2022\/04\/52018818721_4d989f8b24_c-1.jpg","_links":{"self":[{"href":"https:\/\/markd.com.br\/models\/wp-json\/wp\/v2\/posts\/1918","targetHints":{"allow":["GET"]}}],"collection":[{"href":"https:\/\/markd.com.br\/models\/wp-json\/wp\/v2\/posts"}],"about":[{"href":"https:\/\/markd.com.br\/models\/wp-json\/wp\/v2\/types\/post"}],"author":[{"embeddable":true,"href":"https:\/\/markd.com.br\/models\/wp-json\/wp\/v2\/users\/5"}],"replies":[{"embeddable":true,"href":"https:\/\/markd.com.br\/models\/wp-json\/wp\/v2\/comments?post=1918"}],"version-history":[{"count":1,"href":"https:\/\/markd.com.br\/models\/wp-json\/wp\/v2\/posts\/1918\/revisions"}],"predecessor-version":[{"id":1925,"href":"https:\/\/markd.com.br\/models\/wp-json\/wp\/v2\/posts\/1918\/revisions\/1925"}],"wp:featuredmedia":[{"embeddable":true,"href":"https:\/\/markd.com.br\/models\/wp-json\/wp\/v2\/media\/1924"}],"wp:attachment":[{"href":"https:\/\/markd.com.br\/models\/wp-json\/wp\/v2\/media?parent=1918"}],"wp:term":[{"taxonomy":"category","embeddable":true,"href":"https:\/\/markd.com.br\/models\/wp-json\/wp\/v2\/categories?post=1918"},{"taxonomy":"post_tag","embeddable":true,"href":"https:\/\/markd.com.br\/models\/wp-json\/wp\/v2\/tags?post=1918"}],"curies":[{"name":"wp","href":"https:\/\/api.w.org\/{rel}","templated":true}]}}