{"id":1943,"date":"2022-04-22T14:37:07","date_gmt":"2022-04-22T17:37:07","guid":{"rendered":"https:\/\/portaldestaquenoticias.com.br\/?p=1943"},"modified":"2022-04-22T14:40:37","modified_gmt":"2022-04-22T17:40:37","slug":"justica-determina-que-escolas-de-samba-do-rio-devem-escoltar-carros-alegoricos-para-evitar-acidentes","status":"publish","type":"post","link":"https:\/\/markd.com.br\/models\/justica-determina-que-escolas-de-samba-do-rio-devem-escoltar-carros-alegoricos-para-evitar-acidentes\/","title":{"rendered":"Justi\u00e7a determina que escolas de samba do Rio devem escoltar carros aleg\u00f3ricos para evitar acidentes"},"content":{"rendered":"\n<p><\/p>\n\n\n\n<p>Na \u00faltima quinta-feira, 21, a Justi\u00e7a do Rio de Janeiro determinou a ado\u00e7\u00e3o de uma s\u00e9rie de medidas para garantir a seguran\u00e7a de crian\u00e7as e adolescentes nos desfiles do Samb\u00f3dromo ap\u00f3s o acidente no in\u00edcio da madrugada onde uma menina de 11 anos ficou gravemente ferida e teve uma das pernas amputadas.<\/p>\n\n\n\n<p>O acidente aconteceu logo ap\u00f3s o t\u00e9rmino do desfile da agremia\u00e7\u00e3o, na \u00e1rea de dispers\u00e3o. Na decis\u00e3o, o juiz Sandro Pitthan Esp\u00edndola, da 1\u00aa Vara da Inf\u00e2ncia, da Juventude e do Idoso, acolheu o pedido do Minist\u00e9rio P\u00fablico estadual, determinou que todas as escolas de samba do Grupo de Acesso, Especial e Mirins ter\u00e3o que fazer a escolta de seus carros aleg\u00f3ricos at\u00e9 os seus barrac\u00f5es, evitando o acesso de crian\u00e7as e adolescentes aos ve\u00edculos.<\/p>\n\n\n\n<p>O juiz determinou ainda que a Pol\u00edcia Militar deve colocar viaturas em regi\u00f5es pr\u00f3ximas, assim como a Guarda Municipal do Rio deve disponibilizar ao menos dois guardas para circula\u00e7\u00e3o a p\u00e9, em cada um dos setores indicados.<\/p>\n\n\n\n<p>De acordo com a decis\u00e3o, membros do Conselho Tutelar do Centro e agentes da Secretaria Municipal de Assist\u00eancia Social de plant\u00e3o no Carnaval (t\u00e9cnicos, educadores e orientadores) dever\u00e3o abordar os familiares das crian\u00e7as e adolescentes que se encontrem no entorno do Samb\u00f3dromo, orientando-os sobre seus deveres e responsabilidades com rela\u00e7\u00e3o aos riscos para seus filhos no local de dispers\u00e3o.<\/p>\n\n\n\n<p>Os agentes est\u00e3o tamb\u00e9m autorizados a aplicar a medida de prote\u00e7\u00e3o devida aos jovens menores de 18 anos que estejam no local sem um respons\u00e1vel legal.<\/p>\n\n\n\n<p><em><strong>Com informa\u00e7\u00f5es do G1<\/strong><\/em><\/p>\n","protected":false},"excerpt":{"rendered":"<p>Na \u00faltima quinta-feira, 21, a Justi\u00e7a do Rio de Janeiro determinou a ado\u00e7\u00e3o de uma&#8230;<\/p>\n","protected":false},"author":5,"featured_media":1949,"comment_status":"open","ping_status":"open","sticky":false,"template":"","format":"standard","meta":{"footnotes":""},"categories":[49],"tags":[369,141,547],"class_list":["post-1943","post","type-post","status-publish","format-standard","has-post-thumbnail","hentry","category-destaques","tag-justica","tag-policia-militar","tag-samba"],"yoast_head":"<!-- This site is optimized with the Yoast SEO plugin v24.4 - https:\/\/yoast.com\/wordpress\/plugins\/seo\/ -->\n<title>Justi\u00e7a determina que escolas de samba do Rio devem escoltar carros aleg\u00f3ricos para evitar acidentes - Not\u00edcias de Todos - Models01<\/title>\n<meta name=\"robots\" content=\"index, follow, max-snippet:-1, max-image-preview:large, max-video-preview:-1\" \/>\n<link rel=\"canonical\" href=\"https:\/\/markd.com.br\/models\/justica-determina-que-escolas-de-samba-do-rio-devem-escoltar-carros-alegoricos-para-evitar-acidentes\/\" \/>\n<meta property=\"og:locale\" content=\"pt_BR\" \/>\n<meta property=\"og:type\" content=\"article\" \/>\n<meta property=\"og:title\" content=\"Justi\u00e7a determina que escolas de samba do Rio devem escoltar carros aleg\u00f3ricos para evitar acidentes - Not\u00edcias de Todos - Models01\" \/>\n<meta property=\"og:description\" content=\"Na \u00faltima quinta-feira, 21, a Justi\u00e7a do Rio de Janeiro determinou a ado\u00e7\u00e3o de uma...\" \/>\n<meta property=\"og:url\" content=\"https:\/\/markd.com.br\/models\/justica-determina-que-escolas-de-samba-do-rio-devem-escoltar-carros-alegoricos-para-evitar-acidentes\/\" \/>\n<meta property=\"og:site_name\" content=\"Not\u00edcias de Todos - Models01\" \/>\n<meta property=\"article:published_time\" content=\"2022-04-22T17:37:07+00:00\" \/>\n<meta property=\"article:modified_time\" content=\"2022-04-22T17:40:37+00:00\" \/>\n<meta property=\"og:image\" content=\"https:\/\/markd.com.br\/models\/wp-content\/uploads\/2022\/04\/carro-1.jpg\" \/>\n\t<meta property=\"og:image:width\" content=\"650\" \/>\n\t<meta property=\"og:image:height\" content=\"363\" \/>\n\t<meta property=\"og:image:type\" content=\"image\/jpeg\" \/>\n<meta name=\"author\" content=\"Reda\u00e7\u00e3o Reda\u00e7\u00e3o\" \/>\n<meta name=\"twitter:card\" content=\"summary_large_image\" \/>\n<meta name=\"twitter:label1\" content=\"Escrito por\" \/>\n\t<meta name=\"twitter:data1\" content=\"Reda\u00e7\u00e3o Reda\u00e7\u00e3o\" \/>\n\t<meta name=\"twitter:label2\" content=\"Est. tempo de leitura\" \/>\n\t<meta name=\"twitter:data2\" content=\"2 minutos\" \/>\n<script type=\"application\/ld+json\" class=\"yoast-schema-graph\">{\"@context\":\"https:\/\/schema.org\",\"@graph\":[{\"@type\":\"WebPage\",\"@id\":\"https:\/\/markd.com.br\/models\/justica-determina-que-escolas-de-samba-do-rio-devem-escoltar-carros-alegoricos-para-evitar-acidentes\/\",\"url\":\"https:\/\/markd.com.br\/models\/justica-determina-que-escolas-de-samba-do-rio-devem-escoltar-carros-alegoricos-para-evitar-acidentes\/\",\"name\":\"Justi\u00e7a determina que escolas de samba do Rio devem escoltar carros aleg\u00f3ricos para evitar acidentes - Not\u00edcias de Todos - Models01\",\"isPartOf\":{\"@id\":\"https:\/\/markd.com.br\/models\/#website\"},\"primaryImageOfPage\":{\"@id\":\"https:\/\/markd.com.br\/models\/justica-determina-que-escolas-de-samba-do-rio-devem-escoltar-carros-alegoricos-para-evitar-acidentes\/#primaryimage\"},\"image\":{\"@id\":\"https:\/\/markd.com.br\/models\/justica-determina-que-escolas-de-samba-do-rio-devem-escoltar-carros-alegoricos-para-evitar-acidentes\/#primaryimage\"},\"thumbnailUrl\":\"https:\/\/markd.com.br\/models\/wp-content\/uploads\/2022\/04\/carro-1.jpg\",\"datePublished\":\"2022-04-22T17:37:07+00:00\",\"dateModified\":\"2022-04-22T17:40:37+00:00\",\"author\":{\"@id\":\"https:\/\/markd.com.br\/models\/#\/schema\/person\/c12a77ab487a7262d8bec3c47301ad37\"},\"breadcrumb\":{\"@id\":\"https:\/\/markd.com.br\/models\/justica-determina-que-escolas-de-samba-do-rio-devem-escoltar-carros-alegoricos-para-evitar-acidentes\/#breadcrumb\"},\"inLanguage\":\"pt-BR\",\"potentialAction\":[{\"@type\":\"ReadAction\",\"target\":[\"https:\/\/markd.com.br\/models\/justica-determina-que-escolas-de-samba-do-rio-devem-escoltar-carros-alegoricos-para-evitar-acidentes\/\"]}]},{\"@type\":\"ImageObject\",\"inLanguage\":\"pt-BR\",\"@id\":\"https:\/\/markd.com.br\/models\/justica-determina-que-escolas-de-samba-do-rio-devem-escoltar-carros-alegoricos-para-evitar-acidentes\/#primaryimage\",\"url\":\"https:\/\/markd.com.br\/models\/wp-content\/uploads\/2022\/04\/carro-1.jpg\",\"contentUrl\":\"https:\/\/markd.com.br\/models\/wp-content\/uploads\/2022\/04\/carro-1.jpg\",\"width\":650,\"height\":363},{\"@type\":\"BreadcrumbList\",\"@id\":\"https:\/\/markd.com.br\/models\/justica-determina-que-escolas-de-samba-do-rio-devem-escoltar-carros-alegoricos-para-evitar-acidentes\/#breadcrumb\",\"itemListElement\":[{\"@type\":\"ListItem\",\"position\":1,\"name\":\"In\u00edcio\",\"item\":\"https:\/\/markd.com.br\/models\/\"},{\"@type\":\"ListItem\",\"position\":2,\"name\":\"Justi\u00e7a determina que escolas de samba do Rio devem escoltar carros aleg\u00f3ricos para evitar acidentes\"}]},{\"@type\":\"WebSite\",\"@id\":\"https:\/\/markd.com.br\/models\/#website\",\"url\":\"https:\/\/markd.com.br\/models\/\",\"name\":\"Not\u00edcias de Todos - Models01\",\"description\":\"Tenha um Portal de Not\u00edcias Moderno, Din\u00e2mico, R\u00e1pido e Profissional. Entregamos seu Site de  Not\u00edcias Pronto, Instalado, Hospedado, com Manual Passo a Passo e Suporte 24 horas.\",\"potentialAction\":[{\"@type\":\"SearchAction\",\"target\":{\"@type\":\"EntryPoint\",\"urlTemplate\":\"https:\/\/markd.com.br\/models\/?s={search_term_string}\"},\"query-input\":{\"@type\":\"PropertyValueSpecification\",\"valueRequired\":true,\"valueName\":\"search_term_string\"}}],\"inLanguage\":\"pt-BR\"},{\"@type\":\"Person\",\"@id\":\"https:\/\/markd.com.br\/models\/#\/schema\/person\/c12a77ab487a7262d8bec3c47301ad37\",\"name\":\"Reda\u00e7\u00e3o Reda\u00e7\u00e3o\",\"image\":{\"@type\":\"ImageObject\",\"inLanguage\":\"pt-BR\",\"@id\":\"https:\/\/markd.com.br\/models\/#\/schema\/person\/image\/\",\"url\":\"https:\/\/secure.gravatar.com\/avatar\/9448f3599ce269febf169e183039b4a6?s=96&d=mm&r=g\",\"contentUrl\":\"https:\/\/secure.gravatar.com\/avatar\/9448f3599ce269febf169e183039b4a6?s=96&d=mm&r=g\",\"caption\":\"Reda\u00e7\u00e3o Reda\u00e7\u00e3o\"},\"sameAs\":[\"https:\/\/markd.com.br\/\"],\"url\":\"https:\/\/markd.com.br\/models\/author\/redacao\/\"}]}<\/script>\n<!-- \/ Yoast SEO plugin. -->","yoast_head_json":{"title":"Justi\u00e7a determina que escolas de samba do Rio devem escoltar carros aleg\u00f3ricos para evitar acidentes - Not\u00edcias de Todos - Models01","robots":{"index":"index","follow":"follow","max-snippet":"max-snippet:-1","max-image-preview":"max-image-preview:large","max-video-preview":"max-video-preview:-1"},"canonical":"https:\/\/markd.com.br\/models\/justica-determina-que-escolas-de-samba-do-rio-devem-escoltar-carros-alegoricos-para-evitar-acidentes\/","og_locale":"pt_BR","og_type":"article","og_title":"Justi\u00e7a determina que escolas de samba do Rio devem escoltar carros aleg\u00f3ricos para evitar acidentes - Not\u00edcias de Todos - Models01","og_description":"Na \u00faltima quinta-feira, 21, a Justi\u00e7a do Rio de Janeiro determinou a ado\u00e7\u00e3o de uma...","og_url":"https:\/\/markd.com.br\/models\/justica-determina-que-escolas-de-samba-do-rio-devem-escoltar-carros-alegoricos-para-evitar-acidentes\/","og_site_name":"Not\u00edcias de Todos - Models01","article_published_time":"2022-04-22T17:37:07+00:00","article_modified_time":"2022-04-22T17:40:37+00:00","og_image":[{"width":650,"height":363,"url":"https:\/\/markd.com.br\/models\/wp-content\/uploads\/2022\/04\/carro-1.jpg","type":"image\/jpeg"}],"author":"Reda\u00e7\u00e3o Reda\u00e7\u00e3o","twitter_card":"summary_large_image","twitter_misc":{"Escrito por":"Reda\u00e7\u00e3o Reda\u00e7\u00e3o","Est. tempo de leitura":"2 minutos"},"schema":{"@context":"https:\/\/schema.org","@graph":[{"@type":"WebPage","@id":"https:\/\/markd.com.br\/models\/justica-determina-que-escolas-de-samba-do-rio-devem-escoltar-carros-alegoricos-para-evitar-acidentes\/","url":"https:\/\/markd.com.br\/models\/justica-determina-que-escolas-de-samba-do-rio-devem-escoltar-carros-alegoricos-para-evitar-acidentes\/","name":"Justi\u00e7a determina que escolas de samba do Rio devem escoltar carros aleg\u00f3ricos para evitar acidentes - Not\u00edcias de Todos - Models01","isPartOf":{"@id":"https:\/\/markd.com.br\/models\/#website"},"primaryImageOfPage":{"@id":"https:\/\/markd.com.br\/models\/justica-determina-que-escolas-de-samba-do-rio-devem-escoltar-carros-alegoricos-para-evitar-acidentes\/#primaryimage"},"image":{"@id":"https:\/\/markd.com.br\/models\/justica-determina-que-escolas-de-samba-do-rio-devem-escoltar-carros-alegoricos-para-evitar-acidentes\/#primaryimage"},"thumbnailUrl":"https:\/\/markd.com.br\/models\/wp-content\/uploads\/2022\/04\/carro-1.jpg","datePublished":"2022-04-22T17:37:07+00:00","dateModified":"2022-04-22T17:40:37+00:00","author":{"@id":"https:\/\/markd.com.br\/models\/#\/schema\/person\/c12a77ab487a7262d8bec3c47301ad37"},"breadcrumb":{"@id":"https:\/\/markd.com.br\/models\/justica-determina-que-escolas-de-samba-do-rio-devem-escoltar-carros-alegoricos-para-evitar-acidentes\/#breadcrumb"},"inLanguage":"pt-BR","potentialAction":[{"@type":"ReadAction","target":["https:\/\/markd.com.br\/models\/justica-determina-que-escolas-de-samba-do-rio-devem-escoltar-carros-alegoricos-para-evitar-acidentes\/"]}]},{"@type":"ImageObject","inLanguage":"pt-BR","@id":"https:\/\/markd.com.br\/models\/justica-determina-que-escolas-de-samba-do-rio-devem-escoltar-carros-alegoricos-para-evitar-acidentes\/#primaryimage","url":"https:\/\/markd.com.br\/models\/wp-content\/uploads\/2022\/04\/carro-1.jpg","contentUrl":"https:\/\/markd.com.br\/models\/wp-content\/uploads\/2022\/04\/carro-1.jpg","width":650,"height":363},{"@type":"BreadcrumbList","@id":"https:\/\/markd.com.br\/models\/justica-determina-que-escolas-de-samba-do-rio-devem-escoltar-carros-alegoricos-para-evitar-acidentes\/#breadcrumb","itemListElement":[{"@type":"ListItem","position":1,"name":"In\u00edcio","item":"https:\/\/markd.com.br\/models\/"},{"@type":"ListItem","position":2,"name":"Justi\u00e7a determina que escolas de samba do Rio devem escoltar carros aleg\u00f3ricos para evitar acidentes"}]},{"@type":"WebSite","@id":"https:\/\/markd.com.br\/models\/#website","url":"https:\/\/markd.com.br\/models\/","name":"Not\u00edcias de Todos - Models01","description":"Tenha um Portal de Not\u00edcias Moderno, Din\u00e2mico, R\u00e1pido e Profissional. Entregamos seu Site de  Not\u00edcias Pronto, Instalado, Hospedado, com Manual Passo a Passo e Suporte 24 horas.","potentialAction":[{"@type":"SearchAction","target":{"@type":"EntryPoint","urlTemplate":"https:\/\/markd.com.br\/models\/?s={search_term_string}"},"query-input":{"@type":"PropertyValueSpecification","valueRequired":true,"valueName":"search_term_string"}}],"inLanguage":"pt-BR"},{"@type":"Person","@id":"https:\/\/markd.com.br\/models\/#\/schema\/person\/c12a77ab487a7262d8bec3c47301ad37","name":"Reda\u00e7\u00e3o Reda\u00e7\u00e3o","image":{"@type":"ImageObject","inLanguage":"pt-BR","@id":"https:\/\/markd.com.br\/models\/#\/schema\/person\/image\/","url":"https:\/\/secure.gravatar.com\/avatar\/9448f3599ce269febf169e183039b4a6?s=96&d=mm&r=g","contentUrl":"https:\/\/secure.gravatar.com\/avatar\/9448f3599ce269febf169e183039b4a6?s=96&d=mm&r=g","caption":"Reda\u00e7\u00e3o Reda\u00e7\u00e3o"},"sameAs":["https:\/\/markd.com.br\/"],"url":"https:\/\/markd.com.br\/models\/author\/redacao\/"}]}},"featured_image_urls":{"full":["https:\/\/markd.com.br\/models\/wp-content\/uploads\/2022\/04\/carro-1.jpg",650,363,false],"thumbnail":["https:\/\/markd.com.br\/models\/wp-content\/uploads\/2022\/04\/carro-1-150x150.jpg",150,150,true],"medium":["https:\/\/markd.com.br\/models\/wp-content\/uploads\/2022\/04\/carro-1-300x168.jpg",300,168,true],"medium_large":["https:\/\/markd.com.br\/models\/wp-content\/uploads\/2022\/04\/carro-1.jpg",640,357,false],"large":["https:\/\/markd.com.br\/models\/wp-content\/uploads\/2022\/04\/carro-1.jpg",640,357,false],"1536x1536":["https:\/\/markd.com.br\/models\/wp-content\/uploads\/2022\/04\/carro-1.jpg",650,363,false],"2048x2048":["https:\/\/markd.com.br\/models\/wp-content\/uploads\/2022\/04\/carro-1.jpg",650,363,false],"newsphere-slider-full":["https:\/\/markd.com.br\/models\/wp-content\/uploads\/2022\/04\/carro-1.jpg",650,363,false],"newsphere-featured":["https:\/\/markd.com.br\/models\/wp-content\/uploads\/2022\/04\/carro-1.jpg",650,363,false],"newsphere-medium":["https:\/\/markd.com.br\/models\/wp-content\/uploads\/2022\/04\/carro-1.jpg",650,363,false]},"author_info":{"display_name":"Reda\u00e7\u00e3o Reda\u00e7\u00e3o","author_link":"https:\/\/markd.com.br\/models\/author\/redacao\/"},"category_info":"<a href=\"https:\/\/markd.com.br\/models\/category\/destaques\/\" rel=\"category tag\">destaques<\/a>","tag_info":"destaques","comment_count":"0","jetpack_featured_media_url":"https:\/\/markd.com.br\/models\/wp-content\/uploads\/2022\/04\/carro-1.jpg","_links":{"self":[{"href":"https:\/\/markd.com.br\/models\/wp-json\/wp\/v2\/posts\/1943","targetHints":{"allow":["GET"]}}],"collection":[{"href":"https:\/\/markd.com.br\/models\/wp-json\/wp\/v2\/posts"}],"about":[{"href":"https:\/\/markd.com.br\/models\/wp-json\/wp\/v2\/types\/post"}],"author":[{"embeddable":true,"href":"https:\/\/markd.com.br\/models\/wp-json\/wp\/v2\/users\/5"}],"replies":[{"embeddable":true,"href":"https:\/\/markd.com.br\/models\/wp-json\/wp\/v2\/comments?post=1943"}],"version-history":[{"count":1,"href":"https:\/\/markd.com.br\/models\/wp-json\/wp\/v2\/posts\/1943\/revisions"}],"predecessor-version":[{"id":1947,"href":"https:\/\/markd.com.br\/models\/wp-json\/wp\/v2\/posts\/1943\/revisions\/1947"}],"wp:featuredmedia":[{"embeddable":true,"href":"https:\/\/markd.com.br\/models\/wp-json\/wp\/v2\/media\/1949"}],"wp:attachment":[{"href":"https:\/\/markd.com.br\/models\/wp-json\/wp\/v2\/media?parent=1943"}],"wp:term":[{"taxonomy":"category","embeddable":true,"href":"https:\/\/markd.com.br\/models\/wp-json\/wp\/v2\/categories?post=1943"},{"taxonomy":"post_tag","embeddable":true,"href":"https:\/\/markd.com.br\/models\/wp-json\/wp\/v2\/tags?post=1943"}],"curies":[{"name":"wp","href":"https:\/\/api.w.org\/{rel}","templated":true}]}}