{"id":1978,"date":"2022-04-22T15:12:38","date_gmt":"2022-04-22T18:12:38","guid":{"rendered":"https:\/\/portaldestaquenoticias.com.br\/?p=1978"},"modified":"2022-04-22T15:12:43","modified_gmt":"2022-04-22T18:12:43","slug":"prefeitura-realiza-limpeza-no-coroado-nesta-sexta-feira-22-4","status":"publish","type":"post","link":"https:\/\/markd.com.br\/models\/prefeitura-realiza-limpeza-no-coroado-nesta-sexta-feira-22-4\/","title":{"rendered":"Prefeitura realiza limpeza no Coroado nesta sexta-feira, 22\/4"},"content":{"rendered":"\n<p><\/p>\n\n\n\n<p>Os trabalhos de limpeza da Prefeitura de Manaus avan\u00e7am nesta sexta-feira, 22\/4, na \u00e1rea da zona Leste. Trabalhadores da Secretaria Municipal de Limpeza Urbana (Semulsp) executam um mutir\u00e3o de a\u00e7\u00f5es nas avenida Beira-Rio e Beira-Mar, no Coroado. No local, est\u00e3o equipes de capina\u00e7\u00e3o, lavagem, raspagem, varri\u00e7\u00e3o, poda, al\u00e9m de limpeza no igarap\u00e9.<\/p>\n\n\n\n<p>\u201cEstamos com um a\u00e7\u00e3o de limpeza aqui na avenida Beira-Mar e Beira-Rio, apesar do ponto facultativo, com pelo menos 300 trabalhadores. Esta \u00e9 a determina\u00e7\u00e3o do prefeito David, deixar nossa cidade mais limpa. E pedimos a conscientiza\u00e7\u00e3o dos morares para que jogue o lixo no hor\u00e1rio certo, j\u00e1 que aqui o coletor passa tr\u00eas vezes ao dia\u201d, destaca secret\u00e1rio da Semulsp, Altervi Moreira.<\/p>\n\n\n\n<div class=\"wp-block-jetpack-tiled-gallery aligncenter is-style-square\"><div class=\"tiled-gallery__gallery\"><div class=\"tiled-gallery__row columns-3\"><div class=\"tiled-gallery__col\"><figure class=\"tiled-gallery__item\"><img decoding=\"async\" alt=\"\" data-height=\"1066\" data-id=\"1980\" data-link=\"https:\/\/portaldestaquenoticias.com.br\/?attachment_id=1980\" data-url=\"https:\/\/portaldestaquenoticias.com.br\/wp-content\/uploads\/2022\/04\/WhatsApp-Image-2022-04-22-at-13.24.07-1024x682.jpeg\" data-width=\"1600\" src=\"https:\/\/i2.wp.com\/portaldestaquenoticias.com.br\/wp-content\/uploads\/2022\/04\/WhatsApp-Image-2022-04-22-at-13.24.07-1024x682.jpeg?ssl=1&amp;resize=1066%2C1066\" data-amp-layout=\"responsive\"\/><\/figure><\/div><div class=\"tiled-gallery__col\"><figure class=\"tiled-gallery__item\"><img decoding=\"async\" alt=\"\" data-height=\"1066\" data-id=\"1981\" data-link=\"https:\/\/portaldestaquenoticias.com.br\/?attachment_id=1981\" data-url=\"https:\/\/portaldestaquenoticias.com.br\/wp-content\/uploads\/2022\/04\/WhatsApp-Image-2022-04-22-at-13.24.06-1024x682.jpeg\" data-width=\"1600\" src=\"https:\/\/i1.wp.com\/portaldestaquenoticias.com.br\/wp-content\/uploads\/2022\/04\/WhatsApp-Image-2022-04-22-at-13.24.06-1024x682.jpeg?ssl=1&amp;resize=1066%2C1066\" data-amp-layout=\"responsive\"\/><\/figure><\/div><div class=\"tiled-gallery__col\"><figure class=\"tiled-gallery__item\"><img decoding=\"async\" alt=\"\" data-height=\"1200\" data-id=\"1982\" data-link=\"https:\/\/portaldestaquenoticias.com.br\/?attachment_id=1982\" data-url=\"https:\/\/portaldestaquenoticias.com.br\/wp-content\/uploads\/2022\/04\/WhatsApp-Image-2022-04-22-at-13.24.07-1-1024x768.jpeg\" data-width=\"1600\" src=\"https:\/\/i0.wp.com\/portaldestaquenoticias.com.br\/wp-content\/uploads\/2022\/04\/WhatsApp-Image-2022-04-22-at-13.24.07-1-1024x768.jpeg?ssl=1&amp;resize=1200%2C1200\" data-amp-layout=\"responsive\"\/><\/figure><\/div><\/div><\/div><\/div>\n\n\n\n<p>Paralelo aos servi\u00e7os no Coroado, a Semulsp tamb\u00e9m est\u00e1 com equipes nas demais \u00e1reas da cidade, executando a\u00e7\u00f5es de varri\u00e7\u00e3o, capina\u00e7\u00e3o, jardinagem, pintura e lavagem nas avenidas Torquato Tapaj\u00f3s, Santos Dumont, Autaz Mirim, do Turismo, Ferreira Pena, Presidente Kennedy, Ayr\u00e3o, e outros locais.<\/p>\n\n\n\n<p>Revitaliza\u00e7\u00e3o<\/p>\n\n\n\n<p>Ap\u00f3s revitalizada, a pra\u00e7a Raimundo Salgado, entre as ruas Em\u00edlio Ruas e Vicente Torres Reis, no bairro S\u00e3o Jorge, Zona Oeste de Manaus, ser\u00e1 entregue para os manauaras pela Prefeitura de Manaus, neste s\u00e1bado, 23\/4. A pra\u00e7a recebeu os servi\u00e7os como pintura, paisagismo, recupera\u00e7\u00e3o de bancos e cal\u00e7adas, al\u00e9m de implanta\u00e7\u00e3o de lixeiras. Os servi\u00e7os foram coordenados pela Semulsp, que finaliza os servi\u00e7os de pintura no espa\u00e7o, nesta sexta-feira, 22\/4.<\/p>\n","protected":false},"excerpt":{"rendered":"<p>Os trabalhos de limpeza da Prefeitura de Manaus avan\u00e7am nesta sexta-feira, 22\/4, na \u00e1rea da&#8230;<\/p>\n","protected":false},"author":5,"featured_media":1979,"comment_status":"open","ping_status":"open","sticky":false,"template":"","format":"standard","meta":{"footnotes":""},"categories":[35],"tags":[557,43,558],"class_list":["post-1978","post","type-post","status-publish","format-standard","has-post-thumbnail","hentry","category-prefeitura-de-manaus","tag-limpeza","tag-prefeitura-de-manaus","tag-semulsp"],"yoast_head":"<!-- This site is optimized with the Yoast SEO plugin v24.4 - https:\/\/yoast.com\/wordpress\/plugins\/seo\/ -->\n<title>Prefeitura realiza limpeza no Coroado nesta sexta-feira, 22\/4 - Not\u00edcias de Todos - Models01<\/title>\n<meta name=\"robots\" content=\"index, follow, max-snippet:-1, max-image-preview:large, max-video-preview:-1\" \/>\n<link rel=\"canonical\" href=\"https:\/\/markd.com.br\/models\/prefeitura-realiza-limpeza-no-coroado-nesta-sexta-feira-22-4\/\" \/>\n<meta property=\"og:locale\" content=\"pt_BR\" \/>\n<meta property=\"og:type\" content=\"article\" \/>\n<meta property=\"og:title\" content=\"Prefeitura realiza limpeza no Coroado nesta sexta-feira, 22\/4 - Not\u00edcias de Todos - Models01\" \/>\n<meta property=\"og:description\" content=\"Os trabalhos de limpeza da Prefeitura de Manaus avan\u00e7am nesta sexta-feira, 22\/4, na \u00e1rea da...\" \/>\n<meta property=\"og:url\" content=\"https:\/\/markd.com.br\/models\/prefeitura-realiza-limpeza-no-coroado-nesta-sexta-feira-22-4\/\" \/>\n<meta property=\"og:site_name\" content=\"Not\u00edcias de Todos - Models01\" \/>\n<meta property=\"article:published_time\" content=\"2022-04-22T18:12:38+00:00\" \/>\n<meta property=\"article:modified_time\" content=\"2022-04-22T18:12:43+00:00\" \/>\n<meta property=\"og:image\" content=\"https:\/\/markd.com.br\/models\/wp-content\/uploads\/2022\/04\/WhatsApp-Image-2022-04-22-at-13.24.08.jpeg\" \/>\n\t<meta property=\"og:image:width\" content=\"1600\" \/>\n\t<meta property=\"og:image:height\" content=\"1200\" \/>\n\t<meta property=\"og:image:type\" content=\"image\/jpeg\" \/>\n<meta name=\"author\" content=\"Reda\u00e7\u00e3o Reda\u00e7\u00e3o\" \/>\n<meta name=\"twitter:card\" content=\"summary_large_image\" \/>\n<meta name=\"twitter:label1\" content=\"Escrito por\" \/>\n\t<meta name=\"twitter:data1\" content=\"Reda\u00e7\u00e3o Reda\u00e7\u00e3o\" \/>\n\t<meta name=\"twitter:label2\" content=\"Est. tempo de leitura\" \/>\n\t<meta name=\"twitter:data2\" content=\"2 minutos\" \/>\n<script type=\"application\/ld+json\" class=\"yoast-schema-graph\">{\"@context\":\"https:\/\/schema.org\",\"@graph\":[{\"@type\":\"WebPage\",\"@id\":\"https:\/\/markd.com.br\/models\/prefeitura-realiza-limpeza-no-coroado-nesta-sexta-feira-22-4\/\",\"url\":\"https:\/\/markd.com.br\/models\/prefeitura-realiza-limpeza-no-coroado-nesta-sexta-feira-22-4\/\",\"name\":\"Prefeitura realiza limpeza no Coroado nesta sexta-feira, 22\/4 - Not\u00edcias de Todos - Models01\",\"isPartOf\":{\"@id\":\"https:\/\/markd.com.br\/models\/#website\"},\"primaryImageOfPage\":{\"@id\":\"https:\/\/markd.com.br\/models\/prefeitura-realiza-limpeza-no-coroado-nesta-sexta-feira-22-4\/#primaryimage\"},\"image\":{\"@id\":\"https:\/\/markd.com.br\/models\/prefeitura-realiza-limpeza-no-coroado-nesta-sexta-feira-22-4\/#primaryimage\"},\"thumbnailUrl\":\"https:\/\/markd.com.br\/models\/wp-content\/uploads\/2022\/04\/WhatsApp-Image-2022-04-22-at-13.24.08.jpeg\",\"datePublished\":\"2022-04-22T18:12:38+00:00\",\"dateModified\":\"2022-04-22T18:12:43+00:00\",\"author\":{\"@id\":\"https:\/\/markd.com.br\/models\/#\/schema\/person\/c12a77ab487a7262d8bec3c47301ad37\"},\"breadcrumb\":{\"@id\":\"https:\/\/markd.com.br\/models\/prefeitura-realiza-limpeza-no-coroado-nesta-sexta-feira-22-4\/#breadcrumb\"},\"inLanguage\":\"pt-BR\",\"potentialAction\":[{\"@type\":\"ReadAction\",\"target\":[\"https:\/\/markd.com.br\/models\/prefeitura-realiza-limpeza-no-coroado-nesta-sexta-feira-22-4\/\"]}]},{\"@type\":\"ImageObject\",\"inLanguage\":\"pt-BR\",\"@id\":\"https:\/\/markd.com.br\/models\/prefeitura-realiza-limpeza-no-coroado-nesta-sexta-feira-22-4\/#primaryimage\",\"url\":\"https:\/\/markd.com.br\/models\/wp-content\/uploads\/2022\/04\/WhatsApp-Image-2022-04-22-at-13.24.08.jpeg\",\"contentUrl\":\"https:\/\/markd.com.br\/models\/wp-content\/uploads\/2022\/04\/WhatsApp-Image-2022-04-22-at-13.24.08.jpeg\",\"width\":1600,\"height\":1200},{\"@type\":\"BreadcrumbList\",\"@id\":\"https:\/\/markd.com.br\/models\/prefeitura-realiza-limpeza-no-coroado-nesta-sexta-feira-22-4\/#breadcrumb\",\"itemListElement\":[{\"@type\":\"ListItem\",\"position\":1,\"name\":\"In\u00edcio\",\"item\":\"https:\/\/markd.com.br\/models\/\"},{\"@type\":\"ListItem\",\"position\":2,\"name\":\"Prefeitura realiza limpeza no Coroado nesta sexta-feira, 22\/4\"}]},{\"@type\":\"WebSite\",\"@id\":\"https:\/\/markd.com.br\/models\/#website\",\"url\":\"https:\/\/markd.com.br\/models\/\",\"name\":\"Not\u00edcias de Todos - Models01\",\"description\":\"Tenha um Portal de Not\u00edcias Moderno, Din\u00e2mico, R\u00e1pido e Profissional. Entregamos seu Site de  Not\u00edcias Pronto, Instalado, Hospedado, com Manual Passo a Passo e Suporte 24 horas.\",\"potentialAction\":[{\"@type\":\"SearchAction\",\"target\":{\"@type\":\"EntryPoint\",\"urlTemplate\":\"https:\/\/markd.com.br\/models\/?s={search_term_string}\"},\"query-input\":{\"@type\":\"PropertyValueSpecification\",\"valueRequired\":true,\"valueName\":\"search_term_string\"}}],\"inLanguage\":\"pt-BR\"},{\"@type\":\"Person\",\"@id\":\"https:\/\/markd.com.br\/models\/#\/schema\/person\/c12a77ab487a7262d8bec3c47301ad37\",\"name\":\"Reda\u00e7\u00e3o Reda\u00e7\u00e3o\",\"image\":{\"@type\":\"ImageObject\",\"inLanguage\":\"pt-BR\",\"@id\":\"https:\/\/markd.com.br\/models\/#\/schema\/person\/image\/\",\"url\":\"https:\/\/secure.gravatar.com\/avatar\/9448f3599ce269febf169e183039b4a6?s=96&d=mm&r=g\",\"contentUrl\":\"https:\/\/secure.gravatar.com\/avatar\/9448f3599ce269febf169e183039b4a6?s=96&d=mm&r=g\",\"caption\":\"Reda\u00e7\u00e3o Reda\u00e7\u00e3o\"},\"sameAs\":[\"https:\/\/markd.com.br\/\"],\"url\":\"https:\/\/markd.com.br\/models\/author\/redacao\/\"}]}<\/script>\n<!-- \/ Yoast SEO plugin. -->","yoast_head_json":{"title":"Prefeitura realiza limpeza no Coroado nesta sexta-feira, 22\/4 - Not\u00edcias de Todos - Models01","robots":{"index":"index","follow":"follow","max-snippet":"max-snippet:-1","max-image-preview":"max-image-preview:large","max-video-preview":"max-video-preview:-1"},"canonical":"https:\/\/markd.com.br\/models\/prefeitura-realiza-limpeza-no-coroado-nesta-sexta-feira-22-4\/","og_locale":"pt_BR","og_type":"article","og_title":"Prefeitura realiza limpeza no Coroado nesta sexta-feira, 22\/4 - Not\u00edcias de Todos - Models01","og_description":"Os trabalhos de limpeza da Prefeitura de Manaus avan\u00e7am nesta sexta-feira, 22\/4, na \u00e1rea da...","og_url":"https:\/\/markd.com.br\/models\/prefeitura-realiza-limpeza-no-coroado-nesta-sexta-feira-22-4\/","og_site_name":"Not\u00edcias de Todos - Models01","article_published_time":"2022-04-22T18:12:38+00:00","article_modified_time":"2022-04-22T18:12:43+00:00","og_image":[{"width":1600,"height":1200,"url":"https:\/\/markd.com.br\/models\/wp-content\/uploads\/2022\/04\/WhatsApp-Image-2022-04-22-at-13.24.08.jpeg","type":"image\/jpeg"}],"author":"Reda\u00e7\u00e3o Reda\u00e7\u00e3o","twitter_card":"summary_large_image","twitter_misc":{"Escrito por":"Reda\u00e7\u00e3o Reda\u00e7\u00e3o","Est. tempo de leitura":"2 minutos"},"schema":{"@context":"https:\/\/schema.org","@graph":[{"@type":"WebPage","@id":"https:\/\/markd.com.br\/models\/prefeitura-realiza-limpeza-no-coroado-nesta-sexta-feira-22-4\/","url":"https:\/\/markd.com.br\/models\/prefeitura-realiza-limpeza-no-coroado-nesta-sexta-feira-22-4\/","name":"Prefeitura realiza limpeza no Coroado nesta sexta-feira, 22\/4 - Not\u00edcias de Todos - Models01","isPartOf":{"@id":"https:\/\/markd.com.br\/models\/#website"},"primaryImageOfPage":{"@id":"https:\/\/markd.com.br\/models\/prefeitura-realiza-limpeza-no-coroado-nesta-sexta-feira-22-4\/#primaryimage"},"image":{"@id":"https:\/\/markd.com.br\/models\/prefeitura-realiza-limpeza-no-coroado-nesta-sexta-feira-22-4\/#primaryimage"},"thumbnailUrl":"https:\/\/markd.com.br\/models\/wp-content\/uploads\/2022\/04\/WhatsApp-Image-2022-04-22-at-13.24.08.jpeg","datePublished":"2022-04-22T18:12:38+00:00","dateModified":"2022-04-22T18:12:43+00:00","author":{"@id":"https:\/\/markd.com.br\/models\/#\/schema\/person\/c12a77ab487a7262d8bec3c47301ad37"},"breadcrumb":{"@id":"https:\/\/markd.com.br\/models\/prefeitura-realiza-limpeza-no-coroado-nesta-sexta-feira-22-4\/#breadcrumb"},"inLanguage":"pt-BR","potentialAction":[{"@type":"ReadAction","target":["https:\/\/markd.com.br\/models\/prefeitura-realiza-limpeza-no-coroado-nesta-sexta-feira-22-4\/"]}]},{"@type":"ImageObject","inLanguage":"pt-BR","@id":"https:\/\/markd.com.br\/models\/prefeitura-realiza-limpeza-no-coroado-nesta-sexta-feira-22-4\/#primaryimage","url":"https:\/\/markd.com.br\/models\/wp-content\/uploads\/2022\/04\/WhatsApp-Image-2022-04-22-at-13.24.08.jpeg","contentUrl":"https:\/\/markd.com.br\/models\/wp-content\/uploads\/2022\/04\/WhatsApp-Image-2022-04-22-at-13.24.08.jpeg","width":1600,"height":1200},{"@type":"BreadcrumbList","@id":"https:\/\/markd.com.br\/models\/prefeitura-realiza-limpeza-no-coroado-nesta-sexta-feira-22-4\/#breadcrumb","itemListElement":[{"@type":"ListItem","position":1,"name":"In\u00edcio","item":"https:\/\/markd.com.br\/models\/"},{"@type":"ListItem","position":2,"name":"Prefeitura realiza limpeza no Coroado nesta sexta-feira, 22\/4"}]},{"@type":"WebSite","@id":"https:\/\/markd.com.br\/models\/#website","url":"https:\/\/markd.com.br\/models\/","name":"Not\u00edcias de Todos - Models01","description":"Tenha um Portal de Not\u00edcias Moderno, Din\u00e2mico, R\u00e1pido e Profissional. Entregamos seu Site de  Not\u00edcias Pronto, Instalado, Hospedado, com Manual Passo a Passo e Suporte 24 horas.","potentialAction":[{"@type":"SearchAction","target":{"@type":"EntryPoint","urlTemplate":"https:\/\/markd.com.br\/models\/?s={search_term_string}"},"query-input":{"@type":"PropertyValueSpecification","valueRequired":true,"valueName":"search_term_string"}}],"inLanguage":"pt-BR"},{"@type":"Person","@id":"https:\/\/markd.com.br\/models\/#\/schema\/person\/c12a77ab487a7262d8bec3c47301ad37","name":"Reda\u00e7\u00e3o Reda\u00e7\u00e3o","image":{"@type":"ImageObject","inLanguage":"pt-BR","@id":"https:\/\/markd.com.br\/models\/#\/schema\/person\/image\/","url":"https:\/\/secure.gravatar.com\/avatar\/9448f3599ce269febf169e183039b4a6?s=96&d=mm&r=g","contentUrl":"https:\/\/secure.gravatar.com\/avatar\/9448f3599ce269febf169e183039b4a6?s=96&d=mm&r=g","caption":"Reda\u00e7\u00e3o Reda\u00e7\u00e3o"},"sameAs":["https:\/\/markd.com.br\/"],"url":"https:\/\/markd.com.br\/models\/author\/redacao\/"}]}},"featured_image_urls":{"full":["https:\/\/markd.com.br\/models\/wp-content\/uploads\/2022\/04\/WhatsApp-Image-2022-04-22-at-13.24.08.jpeg",1600,1200,false],"thumbnail":["https:\/\/markd.com.br\/models\/wp-content\/uploads\/2022\/04\/WhatsApp-Image-2022-04-22-at-13.24.08-150x150.jpeg",150,150,true],"medium":["https:\/\/markd.com.br\/models\/wp-content\/uploads\/2022\/04\/WhatsApp-Image-2022-04-22-at-13.24.08-300x225.jpeg",300,225,true],"medium_large":["https:\/\/markd.com.br\/models\/wp-content\/uploads\/2022\/04\/WhatsApp-Image-2022-04-22-at-13.24.08-768x576.jpeg",640,480,true],"large":["https:\/\/markd.com.br\/models\/wp-content\/uploads\/2022\/04\/WhatsApp-Image-2022-04-22-at-13.24.08-1024x768.jpeg",640,480,true],"1536x1536":["https:\/\/markd.com.br\/models\/wp-content\/uploads\/2022\/04\/WhatsApp-Image-2022-04-22-at-13.24.08-1536x1152.jpeg",1536,1152,true],"2048x2048":["https:\/\/markd.com.br\/models\/wp-content\/uploads\/2022\/04\/WhatsApp-Image-2022-04-22-at-13.24.08.jpeg",1600,1200,false],"newsphere-slider-full":["https:\/\/markd.com.br\/models\/wp-content\/uploads\/2022\/04\/WhatsApp-Image-2022-04-22-at-13.24.08-1280x720.jpeg",1280,720,true],"newsphere-featured":["https:\/\/markd.com.br\/models\/wp-content\/uploads\/2022\/04\/WhatsApp-Image-2022-04-22-at-13.24.08-1024x768.jpeg",1024,768,true],"newsphere-medium":["https:\/\/markd.com.br\/models\/wp-content\/uploads\/2022\/04\/WhatsApp-Image-2022-04-22-at-13.24.08-720x380.jpeg",720,380,true]},"author_info":{"display_name":"Reda\u00e7\u00e3o Reda\u00e7\u00e3o","author_link":"https:\/\/markd.com.br\/models\/author\/redacao\/"},"category_info":"<a href=\"https:\/\/markd.com.br\/models\/category\/prefeitura-de-manaus\/\" rel=\"category tag\">Prefeitura de Manaus<\/a>","tag_info":"Prefeitura de Manaus","comment_count":"0","jetpack_featured_media_url":"https:\/\/markd.com.br\/models\/wp-content\/uploads\/2022\/04\/WhatsApp-Image-2022-04-22-at-13.24.08.jpeg","_links":{"self":[{"href":"https:\/\/markd.com.br\/models\/wp-json\/wp\/v2\/posts\/1978","targetHints":{"allow":["GET"]}}],"collection":[{"href":"https:\/\/markd.com.br\/models\/wp-json\/wp\/v2\/posts"}],"about":[{"href":"https:\/\/markd.com.br\/models\/wp-json\/wp\/v2\/types\/post"}],"author":[{"embeddable":true,"href":"https:\/\/markd.com.br\/models\/wp-json\/wp\/v2\/users\/5"}],"replies":[{"embeddable":true,"href":"https:\/\/markd.com.br\/models\/wp-json\/wp\/v2\/comments?post=1978"}],"version-history":[{"count":1,"href":"https:\/\/markd.com.br\/models\/wp-json\/wp\/v2\/posts\/1978\/revisions"}],"predecessor-version":[{"id":1983,"href":"https:\/\/markd.com.br\/models\/wp-json\/wp\/v2\/posts\/1978\/revisions\/1983"}],"wp:featuredmedia":[{"embeddable":true,"href":"https:\/\/markd.com.br\/models\/wp-json\/wp\/v2\/media\/1979"}],"wp:attachment":[{"href":"https:\/\/markd.com.br\/models\/wp-json\/wp\/v2\/media?parent=1978"}],"wp:term":[{"taxonomy":"category","embeddable":true,"href":"https:\/\/markd.com.br\/models\/wp-json\/wp\/v2\/categories?post=1978"},{"taxonomy":"post_tag","embeddable":true,"href":"https:\/\/markd.com.br\/models\/wp-json\/wp\/v2\/tags?post=1978"}],"curies":[{"name":"wp","href":"https:\/\/api.w.org\/{rel}","templated":true}]}}