{"id":1993,"date":"2022-04-22T15:29:34","date_gmt":"2022-04-22T18:29:34","guid":{"rendered":"https:\/\/portaldestaquenoticias.com.br\/?p=1993"},"modified":"2022-04-22T15:29:37","modified_gmt":"2022-04-22T18:29:37","slug":"homem-implora-para-nao-morrer-e-e-executado-a-tiros-em-manaus","status":"publish","type":"post","link":"https:\/\/markd.com.br\/models\/homem-implora-para-nao-morrer-e-e-executado-a-tiros-em-manaus\/","title":{"rendered":"Homem implora para n\u00e3o morrer e \u00e9 executado a tiros em Manaus"},"content":{"rendered":"\n<p><\/p>\n\n\n\n<p>Itasilo Basto de Souza, de 28 anos, foi arrastado por quatro homens at\u00e9 a rua Natal, no bairro Compensa, na Zona Oeste, onde foi executado a tiros na manh\u00e3 desta sexta-feira (22). A v\u00edtima ainda implorou aos criminosos para que n\u00e3o o matassem.<\/p>\n\n\n\n<p>Testemunhas contaram \u00e0 Pol\u00edcia Militar que Itasilo era morador do bairro e foi visto sendo arrastado com as m\u00e3os amarradas, e mesmo tentando escapar, ele foi atingido com v\u00e1rios disparos.<\/p>\n\n\n\n<p>A Pol\u00edcia investiga a motiva\u00e7\u00e3o do crime. O corpo do homem foi encaminhado ao Instituto M\u00e9dico Legal (IML).<\/p>\n\n\n\n<p>Fonte: Portal do Holanda<\/p>\n","protected":false},"excerpt":{"rendered":"<p>Itasilo Basto de Souza, de 28 anos, foi arrastado por quatro homens at\u00e9 a rua&#8230;<\/p>\n","protected":false},"author":5,"featured_media":1994,"comment_status":"open","ping_status":"open","sticky":false,"template":"","format":"standard","meta":{"footnotes":""},"categories":[34],"tags":[384,141,262],"class_list":["post-1993","post","type-post","status-publish","format-standard","has-post-thumbnail","hentry","category-musica","tag-execucao","tag-policia-militar","tag-tiros"],"yoast_head":"<!-- This site is optimized with the Yoast SEO plugin v24.4 - https:\/\/yoast.com\/wordpress\/plugins\/seo\/ -->\n<title>Homem implora para n\u00e3o morrer e \u00e9 executado a tiros em Manaus - Not\u00edcias de Todos - Models01<\/title>\n<meta name=\"robots\" content=\"index, follow, max-snippet:-1, max-image-preview:large, max-video-preview:-1\" \/>\n<link rel=\"canonical\" href=\"https:\/\/markd.com.br\/models\/homem-implora-para-nao-morrer-e-e-executado-a-tiros-em-manaus\/\" \/>\n<meta property=\"og:locale\" content=\"pt_BR\" \/>\n<meta property=\"og:type\" content=\"article\" \/>\n<meta property=\"og:title\" content=\"Homem implora para n\u00e3o morrer e \u00e9 executado a tiros em Manaus - Not\u00edcias de Todos - Models01\" \/>\n<meta property=\"og:description\" content=\"Itasilo Basto de Souza, de 28 anos, foi arrastado por quatro homens at\u00e9 a rua...\" \/>\n<meta property=\"og:url\" content=\"https:\/\/markd.com.br\/models\/homem-implora-para-nao-morrer-e-e-executado-a-tiros-em-manaus\/\" \/>\n<meta property=\"og:site_name\" content=\"Not\u00edcias de Todos - Models01\" \/>\n<meta property=\"article:published_time\" content=\"2022-04-22T18:29:34+00:00\" \/>\n<meta property=\"article:modified_time\" content=\"2022-04-22T18:29:37+00:00\" \/>\n<meta property=\"og:image\" content=\"https:\/\/markd.com.br\/models\/wp-content\/uploads\/2022\/04\/portaldoholanda-portaldoholanda-whatsappimage2022-04-22at123147-1148160-1148160.jpeg\" \/>\n\t<meta property=\"og:image:width\" content=\"640\" \/>\n\t<meta property=\"og:image:height\" content=\"433\" \/>\n\t<meta property=\"og:image:type\" content=\"image\/jpeg\" \/>\n<meta name=\"author\" content=\"Reda\u00e7\u00e3o Reda\u00e7\u00e3o\" \/>\n<meta name=\"twitter:card\" content=\"summary_large_image\" \/>\n<meta name=\"twitter:label1\" content=\"Escrito por\" \/>\n\t<meta name=\"twitter:data1\" content=\"Reda\u00e7\u00e3o Reda\u00e7\u00e3o\" \/>\n\t<meta name=\"twitter:label2\" content=\"Est. tempo de leitura\" \/>\n\t<meta name=\"twitter:data2\" content=\"1 minuto\" \/>\n<script type=\"application\/ld+json\" class=\"yoast-schema-graph\">{\"@context\":\"https:\/\/schema.org\",\"@graph\":[{\"@type\":\"WebPage\",\"@id\":\"https:\/\/markd.com.br\/models\/homem-implora-para-nao-morrer-e-e-executado-a-tiros-em-manaus\/\",\"url\":\"https:\/\/markd.com.br\/models\/homem-implora-para-nao-morrer-e-e-executado-a-tiros-em-manaus\/\",\"name\":\"Homem implora para n\u00e3o morrer e \u00e9 executado a tiros em Manaus - Not\u00edcias de Todos - Models01\",\"isPartOf\":{\"@id\":\"https:\/\/markd.com.br\/models\/#website\"},\"primaryImageOfPage\":{\"@id\":\"https:\/\/markd.com.br\/models\/homem-implora-para-nao-morrer-e-e-executado-a-tiros-em-manaus\/#primaryimage\"},\"image\":{\"@id\":\"https:\/\/markd.com.br\/models\/homem-implora-para-nao-morrer-e-e-executado-a-tiros-em-manaus\/#primaryimage\"},\"thumbnailUrl\":\"https:\/\/markd.com.br\/models\/wp-content\/uploads\/2022\/04\/portaldoholanda-portaldoholanda-whatsappimage2022-04-22at123147-1148160-1148160.jpeg\",\"datePublished\":\"2022-04-22T18:29:34+00:00\",\"dateModified\":\"2022-04-22T18:29:37+00:00\",\"author\":{\"@id\":\"https:\/\/markd.com.br\/models\/#\/schema\/person\/c12a77ab487a7262d8bec3c47301ad37\"},\"breadcrumb\":{\"@id\":\"https:\/\/markd.com.br\/models\/homem-implora-para-nao-morrer-e-e-executado-a-tiros-em-manaus\/#breadcrumb\"},\"inLanguage\":\"pt-BR\",\"potentialAction\":[{\"@type\":\"ReadAction\",\"target\":[\"https:\/\/markd.com.br\/models\/homem-implora-para-nao-morrer-e-e-executado-a-tiros-em-manaus\/\"]}]},{\"@type\":\"ImageObject\",\"inLanguage\":\"pt-BR\",\"@id\":\"https:\/\/markd.com.br\/models\/homem-implora-para-nao-morrer-e-e-executado-a-tiros-em-manaus\/#primaryimage\",\"url\":\"https:\/\/markd.com.br\/models\/wp-content\/uploads\/2022\/04\/portaldoholanda-portaldoholanda-whatsappimage2022-04-22at123147-1148160-1148160.jpeg\",\"contentUrl\":\"https:\/\/markd.com.br\/models\/wp-content\/uploads\/2022\/04\/portaldoholanda-portaldoholanda-whatsappimage2022-04-22at123147-1148160-1148160.jpeg\",\"width\":640,\"height\":433},{\"@type\":\"BreadcrumbList\",\"@id\":\"https:\/\/markd.com.br\/models\/homem-implora-para-nao-morrer-e-e-executado-a-tiros-em-manaus\/#breadcrumb\",\"itemListElement\":[{\"@type\":\"ListItem\",\"position\":1,\"name\":\"In\u00edcio\",\"item\":\"https:\/\/markd.com.br\/models\/\"},{\"@type\":\"ListItem\",\"position\":2,\"name\":\"Homem implora para n\u00e3o morrer e \u00e9 executado a tiros em Manaus\"}]},{\"@type\":\"WebSite\",\"@id\":\"https:\/\/markd.com.br\/models\/#website\",\"url\":\"https:\/\/markd.com.br\/models\/\",\"name\":\"Not\u00edcias de Todos - Models01\",\"description\":\"Tenha um Portal de Not\u00edcias Moderno, Din\u00e2mico, R\u00e1pido e Profissional. Entregamos seu Site de  Not\u00edcias Pronto, Instalado, Hospedado, com Manual Passo a Passo e Suporte 24 horas.\",\"potentialAction\":[{\"@type\":\"SearchAction\",\"target\":{\"@type\":\"EntryPoint\",\"urlTemplate\":\"https:\/\/markd.com.br\/models\/?s={search_term_string}\"},\"query-input\":{\"@type\":\"PropertyValueSpecification\",\"valueRequired\":true,\"valueName\":\"search_term_string\"}}],\"inLanguage\":\"pt-BR\"},{\"@type\":\"Person\",\"@id\":\"https:\/\/markd.com.br\/models\/#\/schema\/person\/c12a77ab487a7262d8bec3c47301ad37\",\"name\":\"Reda\u00e7\u00e3o Reda\u00e7\u00e3o\",\"image\":{\"@type\":\"ImageObject\",\"inLanguage\":\"pt-BR\",\"@id\":\"https:\/\/markd.com.br\/models\/#\/schema\/person\/image\/\",\"url\":\"https:\/\/secure.gravatar.com\/avatar\/9448f3599ce269febf169e183039b4a6?s=96&d=mm&r=g\",\"contentUrl\":\"https:\/\/secure.gravatar.com\/avatar\/9448f3599ce269febf169e183039b4a6?s=96&d=mm&r=g\",\"caption\":\"Reda\u00e7\u00e3o Reda\u00e7\u00e3o\"},\"sameAs\":[\"https:\/\/markd.com.br\/\"],\"url\":\"https:\/\/markd.com.br\/models\/author\/redacao\/\"}]}<\/script>\n<!-- \/ Yoast SEO plugin. -->","yoast_head_json":{"title":"Homem implora para n\u00e3o morrer e \u00e9 executado a tiros em Manaus - Not\u00edcias de Todos - Models01","robots":{"index":"index","follow":"follow","max-snippet":"max-snippet:-1","max-image-preview":"max-image-preview:large","max-video-preview":"max-video-preview:-1"},"canonical":"https:\/\/markd.com.br\/models\/homem-implora-para-nao-morrer-e-e-executado-a-tiros-em-manaus\/","og_locale":"pt_BR","og_type":"article","og_title":"Homem implora para n\u00e3o morrer e \u00e9 executado a tiros em Manaus - Not\u00edcias de Todos - Models01","og_description":"Itasilo Basto de Souza, de 28 anos, foi arrastado por quatro homens at\u00e9 a rua...","og_url":"https:\/\/markd.com.br\/models\/homem-implora-para-nao-morrer-e-e-executado-a-tiros-em-manaus\/","og_site_name":"Not\u00edcias de Todos - Models01","article_published_time":"2022-04-22T18:29:34+00:00","article_modified_time":"2022-04-22T18:29:37+00:00","og_image":[{"width":640,"height":433,"url":"https:\/\/markd.com.br\/models\/wp-content\/uploads\/2022\/04\/portaldoholanda-portaldoholanda-whatsappimage2022-04-22at123147-1148160-1148160.jpeg","type":"image\/jpeg"}],"author":"Reda\u00e7\u00e3o Reda\u00e7\u00e3o","twitter_card":"summary_large_image","twitter_misc":{"Escrito por":"Reda\u00e7\u00e3o Reda\u00e7\u00e3o","Est. tempo de leitura":"1 minuto"},"schema":{"@context":"https:\/\/schema.org","@graph":[{"@type":"WebPage","@id":"https:\/\/markd.com.br\/models\/homem-implora-para-nao-morrer-e-e-executado-a-tiros-em-manaus\/","url":"https:\/\/markd.com.br\/models\/homem-implora-para-nao-morrer-e-e-executado-a-tiros-em-manaus\/","name":"Homem implora para n\u00e3o morrer e \u00e9 executado a tiros em Manaus - Not\u00edcias de Todos - Models01","isPartOf":{"@id":"https:\/\/markd.com.br\/models\/#website"},"primaryImageOfPage":{"@id":"https:\/\/markd.com.br\/models\/homem-implora-para-nao-morrer-e-e-executado-a-tiros-em-manaus\/#primaryimage"},"image":{"@id":"https:\/\/markd.com.br\/models\/homem-implora-para-nao-morrer-e-e-executado-a-tiros-em-manaus\/#primaryimage"},"thumbnailUrl":"https:\/\/markd.com.br\/models\/wp-content\/uploads\/2022\/04\/portaldoholanda-portaldoholanda-whatsappimage2022-04-22at123147-1148160-1148160.jpeg","datePublished":"2022-04-22T18:29:34+00:00","dateModified":"2022-04-22T18:29:37+00:00","author":{"@id":"https:\/\/markd.com.br\/models\/#\/schema\/person\/c12a77ab487a7262d8bec3c47301ad37"},"breadcrumb":{"@id":"https:\/\/markd.com.br\/models\/homem-implora-para-nao-morrer-e-e-executado-a-tiros-em-manaus\/#breadcrumb"},"inLanguage":"pt-BR","potentialAction":[{"@type":"ReadAction","target":["https:\/\/markd.com.br\/models\/homem-implora-para-nao-morrer-e-e-executado-a-tiros-em-manaus\/"]}]},{"@type":"ImageObject","inLanguage":"pt-BR","@id":"https:\/\/markd.com.br\/models\/homem-implora-para-nao-morrer-e-e-executado-a-tiros-em-manaus\/#primaryimage","url":"https:\/\/markd.com.br\/models\/wp-content\/uploads\/2022\/04\/portaldoholanda-portaldoholanda-whatsappimage2022-04-22at123147-1148160-1148160.jpeg","contentUrl":"https:\/\/markd.com.br\/models\/wp-content\/uploads\/2022\/04\/portaldoholanda-portaldoholanda-whatsappimage2022-04-22at123147-1148160-1148160.jpeg","width":640,"height":433},{"@type":"BreadcrumbList","@id":"https:\/\/markd.com.br\/models\/homem-implora-para-nao-morrer-e-e-executado-a-tiros-em-manaus\/#breadcrumb","itemListElement":[{"@type":"ListItem","position":1,"name":"In\u00edcio","item":"https:\/\/markd.com.br\/models\/"},{"@type":"ListItem","position":2,"name":"Homem implora para n\u00e3o morrer e \u00e9 executado a tiros em Manaus"}]},{"@type":"WebSite","@id":"https:\/\/markd.com.br\/models\/#website","url":"https:\/\/markd.com.br\/models\/","name":"Not\u00edcias de Todos - Models01","description":"Tenha um Portal de Not\u00edcias Moderno, Din\u00e2mico, R\u00e1pido e Profissional. Entregamos seu Site de  Not\u00edcias Pronto, Instalado, Hospedado, com Manual Passo a Passo e Suporte 24 horas.","potentialAction":[{"@type":"SearchAction","target":{"@type":"EntryPoint","urlTemplate":"https:\/\/markd.com.br\/models\/?s={search_term_string}"},"query-input":{"@type":"PropertyValueSpecification","valueRequired":true,"valueName":"search_term_string"}}],"inLanguage":"pt-BR"},{"@type":"Person","@id":"https:\/\/markd.com.br\/models\/#\/schema\/person\/c12a77ab487a7262d8bec3c47301ad37","name":"Reda\u00e7\u00e3o Reda\u00e7\u00e3o","image":{"@type":"ImageObject","inLanguage":"pt-BR","@id":"https:\/\/markd.com.br\/models\/#\/schema\/person\/image\/","url":"https:\/\/secure.gravatar.com\/avatar\/9448f3599ce269febf169e183039b4a6?s=96&d=mm&r=g","contentUrl":"https:\/\/secure.gravatar.com\/avatar\/9448f3599ce269febf169e183039b4a6?s=96&d=mm&r=g","caption":"Reda\u00e7\u00e3o Reda\u00e7\u00e3o"},"sameAs":["https:\/\/markd.com.br\/"],"url":"https:\/\/markd.com.br\/models\/author\/redacao\/"}]}},"featured_image_urls":{"full":["https:\/\/markd.com.br\/models\/wp-content\/uploads\/2022\/04\/portaldoholanda-portaldoholanda-whatsappimage2022-04-22at123147-1148160-1148160.jpeg",640,433,false],"thumbnail":["https:\/\/markd.com.br\/models\/wp-content\/uploads\/2022\/04\/portaldoholanda-portaldoholanda-whatsappimage2022-04-22at123147-1148160-1148160-150x150.jpeg",150,150,true],"medium":["https:\/\/markd.com.br\/models\/wp-content\/uploads\/2022\/04\/portaldoholanda-portaldoholanda-whatsappimage2022-04-22at123147-1148160-1148160-300x203.jpeg",300,203,true],"medium_large":["https:\/\/markd.com.br\/models\/wp-content\/uploads\/2022\/04\/portaldoholanda-portaldoholanda-whatsappimage2022-04-22at123147-1148160-1148160.jpeg",640,433,false],"large":["https:\/\/markd.com.br\/models\/wp-content\/uploads\/2022\/04\/portaldoholanda-portaldoholanda-whatsappimage2022-04-22at123147-1148160-1148160.jpeg",640,433,false],"1536x1536":["https:\/\/markd.com.br\/models\/wp-content\/uploads\/2022\/04\/portaldoholanda-portaldoholanda-whatsappimage2022-04-22at123147-1148160-1148160.jpeg",640,433,false],"2048x2048":["https:\/\/markd.com.br\/models\/wp-content\/uploads\/2022\/04\/portaldoholanda-portaldoholanda-whatsappimage2022-04-22at123147-1148160-1148160.jpeg",640,433,false],"newsphere-slider-full":["https:\/\/markd.com.br\/models\/wp-content\/uploads\/2022\/04\/portaldoholanda-portaldoholanda-whatsappimage2022-04-22at123147-1148160-1148160.jpeg",640,433,false],"newsphere-featured":["https:\/\/markd.com.br\/models\/wp-content\/uploads\/2022\/04\/portaldoholanda-portaldoholanda-whatsappimage2022-04-22at123147-1148160-1148160.jpeg",640,433,false],"newsphere-medium":["https:\/\/markd.com.br\/models\/wp-content\/uploads\/2022\/04\/portaldoholanda-portaldoholanda-whatsappimage2022-04-22at123147-1148160-1148160-640x380.jpeg",640,380,true]},"author_info":{"display_name":"Reda\u00e7\u00e3o Reda\u00e7\u00e3o","author_link":"https:\/\/markd.com.br\/models\/author\/redacao\/"},"category_info":"<a href=\"https:\/\/markd.com.br\/models\/category\/musica\/\" rel=\"category tag\">Pol\u00edcia<\/a>","tag_info":"Pol\u00edcia","comment_count":"0","jetpack_featured_media_url":"https:\/\/markd.com.br\/models\/wp-content\/uploads\/2022\/04\/portaldoholanda-portaldoholanda-whatsappimage2022-04-22at123147-1148160-1148160.jpeg","_links":{"self":[{"href":"https:\/\/markd.com.br\/models\/wp-json\/wp\/v2\/posts\/1993","targetHints":{"allow":["GET"]}}],"collection":[{"href":"https:\/\/markd.com.br\/models\/wp-json\/wp\/v2\/posts"}],"about":[{"href":"https:\/\/markd.com.br\/models\/wp-json\/wp\/v2\/types\/post"}],"author":[{"embeddable":true,"href":"https:\/\/markd.com.br\/models\/wp-json\/wp\/v2\/users\/5"}],"replies":[{"embeddable":true,"href":"https:\/\/markd.com.br\/models\/wp-json\/wp\/v2\/comments?post=1993"}],"version-history":[{"count":1,"href":"https:\/\/markd.com.br\/models\/wp-json\/wp\/v2\/posts\/1993\/revisions"}],"predecessor-version":[{"id":1995,"href":"https:\/\/markd.com.br\/models\/wp-json\/wp\/v2\/posts\/1993\/revisions\/1995"}],"wp:featuredmedia":[{"embeddable":true,"href":"https:\/\/markd.com.br\/models\/wp-json\/wp\/v2\/media\/1994"}],"wp:attachment":[{"href":"https:\/\/markd.com.br\/models\/wp-json\/wp\/v2\/media?parent=1993"}],"wp:term":[{"taxonomy":"category","embeddable":true,"href":"https:\/\/markd.com.br\/models\/wp-json\/wp\/v2\/categories?post=1993"},{"taxonomy":"post_tag","embeddable":true,"href":"https:\/\/markd.com.br\/models\/wp-json\/wp\/v2\/tags?post=1993"}],"curies":[{"name":"wp","href":"https:\/\/api.w.org\/{rel}","templated":true}]}}