{"id":2006,"date":"2022-04-25T14:14:40","date_gmt":"2022-04-25T17:14:40","guid":{"rendered":"https:\/\/portaldestaquenoticias.com.br\/?p=2006"},"modified":"2022-04-25T14:14:46","modified_gmt":"2022-04-25T17:14:46","slug":"video-a-queima-roupa-homem-e-executado-a-tiros-dentro-de-hospital-apos-receber-alta","status":"publish","type":"post","link":"https:\/\/markd.com.br\/models\/video-a-queima-roupa-homem-e-executado-a-tiros-dentro-de-hospital-apos-receber-alta\/","title":{"rendered":"V\u00eddeo: a queima-roupa, homem \u00e9 executado a tiros dentro de hospital, ap\u00f3s receber alta"},"content":{"rendered":"\n<p><\/p>\n\n\n\n<p>Neste domingo, 24, um homem de 37 anos foi executado com v\u00e1rios&nbsp;tiros dentro do Hospital Santo Amaro, em Guaruj\u00e1. De acordo com informa\u00e7\u00f5es, a v\u00edtima&nbsp;teria dado entrada na unidade na noite da \u00faltima sexta-feira, 22, ap\u00f3s ter sido baleado no bra\u00e7o e na n\u00e1dega. De acordo com testemunhas, ele teria tentado realizar um assalto no&nbsp;bairro do Santa Rosa, e teria sido&nbsp;\u201cjurado de morte\u201d. Essa vers\u00e3o ainda n\u00e3o foi confirmada pela pol\u00edcia.<\/p>\n\n\n\n<p>Na manh\u00e3 de hoje, 24,&nbsp;ao receber alta do hospital, ele acabou sendo executado&nbsp;por v\u00e1rios disparos feitos por dois homens que chegaram na unidade de sa\u00fade. A v\u00edtima morreu na hora.<\/p>\n\n\n\n<p>Nas imagens feitas por c\u00e2meras de seguran\u00e7a,&nbsp;\u00e9 poss\u00edvel ver o homem, em uma cadeira de rodas, sendo levado at\u00e9 a porta do hospital por uma enfermeira. Ele segue sentado no local por alguns instantes, quando os suspeitos entram e atiram v\u00e1rias vezes,&nbsp;a queima-roupa, contra ele. Nas imagens \u00e9 poss\u00edvel ver o momento em que o&nbsp;corpo da v\u00edtima&nbsp;vai escorregando da cadeira, at\u00e9 a hora em que cai no ch\u00e3o, de lado.<\/p>\n\n\n\n<p><strong>Assista o v\u00eddeo (as imagens s\u00e3o fortes):<\/strong><\/p>\n\n\n\n<figure class=\"wp-block-embed is-type-wp-embed is-provider-streamable wp-block-embed-streamable\"><div class=\"wp-block-embed__wrapper\">\nhttps:\/\/streamable.com\/bhauh1\n<\/div><\/figure>\n\n\n\n<p>De acordo com informa\u00e7\u00f5es, a v\u00edtima foi identificada como&nbsp;Gilianderson dos Santos, 37 anos.<\/p>\n\n\n\n<p><strong><em>Com informa\u00e7\u00f5es do Di\u00e1rio do Litoral<\/em><\/strong><\/p>\n","protected":false},"excerpt":{"rendered":"<p>Neste domingo, 24, um homem de 37 anos foi executado com v\u00e1rios&nbsp;tiros dentro do Hospital&#8230;<\/p>\n","protected":false},"author":5,"featured_media":2007,"comment_status":"open","ping_status":"open","sticky":false,"template":"","format":"standard","meta":{"footnotes":""},"categories":[34],"tags":[310,183],"class_list":["post-2006","post","type-post","status-publish","format-standard","has-post-thumbnail","hentry","category-musica","tag-crime","tag-violencia"],"yoast_head":"<!-- This site is optimized with the Yoast SEO plugin v24.4 - https:\/\/yoast.com\/wordpress\/plugins\/seo\/ -->\n<title>V\u00eddeo: a queima-roupa, homem \u00e9 executado a tiros dentro de hospital, ap\u00f3s receber alta - Not\u00edcias de Todos - Models01<\/title>\n<meta name=\"robots\" content=\"index, follow, max-snippet:-1, max-image-preview:large, max-video-preview:-1\" \/>\n<link rel=\"canonical\" href=\"https:\/\/markd.com.br\/models\/video-a-queima-roupa-homem-e-executado-a-tiros-dentro-de-hospital-apos-receber-alta\/\" \/>\n<meta property=\"og:locale\" content=\"pt_BR\" \/>\n<meta property=\"og:type\" content=\"article\" \/>\n<meta property=\"og:title\" content=\"V\u00eddeo: a queima-roupa, homem \u00e9 executado a tiros dentro de hospital, ap\u00f3s receber alta - Not\u00edcias de Todos - Models01\" \/>\n<meta property=\"og:description\" content=\"Neste domingo, 24, um homem de 37 anos foi executado com v\u00e1rios&nbsp;tiros dentro do Hospital...\" \/>\n<meta property=\"og:url\" content=\"https:\/\/markd.com.br\/models\/video-a-queima-roupa-homem-e-executado-a-tiros-dentro-de-hospital-apos-receber-alta\/\" \/>\n<meta property=\"og:site_name\" content=\"Not\u00edcias de Todos - Models01\" \/>\n<meta property=\"article:published_time\" content=\"2022-04-25T17:14:40+00:00\" \/>\n<meta property=\"article:modified_time\" content=\"2022-04-25T17:14:46+00:00\" \/>\n<meta property=\"og:image\" content=\"https:\/\/markd.com.br\/models\/wp-content\/uploads\/2022\/04\/mortesantoamaro-e1650819317888.jpg\" \/>\n\t<meta property=\"og:image:width\" content=\"650\" \/>\n\t<meta property=\"og:image:height\" content=\"424\" \/>\n\t<meta property=\"og:image:type\" content=\"image\/jpeg\" \/>\n<meta name=\"author\" content=\"Reda\u00e7\u00e3o Reda\u00e7\u00e3o\" \/>\n<meta name=\"twitter:card\" content=\"summary_large_image\" \/>\n<meta name=\"twitter:label1\" content=\"Escrito por\" \/>\n\t<meta name=\"twitter:data1\" content=\"Reda\u00e7\u00e3o Reda\u00e7\u00e3o\" \/>\n\t<meta name=\"twitter:label2\" content=\"Est. tempo de leitura\" \/>\n\t<meta name=\"twitter:data2\" content=\"2 minutos\" \/>\n<script type=\"application\/ld+json\" class=\"yoast-schema-graph\">{\"@context\":\"https:\/\/schema.org\",\"@graph\":[{\"@type\":\"WebPage\",\"@id\":\"https:\/\/markd.com.br\/models\/video-a-queima-roupa-homem-e-executado-a-tiros-dentro-de-hospital-apos-receber-alta\/\",\"url\":\"https:\/\/markd.com.br\/models\/video-a-queima-roupa-homem-e-executado-a-tiros-dentro-de-hospital-apos-receber-alta\/\",\"name\":\"V\u00eddeo: a queima-roupa, homem \u00e9 executado a tiros dentro de hospital, ap\u00f3s receber alta - Not\u00edcias de Todos - Models01\",\"isPartOf\":{\"@id\":\"https:\/\/markd.com.br\/models\/#website\"},\"primaryImageOfPage\":{\"@id\":\"https:\/\/markd.com.br\/models\/video-a-queima-roupa-homem-e-executado-a-tiros-dentro-de-hospital-apos-receber-alta\/#primaryimage\"},\"image\":{\"@id\":\"https:\/\/markd.com.br\/models\/video-a-queima-roupa-homem-e-executado-a-tiros-dentro-de-hospital-apos-receber-alta\/#primaryimage\"},\"thumbnailUrl\":\"https:\/\/markd.com.br\/models\/wp-content\/uploads\/2022\/04\/mortesantoamaro-e1650819317888.jpg\",\"datePublished\":\"2022-04-25T17:14:40+00:00\",\"dateModified\":\"2022-04-25T17:14:46+00:00\",\"author\":{\"@id\":\"https:\/\/markd.com.br\/models\/#\/schema\/person\/c12a77ab487a7262d8bec3c47301ad37\"},\"breadcrumb\":{\"@id\":\"https:\/\/markd.com.br\/models\/video-a-queima-roupa-homem-e-executado-a-tiros-dentro-de-hospital-apos-receber-alta\/#breadcrumb\"},\"inLanguage\":\"pt-BR\",\"potentialAction\":[{\"@type\":\"ReadAction\",\"target\":[\"https:\/\/markd.com.br\/models\/video-a-queima-roupa-homem-e-executado-a-tiros-dentro-de-hospital-apos-receber-alta\/\"]}]},{\"@type\":\"ImageObject\",\"inLanguage\":\"pt-BR\",\"@id\":\"https:\/\/markd.com.br\/models\/video-a-queima-roupa-homem-e-executado-a-tiros-dentro-de-hospital-apos-receber-alta\/#primaryimage\",\"url\":\"https:\/\/markd.com.br\/models\/wp-content\/uploads\/2022\/04\/mortesantoamaro-e1650819317888.jpg\",\"contentUrl\":\"https:\/\/markd.com.br\/models\/wp-content\/uploads\/2022\/04\/mortesantoamaro-e1650819317888.jpg\",\"width\":650,\"height\":424},{\"@type\":\"BreadcrumbList\",\"@id\":\"https:\/\/markd.com.br\/models\/video-a-queima-roupa-homem-e-executado-a-tiros-dentro-de-hospital-apos-receber-alta\/#breadcrumb\",\"itemListElement\":[{\"@type\":\"ListItem\",\"position\":1,\"name\":\"In\u00edcio\",\"item\":\"https:\/\/markd.com.br\/models\/\"},{\"@type\":\"ListItem\",\"position\":2,\"name\":\"V\u00eddeo: a queima-roupa, homem \u00e9 executado a tiros dentro de hospital, ap\u00f3s receber alta\"}]},{\"@type\":\"WebSite\",\"@id\":\"https:\/\/markd.com.br\/models\/#website\",\"url\":\"https:\/\/markd.com.br\/models\/\",\"name\":\"Not\u00edcias de Todos - Models01\",\"description\":\"Tenha um Portal de Not\u00edcias Moderno, Din\u00e2mico, R\u00e1pido e Profissional. Entregamos seu Site de  Not\u00edcias Pronto, Instalado, Hospedado, com Manual Passo a Passo e Suporte 24 horas.\",\"potentialAction\":[{\"@type\":\"SearchAction\",\"target\":{\"@type\":\"EntryPoint\",\"urlTemplate\":\"https:\/\/markd.com.br\/models\/?s={search_term_string}\"},\"query-input\":{\"@type\":\"PropertyValueSpecification\",\"valueRequired\":true,\"valueName\":\"search_term_string\"}}],\"inLanguage\":\"pt-BR\"},{\"@type\":\"Person\",\"@id\":\"https:\/\/markd.com.br\/models\/#\/schema\/person\/c12a77ab487a7262d8bec3c47301ad37\",\"name\":\"Reda\u00e7\u00e3o Reda\u00e7\u00e3o\",\"image\":{\"@type\":\"ImageObject\",\"inLanguage\":\"pt-BR\",\"@id\":\"https:\/\/markd.com.br\/models\/#\/schema\/person\/image\/\",\"url\":\"https:\/\/secure.gravatar.com\/avatar\/9448f3599ce269febf169e183039b4a6?s=96&d=mm&r=g\",\"contentUrl\":\"https:\/\/secure.gravatar.com\/avatar\/9448f3599ce269febf169e183039b4a6?s=96&d=mm&r=g\",\"caption\":\"Reda\u00e7\u00e3o Reda\u00e7\u00e3o\"},\"sameAs\":[\"https:\/\/markd.com.br\/\"],\"url\":\"https:\/\/markd.com.br\/models\/author\/redacao\/\"}]}<\/script>\n<!-- \/ Yoast SEO plugin. -->","yoast_head_json":{"title":"V\u00eddeo: a queima-roupa, homem \u00e9 executado a tiros dentro de hospital, ap\u00f3s receber alta - Not\u00edcias de Todos - Models01","robots":{"index":"index","follow":"follow","max-snippet":"max-snippet:-1","max-image-preview":"max-image-preview:large","max-video-preview":"max-video-preview:-1"},"canonical":"https:\/\/markd.com.br\/models\/video-a-queima-roupa-homem-e-executado-a-tiros-dentro-de-hospital-apos-receber-alta\/","og_locale":"pt_BR","og_type":"article","og_title":"V\u00eddeo: a queima-roupa, homem \u00e9 executado a tiros dentro de hospital, ap\u00f3s receber alta - Not\u00edcias de Todos - Models01","og_description":"Neste domingo, 24, um homem de 37 anos foi executado com v\u00e1rios&nbsp;tiros dentro do Hospital...","og_url":"https:\/\/markd.com.br\/models\/video-a-queima-roupa-homem-e-executado-a-tiros-dentro-de-hospital-apos-receber-alta\/","og_site_name":"Not\u00edcias de Todos - Models01","article_published_time":"2022-04-25T17:14:40+00:00","article_modified_time":"2022-04-25T17:14:46+00:00","og_image":[{"width":650,"height":424,"url":"https:\/\/markd.com.br\/models\/wp-content\/uploads\/2022\/04\/mortesantoamaro-e1650819317888.jpg","type":"image\/jpeg"}],"author":"Reda\u00e7\u00e3o Reda\u00e7\u00e3o","twitter_card":"summary_large_image","twitter_misc":{"Escrito por":"Reda\u00e7\u00e3o Reda\u00e7\u00e3o","Est. tempo de leitura":"2 minutos"},"schema":{"@context":"https:\/\/schema.org","@graph":[{"@type":"WebPage","@id":"https:\/\/markd.com.br\/models\/video-a-queima-roupa-homem-e-executado-a-tiros-dentro-de-hospital-apos-receber-alta\/","url":"https:\/\/markd.com.br\/models\/video-a-queima-roupa-homem-e-executado-a-tiros-dentro-de-hospital-apos-receber-alta\/","name":"V\u00eddeo: a queima-roupa, homem \u00e9 executado a tiros dentro de hospital, ap\u00f3s receber alta - Not\u00edcias de Todos - Models01","isPartOf":{"@id":"https:\/\/markd.com.br\/models\/#website"},"primaryImageOfPage":{"@id":"https:\/\/markd.com.br\/models\/video-a-queima-roupa-homem-e-executado-a-tiros-dentro-de-hospital-apos-receber-alta\/#primaryimage"},"image":{"@id":"https:\/\/markd.com.br\/models\/video-a-queima-roupa-homem-e-executado-a-tiros-dentro-de-hospital-apos-receber-alta\/#primaryimage"},"thumbnailUrl":"https:\/\/markd.com.br\/models\/wp-content\/uploads\/2022\/04\/mortesantoamaro-e1650819317888.jpg","datePublished":"2022-04-25T17:14:40+00:00","dateModified":"2022-04-25T17:14:46+00:00","author":{"@id":"https:\/\/markd.com.br\/models\/#\/schema\/person\/c12a77ab487a7262d8bec3c47301ad37"},"breadcrumb":{"@id":"https:\/\/markd.com.br\/models\/video-a-queima-roupa-homem-e-executado-a-tiros-dentro-de-hospital-apos-receber-alta\/#breadcrumb"},"inLanguage":"pt-BR","potentialAction":[{"@type":"ReadAction","target":["https:\/\/markd.com.br\/models\/video-a-queima-roupa-homem-e-executado-a-tiros-dentro-de-hospital-apos-receber-alta\/"]}]},{"@type":"ImageObject","inLanguage":"pt-BR","@id":"https:\/\/markd.com.br\/models\/video-a-queima-roupa-homem-e-executado-a-tiros-dentro-de-hospital-apos-receber-alta\/#primaryimage","url":"https:\/\/markd.com.br\/models\/wp-content\/uploads\/2022\/04\/mortesantoamaro-e1650819317888.jpg","contentUrl":"https:\/\/markd.com.br\/models\/wp-content\/uploads\/2022\/04\/mortesantoamaro-e1650819317888.jpg","width":650,"height":424},{"@type":"BreadcrumbList","@id":"https:\/\/markd.com.br\/models\/video-a-queima-roupa-homem-e-executado-a-tiros-dentro-de-hospital-apos-receber-alta\/#breadcrumb","itemListElement":[{"@type":"ListItem","position":1,"name":"In\u00edcio","item":"https:\/\/markd.com.br\/models\/"},{"@type":"ListItem","position":2,"name":"V\u00eddeo: a queima-roupa, homem \u00e9 executado a tiros dentro de hospital, ap\u00f3s receber alta"}]},{"@type":"WebSite","@id":"https:\/\/markd.com.br\/models\/#website","url":"https:\/\/markd.com.br\/models\/","name":"Not\u00edcias de Todos - Models01","description":"Tenha um Portal de Not\u00edcias Moderno, Din\u00e2mico, R\u00e1pido e Profissional. Entregamos seu Site de  Not\u00edcias Pronto, Instalado, Hospedado, com Manual Passo a Passo e Suporte 24 horas.","potentialAction":[{"@type":"SearchAction","target":{"@type":"EntryPoint","urlTemplate":"https:\/\/markd.com.br\/models\/?s={search_term_string}"},"query-input":{"@type":"PropertyValueSpecification","valueRequired":true,"valueName":"search_term_string"}}],"inLanguage":"pt-BR"},{"@type":"Person","@id":"https:\/\/markd.com.br\/models\/#\/schema\/person\/c12a77ab487a7262d8bec3c47301ad37","name":"Reda\u00e7\u00e3o Reda\u00e7\u00e3o","image":{"@type":"ImageObject","inLanguage":"pt-BR","@id":"https:\/\/markd.com.br\/models\/#\/schema\/person\/image\/","url":"https:\/\/secure.gravatar.com\/avatar\/9448f3599ce269febf169e183039b4a6?s=96&d=mm&r=g","contentUrl":"https:\/\/secure.gravatar.com\/avatar\/9448f3599ce269febf169e183039b4a6?s=96&d=mm&r=g","caption":"Reda\u00e7\u00e3o Reda\u00e7\u00e3o"},"sameAs":["https:\/\/markd.com.br\/"],"url":"https:\/\/markd.com.br\/models\/author\/redacao\/"}]}},"featured_image_urls":{"full":["https:\/\/markd.com.br\/models\/wp-content\/uploads\/2022\/04\/mortesantoamaro-e1650819317888.jpg",650,424,false],"thumbnail":["https:\/\/markd.com.br\/models\/wp-content\/uploads\/2022\/04\/mortesantoamaro-e1650819317888-150x150.jpg",150,150,true],"medium":["https:\/\/markd.com.br\/models\/wp-content\/uploads\/2022\/04\/mortesantoamaro-e1650819317888-300x196.jpg",300,196,true],"medium_large":["https:\/\/markd.com.br\/models\/wp-content\/uploads\/2022\/04\/mortesantoamaro-e1650819317888.jpg",640,417,false],"large":["https:\/\/markd.com.br\/models\/wp-content\/uploads\/2022\/04\/mortesantoamaro-e1650819317888.jpg",640,417,false],"1536x1536":["https:\/\/markd.com.br\/models\/wp-content\/uploads\/2022\/04\/mortesantoamaro-e1650819317888.jpg",650,424,false],"2048x2048":["https:\/\/markd.com.br\/models\/wp-content\/uploads\/2022\/04\/mortesantoamaro-e1650819317888.jpg",650,424,false],"newsphere-slider-full":["https:\/\/markd.com.br\/models\/wp-content\/uploads\/2022\/04\/mortesantoamaro-e1650819317888.jpg",650,424,false],"newsphere-featured":["https:\/\/markd.com.br\/models\/wp-content\/uploads\/2022\/04\/mortesantoamaro-e1650819317888.jpg",650,424,false],"newsphere-medium":["https:\/\/markd.com.br\/models\/wp-content\/uploads\/2022\/04\/mortesantoamaro-e1650819317888-650x380.jpg",650,380,true]},"author_info":{"display_name":"Reda\u00e7\u00e3o Reda\u00e7\u00e3o","author_link":"https:\/\/markd.com.br\/models\/author\/redacao\/"},"category_info":"<a href=\"https:\/\/markd.com.br\/models\/category\/musica\/\" rel=\"category tag\">Pol\u00edcia<\/a>","tag_info":"Pol\u00edcia","comment_count":"0","jetpack_featured_media_url":"https:\/\/markd.com.br\/models\/wp-content\/uploads\/2022\/04\/mortesantoamaro-e1650819317888.jpg","_links":{"self":[{"href":"https:\/\/markd.com.br\/models\/wp-json\/wp\/v2\/posts\/2006","targetHints":{"allow":["GET"]}}],"collection":[{"href":"https:\/\/markd.com.br\/models\/wp-json\/wp\/v2\/posts"}],"about":[{"href":"https:\/\/markd.com.br\/models\/wp-json\/wp\/v2\/types\/post"}],"author":[{"embeddable":true,"href":"https:\/\/markd.com.br\/models\/wp-json\/wp\/v2\/users\/5"}],"replies":[{"embeddable":true,"href":"https:\/\/markd.com.br\/models\/wp-json\/wp\/v2\/comments?post=2006"}],"version-history":[{"count":1,"href":"https:\/\/markd.com.br\/models\/wp-json\/wp\/v2\/posts\/2006\/revisions"}],"predecessor-version":[{"id":2008,"href":"https:\/\/markd.com.br\/models\/wp-json\/wp\/v2\/posts\/2006\/revisions\/2008"}],"wp:featuredmedia":[{"embeddable":true,"href":"https:\/\/markd.com.br\/models\/wp-json\/wp\/v2\/media\/2007"}],"wp:attachment":[{"href":"https:\/\/markd.com.br\/models\/wp-json\/wp\/v2\/media?parent=2006"}],"wp:term":[{"taxonomy":"category","embeddable":true,"href":"https:\/\/markd.com.br\/models\/wp-json\/wp\/v2\/categories?post=2006"},{"taxonomy":"post_tag","embeddable":true,"href":"https:\/\/markd.com.br\/models\/wp-json\/wp\/v2\/tags?post=2006"}],"curies":[{"name":"wp","href":"https:\/\/api.w.org\/{rel}","templated":true}]}}