{"id":2021,"date":"2022-04-25T15:15:40","date_gmt":"2022-04-25T18:15:40","guid":{"rendered":"https:\/\/portaldestaquenoticias.com.br\/?p=2021"},"modified":"2022-04-25T15:15:44","modified_gmt":"2022-04-25T18:15:44","slug":"mulher-argentina-e-encontrada-morta-com-sinais-de-facadas-em-buzios","status":"publish","type":"post","link":"https:\/\/markd.com.br\/models\/mulher-argentina-e-encontrada-morta-com-sinais-de-facadas-em-buzios\/","title":{"rendered":"Mulher argentina \u00e9 encontrada morta com sinais de facadas em B\u00fazios"},"content":{"rendered":"\n<p><\/p>\n\n\n\n<p>Uma mulher argentina foi encontrada morta com sinais de facadas na \u00faltima sexta-feira (22) em Arma\u00e7\u00e3o dos B\u00fazios, na Regi\u00e3o dos Lagos do Rio de Janeiro. Evangelina Mariel Trotta, 48, morava no Brasil havia quase 20 anos e era dona de uma empresa de aluguel de bugues.<\/p>\n\n\n\n<p>Segundo a Pol\u00edcia Civil, o principal suspeito do crime \u00e9 seu ex-companheiro, tamb\u00e9m argentino, com quem tinha tr\u00eas filhos adolescentes, de 18, 15 e 13 anos, e com quem terminou a rela\u00e7\u00e3o h\u00e1 mais de um ano. Seu nome n\u00e3o foi divulgado.<\/p>\n\n\n\n<p><br>\u201cA morte se deu possivelmente por objeto perfurocortante. O objeto n\u00e3o foi arrecadado. O laudo pericial melhor vai dizer sobre o objeto possivelmente utilizado e o n\u00famero de golpes desferidos\u201d, informou a corpora\u00e7\u00e3o neste s\u00e1bado (23).<\/p>\n\n\n\n<p><br>A Guarda Municipal da cidade disse que dois agentes faziam uma ronda de motocicleta quando, por volta das 12h, foram abordados por funcion\u00e1rios da empresa da v\u00edtima, entre os bairros de Jo\u00e3o Fernandes e Praia Brava.<\/p>\n\n\n\n<p><br>Eles contaram que tinham acabado de entrar na casa da v\u00edtima, que \u00e9 anexa ao estabelecimento, e encontraram a patroa deitada, com muito sangue em volta do corpo.<\/p>\n\n\n\n<p><br>Os guardas, ent\u00e3o, fizeram contato com o Corpo de Bombeiros, j\u00e1 que ainda n\u00e3o tinham certeza do \u00f3bito, e efetuaram uma varredura no local, porque o agressor ainda poderia estar escondido no im\u00f3vel. N\u00e3o encontraram ningu\u00e9m.<\/p>\n\n\n\n<p><br>Os bombeiros chegaram e confirmaram que a mulher j\u00e1 estava sem vida. Os agentes da Guarda Municipal isolaram o local, preservaram os pertences da v\u00edtima e impediram que seus filhos adolescentes vissem a cena. Depois, aguardaram a chegada da per\u00edcia.<\/p>\n\n\n\n<p><br>De acordo com um agente da Ronda Ostensiva Municipal Urbana (Romu), grupamento especial do \u00f3rg\u00e3o, um carro no nome de Evangelina Trotta teria sido rastreado circulando pela cidade por volta da meia-noite de quinta (21), o que poderia indicar que o agressor fugiu.<\/p>\n\n\n\n<p><br>A Pol\u00edcia Civil afirmou que investigadores da 127\u00aa delegacia, unidade da cidade, est\u00e3o colhendo depoimentos e analisando imagens de c\u00e2meras de seguran\u00e7a para entender a din\u00e2mica do evento.<\/p>\n\n\n\n<p>Fonte: Not\u00edcias as minuto<\/p>\n","protected":false},"excerpt":{"rendered":"<p>Uma mulher argentina foi encontrada morta com sinais de facadas na \u00faltima sexta-feira (22) em&#8230;<\/p>\n","protected":false},"author":5,"featured_media":2022,"comment_status":"open","ping_status":"open","sticky":false,"template":"","format":"standard","meta":{"footnotes":""},"categories":[34],"tags":[91,569,110],"class_list":["post-2021","post","type-post","status-publish","format-standard","has-post-thumbnail","hentry","category-musica","tag-assassinato","tag-mulher-argentina","tag-policia-civil"],"yoast_head":"<!-- This site is optimized with the Yoast SEO plugin v24.4 - https:\/\/yoast.com\/wordpress\/plugins\/seo\/ -->\n<title>Mulher argentina \u00e9 encontrada morta com sinais de facadas em B\u00fazios - Not\u00edcias de Todos - Models01<\/title>\n<meta name=\"robots\" content=\"index, follow, max-snippet:-1, max-image-preview:large, max-video-preview:-1\" \/>\n<link rel=\"canonical\" href=\"https:\/\/markd.com.br\/models\/mulher-argentina-e-encontrada-morta-com-sinais-de-facadas-em-buzios\/\" \/>\n<meta property=\"og:locale\" content=\"pt_BR\" \/>\n<meta property=\"og:type\" content=\"article\" \/>\n<meta property=\"og:title\" content=\"Mulher argentina \u00e9 encontrada morta com sinais de facadas em B\u00fazios - Not\u00edcias de Todos - Models01\" \/>\n<meta property=\"og:description\" content=\"Uma mulher argentina foi encontrada morta com sinais de facadas na \u00faltima sexta-feira (22) em...\" \/>\n<meta property=\"og:url\" content=\"https:\/\/markd.com.br\/models\/mulher-argentina-e-encontrada-morta-com-sinais-de-facadas-em-buzios\/\" \/>\n<meta property=\"og:site_name\" content=\"Not\u00edcias de Todos - Models01\" \/>\n<meta property=\"article:published_time\" content=\"2022-04-25T18:15:40+00:00\" \/>\n<meta property=\"article:modified_time\" content=\"2022-04-25T18:15:44+00:00\" \/>\n<meta property=\"og:image\" content=\"https:\/\/markd.com.br\/models\/wp-content\/uploads\/2022\/04\/naom_5bc68e29053b9.jpg\" \/>\n\t<meta property=\"og:image:width\" content=\"640\" \/>\n\t<meta property=\"og:image:height\" content=\"360\" \/>\n\t<meta property=\"og:image:type\" content=\"image\/jpeg\" \/>\n<meta name=\"author\" content=\"Reda\u00e7\u00e3o Reda\u00e7\u00e3o\" \/>\n<meta name=\"twitter:card\" content=\"summary_large_image\" \/>\n<meta name=\"twitter:label1\" content=\"Escrito por\" \/>\n\t<meta name=\"twitter:data1\" content=\"Reda\u00e7\u00e3o Reda\u00e7\u00e3o\" \/>\n\t<meta name=\"twitter:label2\" content=\"Est. tempo de leitura\" \/>\n\t<meta name=\"twitter:data2\" content=\"2 minutos\" \/>\n<script type=\"application\/ld+json\" class=\"yoast-schema-graph\">{\"@context\":\"https:\/\/schema.org\",\"@graph\":[{\"@type\":\"WebPage\",\"@id\":\"https:\/\/markd.com.br\/models\/mulher-argentina-e-encontrada-morta-com-sinais-de-facadas-em-buzios\/\",\"url\":\"https:\/\/markd.com.br\/models\/mulher-argentina-e-encontrada-morta-com-sinais-de-facadas-em-buzios\/\",\"name\":\"Mulher argentina \u00e9 encontrada morta com sinais de facadas em B\u00fazios - Not\u00edcias de Todos - Models01\",\"isPartOf\":{\"@id\":\"https:\/\/markd.com.br\/models\/#website\"},\"primaryImageOfPage\":{\"@id\":\"https:\/\/markd.com.br\/models\/mulher-argentina-e-encontrada-morta-com-sinais-de-facadas-em-buzios\/#primaryimage\"},\"image\":{\"@id\":\"https:\/\/markd.com.br\/models\/mulher-argentina-e-encontrada-morta-com-sinais-de-facadas-em-buzios\/#primaryimage\"},\"thumbnailUrl\":\"https:\/\/markd.com.br\/models\/wp-content\/uploads\/2022\/04\/naom_5bc68e29053b9.jpg\",\"datePublished\":\"2022-04-25T18:15:40+00:00\",\"dateModified\":\"2022-04-25T18:15:44+00:00\",\"author\":{\"@id\":\"https:\/\/markd.com.br\/models\/#\/schema\/person\/c12a77ab487a7262d8bec3c47301ad37\"},\"breadcrumb\":{\"@id\":\"https:\/\/markd.com.br\/models\/mulher-argentina-e-encontrada-morta-com-sinais-de-facadas-em-buzios\/#breadcrumb\"},\"inLanguage\":\"pt-BR\",\"potentialAction\":[{\"@type\":\"ReadAction\",\"target\":[\"https:\/\/markd.com.br\/models\/mulher-argentina-e-encontrada-morta-com-sinais-de-facadas-em-buzios\/\"]}]},{\"@type\":\"ImageObject\",\"inLanguage\":\"pt-BR\",\"@id\":\"https:\/\/markd.com.br\/models\/mulher-argentina-e-encontrada-morta-com-sinais-de-facadas-em-buzios\/#primaryimage\",\"url\":\"https:\/\/markd.com.br\/models\/wp-content\/uploads\/2022\/04\/naom_5bc68e29053b9.jpg\",\"contentUrl\":\"https:\/\/markd.com.br\/models\/wp-content\/uploads\/2022\/04\/naom_5bc68e29053b9.jpg\",\"width\":640,\"height\":360},{\"@type\":\"BreadcrumbList\",\"@id\":\"https:\/\/markd.com.br\/models\/mulher-argentina-e-encontrada-morta-com-sinais-de-facadas-em-buzios\/#breadcrumb\",\"itemListElement\":[{\"@type\":\"ListItem\",\"position\":1,\"name\":\"In\u00edcio\",\"item\":\"https:\/\/markd.com.br\/models\/\"},{\"@type\":\"ListItem\",\"position\":2,\"name\":\"Mulher argentina \u00e9 encontrada morta com sinais de facadas em B\u00fazios\"}]},{\"@type\":\"WebSite\",\"@id\":\"https:\/\/markd.com.br\/models\/#website\",\"url\":\"https:\/\/markd.com.br\/models\/\",\"name\":\"Not\u00edcias de Todos - Models01\",\"description\":\"Tenha um Portal de Not\u00edcias Moderno, Din\u00e2mico, R\u00e1pido e Profissional. Entregamos seu Site de  Not\u00edcias Pronto, Instalado, Hospedado, com Manual Passo a Passo e Suporte 24 horas.\",\"potentialAction\":[{\"@type\":\"SearchAction\",\"target\":{\"@type\":\"EntryPoint\",\"urlTemplate\":\"https:\/\/markd.com.br\/models\/?s={search_term_string}\"},\"query-input\":{\"@type\":\"PropertyValueSpecification\",\"valueRequired\":true,\"valueName\":\"search_term_string\"}}],\"inLanguage\":\"pt-BR\"},{\"@type\":\"Person\",\"@id\":\"https:\/\/markd.com.br\/models\/#\/schema\/person\/c12a77ab487a7262d8bec3c47301ad37\",\"name\":\"Reda\u00e7\u00e3o Reda\u00e7\u00e3o\",\"image\":{\"@type\":\"ImageObject\",\"inLanguage\":\"pt-BR\",\"@id\":\"https:\/\/markd.com.br\/models\/#\/schema\/person\/image\/\",\"url\":\"https:\/\/secure.gravatar.com\/avatar\/9448f3599ce269febf169e183039b4a6?s=96&d=mm&r=g\",\"contentUrl\":\"https:\/\/secure.gravatar.com\/avatar\/9448f3599ce269febf169e183039b4a6?s=96&d=mm&r=g\",\"caption\":\"Reda\u00e7\u00e3o Reda\u00e7\u00e3o\"},\"sameAs\":[\"https:\/\/markd.com.br\/\"],\"url\":\"https:\/\/markd.com.br\/models\/author\/redacao\/\"}]}<\/script>\n<!-- \/ Yoast SEO plugin. -->","yoast_head_json":{"title":"Mulher argentina \u00e9 encontrada morta com sinais de facadas em B\u00fazios - Not\u00edcias de Todos - Models01","robots":{"index":"index","follow":"follow","max-snippet":"max-snippet:-1","max-image-preview":"max-image-preview:large","max-video-preview":"max-video-preview:-1"},"canonical":"https:\/\/markd.com.br\/models\/mulher-argentina-e-encontrada-morta-com-sinais-de-facadas-em-buzios\/","og_locale":"pt_BR","og_type":"article","og_title":"Mulher argentina \u00e9 encontrada morta com sinais de facadas em B\u00fazios - Not\u00edcias de Todos - Models01","og_description":"Uma mulher argentina foi encontrada morta com sinais de facadas na \u00faltima sexta-feira (22) em...","og_url":"https:\/\/markd.com.br\/models\/mulher-argentina-e-encontrada-morta-com-sinais-de-facadas-em-buzios\/","og_site_name":"Not\u00edcias de Todos - Models01","article_published_time":"2022-04-25T18:15:40+00:00","article_modified_time":"2022-04-25T18:15:44+00:00","og_image":[{"width":640,"height":360,"url":"https:\/\/markd.com.br\/models\/wp-content\/uploads\/2022\/04\/naom_5bc68e29053b9.jpg","type":"image\/jpeg"}],"author":"Reda\u00e7\u00e3o Reda\u00e7\u00e3o","twitter_card":"summary_large_image","twitter_misc":{"Escrito por":"Reda\u00e7\u00e3o Reda\u00e7\u00e3o","Est. tempo de leitura":"2 minutos"},"schema":{"@context":"https:\/\/schema.org","@graph":[{"@type":"WebPage","@id":"https:\/\/markd.com.br\/models\/mulher-argentina-e-encontrada-morta-com-sinais-de-facadas-em-buzios\/","url":"https:\/\/markd.com.br\/models\/mulher-argentina-e-encontrada-morta-com-sinais-de-facadas-em-buzios\/","name":"Mulher argentina \u00e9 encontrada morta com sinais de facadas em B\u00fazios - Not\u00edcias de Todos - Models01","isPartOf":{"@id":"https:\/\/markd.com.br\/models\/#website"},"primaryImageOfPage":{"@id":"https:\/\/markd.com.br\/models\/mulher-argentina-e-encontrada-morta-com-sinais-de-facadas-em-buzios\/#primaryimage"},"image":{"@id":"https:\/\/markd.com.br\/models\/mulher-argentina-e-encontrada-morta-com-sinais-de-facadas-em-buzios\/#primaryimage"},"thumbnailUrl":"https:\/\/markd.com.br\/models\/wp-content\/uploads\/2022\/04\/naom_5bc68e29053b9.jpg","datePublished":"2022-04-25T18:15:40+00:00","dateModified":"2022-04-25T18:15:44+00:00","author":{"@id":"https:\/\/markd.com.br\/models\/#\/schema\/person\/c12a77ab487a7262d8bec3c47301ad37"},"breadcrumb":{"@id":"https:\/\/markd.com.br\/models\/mulher-argentina-e-encontrada-morta-com-sinais-de-facadas-em-buzios\/#breadcrumb"},"inLanguage":"pt-BR","potentialAction":[{"@type":"ReadAction","target":["https:\/\/markd.com.br\/models\/mulher-argentina-e-encontrada-morta-com-sinais-de-facadas-em-buzios\/"]}]},{"@type":"ImageObject","inLanguage":"pt-BR","@id":"https:\/\/markd.com.br\/models\/mulher-argentina-e-encontrada-morta-com-sinais-de-facadas-em-buzios\/#primaryimage","url":"https:\/\/markd.com.br\/models\/wp-content\/uploads\/2022\/04\/naom_5bc68e29053b9.jpg","contentUrl":"https:\/\/markd.com.br\/models\/wp-content\/uploads\/2022\/04\/naom_5bc68e29053b9.jpg","width":640,"height":360},{"@type":"BreadcrumbList","@id":"https:\/\/markd.com.br\/models\/mulher-argentina-e-encontrada-morta-com-sinais-de-facadas-em-buzios\/#breadcrumb","itemListElement":[{"@type":"ListItem","position":1,"name":"In\u00edcio","item":"https:\/\/markd.com.br\/models\/"},{"@type":"ListItem","position":2,"name":"Mulher argentina \u00e9 encontrada morta com sinais de facadas em B\u00fazios"}]},{"@type":"WebSite","@id":"https:\/\/markd.com.br\/models\/#website","url":"https:\/\/markd.com.br\/models\/","name":"Not\u00edcias de Todos - Models01","description":"Tenha um Portal de Not\u00edcias Moderno, Din\u00e2mico, R\u00e1pido e Profissional. Entregamos seu Site de  Not\u00edcias Pronto, Instalado, Hospedado, com Manual Passo a Passo e Suporte 24 horas.","potentialAction":[{"@type":"SearchAction","target":{"@type":"EntryPoint","urlTemplate":"https:\/\/markd.com.br\/models\/?s={search_term_string}"},"query-input":{"@type":"PropertyValueSpecification","valueRequired":true,"valueName":"search_term_string"}}],"inLanguage":"pt-BR"},{"@type":"Person","@id":"https:\/\/markd.com.br\/models\/#\/schema\/person\/c12a77ab487a7262d8bec3c47301ad37","name":"Reda\u00e7\u00e3o Reda\u00e7\u00e3o","image":{"@type":"ImageObject","inLanguage":"pt-BR","@id":"https:\/\/markd.com.br\/models\/#\/schema\/person\/image\/","url":"https:\/\/secure.gravatar.com\/avatar\/9448f3599ce269febf169e183039b4a6?s=96&d=mm&r=g","contentUrl":"https:\/\/secure.gravatar.com\/avatar\/9448f3599ce269febf169e183039b4a6?s=96&d=mm&r=g","caption":"Reda\u00e7\u00e3o Reda\u00e7\u00e3o"},"sameAs":["https:\/\/markd.com.br\/"],"url":"https:\/\/markd.com.br\/models\/author\/redacao\/"}]}},"featured_image_urls":{"full":["https:\/\/markd.com.br\/models\/wp-content\/uploads\/2022\/04\/naom_5bc68e29053b9.jpg",640,360,false],"thumbnail":["https:\/\/markd.com.br\/models\/wp-content\/uploads\/2022\/04\/naom_5bc68e29053b9-150x150.jpg",150,150,true],"medium":["https:\/\/markd.com.br\/models\/wp-content\/uploads\/2022\/04\/naom_5bc68e29053b9-300x169.jpg",300,169,true],"medium_large":["https:\/\/markd.com.br\/models\/wp-content\/uploads\/2022\/04\/naom_5bc68e29053b9.jpg",640,360,false],"large":["https:\/\/markd.com.br\/models\/wp-content\/uploads\/2022\/04\/naom_5bc68e29053b9.jpg",640,360,false],"1536x1536":["https:\/\/markd.com.br\/models\/wp-content\/uploads\/2022\/04\/naom_5bc68e29053b9.jpg",640,360,false],"2048x2048":["https:\/\/markd.com.br\/models\/wp-content\/uploads\/2022\/04\/naom_5bc68e29053b9.jpg",640,360,false],"newsphere-slider-full":["https:\/\/markd.com.br\/models\/wp-content\/uploads\/2022\/04\/naom_5bc68e29053b9.jpg",640,360,false],"newsphere-featured":["https:\/\/markd.com.br\/models\/wp-content\/uploads\/2022\/04\/naom_5bc68e29053b9.jpg",640,360,false],"newsphere-medium":["https:\/\/markd.com.br\/models\/wp-content\/uploads\/2022\/04\/naom_5bc68e29053b9.jpg",640,360,false]},"author_info":{"display_name":"Reda\u00e7\u00e3o Reda\u00e7\u00e3o","author_link":"https:\/\/markd.com.br\/models\/author\/redacao\/"},"category_info":"<a href=\"https:\/\/markd.com.br\/models\/category\/musica\/\" rel=\"category tag\">Pol\u00edcia<\/a>","tag_info":"Pol\u00edcia","comment_count":"0","jetpack_featured_media_url":"https:\/\/markd.com.br\/models\/wp-content\/uploads\/2022\/04\/naom_5bc68e29053b9.jpg","_links":{"self":[{"href":"https:\/\/markd.com.br\/models\/wp-json\/wp\/v2\/posts\/2021","targetHints":{"allow":["GET"]}}],"collection":[{"href":"https:\/\/markd.com.br\/models\/wp-json\/wp\/v2\/posts"}],"about":[{"href":"https:\/\/markd.com.br\/models\/wp-json\/wp\/v2\/types\/post"}],"author":[{"embeddable":true,"href":"https:\/\/markd.com.br\/models\/wp-json\/wp\/v2\/users\/5"}],"replies":[{"embeddable":true,"href":"https:\/\/markd.com.br\/models\/wp-json\/wp\/v2\/comments?post=2021"}],"version-history":[{"count":1,"href":"https:\/\/markd.com.br\/models\/wp-json\/wp\/v2\/posts\/2021\/revisions"}],"predecessor-version":[{"id":2023,"href":"https:\/\/markd.com.br\/models\/wp-json\/wp\/v2\/posts\/2021\/revisions\/2023"}],"wp:featuredmedia":[{"embeddable":true,"href":"https:\/\/markd.com.br\/models\/wp-json\/wp\/v2\/media\/2022"}],"wp:attachment":[{"href":"https:\/\/markd.com.br\/models\/wp-json\/wp\/v2\/media?parent=2021"}],"wp:term":[{"taxonomy":"category","embeddable":true,"href":"https:\/\/markd.com.br\/models\/wp-json\/wp\/v2\/categories?post=2021"},{"taxonomy":"post_tag","embeddable":true,"href":"https:\/\/markd.com.br\/models\/wp-json\/wp\/v2\/tags?post=2021"}],"curies":[{"name":"wp","href":"https:\/\/api.w.org\/{rel}","templated":true}]}}