{"id":2033,"date":"2022-04-25T15:37:06","date_gmt":"2022-04-25T18:37:06","guid":{"rendered":"https:\/\/portaldestaquenoticias.com.br\/?p=2033"},"modified":"2022-04-25T15:37:13","modified_gmt":"2022-04-25T18:37:13","slug":"governador-wilson-lima-entrega-o-caic-especialidades-do-bairro-novo-israel-na-zona-norte-de-manaus","status":"publish","type":"post","link":"https:\/\/markd.com.br\/models\/governador-wilson-lima-entrega-o-caic-especialidades-do-bairro-novo-israel-na-zona-norte-de-manaus\/","title":{"rendered":"Governador Wilson Lima entrega o Caic+ Especialidades do bairro Novo Israel, na zona norte de Manaus"},"content":{"rendered":"\n<p class=\"has-text-align-center has-vivid-cyan-blue-color has-text-color\"><strong><em>O Caic+ Dra. Maria Helena Freitas de G\u00f3es \u00e9 o terceiro reinaugurado este ano, com oferta de novas especialidades m\u00e9dicas<\/em><\/strong><\/p>\n\n\n\n<p><\/p>\n\n\n\n<p>O governador Wilson Lima entregou, nesta segunda-feira (25\/04), o Centro de Aten\u00e7\u00e3o Integral \u00e0 Crian\u00e7a e ao Adolescente (Caic+) Dra. Maria Helena Freitas de G\u00f3es, no bairro Novo Israel, zona norte de Manaus. A unidade \u00e9 a terceira do tipo reinaugurada em Manaus este ano, ap\u00f3s passar por revitaliza\u00e7\u00e3o e receber novas especialidades m\u00e9dicas.<\/p>\n\n\n\n<p>O novo perfil de atendimento Caic+ \u00e9 resultado de a\u00e7\u00f5es do projeto Crian\u00e7a Amazonas, que faz parte do programa Sa\u00fade Amazonas, lan\u00e7ado pelo governador Wilson Lima e executado pela Secretaria de Estado de Sa\u00fade (SES-AM).<\/p>\n\n\n\n<p>Wilson Lima destacou que os Caics + ampliam a faixa et\u00e1ria de atendimento, abrangendo adolescentes at\u00e9 17 anos, e ofertam um n\u00famero maior de especialidades e servi\u00e7os m\u00e9dicos.<\/p>\n\n\n\n<p>\u201cQuando a gente fala de Caic + n\u00e3o \u00e9 s\u00f3 o aumento de uma sala. N\u00e3o adiantava a gente entregar um pr\u00e9dio bonito e novo sem ampliar esse atendimento a essas crian\u00e7as e adolescentes. Quando a gente fala de Caic + a gente est\u00e1 falando de mais atendimentos, s\u00e3o cinco especialidades a mais, fora a telemedicina que ser\u00e1 oferecida por meio do Albert Einstein de S\u00e3o Paulo\u201d, destacou o governador.<\/p>\n\n\n\n<p>Com o Caic+, crian\u00e7as e adolescentes passam a contar com novas especialidades m\u00e9dicas, al\u00e9m da pediatria, como a neuropediatria, nutrologia, ortopedia, psiquiatria e infectologia.<\/p>\n\n\n\n<p>Por meio da implanta\u00e7\u00e3o do Programa de Apoio ao Desenvolvimento Institucional do Sistema \u00danico de Sa\u00fade (PROADI-SUS), o Caic+ Dra. Maria Helena Freitas de G\u00f3es tamb\u00e9m conta com atendimento em telemedicina nas especialidades de neuropediatria e psiquiatria pedi\u00e1trica, pela Sociedade Beneficente Israelita Brasileira Hospital Albert Einstein (SBIBHAE).<\/p>\n\n\n\n<p>A nova unidade oferta, ainda, servi\u00e7os de apoio diagn\u00f3stico em neurologia e cardiologia, triagem neonatal, odontologia, apoio terap\u00eautico em psicologia, enfermagem e farm\u00e1cia.<\/p>\n\n\n\n<p>\u201cAntes os Caics funcionavam basicamente com pediatria; n\u00f3s temos agora subespecialidades em todos os Caics+. \u00c9 muito importante para a comunidade porque tanto a crian\u00e7a quanto o adolescente conseguem ter o atendimento completo\u201d, disse o secret\u00e1rio da SES-AM, Anoar Samad.<\/p>\n\n\n\n<p>\u201cHoje a gente quer agradecer o governador por ter vindo aqui e ter reaberto o Caic que vai atender muitas crian\u00e7as que v\u00eam de outras comunidades, nossas crian\u00e7as necessitam desse espa\u00e7o\u201d, disse Dalva de Moraes, presidente do bairro Novo Israel.<\/p>\n\n\n\n<p>As reformas dos Caics s\u00e3o fruto da parceria entre a SES-AM, o Fundo de Promo\u00e7\u00e3o Social e Erradica\u00e7\u00e3o da Pobreza (FPS) e a Secretaria de Estado de Infraestrutura e Regi\u00e3o Metropolitana de Manaus (Seinfra), que executou os trabalhos. A revitaliza\u00e7\u00e3o do Caic+ do Novo Israel, incluindo a reforma e mobili\u00e1rio, contou com recursos do FPS no valor de R$ 633.196,31.<\/p>\n\n\n\n<p>Mais servi\u00e7os e atendimentos \u2013 Nos tr\u00eas primeiros meses de 2022, o governador Wilson Lima reinaugurou outras dois Caics, no novo formato.<\/p>\n\n\n\n<p>Em janeiro deste ano, foi reinaugurado o Caic+ Ana Braga, a primeira unidade deste tipo de atendimento totalmente revitalizada. Com a reestrutura\u00e7\u00e3o, os atendimentos foram de 803, em 2021, para 2.218, em janeiro de 2022, um aumento de 170%.<\/p>\n\n\n\n<p>Em mar\u00e7o, foi entregue o Caic+ Alberto Carreira, que supre uma demanda de atendimentos especializados e era muito esperado por moradores da regi\u00e3o. Cerca de 90 mil pessoas moram no bairro da Compensa, o quarto mais populoso de Manaus, na zona oeste da capital.<\/p>\n\n\n\n<p>Acesso \u2013 O agendamento de atendimentos no Caic+ Especialidades ocorre via Sistema Nacional de Regula\u00e7\u00e3o (Sisreg), seguindo crit\u00e9rios de prioridade e gravidade. O paciente, de 0 a 17 anos, realiza o atendimento em uma Unidade B\u00e1sica de Sa\u00fade (UBS) e recebe o encaminhamento para os servi\u00e7os do Caic+. O encaminhamento precisa ser inserido no Sisreg na unidade de sa\u00fade que solicitou o atendimento especializado.<\/p>\n\n\n\n<p>\u00c9 importante que pais e respons\u00e1veis das crian\u00e7as e adolescentes que necessitam dessa assist\u00eancia mantenham os dados do cadastro atualizados no Sistema \u00danico de Sa\u00fade (SUS), para receber informa\u00e7\u00f5es do status do seu procedimento, consulta ou exame.<\/p>\n\n\n\n<figure class=\"wp-block-image\"><img decoding=\"async\" src=\"https:\/\/sp-ao.shortpixel.ai\/client\/to_auto,q_glossy,ret_img,w_1024,h_682\/https:\/\/portalmancheteam.com.br\/wp-content\/uploads\/2022\/04\/86cd1655-75d6-469f-9a30-df22aaab199c-1024x682.jpg\" alt=\"\" class=\"wp-image-85355\"\/><\/figure>\n\n\n\n<p>Estiveram presentes na entrega do Caic+Dra. Maria Helena Freitas de G\u00f3es os deputados estaduais Jo\u00e3o Lu\u00eds e Tony Medeiros, al\u00e9m de secret\u00e1rios de estados e lideran\u00e7as comunit\u00e1rias.<\/p>\n\n\n\n<p>Fotos: T\u00e1cio Melo\/Secom<\/p>\n","protected":false},"excerpt":{"rendered":"<p>O Caic+ Dra. Maria Helena Freitas de G\u00f3es \u00e9 o terceiro reinaugurado este ano, com&#8230;<\/p>\n","protected":false},"author":5,"featured_media":2034,"comment_status":"open","ping_status":"open","sticky":false,"template":"","format":"standard","meta":{"footnotes":""},"categories":[51],"tags":[572,52,181,168],"class_list":["post-2033","post","type-post","status-publish","format-standard","has-post-thumbnail","hentry","category-governo-do-amazonas","tag-caic","tag-governo-do-amazonas","tag-seinfra","tag-ses-am"],"yoast_head":"<!-- This site is optimized with the Yoast SEO plugin v24.4 - https:\/\/yoast.com\/wordpress\/plugins\/seo\/ -->\n<title>Governador Wilson Lima entrega o Caic+ Especialidades do bairro Novo Israel, na zona norte de Manaus - Not\u00edcias de Todos - Models01<\/title>\n<meta name=\"robots\" content=\"index, follow, max-snippet:-1, max-image-preview:large, max-video-preview:-1\" \/>\n<link rel=\"canonical\" href=\"https:\/\/markd.com.br\/models\/governador-wilson-lima-entrega-o-caic-especialidades-do-bairro-novo-israel-na-zona-norte-de-manaus\/\" \/>\n<meta property=\"og:locale\" content=\"pt_BR\" \/>\n<meta property=\"og:type\" content=\"article\" \/>\n<meta property=\"og:title\" content=\"Governador Wilson Lima entrega o Caic+ Especialidades do bairro Novo Israel, na zona norte de Manaus - Not\u00edcias de Todos - Models01\" \/>\n<meta property=\"og:description\" content=\"O Caic+ Dra. Maria Helena Freitas de G\u00f3es \u00e9 o terceiro reinaugurado este ano, com...\" \/>\n<meta property=\"og:url\" content=\"https:\/\/markd.com.br\/models\/governador-wilson-lima-entrega-o-caic-especialidades-do-bairro-novo-israel-na-zona-norte-de-manaus\/\" \/>\n<meta property=\"og:site_name\" content=\"Not\u00edcias de Todos - Models01\" \/>\n<meta property=\"article:published_time\" content=\"2022-04-25T18:37:06+00:00\" \/>\n<meta property=\"article:modified_time\" content=\"2022-04-25T18:37:13+00:00\" \/>\n<meta property=\"og:image\" content=\"https:\/\/markd.com.br\/models\/wp-content\/uploads\/2022\/04\/6ed7faf2-1c73-479c-9656-a45fafcbb9a8.jpg\" \/>\n\t<meta property=\"og:image:width\" content=\"650\" \/>\n\t<meta property=\"og:image:height\" content=\"433\" \/>\n\t<meta property=\"og:image:type\" content=\"image\/jpeg\" \/>\n<meta name=\"author\" content=\"Reda\u00e7\u00e3o Reda\u00e7\u00e3o\" \/>\n<meta name=\"twitter:card\" content=\"summary_large_image\" \/>\n<meta name=\"twitter:label1\" content=\"Escrito por\" \/>\n\t<meta name=\"twitter:data1\" content=\"Reda\u00e7\u00e3o Reda\u00e7\u00e3o\" \/>\n\t<meta name=\"twitter:label2\" content=\"Est. tempo de leitura\" \/>\n\t<meta name=\"twitter:data2\" content=\"4 minutos\" \/>\n<script type=\"application\/ld+json\" class=\"yoast-schema-graph\">{\"@context\":\"https:\/\/schema.org\",\"@graph\":[{\"@type\":\"WebPage\",\"@id\":\"https:\/\/markd.com.br\/models\/governador-wilson-lima-entrega-o-caic-especialidades-do-bairro-novo-israel-na-zona-norte-de-manaus\/\",\"url\":\"https:\/\/markd.com.br\/models\/governador-wilson-lima-entrega-o-caic-especialidades-do-bairro-novo-israel-na-zona-norte-de-manaus\/\",\"name\":\"Governador Wilson Lima entrega o Caic+ Especialidades do bairro Novo Israel, na zona norte de Manaus - Not\u00edcias de Todos - Models01\",\"isPartOf\":{\"@id\":\"https:\/\/markd.com.br\/models\/#website\"},\"primaryImageOfPage\":{\"@id\":\"https:\/\/markd.com.br\/models\/governador-wilson-lima-entrega-o-caic-especialidades-do-bairro-novo-israel-na-zona-norte-de-manaus\/#primaryimage\"},\"image\":{\"@id\":\"https:\/\/markd.com.br\/models\/governador-wilson-lima-entrega-o-caic-especialidades-do-bairro-novo-israel-na-zona-norte-de-manaus\/#primaryimage\"},\"thumbnailUrl\":\"https:\/\/markd.com.br\/models\/wp-content\/uploads\/2022\/04\/6ed7faf2-1c73-479c-9656-a45fafcbb9a8.jpg\",\"datePublished\":\"2022-04-25T18:37:06+00:00\",\"dateModified\":\"2022-04-25T18:37:13+00:00\",\"author\":{\"@id\":\"https:\/\/markd.com.br\/models\/#\/schema\/person\/c12a77ab487a7262d8bec3c47301ad37\"},\"breadcrumb\":{\"@id\":\"https:\/\/markd.com.br\/models\/governador-wilson-lima-entrega-o-caic-especialidades-do-bairro-novo-israel-na-zona-norte-de-manaus\/#breadcrumb\"},\"inLanguage\":\"pt-BR\",\"potentialAction\":[{\"@type\":\"ReadAction\",\"target\":[\"https:\/\/markd.com.br\/models\/governador-wilson-lima-entrega-o-caic-especialidades-do-bairro-novo-israel-na-zona-norte-de-manaus\/\"]}]},{\"@type\":\"ImageObject\",\"inLanguage\":\"pt-BR\",\"@id\":\"https:\/\/markd.com.br\/models\/governador-wilson-lima-entrega-o-caic-especialidades-do-bairro-novo-israel-na-zona-norte-de-manaus\/#primaryimage\",\"url\":\"https:\/\/markd.com.br\/models\/wp-content\/uploads\/2022\/04\/6ed7faf2-1c73-479c-9656-a45fafcbb9a8.jpg\",\"contentUrl\":\"https:\/\/markd.com.br\/models\/wp-content\/uploads\/2022\/04\/6ed7faf2-1c73-479c-9656-a45fafcbb9a8.jpg\",\"width\":650,\"height\":433},{\"@type\":\"BreadcrumbList\",\"@id\":\"https:\/\/markd.com.br\/models\/governador-wilson-lima-entrega-o-caic-especialidades-do-bairro-novo-israel-na-zona-norte-de-manaus\/#breadcrumb\",\"itemListElement\":[{\"@type\":\"ListItem\",\"position\":1,\"name\":\"In\u00edcio\",\"item\":\"https:\/\/markd.com.br\/models\/\"},{\"@type\":\"ListItem\",\"position\":2,\"name\":\"Governador Wilson Lima entrega o Caic+ Especialidades do bairro Novo Israel, na zona norte de Manaus\"}]},{\"@type\":\"WebSite\",\"@id\":\"https:\/\/markd.com.br\/models\/#website\",\"url\":\"https:\/\/markd.com.br\/models\/\",\"name\":\"Not\u00edcias de Todos - Models01\",\"description\":\"Tenha um Portal de Not\u00edcias Moderno, Din\u00e2mico, R\u00e1pido e Profissional. Entregamos seu Site de  Not\u00edcias Pronto, Instalado, Hospedado, com Manual Passo a Passo e Suporte 24 horas.\",\"potentialAction\":[{\"@type\":\"SearchAction\",\"target\":{\"@type\":\"EntryPoint\",\"urlTemplate\":\"https:\/\/markd.com.br\/models\/?s={search_term_string}\"},\"query-input\":{\"@type\":\"PropertyValueSpecification\",\"valueRequired\":true,\"valueName\":\"search_term_string\"}}],\"inLanguage\":\"pt-BR\"},{\"@type\":\"Person\",\"@id\":\"https:\/\/markd.com.br\/models\/#\/schema\/person\/c12a77ab487a7262d8bec3c47301ad37\",\"name\":\"Reda\u00e7\u00e3o Reda\u00e7\u00e3o\",\"image\":{\"@type\":\"ImageObject\",\"inLanguage\":\"pt-BR\",\"@id\":\"https:\/\/markd.com.br\/models\/#\/schema\/person\/image\/\",\"url\":\"https:\/\/secure.gravatar.com\/avatar\/9448f3599ce269febf169e183039b4a6?s=96&d=mm&r=g\",\"contentUrl\":\"https:\/\/secure.gravatar.com\/avatar\/9448f3599ce269febf169e183039b4a6?s=96&d=mm&r=g\",\"caption\":\"Reda\u00e7\u00e3o Reda\u00e7\u00e3o\"},\"sameAs\":[\"https:\/\/markd.com.br\/\"],\"url\":\"https:\/\/markd.com.br\/models\/author\/redacao\/\"}]}<\/script>\n<!-- \/ Yoast SEO plugin. -->","yoast_head_json":{"title":"Governador Wilson Lima entrega o Caic+ Especialidades do bairro Novo Israel, na zona norte de Manaus - Not\u00edcias de Todos - Models01","robots":{"index":"index","follow":"follow","max-snippet":"max-snippet:-1","max-image-preview":"max-image-preview:large","max-video-preview":"max-video-preview:-1"},"canonical":"https:\/\/markd.com.br\/models\/governador-wilson-lima-entrega-o-caic-especialidades-do-bairro-novo-israel-na-zona-norte-de-manaus\/","og_locale":"pt_BR","og_type":"article","og_title":"Governador Wilson Lima entrega o Caic+ Especialidades do bairro Novo Israel, na zona norte de Manaus - Not\u00edcias de Todos - Models01","og_description":"O Caic+ Dra. Maria Helena Freitas de G\u00f3es \u00e9 o terceiro reinaugurado este ano, com...","og_url":"https:\/\/markd.com.br\/models\/governador-wilson-lima-entrega-o-caic-especialidades-do-bairro-novo-israel-na-zona-norte-de-manaus\/","og_site_name":"Not\u00edcias de Todos - Models01","article_published_time":"2022-04-25T18:37:06+00:00","article_modified_time":"2022-04-25T18:37:13+00:00","og_image":[{"width":650,"height":433,"url":"https:\/\/markd.com.br\/models\/wp-content\/uploads\/2022\/04\/6ed7faf2-1c73-479c-9656-a45fafcbb9a8.jpg","type":"image\/jpeg"}],"author":"Reda\u00e7\u00e3o Reda\u00e7\u00e3o","twitter_card":"summary_large_image","twitter_misc":{"Escrito por":"Reda\u00e7\u00e3o Reda\u00e7\u00e3o","Est. tempo de leitura":"4 minutos"},"schema":{"@context":"https:\/\/schema.org","@graph":[{"@type":"WebPage","@id":"https:\/\/markd.com.br\/models\/governador-wilson-lima-entrega-o-caic-especialidades-do-bairro-novo-israel-na-zona-norte-de-manaus\/","url":"https:\/\/markd.com.br\/models\/governador-wilson-lima-entrega-o-caic-especialidades-do-bairro-novo-israel-na-zona-norte-de-manaus\/","name":"Governador Wilson Lima entrega o Caic+ Especialidades do bairro Novo Israel, na zona norte de Manaus - Not\u00edcias de Todos - Models01","isPartOf":{"@id":"https:\/\/markd.com.br\/models\/#website"},"primaryImageOfPage":{"@id":"https:\/\/markd.com.br\/models\/governador-wilson-lima-entrega-o-caic-especialidades-do-bairro-novo-israel-na-zona-norte-de-manaus\/#primaryimage"},"image":{"@id":"https:\/\/markd.com.br\/models\/governador-wilson-lima-entrega-o-caic-especialidades-do-bairro-novo-israel-na-zona-norte-de-manaus\/#primaryimage"},"thumbnailUrl":"https:\/\/markd.com.br\/models\/wp-content\/uploads\/2022\/04\/6ed7faf2-1c73-479c-9656-a45fafcbb9a8.jpg","datePublished":"2022-04-25T18:37:06+00:00","dateModified":"2022-04-25T18:37:13+00:00","author":{"@id":"https:\/\/markd.com.br\/models\/#\/schema\/person\/c12a77ab487a7262d8bec3c47301ad37"},"breadcrumb":{"@id":"https:\/\/markd.com.br\/models\/governador-wilson-lima-entrega-o-caic-especialidades-do-bairro-novo-israel-na-zona-norte-de-manaus\/#breadcrumb"},"inLanguage":"pt-BR","potentialAction":[{"@type":"ReadAction","target":["https:\/\/markd.com.br\/models\/governador-wilson-lima-entrega-o-caic-especialidades-do-bairro-novo-israel-na-zona-norte-de-manaus\/"]}]},{"@type":"ImageObject","inLanguage":"pt-BR","@id":"https:\/\/markd.com.br\/models\/governador-wilson-lima-entrega-o-caic-especialidades-do-bairro-novo-israel-na-zona-norte-de-manaus\/#primaryimage","url":"https:\/\/markd.com.br\/models\/wp-content\/uploads\/2022\/04\/6ed7faf2-1c73-479c-9656-a45fafcbb9a8.jpg","contentUrl":"https:\/\/markd.com.br\/models\/wp-content\/uploads\/2022\/04\/6ed7faf2-1c73-479c-9656-a45fafcbb9a8.jpg","width":650,"height":433},{"@type":"BreadcrumbList","@id":"https:\/\/markd.com.br\/models\/governador-wilson-lima-entrega-o-caic-especialidades-do-bairro-novo-israel-na-zona-norte-de-manaus\/#breadcrumb","itemListElement":[{"@type":"ListItem","position":1,"name":"In\u00edcio","item":"https:\/\/markd.com.br\/models\/"},{"@type":"ListItem","position":2,"name":"Governador Wilson Lima entrega o Caic+ Especialidades do bairro Novo Israel, na zona norte de Manaus"}]},{"@type":"WebSite","@id":"https:\/\/markd.com.br\/models\/#website","url":"https:\/\/markd.com.br\/models\/","name":"Not\u00edcias de Todos - Models01","description":"Tenha um Portal de Not\u00edcias Moderno, Din\u00e2mico, R\u00e1pido e Profissional. Entregamos seu Site de  Not\u00edcias Pronto, Instalado, Hospedado, com Manual Passo a Passo e Suporte 24 horas.","potentialAction":[{"@type":"SearchAction","target":{"@type":"EntryPoint","urlTemplate":"https:\/\/markd.com.br\/models\/?s={search_term_string}"},"query-input":{"@type":"PropertyValueSpecification","valueRequired":true,"valueName":"search_term_string"}}],"inLanguage":"pt-BR"},{"@type":"Person","@id":"https:\/\/markd.com.br\/models\/#\/schema\/person\/c12a77ab487a7262d8bec3c47301ad37","name":"Reda\u00e7\u00e3o Reda\u00e7\u00e3o","image":{"@type":"ImageObject","inLanguage":"pt-BR","@id":"https:\/\/markd.com.br\/models\/#\/schema\/person\/image\/","url":"https:\/\/secure.gravatar.com\/avatar\/9448f3599ce269febf169e183039b4a6?s=96&d=mm&r=g","contentUrl":"https:\/\/secure.gravatar.com\/avatar\/9448f3599ce269febf169e183039b4a6?s=96&d=mm&r=g","caption":"Reda\u00e7\u00e3o Reda\u00e7\u00e3o"},"sameAs":["https:\/\/markd.com.br\/"],"url":"https:\/\/markd.com.br\/models\/author\/redacao\/"}]}},"featured_image_urls":{"full":["https:\/\/markd.com.br\/models\/wp-content\/uploads\/2022\/04\/6ed7faf2-1c73-479c-9656-a45fafcbb9a8.jpg",650,433,false],"thumbnail":["https:\/\/markd.com.br\/models\/wp-content\/uploads\/2022\/04\/6ed7faf2-1c73-479c-9656-a45fafcbb9a8-150x150.jpg",150,150,true],"medium":["https:\/\/markd.com.br\/models\/wp-content\/uploads\/2022\/04\/6ed7faf2-1c73-479c-9656-a45fafcbb9a8-300x200.jpg",300,200,true],"medium_large":["https:\/\/markd.com.br\/models\/wp-content\/uploads\/2022\/04\/6ed7faf2-1c73-479c-9656-a45fafcbb9a8.jpg",640,426,false],"large":["https:\/\/markd.com.br\/models\/wp-content\/uploads\/2022\/04\/6ed7faf2-1c73-479c-9656-a45fafcbb9a8.jpg",640,426,false],"1536x1536":["https:\/\/markd.com.br\/models\/wp-content\/uploads\/2022\/04\/6ed7faf2-1c73-479c-9656-a45fafcbb9a8.jpg",650,433,false],"2048x2048":["https:\/\/markd.com.br\/models\/wp-content\/uploads\/2022\/04\/6ed7faf2-1c73-479c-9656-a45fafcbb9a8.jpg",650,433,false],"newsphere-slider-full":["https:\/\/markd.com.br\/models\/wp-content\/uploads\/2022\/04\/6ed7faf2-1c73-479c-9656-a45fafcbb9a8.jpg",650,433,false],"newsphere-featured":["https:\/\/markd.com.br\/models\/wp-content\/uploads\/2022\/04\/6ed7faf2-1c73-479c-9656-a45fafcbb9a8.jpg",650,433,false],"newsphere-medium":["https:\/\/markd.com.br\/models\/wp-content\/uploads\/2022\/04\/6ed7faf2-1c73-479c-9656-a45fafcbb9a8-650x380.jpg",650,380,true]},"author_info":{"display_name":"Reda\u00e7\u00e3o Reda\u00e7\u00e3o","author_link":"https:\/\/markd.com.br\/models\/author\/redacao\/"},"category_info":"<a href=\"https:\/\/markd.com.br\/models\/category\/governo-do-amazonas\/\" rel=\"category tag\">Governo do amazonas<\/a>","tag_info":"Governo do amazonas","comment_count":"0","jetpack_featured_media_url":"https:\/\/markd.com.br\/models\/wp-content\/uploads\/2022\/04\/6ed7faf2-1c73-479c-9656-a45fafcbb9a8.jpg","_links":{"self":[{"href":"https:\/\/markd.com.br\/models\/wp-json\/wp\/v2\/posts\/2033","targetHints":{"allow":["GET"]}}],"collection":[{"href":"https:\/\/markd.com.br\/models\/wp-json\/wp\/v2\/posts"}],"about":[{"href":"https:\/\/markd.com.br\/models\/wp-json\/wp\/v2\/types\/post"}],"author":[{"embeddable":true,"href":"https:\/\/markd.com.br\/models\/wp-json\/wp\/v2\/users\/5"}],"replies":[{"embeddable":true,"href":"https:\/\/markd.com.br\/models\/wp-json\/wp\/v2\/comments?post=2033"}],"version-history":[{"count":1,"href":"https:\/\/markd.com.br\/models\/wp-json\/wp\/v2\/posts\/2033\/revisions"}],"predecessor-version":[{"id":2035,"href":"https:\/\/markd.com.br\/models\/wp-json\/wp\/v2\/posts\/2033\/revisions\/2035"}],"wp:featuredmedia":[{"embeddable":true,"href":"https:\/\/markd.com.br\/models\/wp-json\/wp\/v2\/media\/2034"}],"wp:attachment":[{"href":"https:\/\/markd.com.br\/models\/wp-json\/wp\/v2\/media?parent=2033"}],"wp:term":[{"taxonomy":"category","embeddable":true,"href":"https:\/\/markd.com.br\/models\/wp-json\/wp\/v2\/categories?post=2033"},{"taxonomy":"post_tag","embeddable":true,"href":"https:\/\/markd.com.br\/models\/wp-json\/wp\/v2\/tags?post=2033"}],"curies":[{"name":"wp","href":"https:\/\/api.w.org\/{rel}","templated":true}]}}