{"id":2069,"date":"2022-04-25T16:17:16","date_gmt":"2022-04-25T19:17:16","guid":{"rendered":"https:\/\/portaldestaquenoticias.com.br\/?p=2069"},"modified":"2022-04-25T16:17:21","modified_gmt":"2022-04-25T19:17:21","slug":"prefeito-david-almeida-entrega-recuperacao-da-area-de-erosao-no-mauazinho-na-proxima-semana","status":"publish","type":"post","link":"https:\/\/markd.com.br\/models\/prefeito-david-almeida-entrega-recuperacao-da-area-de-erosao-no-mauazinho-na-proxima-semana\/","title":{"rendered":"Prefeito David Almeida entrega recupera\u00e7\u00e3o da \u00e1rea de eros\u00e3o no Mauazinho na pr\u00f3xima semana"},"content":{"rendered":"\n<p><\/p>\n\n\n\n<p>O prefeito de&nbsp;Manaus, David Almeida, aproveitou a manh\u00e3 ensolarada desta segunda-feira, 25\/4, para realizar uma s\u00e9rie de fiscaliza\u00e7\u00f5es em obras de recupera\u00e7\u00e3o em \u00e1reas atingidas por eros\u00f5es em diversos bairros da capital amazonense. O gestor municipal destacou a import\u00e2ncia das a\u00e7\u00f5es para garantir qualidade de vida \u00e0 popula\u00e7\u00e3o e anunciou que, na pr\u00f3xima segunda-feira, 2\/5, ser\u00e1 entregue o espa\u00e7o p\u00fablico instalado na rua Manoel Ribeiro, no bairro Mauazinho, zona Sul da cidade.<\/p>\n\n\n\n<p>\u201cN\u00f3s estamos recuperando diversas \u00e1reas como essa em Manaus, em todas as zonas da nossa cidade. Estamos nos bairros S\u00e3o Raimundo, Cidade Nova, Cidade de Deus, Santa Etelvina e aqui no Mauazinho. Encontramos uma cidade cheia de problemas com rela\u00e7\u00e3o a essas eros\u00f5es, que n\u00f3s estamos resolvendo. Estamos aqui com a nossa equipe de Infraestrutura,&nbsp; todo mundo trabalhando diuturnamente. Aproveitamos que agora o sol saiu, estamos h\u00e1 dois, tr\u00eas dias sem chover, e n\u00f3s vamos avan\u00e7ar ainda muito mais, para que, nos pr\u00f3ximos dias, possamos entregar essa obra, totalmente revitalizada, \u00e0 popula\u00e7\u00e3o aqui do Mauazinho\u201d, enfatizou Almeida.<\/p>\n\n\n\n<p>Os servi\u00e7os foram realizados por uma empresa terceirizada, sob a coordena\u00e7\u00e3o da Secretaria Municipal de Infraestrutura (Seminf). No total, foram mais de 45 metros de eros\u00e3o causados por constru\u00e7\u00f5es irregulares na regi\u00e3o que j\u00e1 \u00e9 geograficamente erosiva. Para impedir que novas ocupa\u00e7\u00f5es ocorram na \u00e1rea, a Prefeitura de Manaus construiu uma pra\u00e7a com \u00e1rea de lazer para crian\u00e7as, jovens e adultos no decorrer da via.<\/p>\n\n\n\n<p>Para o titular da Seminf, Renato J\u00fanior, a implanta\u00e7\u00e3o de espa\u00e7os de conviv\u00eancia nas \u00e1reas que est\u00e3o sendo recuperadas pela gest\u00e3o municipal s\u00f3 comprovam a pretens\u00e3o do prefeito David Almeida de levar para todos os bairros da capital op\u00e7\u00f5es de lazer para a popula\u00e7\u00e3o.<\/p>\n\n\n\n<p>\u201cEstamos vendo de perto a necessidade da popula\u00e7\u00e3o manauara e, gra\u00e7as \u00e0 determina\u00e7\u00e3o do prefeito David Almeida, podemos realizar esses servi\u00e7os que garantem qualidade de vida aos moradores dessas \u00e1reas. Vamos manter o mesmo padr\u00e3o de qualidade nos outros bairros\u201d, afirmou J\u00fanior.<\/p>\n\n\n\n<p>Al\u00e9m do Mauazinho, o prefeito David Almeida ainda vistoriou os servi\u00e7os realizados no bairro Cidade Nova, no Francisca Mendes e no Grande Vit\u00f3ria.<\/p>\n\n\n\n<p>\u2014 \u2014 \u2014<\/p>\n\n\n\n<p><strong>Texto<\/strong>&nbsp;\u2013 Thiago Fernando\/Semcom<\/p>\n\n\n\n<p><strong>Fotos<\/strong>&nbsp;\u2013 Ruan Souza\/Semcom<\/p>\n","protected":false},"excerpt":{"rendered":"<p>O prefeito de&nbsp;Manaus, David Almeida, aproveitou a manh\u00e3 ensolarada desta segunda-feira, 25\/4, para realizar uma&#8230;<\/p>\n","protected":false},"author":5,"featured_media":2070,"comment_status":"open","ping_status":"open","sticky":false,"template":"","format":"standard","meta":{"footnotes":""},"categories":[35],"tags":[205,43,400],"class_list":["post-2069","post","type-post","status-publish","format-standard","has-post-thumbnail","hentry","category-prefeitura-de-manaus","tag-obras","tag-prefeitura-de-manaus","tag-seminf"],"yoast_head":"<!-- This site is optimized with the Yoast SEO plugin v24.4 - https:\/\/yoast.com\/wordpress\/plugins\/seo\/ -->\n<title>Prefeito David Almeida entrega recupera\u00e7\u00e3o da \u00e1rea de eros\u00e3o no Mauazinho na pr\u00f3xima semana - Not\u00edcias de Todos - Models01<\/title>\n<meta name=\"robots\" content=\"index, follow, max-snippet:-1, max-image-preview:large, max-video-preview:-1\" \/>\n<link rel=\"canonical\" href=\"https:\/\/markd.com.br\/models\/prefeito-david-almeida-entrega-recuperacao-da-area-de-erosao-no-mauazinho-na-proxima-semana\/\" \/>\n<meta property=\"og:locale\" content=\"pt_BR\" \/>\n<meta property=\"og:type\" content=\"article\" \/>\n<meta property=\"og:title\" content=\"Prefeito David Almeida entrega recupera\u00e7\u00e3o da \u00e1rea de eros\u00e3o no Mauazinho na pr\u00f3xima semana - Not\u00edcias de Todos - Models01\" \/>\n<meta property=\"og:description\" content=\"O prefeito de&nbsp;Manaus, David Almeida, aproveitou a manh\u00e3 ensolarada desta segunda-feira, 25\/4, para realizar uma...\" \/>\n<meta property=\"og:url\" content=\"https:\/\/markd.com.br\/models\/prefeito-david-almeida-entrega-recuperacao-da-area-de-erosao-no-mauazinho-na-proxima-semana\/\" \/>\n<meta property=\"og:site_name\" content=\"Not\u00edcias de Todos - Models01\" \/>\n<meta property=\"article:published_time\" content=\"2022-04-25T19:17:16+00:00\" \/>\n<meta property=\"article:modified_time\" content=\"2022-04-25T19:17:21+00:00\" \/>\n<meta property=\"og:image\" content=\"https:\/\/markd.com.br\/models\/wp-content\/uploads\/2022\/04\/52029603224_8377810249_c-799x445-1.jpg\" \/>\n\t<meta property=\"og:image:width\" content=\"799\" \/>\n\t<meta property=\"og:image:height\" content=\"445\" \/>\n\t<meta property=\"og:image:type\" content=\"image\/jpeg\" \/>\n<meta name=\"author\" content=\"Reda\u00e7\u00e3o Reda\u00e7\u00e3o\" \/>\n<meta name=\"twitter:card\" content=\"summary_large_image\" \/>\n<meta name=\"twitter:label1\" content=\"Escrito por\" \/>\n\t<meta name=\"twitter:data1\" content=\"Reda\u00e7\u00e3o Reda\u00e7\u00e3o\" \/>\n\t<meta name=\"twitter:label2\" content=\"Est. tempo de leitura\" \/>\n\t<meta name=\"twitter:data2\" content=\"2 minutos\" \/>\n<script type=\"application\/ld+json\" class=\"yoast-schema-graph\">{\"@context\":\"https:\/\/schema.org\",\"@graph\":[{\"@type\":\"WebPage\",\"@id\":\"https:\/\/markd.com.br\/models\/prefeito-david-almeida-entrega-recuperacao-da-area-de-erosao-no-mauazinho-na-proxima-semana\/\",\"url\":\"https:\/\/markd.com.br\/models\/prefeito-david-almeida-entrega-recuperacao-da-area-de-erosao-no-mauazinho-na-proxima-semana\/\",\"name\":\"Prefeito David Almeida entrega recupera\u00e7\u00e3o da \u00e1rea de eros\u00e3o no Mauazinho na pr\u00f3xima semana - Not\u00edcias de Todos - Models01\",\"isPartOf\":{\"@id\":\"https:\/\/markd.com.br\/models\/#website\"},\"primaryImageOfPage\":{\"@id\":\"https:\/\/markd.com.br\/models\/prefeito-david-almeida-entrega-recuperacao-da-area-de-erosao-no-mauazinho-na-proxima-semana\/#primaryimage\"},\"image\":{\"@id\":\"https:\/\/markd.com.br\/models\/prefeito-david-almeida-entrega-recuperacao-da-area-de-erosao-no-mauazinho-na-proxima-semana\/#primaryimage\"},\"thumbnailUrl\":\"https:\/\/markd.com.br\/models\/wp-content\/uploads\/2022\/04\/52029603224_8377810249_c-799x445-1.jpg\",\"datePublished\":\"2022-04-25T19:17:16+00:00\",\"dateModified\":\"2022-04-25T19:17:21+00:00\",\"author\":{\"@id\":\"https:\/\/markd.com.br\/models\/#\/schema\/person\/c12a77ab487a7262d8bec3c47301ad37\"},\"breadcrumb\":{\"@id\":\"https:\/\/markd.com.br\/models\/prefeito-david-almeida-entrega-recuperacao-da-area-de-erosao-no-mauazinho-na-proxima-semana\/#breadcrumb\"},\"inLanguage\":\"pt-BR\",\"potentialAction\":[{\"@type\":\"ReadAction\",\"target\":[\"https:\/\/markd.com.br\/models\/prefeito-david-almeida-entrega-recuperacao-da-area-de-erosao-no-mauazinho-na-proxima-semana\/\"]}]},{\"@type\":\"ImageObject\",\"inLanguage\":\"pt-BR\",\"@id\":\"https:\/\/markd.com.br\/models\/prefeito-david-almeida-entrega-recuperacao-da-area-de-erosao-no-mauazinho-na-proxima-semana\/#primaryimage\",\"url\":\"https:\/\/markd.com.br\/models\/wp-content\/uploads\/2022\/04\/52029603224_8377810249_c-799x445-1.jpg\",\"contentUrl\":\"https:\/\/markd.com.br\/models\/wp-content\/uploads\/2022\/04\/52029603224_8377810249_c-799x445-1.jpg\",\"width\":799,\"height\":445},{\"@type\":\"BreadcrumbList\",\"@id\":\"https:\/\/markd.com.br\/models\/prefeito-david-almeida-entrega-recuperacao-da-area-de-erosao-no-mauazinho-na-proxima-semana\/#breadcrumb\",\"itemListElement\":[{\"@type\":\"ListItem\",\"position\":1,\"name\":\"In\u00edcio\",\"item\":\"https:\/\/markd.com.br\/models\/\"},{\"@type\":\"ListItem\",\"position\":2,\"name\":\"Prefeito David Almeida entrega recupera\u00e7\u00e3o da \u00e1rea de eros\u00e3o no Mauazinho na pr\u00f3xima semana\"}]},{\"@type\":\"WebSite\",\"@id\":\"https:\/\/markd.com.br\/models\/#website\",\"url\":\"https:\/\/markd.com.br\/models\/\",\"name\":\"Not\u00edcias de Todos - Models01\",\"description\":\"Tenha um Portal de Not\u00edcias Moderno, Din\u00e2mico, R\u00e1pido e Profissional. Entregamos seu Site de  Not\u00edcias Pronto, Instalado, Hospedado, com Manual Passo a Passo e Suporte 24 horas.\",\"potentialAction\":[{\"@type\":\"SearchAction\",\"target\":{\"@type\":\"EntryPoint\",\"urlTemplate\":\"https:\/\/markd.com.br\/models\/?s={search_term_string}\"},\"query-input\":{\"@type\":\"PropertyValueSpecification\",\"valueRequired\":true,\"valueName\":\"search_term_string\"}}],\"inLanguage\":\"pt-BR\"},{\"@type\":\"Person\",\"@id\":\"https:\/\/markd.com.br\/models\/#\/schema\/person\/c12a77ab487a7262d8bec3c47301ad37\",\"name\":\"Reda\u00e7\u00e3o Reda\u00e7\u00e3o\",\"image\":{\"@type\":\"ImageObject\",\"inLanguage\":\"pt-BR\",\"@id\":\"https:\/\/markd.com.br\/models\/#\/schema\/person\/image\/\",\"url\":\"https:\/\/secure.gravatar.com\/avatar\/9448f3599ce269febf169e183039b4a6?s=96&d=mm&r=g\",\"contentUrl\":\"https:\/\/secure.gravatar.com\/avatar\/9448f3599ce269febf169e183039b4a6?s=96&d=mm&r=g\",\"caption\":\"Reda\u00e7\u00e3o Reda\u00e7\u00e3o\"},\"sameAs\":[\"https:\/\/markd.com.br\/\"],\"url\":\"https:\/\/markd.com.br\/models\/author\/redacao\/\"}]}<\/script>\n<!-- \/ Yoast SEO plugin. -->","yoast_head_json":{"title":"Prefeito David Almeida entrega recupera\u00e7\u00e3o da \u00e1rea de eros\u00e3o no Mauazinho na pr\u00f3xima semana - Not\u00edcias de Todos - Models01","robots":{"index":"index","follow":"follow","max-snippet":"max-snippet:-1","max-image-preview":"max-image-preview:large","max-video-preview":"max-video-preview:-1"},"canonical":"https:\/\/markd.com.br\/models\/prefeito-david-almeida-entrega-recuperacao-da-area-de-erosao-no-mauazinho-na-proxima-semana\/","og_locale":"pt_BR","og_type":"article","og_title":"Prefeito David Almeida entrega recupera\u00e7\u00e3o da \u00e1rea de eros\u00e3o no Mauazinho na pr\u00f3xima semana - Not\u00edcias de Todos - Models01","og_description":"O prefeito de&nbsp;Manaus, David Almeida, aproveitou a manh\u00e3 ensolarada desta segunda-feira, 25\/4, para realizar uma...","og_url":"https:\/\/markd.com.br\/models\/prefeito-david-almeida-entrega-recuperacao-da-area-de-erosao-no-mauazinho-na-proxima-semana\/","og_site_name":"Not\u00edcias de Todos - Models01","article_published_time":"2022-04-25T19:17:16+00:00","article_modified_time":"2022-04-25T19:17:21+00:00","og_image":[{"width":799,"height":445,"url":"https:\/\/markd.com.br\/models\/wp-content\/uploads\/2022\/04\/52029603224_8377810249_c-799x445-1.jpg","type":"image\/jpeg"}],"author":"Reda\u00e7\u00e3o Reda\u00e7\u00e3o","twitter_card":"summary_large_image","twitter_misc":{"Escrito por":"Reda\u00e7\u00e3o Reda\u00e7\u00e3o","Est. tempo de leitura":"2 minutos"},"schema":{"@context":"https:\/\/schema.org","@graph":[{"@type":"WebPage","@id":"https:\/\/markd.com.br\/models\/prefeito-david-almeida-entrega-recuperacao-da-area-de-erosao-no-mauazinho-na-proxima-semana\/","url":"https:\/\/markd.com.br\/models\/prefeito-david-almeida-entrega-recuperacao-da-area-de-erosao-no-mauazinho-na-proxima-semana\/","name":"Prefeito David Almeida entrega recupera\u00e7\u00e3o da \u00e1rea de eros\u00e3o no Mauazinho na pr\u00f3xima semana - Not\u00edcias de Todos - Models01","isPartOf":{"@id":"https:\/\/markd.com.br\/models\/#website"},"primaryImageOfPage":{"@id":"https:\/\/markd.com.br\/models\/prefeito-david-almeida-entrega-recuperacao-da-area-de-erosao-no-mauazinho-na-proxima-semana\/#primaryimage"},"image":{"@id":"https:\/\/markd.com.br\/models\/prefeito-david-almeida-entrega-recuperacao-da-area-de-erosao-no-mauazinho-na-proxima-semana\/#primaryimage"},"thumbnailUrl":"https:\/\/markd.com.br\/models\/wp-content\/uploads\/2022\/04\/52029603224_8377810249_c-799x445-1.jpg","datePublished":"2022-04-25T19:17:16+00:00","dateModified":"2022-04-25T19:17:21+00:00","author":{"@id":"https:\/\/markd.com.br\/models\/#\/schema\/person\/c12a77ab487a7262d8bec3c47301ad37"},"breadcrumb":{"@id":"https:\/\/markd.com.br\/models\/prefeito-david-almeida-entrega-recuperacao-da-area-de-erosao-no-mauazinho-na-proxima-semana\/#breadcrumb"},"inLanguage":"pt-BR","potentialAction":[{"@type":"ReadAction","target":["https:\/\/markd.com.br\/models\/prefeito-david-almeida-entrega-recuperacao-da-area-de-erosao-no-mauazinho-na-proxima-semana\/"]}]},{"@type":"ImageObject","inLanguage":"pt-BR","@id":"https:\/\/markd.com.br\/models\/prefeito-david-almeida-entrega-recuperacao-da-area-de-erosao-no-mauazinho-na-proxima-semana\/#primaryimage","url":"https:\/\/markd.com.br\/models\/wp-content\/uploads\/2022\/04\/52029603224_8377810249_c-799x445-1.jpg","contentUrl":"https:\/\/markd.com.br\/models\/wp-content\/uploads\/2022\/04\/52029603224_8377810249_c-799x445-1.jpg","width":799,"height":445},{"@type":"BreadcrumbList","@id":"https:\/\/markd.com.br\/models\/prefeito-david-almeida-entrega-recuperacao-da-area-de-erosao-no-mauazinho-na-proxima-semana\/#breadcrumb","itemListElement":[{"@type":"ListItem","position":1,"name":"In\u00edcio","item":"https:\/\/markd.com.br\/models\/"},{"@type":"ListItem","position":2,"name":"Prefeito David Almeida entrega recupera\u00e7\u00e3o da \u00e1rea de eros\u00e3o no Mauazinho na pr\u00f3xima semana"}]},{"@type":"WebSite","@id":"https:\/\/markd.com.br\/models\/#website","url":"https:\/\/markd.com.br\/models\/","name":"Not\u00edcias de Todos - Models01","description":"Tenha um Portal de Not\u00edcias Moderno, Din\u00e2mico, R\u00e1pido e Profissional. Entregamos seu Site de  Not\u00edcias Pronto, Instalado, Hospedado, com Manual Passo a Passo e Suporte 24 horas.","potentialAction":[{"@type":"SearchAction","target":{"@type":"EntryPoint","urlTemplate":"https:\/\/markd.com.br\/models\/?s={search_term_string}"},"query-input":{"@type":"PropertyValueSpecification","valueRequired":true,"valueName":"search_term_string"}}],"inLanguage":"pt-BR"},{"@type":"Person","@id":"https:\/\/markd.com.br\/models\/#\/schema\/person\/c12a77ab487a7262d8bec3c47301ad37","name":"Reda\u00e7\u00e3o Reda\u00e7\u00e3o","image":{"@type":"ImageObject","inLanguage":"pt-BR","@id":"https:\/\/markd.com.br\/models\/#\/schema\/person\/image\/","url":"https:\/\/secure.gravatar.com\/avatar\/9448f3599ce269febf169e183039b4a6?s=96&d=mm&r=g","contentUrl":"https:\/\/secure.gravatar.com\/avatar\/9448f3599ce269febf169e183039b4a6?s=96&d=mm&r=g","caption":"Reda\u00e7\u00e3o Reda\u00e7\u00e3o"},"sameAs":["https:\/\/markd.com.br\/"],"url":"https:\/\/markd.com.br\/models\/author\/redacao\/"}]}},"featured_image_urls":{"full":["https:\/\/markd.com.br\/models\/wp-content\/uploads\/2022\/04\/52029603224_8377810249_c-799x445-1.jpg",799,445,false],"thumbnail":["https:\/\/markd.com.br\/models\/wp-content\/uploads\/2022\/04\/52029603224_8377810249_c-799x445-1-150x150.jpg",150,150,true],"medium":["https:\/\/markd.com.br\/models\/wp-content\/uploads\/2022\/04\/52029603224_8377810249_c-799x445-1-300x167.jpg",300,167,true],"medium_large":["https:\/\/markd.com.br\/models\/wp-content\/uploads\/2022\/04\/52029603224_8377810249_c-799x445-1-768x428.jpg",640,357,true],"large":["https:\/\/markd.com.br\/models\/wp-content\/uploads\/2022\/04\/52029603224_8377810249_c-799x445-1.jpg",640,356,false],"1536x1536":["https:\/\/markd.com.br\/models\/wp-content\/uploads\/2022\/04\/52029603224_8377810249_c-799x445-1.jpg",799,445,false],"2048x2048":["https:\/\/markd.com.br\/models\/wp-content\/uploads\/2022\/04\/52029603224_8377810249_c-799x445-1.jpg",799,445,false],"newsphere-slider-full":["https:\/\/markd.com.br\/models\/wp-content\/uploads\/2022\/04\/52029603224_8377810249_c-799x445-1.jpg",799,445,false],"newsphere-featured":["https:\/\/markd.com.br\/models\/wp-content\/uploads\/2022\/04\/52029603224_8377810249_c-799x445-1.jpg",799,445,false],"newsphere-medium":["https:\/\/markd.com.br\/models\/wp-content\/uploads\/2022\/04\/52029603224_8377810249_c-799x445-1-720x380.jpg",720,380,true]},"author_info":{"display_name":"Reda\u00e7\u00e3o Reda\u00e7\u00e3o","author_link":"https:\/\/markd.com.br\/models\/author\/redacao\/"},"category_info":"<a href=\"https:\/\/markd.com.br\/models\/category\/prefeitura-de-manaus\/\" rel=\"category tag\">Prefeitura de Manaus<\/a>","tag_info":"Prefeitura de Manaus","comment_count":"0","jetpack_featured_media_url":"https:\/\/markd.com.br\/models\/wp-content\/uploads\/2022\/04\/52029603224_8377810249_c-799x445-1.jpg","_links":{"self":[{"href":"https:\/\/markd.com.br\/models\/wp-json\/wp\/v2\/posts\/2069","targetHints":{"allow":["GET"]}}],"collection":[{"href":"https:\/\/markd.com.br\/models\/wp-json\/wp\/v2\/posts"}],"about":[{"href":"https:\/\/markd.com.br\/models\/wp-json\/wp\/v2\/types\/post"}],"author":[{"embeddable":true,"href":"https:\/\/markd.com.br\/models\/wp-json\/wp\/v2\/users\/5"}],"replies":[{"embeddable":true,"href":"https:\/\/markd.com.br\/models\/wp-json\/wp\/v2\/comments?post=2069"}],"version-history":[{"count":1,"href":"https:\/\/markd.com.br\/models\/wp-json\/wp\/v2\/posts\/2069\/revisions"}],"predecessor-version":[{"id":2071,"href":"https:\/\/markd.com.br\/models\/wp-json\/wp\/v2\/posts\/2069\/revisions\/2071"}],"wp:featuredmedia":[{"embeddable":true,"href":"https:\/\/markd.com.br\/models\/wp-json\/wp\/v2\/media\/2070"}],"wp:attachment":[{"href":"https:\/\/markd.com.br\/models\/wp-json\/wp\/v2\/media?parent=2069"}],"wp:term":[{"taxonomy":"category","embeddable":true,"href":"https:\/\/markd.com.br\/models\/wp-json\/wp\/v2\/categories?post=2069"},{"taxonomy":"post_tag","embeddable":true,"href":"https:\/\/markd.com.br\/models\/wp-json\/wp\/v2\/tags?post=2069"}],"curies":[{"name":"wp","href":"https:\/\/api.w.org\/{rel}","templated":true}]}}