{"id":2072,"date":"2022-04-25T16:22:54","date_gmt":"2022-04-25T19:22:54","guid":{"rendered":"https:\/\/portaldestaquenoticias.com.br\/?p=2072"},"modified":"2022-04-25T16:22:58","modified_gmt":"2022-04-25T19:22:58","slug":"ba-zara-vai-indenizar-homem-acusado-de-roubar-mochila-comprada-por-ele","status":"publish","type":"post","link":"https:\/\/markd.com.br\/models\/ba-zara-vai-indenizar-homem-acusado-de-roubar-mochila-comprada-por-ele\/","title":{"rendered":"BA: Zara vai indenizar homem acusado de roubar mochila comprada por ele"},"content":{"rendered":"\n<p><\/p>\n\n\n\n<p>Tr\u00eas meses depois de terem sido acusados de inj\u00faria racial, a varejista de roupas Zara e o Shopping da Bahia fecharam um acordo extrajudicial com o estudante estrangeiro e negro Luiz Fernandes J\u00fanior, 28, para que ele n\u00e3o leve um processo judicial adiante.<\/p>\n\n\n\n<p>Nascido em Guin\u00e9-Bissau e morador de S\u00e3o Francisco do Conde, onde cursa mestrado na Unilab (Universidade da Integra\u00e7\u00e3o Internacional da Lusofonia Afro-Brasileira), Fernandes registrou boletim de ocorr\u00eancia policial ap\u00f3s ser discriminado por uma atendente da loja e por um seguran\u00e7a do shopping em 28 de dezembro do ano passado. Na ocasi\u00e3o, ele foi acusado de ter furtado uma mochila que havia acabado de comprar por R$ 329.<\/p>\n\n\n\n<p>Segundo o advogado de Fernandes, Thiago Thobias, o acordo foi celebrado no dia 7 de abril. \u201cEm 22 anos atuando na defesa de v\u00edtimas de racismo, esse \u00e9 um caso in\u00e9dito pra mim por tr\u00eas motivos: \u00e9 a primeira vez que eu vejo uma empresa tomar a iniciativa de fazer um acordo extrajudicial, realizar esse acordo em tempo recorde e ainda por cima indenizar a parte ofendida com um valor muito superior ao que a Justi\u00e7a brasileira costuma arbitrar\u201d, declarou.<\/p>\n\n\n\n<p>O termo de confidencialidade do acordo impede que as partes revelem o valor da indeniza\u00e7\u00e3o. \u00c0 \u00e9poca do ocorrido, Thobias afirmou ao UOL que pediria R$ 1 milh\u00e3o \u00e0s empresas acusadas a t\u00edtulo de \u201cindeniza\u00e7\u00e3o civilizat\u00f3ria\u201d. Em entrevista ao UOL, Fernandes comentou o acordo.<\/p>\n\n\n\n<p>Uma not\u00edcia negativa como essa, espalhada pelo mundo, afeta a imagem e interfere nos lucros. N\u00e3o ia sair barato, ent\u00e3o eles tiveram que refletir e olhar para o valor humano\u201dLuiz Fernandes J\u00fanior<\/p>\n\n\n\n<p>Zara zerou<\/p>\n\n\n\n<p>Como parte do acordo, Luiz Fernandes J\u00fanior se compromete a cessar qualquer a\u00e7\u00e3o individual contra as empresas. Mas a varejista o centro de compras continuam respondendo na esfera c\u00edvel \u00e0 a\u00e7\u00e3o coletiva proposta pela Educafro.<\/p>\n\n\n\n<p>\u201c\u00c9 um processo por danos coletivos, pois entendemos que foram causados danos n\u00e3o somente aos indiv\u00edduos, mas a toda a comunidade negra\u201d, disse o diretor executivo da entidade, Frei David Santos.<\/p>\n\n\n\n<p>A a\u00e7\u00e3o civil p\u00fablica foi movida pela Educafro devido a outra acusa\u00e7\u00e3o de discrimina\u00e7\u00e3o racial praticada por funcion\u00e1rios de uma unidade da Zara em Fortaleza, em setembro de 2021. Na ocasi\u00e3o, a delegada Ana Paula Silva Santos Barroso denunciou ter sido impedida de entrar na loja sem justificativa. A Zara alegou que ela estava sem m\u00e1scara e consumindo um sorvete. Ana Paula contestou a informa\u00e7\u00e3o e argumentou que o gerente da loja atendeu antes dela outra cliente sem m\u00e1scara.<\/p>\n\n\n\n<p>O caso ganhou repercuss\u00e3o ap\u00f3s o delegado-geral da Pol\u00edcia Civil do Cear\u00e1, S\u00e9rgio Pereira dos Santos, descobrir que a loja anunciava o c\u00f3digo \u201cZara zerou\u201d pelo alto-falante para informar aos funcion\u00e1rios quando pessoas negras entravam no estabelecimento. Segundo ele, a informa\u00e7\u00e3o foi dada em depoimento por uma ex-funcion\u00e1ria da Zara. A empresa negou a exist\u00eancia do c\u00f3digo. Al\u00e9m do processo movido pela Educafro, a Zara responde a outra a\u00e7\u00e3o civil p\u00fablica promovida pelo Coletivo Cidadania Antiracismo e Direitos Humanos, em nome do Coletivo de Advogados em Nome da Democracia e da Soeu Afrobrasileira.<\/p>\n\n\n\n<p>Procurada pela reportagem do UOL para esclarecer por que firmou acordo com Fernandes e n\u00e3o com Ana Paula, a Zara declarou, por meio de sua assessoria de imprensa no Brasil, que n\u00e3o vai se manifestar sobre o assunto.<\/p>\n\n\n\n<p>J\u00e1 o Shopping da Bahia confirmou em nota \u201cque os envolvidos no caso chegaram a um entendimento, mas este exige confidencialidade\u201d. \u201cO Shopping da Bahia reitera seu papel de combater qualquer tipo de discrimina\u00e7\u00e3o e mant\u00e9m um trabalho cont\u00ednuo de conscientiza\u00e7\u00e3o e reeduca\u00e7\u00e3o de todos os colaboradores, dada a import\u00e2ncia e a urg\u00eancia desse tema\u201d, informou<\/p>\n\n\n\n<p>Banzo<\/p>\n\n\n\n<p>\u00c0 \u00e9poca do ocorrido, Luiz Fernandes J\u00fanior relatou que foi abordado no banheiro do Shopping da Bahia por um seguran\u00e7a que o acusou de ter roubado uma mochila. Mesmo comprovando que havia comprado o produto, foi levado de volta at\u00e9 a loja.<\/p>\n\n\n\n<p>Eu dizia que tinha como provar que paguei pela mochila, mas ele n\u00e3o queria saber. Disse que eu tinha roubado e foi ficando com o tom de voz cada vez mais agressivo. Senti que ele podia atirar em mim ali mesmo, dentro do banheiro, e depois justificar que eu tentei atac\u00e1-lo. Senti medo de morrer. Nem terminei o que eu estava fazendo, vesti minhas cal\u00e7as e sai para o corredor em busca de um lugar onde outras pessoas pudessem testemunhar o que estava acontecendo.\u201dLuiz Fernandes J\u00fanior<\/p>\n\n\n\n<p>O psiquiatra Lucas Mendes de Oliveira avaliou o quadro m\u00e9dico de Fernandes. Para resumir o estado de esp\u00edrito inicial do paciente, ele usou a palavra \u201cbanzo\u201d, express\u00e3o utilizada para definir a apatia profunda que levava os negros africanos escravizados e transportados para terras distantes \u00e0 inani\u00e7\u00e3o, \u00e0 loucura e at\u00e9 mesmo ao suic\u00eddio.<\/p>\n\n\n\n<p>Em um relat\u00f3rio, por\u00e9m, Oliveira constatou que o estudante sofre de uma \u201cs\u00edndrome depressiva at\u00edpica com sinais de estresse p\u00f3s-traumatico\u201d. Ele atestou que havia \u201csintomas de s\u00edndrome depressiva, com importante componente de desaten\u00e7\u00e3o, desesperan\u00e7a e desvalia, considerando desistir de suas atividades acad\u00eamicas e laborais\u201d, al\u00e9m de \u201cins\u00f4nia inicial grave, pensamento ruminativo com a sensa\u00e7\u00e3o de reviv\u00eancia do epis\u00f3dio traum\u00e1tico, evita\u00e7\u00e3o de ambientes que rememorassem o evento (shopping ou lojas similares), preju\u00edzo na mem\u00f3ria, inapet\u00eancia com perda de peso\u201d.<\/p>\n\n\n\n<p>Desde o ocorrido, Fernandes n\u00e3o conseguiu retomar o mestrado na Unilab. A data de entrega da disserta\u00e7\u00e3o expirou e ele entrou com um recurso administrativo para abrir um prazo extra. \u201c\u00c9 dif\u00edcil esquecer quando a gente \u00e9 humilhado e destratado. \u00c9 dif\u00edcil esquecer que desfizeram da minha luta e do meu dinheiro suado que eu tinha economizado pra comprar ali\u201d, lamenta.<\/p>\n\n\n\n<p>Para o psiquiatra Oliveira, o sofrimento causado pela inj\u00faria racial \u00e9 compar\u00e1vel ao tipo de estresse p\u00f3s-traum\u00e1tico vivenciado por comiss\u00e1rias de bordo. \u201cEssas pessoas passam 10, 20 anos sendo obrigadas a manter a calma dos passageiros durante per\u00edodos de turbul\u00eancias. Um dia, elas passam por uma turbul\u00eancia maior e n\u00e3o conseguem mais voltar a voar porque esse evento, mais agudo, funcionou como um gatilho para as dezenas de traumas que elas tiveram de reprimir\u201d, explica.<\/p>\n\n\n\n<p>Com a inj\u00faria racial, explica o especialista, n\u00e3o \u00e9 diferente. Somente depois de um evento mais agudo \u00e9 que o indiv\u00edduo percebe que foi v\u00edtima de uma s\u00e9rie de infort\u00fanios provocados n\u00e3o por sua pr\u00f3pria responsabilidade, mas pelo preconceito alheio, diz Oliveira. Essa tomada de consci\u00eancia, \u00e9 um momento de muita dor e revolta e o trabalho do profissional de sa\u00fade mental \u00e9 conduzir o paciente a um lugar de v\u00edtima, mas n\u00e3o de vitimiza\u00e7\u00e3o, continua o psiquiatra.<\/p>\n\n\n\n<p>Para ele, a indeniza\u00e7\u00e3o financeira \u00e9 fundamental no processo de cura. \u201cNum pa\u00eds em que a gasolina custa R$ 8, repara\u00e7\u00e3o hist\u00f3rica \u00e9 dinheiro no bolso. \u00c9 uma repara\u00e7\u00e3o parcial, mas vai ajudar muito. O Luiz melhorou, mas ainda vai precisar de uma terapia de longo prazo\u201d.<\/p>\n\n\n\n<p>Luiz n\u00e3o declara quanto ganhou, mas disse que pretende usar o dinheiro da indeniza\u00e7\u00e3o para reformar a casa onde residem seus irm\u00e3os Ivete, Ant\u00f4nio e Elvio nos arredores de Bissau, capital da Guin\u00e9-Bissau, na costa ocidental da \u00c1frica. \u201c\u00c9 a \u00fanica coisa que eu penso que posso fazer para agradecer minha m\u00e3e, Maria S\u00e1bado, que partiu h\u00e1 15 anos e nos deixou neste mundo como seus frutos\u201d, declarou Luiz, que tem mais nove irm\u00e3os por parte de pai.<\/p>\n\n\n\n<p>O epis\u00f3dio refor\u00e7ou na v\u00edtima um desejo que estava adormecido: resgatar o nome original de fam\u00edlia, Abuk Masak di Makua, que ele e seus ancestrais da etnia manjaco tiveram de abandonar durante o processo de coloniza\u00e7\u00e3o portuguesa em Guin\u00e9 Bissau para n\u00e3o perderem suas terras.<\/p>\n\n\n\n<p>Fonte Uol Noticias<\/p>\n","protected":false},"excerpt":{"rendered":"<p>Tr\u00eas meses depois de terem sido acusados de inj\u00faria racial, a varejista de roupas Zara&#8230;<\/p>\n","protected":false},"author":5,"featured_media":2073,"comment_status":"open","ping_status":"open","sticky":false,"template":"","format":"standard","meta":{"footnotes":""},"categories":[49],"tags":[],"class_list":["post-2072","post","type-post","status-publish","format-standard","has-post-thumbnail","hentry","category-destaques"],"yoast_head":"<!-- This site is optimized with the Yoast SEO plugin v24.4 - https:\/\/yoast.com\/wordpress\/plugins\/seo\/ -->\n<title>BA: Zara vai indenizar homem acusado de roubar mochila comprada por ele - Not\u00edcias de Todos - Models01<\/title>\n<meta name=\"robots\" content=\"index, follow, max-snippet:-1, max-image-preview:large, max-video-preview:-1\" \/>\n<link rel=\"canonical\" href=\"https:\/\/markd.com.br\/models\/ba-zara-vai-indenizar-homem-acusado-de-roubar-mochila-comprada-por-ele\/\" \/>\n<meta property=\"og:locale\" content=\"pt_BR\" \/>\n<meta property=\"og:type\" content=\"article\" \/>\n<meta property=\"og:title\" content=\"BA: Zara vai indenizar homem acusado de roubar mochila comprada por ele - Not\u00edcias de Todos - Models01\" \/>\n<meta property=\"og:description\" content=\"Tr\u00eas meses depois de terem sido acusados de inj\u00faria racial, a varejista de roupas Zara...\" \/>\n<meta property=\"og:url\" content=\"https:\/\/markd.com.br\/models\/ba-zara-vai-indenizar-homem-acusado-de-roubar-mochila-comprada-por-ele\/\" \/>\n<meta property=\"og:site_name\" content=\"Not\u00edcias de Todos - Models01\" \/>\n<meta property=\"article:published_time\" content=\"2022-04-25T19:22:54+00:00\" \/>\n<meta property=\"article:modified_time\" content=\"2022-04-25T19:22:58+00:00\" \/>\n<meta property=\"og:image\" content=\"https:\/\/markd.com.br\/models\/wp-content\/uploads\/2022\/04\/luiz-fernandes-junior-afirma-que-precisou-comprovar-com-nota-fiscal-que-comprou-mochila-1641406667869_v2_450x600.jpg-e1650914561975.webp\" \/>\n\t<meta property=\"og:image:width\" content=\"450\" \/>\n\t<meta property=\"og:image:height\" content=\"391\" \/>\n\t<meta property=\"og:image:type\" content=\"image\/webp\" \/>\n<meta name=\"author\" content=\"Reda\u00e7\u00e3o Reda\u00e7\u00e3o\" \/>\n<meta name=\"twitter:card\" content=\"summary_large_image\" \/>\n<meta name=\"twitter:label1\" content=\"Escrito por\" \/>\n\t<meta name=\"twitter:data1\" content=\"Reda\u00e7\u00e3o Reda\u00e7\u00e3o\" \/>\n\t<meta name=\"twitter:label2\" content=\"Est. tempo de leitura\" \/>\n\t<meta name=\"twitter:data2\" content=\"7 minutos\" \/>\n<script type=\"application\/ld+json\" class=\"yoast-schema-graph\">{\"@context\":\"https:\/\/schema.org\",\"@graph\":[{\"@type\":\"WebPage\",\"@id\":\"https:\/\/markd.com.br\/models\/ba-zara-vai-indenizar-homem-acusado-de-roubar-mochila-comprada-por-ele\/\",\"url\":\"https:\/\/markd.com.br\/models\/ba-zara-vai-indenizar-homem-acusado-de-roubar-mochila-comprada-por-ele\/\",\"name\":\"BA: Zara vai indenizar homem acusado de roubar mochila comprada por ele - Not\u00edcias de Todos - Models01\",\"isPartOf\":{\"@id\":\"https:\/\/markd.com.br\/models\/#website\"},\"primaryImageOfPage\":{\"@id\":\"https:\/\/markd.com.br\/models\/ba-zara-vai-indenizar-homem-acusado-de-roubar-mochila-comprada-por-ele\/#primaryimage\"},\"image\":{\"@id\":\"https:\/\/markd.com.br\/models\/ba-zara-vai-indenizar-homem-acusado-de-roubar-mochila-comprada-por-ele\/#primaryimage\"},\"thumbnailUrl\":\"https:\/\/markd.com.br\/models\/wp-content\/uploads\/2022\/04\/luiz-fernandes-junior-afirma-que-precisou-comprovar-com-nota-fiscal-que-comprou-mochila-1641406667869_v2_450x600.jpg-e1650914561975.webp\",\"datePublished\":\"2022-04-25T19:22:54+00:00\",\"dateModified\":\"2022-04-25T19:22:58+00:00\",\"author\":{\"@id\":\"https:\/\/markd.com.br\/models\/#\/schema\/person\/c12a77ab487a7262d8bec3c47301ad37\"},\"breadcrumb\":{\"@id\":\"https:\/\/markd.com.br\/models\/ba-zara-vai-indenizar-homem-acusado-de-roubar-mochila-comprada-por-ele\/#breadcrumb\"},\"inLanguage\":\"pt-BR\",\"potentialAction\":[{\"@type\":\"ReadAction\",\"target\":[\"https:\/\/markd.com.br\/models\/ba-zara-vai-indenizar-homem-acusado-de-roubar-mochila-comprada-por-ele\/\"]}]},{\"@type\":\"ImageObject\",\"inLanguage\":\"pt-BR\",\"@id\":\"https:\/\/markd.com.br\/models\/ba-zara-vai-indenizar-homem-acusado-de-roubar-mochila-comprada-por-ele\/#primaryimage\",\"url\":\"https:\/\/markd.com.br\/models\/wp-content\/uploads\/2022\/04\/luiz-fernandes-junior-afirma-que-precisou-comprovar-com-nota-fiscal-que-comprou-mochila-1641406667869_v2_450x600.jpg-e1650914561975.webp\",\"contentUrl\":\"https:\/\/markd.com.br\/models\/wp-content\/uploads\/2022\/04\/luiz-fernandes-junior-afirma-que-precisou-comprovar-com-nota-fiscal-que-comprou-mochila-1641406667869_v2_450x600.jpg-e1650914561975.webp\",\"width\":450,\"height\":391},{\"@type\":\"BreadcrumbList\",\"@id\":\"https:\/\/markd.com.br\/models\/ba-zara-vai-indenizar-homem-acusado-de-roubar-mochila-comprada-por-ele\/#breadcrumb\",\"itemListElement\":[{\"@type\":\"ListItem\",\"position\":1,\"name\":\"In\u00edcio\",\"item\":\"https:\/\/markd.com.br\/models\/\"},{\"@type\":\"ListItem\",\"position\":2,\"name\":\"BA: Zara vai indenizar homem acusado de roubar mochila comprada por ele\"}]},{\"@type\":\"WebSite\",\"@id\":\"https:\/\/markd.com.br\/models\/#website\",\"url\":\"https:\/\/markd.com.br\/models\/\",\"name\":\"Not\u00edcias de Todos - Models01\",\"description\":\"Tenha um Portal de Not\u00edcias Moderno, Din\u00e2mico, R\u00e1pido e Profissional. Entregamos seu Site de  Not\u00edcias Pronto, Instalado, Hospedado, com Manual Passo a Passo e Suporte 24 horas.\",\"potentialAction\":[{\"@type\":\"SearchAction\",\"target\":{\"@type\":\"EntryPoint\",\"urlTemplate\":\"https:\/\/markd.com.br\/models\/?s={search_term_string}\"},\"query-input\":{\"@type\":\"PropertyValueSpecification\",\"valueRequired\":true,\"valueName\":\"search_term_string\"}}],\"inLanguage\":\"pt-BR\"},{\"@type\":\"Person\",\"@id\":\"https:\/\/markd.com.br\/models\/#\/schema\/person\/c12a77ab487a7262d8bec3c47301ad37\",\"name\":\"Reda\u00e7\u00e3o Reda\u00e7\u00e3o\",\"image\":{\"@type\":\"ImageObject\",\"inLanguage\":\"pt-BR\",\"@id\":\"https:\/\/markd.com.br\/models\/#\/schema\/person\/image\/\",\"url\":\"https:\/\/secure.gravatar.com\/avatar\/9448f3599ce269febf169e183039b4a6?s=96&d=mm&r=g\",\"contentUrl\":\"https:\/\/secure.gravatar.com\/avatar\/9448f3599ce269febf169e183039b4a6?s=96&d=mm&r=g\",\"caption\":\"Reda\u00e7\u00e3o Reda\u00e7\u00e3o\"},\"sameAs\":[\"https:\/\/markd.com.br\/\"],\"url\":\"https:\/\/markd.com.br\/models\/author\/redacao\/\"}]}<\/script>\n<!-- \/ Yoast SEO plugin. -->","yoast_head_json":{"title":"BA: Zara vai indenizar homem acusado de roubar mochila comprada por ele - Not\u00edcias de Todos - Models01","robots":{"index":"index","follow":"follow","max-snippet":"max-snippet:-1","max-image-preview":"max-image-preview:large","max-video-preview":"max-video-preview:-1"},"canonical":"https:\/\/markd.com.br\/models\/ba-zara-vai-indenizar-homem-acusado-de-roubar-mochila-comprada-por-ele\/","og_locale":"pt_BR","og_type":"article","og_title":"BA: Zara vai indenizar homem acusado de roubar mochila comprada por ele - Not\u00edcias de Todos - Models01","og_description":"Tr\u00eas meses depois de terem sido acusados de inj\u00faria racial, a varejista de roupas Zara...","og_url":"https:\/\/markd.com.br\/models\/ba-zara-vai-indenizar-homem-acusado-de-roubar-mochila-comprada-por-ele\/","og_site_name":"Not\u00edcias de Todos - Models01","article_published_time":"2022-04-25T19:22:54+00:00","article_modified_time":"2022-04-25T19:22:58+00:00","og_image":[{"width":450,"height":391,"url":"https:\/\/markd.com.br\/models\/wp-content\/uploads\/2022\/04\/luiz-fernandes-junior-afirma-que-precisou-comprovar-com-nota-fiscal-que-comprou-mochila-1641406667869_v2_450x600.jpg-e1650914561975.webp","type":"image\/webp"}],"author":"Reda\u00e7\u00e3o Reda\u00e7\u00e3o","twitter_card":"summary_large_image","twitter_misc":{"Escrito por":"Reda\u00e7\u00e3o Reda\u00e7\u00e3o","Est. tempo de leitura":"7 minutos"},"schema":{"@context":"https:\/\/schema.org","@graph":[{"@type":"WebPage","@id":"https:\/\/markd.com.br\/models\/ba-zara-vai-indenizar-homem-acusado-de-roubar-mochila-comprada-por-ele\/","url":"https:\/\/markd.com.br\/models\/ba-zara-vai-indenizar-homem-acusado-de-roubar-mochila-comprada-por-ele\/","name":"BA: Zara vai indenizar homem acusado de roubar mochila comprada por ele - Not\u00edcias de Todos - Models01","isPartOf":{"@id":"https:\/\/markd.com.br\/models\/#website"},"primaryImageOfPage":{"@id":"https:\/\/markd.com.br\/models\/ba-zara-vai-indenizar-homem-acusado-de-roubar-mochila-comprada-por-ele\/#primaryimage"},"image":{"@id":"https:\/\/markd.com.br\/models\/ba-zara-vai-indenizar-homem-acusado-de-roubar-mochila-comprada-por-ele\/#primaryimage"},"thumbnailUrl":"https:\/\/markd.com.br\/models\/wp-content\/uploads\/2022\/04\/luiz-fernandes-junior-afirma-que-precisou-comprovar-com-nota-fiscal-que-comprou-mochila-1641406667869_v2_450x600.jpg-e1650914561975.webp","datePublished":"2022-04-25T19:22:54+00:00","dateModified":"2022-04-25T19:22:58+00:00","author":{"@id":"https:\/\/markd.com.br\/models\/#\/schema\/person\/c12a77ab487a7262d8bec3c47301ad37"},"breadcrumb":{"@id":"https:\/\/markd.com.br\/models\/ba-zara-vai-indenizar-homem-acusado-de-roubar-mochila-comprada-por-ele\/#breadcrumb"},"inLanguage":"pt-BR","potentialAction":[{"@type":"ReadAction","target":["https:\/\/markd.com.br\/models\/ba-zara-vai-indenizar-homem-acusado-de-roubar-mochila-comprada-por-ele\/"]}]},{"@type":"ImageObject","inLanguage":"pt-BR","@id":"https:\/\/markd.com.br\/models\/ba-zara-vai-indenizar-homem-acusado-de-roubar-mochila-comprada-por-ele\/#primaryimage","url":"https:\/\/markd.com.br\/models\/wp-content\/uploads\/2022\/04\/luiz-fernandes-junior-afirma-que-precisou-comprovar-com-nota-fiscal-que-comprou-mochila-1641406667869_v2_450x600.jpg-e1650914561975.webp","contentUrl":"https:\/\/markd.com.br\/models\/wp-content\/uploads\/2022\/04\/luiz-fernandes-junior-afirma-que-precisou-comprovar-com-nota-fiscal-que-comprou-mochila-1641406667869_v2_450x600.jpg-e1650914561975.webp","width":450,"height":391},{"@type":"BreadcrumbList","@id":"https:\/\/markd.com.br\/models\/ba-zara-vai-indenizar-homem-acusado-de-roubar-mochila-comprada-por-ele\/#breadcrumb","itemListElement":[{"@type":"ListItem","position":1,"name":"In\u00edcio","item":"https:\/\/markd.com.br\/models\/"},{"@type":"ListItem","position":2,"name":"BA: Zara vai indenizar homem acusado de roubar mochila comprada por ele"}]},{"@type":"WebSite","@id":"https:\/\/markd.com.br\/models\/#website","url":"https:\/\/markd.com.br\/models\/","name":"Not\u00edcias de Todos - Models01","description":"Tenha um Portal de Not\u00edcias Moderno, Din\u00e2mico, R\u00e1pido e Profissional. Entregamos seu Site de  Not\u00edcias Pronto, Instalado, Hospedado, com Manual Passo a Passo e Suporte 24 horas.","potentialAction":[{"@type":"SearchAction","target":{"@type":"EntryPoint","urlTemplate":"https:\/\/markd.com.br\/models\/?s={search_term_string}"},"query-input":{"@type":"PropertyValueSpecification","valueRequired":true,"valueName":"search_term_string"}}],"inLanguage":"pt-BR"},{"@type":"Person","@id":"https:\/\/markd.com.br\/models\/#\/schema\/person\/c12a77ab487a7262d8bec3c47301ad37","name":"Reda\u00e7\u00e3o Reda\u00e7\u00e3o","image":{"@type":"ImageObject","inLanguage":"pt-BR","@id":"https:\/\/markd.com.br\/models\/#\/schema\/person\/image\/","url":"https:\/\/secure.gravatar.com\/avatar\/9448f3599ce269febf169e183039b4a6?s=96&d=mm&r=g","contentUrl":"https:\/\/secure.gravatar.com\/avatar\/9448f3599ce269febf169e183039b4a6?s=96&d=mm&r=g","caption":"Reda\u00e7\u00e3o Reda\u00e7\u00e3o"},"sameAs":["https:\/\/markd.com.br\/"],"url":"https:\/\/markd.com.br\/models\/author\/redacao\/"}]}},"featured_image_urls":{"full":["https:\/\/markd.com.br\/models\/wp-content\/uploads\/2022\/04\/luiz-fernandes-junior-afirma-que-precisou-comprovar-com-nota-fiscal-que-comprou-mochila-1641406667869_v2_450x600.jpg-e1650914561975.webp",450,391,false],"thumbnail":["https:\/\/markd.com.br\/models\/wp-content\/uploads\/2022\/04\/luiz-fernandes-junior-afirma-que-precisou-comprovar-com-nota-fiscal-que-comprou-mochila-1641406667869_v2_450x600.jpg-e1650914561975-150x150.webp",150,150,true],"medium":["https:\/\/markd.com.br\/models\/wp-content\/uploads\/2022\/04\/luiz-fernandes-junior-afirma-que-precisou-comprovar-com-nota-fiscal-que-comprou-mochila-1641406667869_v2_450x600.jpg-e1650914561975-300x261.webp",300,261,true],"medium_large":["https:\/\/markd.com.br\/models\/wp-content\/uploads\/2022\/04\/luiz-fernandes-junior-afirma-que-precisou-comprovar-com-nota-fiscal-que-comprou-mochila-1641406667869_v2_450x600.jpg-e1650914561975.webp",450,391,false],"large":["https:\/\/markd.com.br\/models\/wp-content\/uploads\/2022\/04\/luiz-fernandes-junior-afirma-que-precisou-comprovar-com-nota-fiscal-que-comprou-mochila-1641406667869_v2_450x600.jpg-e1650914561975.webp",450,391,false],"1536x1536":["https:\/\/markd.com.br\/models\/wp-content\/uploads\/2022\/04\/luiz-fernandes-junior-afirma-que-precisou-comprovar-com-nota-fiscal-que-comprou-mochila-1641406667869_v2_450x600.jpg-e1650914561975.webp",450,391,false],"2048x2048":["https:\/\/markd.com.br\/models\/wp-content\/uploads\/2022\/04\/luiz-fernandes-junior-afirma-que-precisou-comprovar-com-nota-fiscal-que-comprou-mochila-1641406667869_v2_450x600.jpg-e1650914561975.webp",450,391,false],"newsphere-slider-full":["https:\/\/markd.com.br\/models\/wp-content\/uploads\/2022\/04\/luiz-fernandes-junior-afirma-que-precisou-comprovar-com-nota-fiscal-que-comprou-mochila-1641406667869_v2_450x600.jpg-e1650914561975.webp",450,391,false],"newsphere-featured":["https:\/\/markd.com.br\/models\/wp-content\/uploads\/2022\/04\/luiz-fernandes-junior-afirma-que-precisou-comprovar-com-nota-fiscal-que-comprou-mochila-1641406667869_v2_450x600.jpg-e1650914561975.webp",450,391,false],"newsphere-medium":["https:\/\/markd.com.br\/models\/wp-content\/uploads\/2022\/04\/luiz-fernandes-junior-afirma-que-precisou-comprovar-com-nota-fiscal-que-comprou-mochila-1641406667869_v2_450x600.jpg-e1650914561975-450x380.webp",450,380,true]},"author_info":{"display_name":"Reda\u00e7\u00e3o Reda\u00e7\u00e3o","author_link":"https:\/\/markd.com.br\/models\/author\/redacao\/"},"category_info":"<a href=\"https:\/\/markd.com.br\/models\/category\/destaques\/\" rel=\"category tag\">destaques<\/a>","tag_info":"destaques","comment_count":"0","jetpack_featured_media_url":"https:\/\/markd.com.br\/models\/wp-content\/uploads\/2022\/04\/luiz-fernandes-junior-afirma-que-precisou-comprovar-com-nota-fiscal-que-comprou-mochila-1641406667869_v2_450x600.jpg-e1650914561975.webp","_links":{"self":[{"href":"https:\/\/markd.com.br\/models\/wp-json\/wp\/v2\/posts\/2072","targetHints":{"allow":["GET"]}}],"collection":[{"href":"https:\/\/markd.com.br\/models\/wp-json\/wp\/v2\/posts"}],"about":[{"href":"https:\/\/markd.com.br\/models\/wp-json\/wp\/v2\/types\/post"}],"author":[{"embeddable":true,"href":"https:\/\/markd.com.br\/models\/wp-json\/wp\/v2\/users\/5"}],"replies":[{"embeddable":true,"href":"https:\/\/markd.com.br\/models\/wp-json\/wp\/v2\/comments?post=2072"}],"version-history":[{"count":1,"href":"https:\/\/markd.com.br\/models\/wp-json\/wp\/v2\/posts\/2072\/revisions"}],"predecessor-version":[{"id":2074,"href":"https:\/\/markd.com.br\/models\/wp-json\/wp\/v2\/posts\/2072\/revisions\/2074"}],"wp:featuredmedia":[{"embeddable":true,"href":"https:\/\/markd.com.br\/models\/wp-json\/wp\/v2\/media\/2073"}],"wp:attachment":[{"href":"https:\/\/markd.com.br\/models\/wp-json\/wp\/v2\/media?parent=2072"}],"wp:term":[{"taxonomy":"category","embeddable":true,"href":"https:\/\/markd.com.br\/models\/wp-json\/wp\/v2\/categories?post=2072"},{"taxonomy":"post_tag","embeddable":true,"href":"https:\/\/markd.com.br\/models\/wp-json\/wp\/v2\/tags?post=2072"}],"curies":[{"name":"wp","href":"https:\/\/api.w.org\/{rel}","templated":true}]}}