{"id":2075,"date":"2022-04-25T16:27:40","date_gmt":"2022-04-25T19:27:40","guid":{"rendered":"https:\/\/portaldestaquenoticias.com.br\/?p=2075"},"modified":"2022-04-25T16:27:45","modified_gmt":"2022-04-25T19:27:45","slug":"jovem-ateia-fogo-em-viatura-e-alega-que-foi-agredido-por-policiais-militares","status":"publish","type":"post","link":"https:\/\/markd.com.br\/models\/jovem-ateia-fogo-em-viatura-e-alega-que-foi-agredido-por-policiais-militares\/","title":{"rendered":"Jovem ateia fogo em viatura e alega que foi agredido por policiais militares"},"content":{"rendered":"\n<p><\/p>\n\n\n\n<p>Um jovem de 22 anos foi preso neste domingo (24) suspeito de atear fogo em uma viatura da Pol\u00edcia Civil em&nbsp;Lucas do Rio Verde, a 360 km de Cuiab\u00e1. O fato ocorreu nesse s\u00e1bado. Na delegacia, ele alegou que cometeu o crime, pois havia sido agredido por policiais militares anteriormente.<\/p>\n\n\n\n<p>Conforme a Pol\u00edcia Civil, por volta das 22h os plantonistas perceberam que a viatura estava sendo incendiada. Eles tentaram apagar o fogo, mas n\u00e3o obtiveram sucesso. Diante disso, o Corpo de Bombeiros foi acionado, e controlou as chamas.<\/p>\n\n\n\n<p>O ve\u00edculo deu perda total, segundo a corpora\u00e7\u00e3o.<\/p>\n\n\n\n<p>Ap\u00f3s dilig\u00eancias, o suspeito do crime foi identificado como um jovem de 22 anos. Segundo a pol\u00edcia, ele alegou na delegacia, ap\u00f3s ser preso, que teria sido agredido por policiais militares, e isso o motivou a cometer o fato.<\/p>\n\n\n\n<p>Devido \u00e0s labaredas altas, outras viaturas e at\u00e9 a pr\u00f3pria delegacia correram risco de serem atingidas.<\/p>\n\n\n\n<p>A viatura estava no munic\u00edpio de&nbsp;Lucas do Rio Verde&nbsp;h\u00e1 cerca de dois meses, conforme a pol\u00edcia.<\/p>\n\n\n\n<p>O caso ser\u00e1 investigado.<\/p>\n\n\n\n<p>Fonte: G1<\/p>\n","protected":false},"excerpt":{"rendered":"<p>Um jovem de 22 anos foi preso neste domingo (24) suspeito de atear fogo em&#8230;<\/p>\n","protected":false},"author":5,"featured_media":2076,"comment_status":"open","ping_status":"open","sticky":false,"template":"","format":"standard","meta":{"footnotes":""},"categories":[34],"tags":[350,110,141],"class_list":["post-2075","post","type-post","status-publish","format-standard","has-post-thumbnail","hentry","category-musica","tag-incendio-2","tag-policia-civil","tag-policia-militar"],"yoast_head":"<!-- This site is optimized with the Yoast SEO plugin v24.4 - https:\/\/yoast.com\/wordpress\/plugins\/seo\/ -->\n<title>Jovem ateia fogo em viatura e alega que foi agredido por policiais militares - Not\u00edcias de Todos - Models01<\/title>\n<meta name=\"robots\" content=\"index, follow, max-snippet:-1, max-image-preview:large, max-video-preview:-1\" \/>\n<link rel=\"canonical\" href=\"https:\/\/markd.com.br\/models\/jovem-ateia-fogo-em-viatura-e-alega-que-foi-agredido-por-policiais-militares\/\" \/>\n<meta property=\"og:locale\" content=\"pt_BR\" \/>\n<meta property=\"og:type\" content=\"article\" \/>\n<meta property=\"og:title\" content=\"Jovem ateia fogo em viatura e alega que foi agredido por policiais militares - Not\u00edcias de Todos - Models01\" \/>\n<meta property=\"og:description\" content=\"Um jovem de 22 anos foi preso neste domingo (24) suspeito de atear fogo em...\" \/>\n<meta property=\"og:url\" content=\"https:\/\/markd.com.br\/models\/jovem-ateia-fogo-em-viatura-e-alega-que-foi-agredido-por-policiais-militares\/\" \/>\n<meta property=\"og:site_name\" content=\"Not\u00edcias de Todos - Models01\" \/>\n<meta property=\"article:published_time\" content=\"2022-04-25T19:27:40+00:00\" \/>\n<meta property=\"article:modified_time\" content=\"2022-04-25T19:27:45+00:00\" \/>\n<meta property=\"og:image\" content=\"https:\/\/markd.com.br\/models\/wp-content\/uploads\/2022\/04\/viatura-incendidada-lrv.jpeg\" \/>\n\t<meta property=\"og:image:width\" content=\"640\" \/>\n\t<meta property=\"og:image:height\" content=\"288\" \/>\n\t<meta property=\"og:image:type\" content=\"image\/jpeg\" \/>\n<meta name=\"author\" content=\"Reda\u00e7\u00e3o Reda\u00e7\u00e3o\" \/>\n<meta name=\"twitter:card\" content=\"summary_large_image\" \/>\n<meta name=\"twitter:label1\" content=\"Escrito por\" \/>\n\t<meta name=\"twitter:data1\" content=\"Reda\u00e7\u00e3o Reda\u00e7\u00e3o\" \/>\n\t<meta name=\"twitter:label2\" content=\"Est. tempo de leitura\" \/>\n\t<meta name=\"twitter:data2\" content=\"1 minuto\" \/>\n<script type=\"application\/ld+json\" class=\"yoast-schema-graph\">{\"@context\":\"https:\/\/schema.org\",\"@graph\":[{\"@type\":\"WebPage\",\"@id\":\"https:\/\/markd.com.br\/models\/jovem-ateia-fogo-em-viatura-e-alega-que-foi-agredido-por-policiais-militares\/\",\"url\":\"https:\/\/markd.com.br\/models\/jovem-ateia-fogo-em-viatura-e-alega-que-foi-agredido-por-policiais-militares\/\",\"name\":\"Jovem ateia fogo em viatura e alega que foi agredido por policiais militares - Not\u00edcias de Todos - Models01\",\"isPartOf\":{\"@id\":\"https:\/\/markd.com.br\/models\/#website\"},\"primaryImageOfPage\":{\"@id\":\"https:\/\/markd.com.br\/models\/jovem-ateia-fogo-em-viatura-e-alega-que-foi-agredido-por-policiais-militares\/#primaryimage\"},\"image\":{\"@id\":\"https:\/\/markd.com.br\/models\/jovem-ateia-fogo-em-viatura-e-alega-que-foi-agredido-por-policiais-militares\/#primaryimage\"},\"thumbnailUrl\":\"https:\/\/markd.com.br\/models\/wp-content\/uploads\/2022\/04\/viatura-incendidada-lrv.jpeg\",\"datePublished\":\"2022-04-25T19:27:40+00:00\",\"dateModified\":\"2022-04-25T19:27:45+00:00\",\"author\":{\"@id\":\"https:\/\/markd.com.br\/models\/#\/schema\/person\/c12a77ab487a7262d8bec3c47301ad37\"},\"breadcrumb\":{\"@id\":\"https:\/\/markd.com.br\/models\/jovem-ateia-fogo-em-viatura-e-alega-que-foi-agredido-por-policiais-militares\/#breadcrumb\"},\"inLanguage\":\"pt-BR\",\"potentialAction\":[{\"@type\":\"ReadAction\",\"target\":[\"https:\/\/markd.com.br\/models\/jovem-ateia-fogo-em-viatura-e-alega-que-foi-agredido-por-policiais-militares\/\"]}]},{\"@type\":\"ImageObject\",\"inLanguage\":\"pt-BR\",\"@id\":\"https:\/\/markd.com.br\/models\/jovem-ateia-fogo-em-viatura-e-alega-que-foi-agredido-por-policiais-militares\/#primaryimage\",\"url\":\"https:\/\/markd.com.br\/models\/wp-content\/uploads\/2022\/04\/viatura-incendidada-lrv.jpeg\",\"contentUrl\":\"https:\/\/markd.com.br\/models\/wp-content\/uploads\/2022\/04\/viatura-incendidada-lrv.jpeg\",\"width\":640,\"height\":288},{\"@type\":\"BreadcrumbList\",\"@id\":\"https:\/\/markd.com.br\/models\/jovem-ateia-fogo-em-viatura-e-alega-que-foi-agredido-por-policiais-militares\/#breadcrumb\",\"itemListElement\":[{\"@type\":\"ListItem\",\"position\":1,\"name\":\"In\u00edcio\",\"item\":\"https:\/\/markd.com.br\/models\/\"},{\"@type\":\"ListItem\",\"position\":2,\"name\":\"Jovem ateia fogo em viatura e alega que foi agredido por policiais militares\"}]},{\"@type\":\"WebSite\",\"@id\":\"https:\/\/markd.com.br\/models\/#website\",\"url\":\"https:\/\/markd.com.br\/models\/\",\"name\":\"Not\u00edcias de Todos - Models01\",\"description\":\"Tenha um Portal de Not\u00edcias Moderno, Din\u00e2mico, R\u00e1pido e Profissional. Entregamos seu Site de  Not\u00edcias Pronto, Instalado, Hospedado, com Manual Passo a Passo e Suporte 24 horas.\",\"potentialAction\":[{\"@type\":\"SearchAction\",\"target\":{\"@type\":\"EntryPoint\",\"urlTemplate\":\"https:\/\/markd.com.br\/models\/?s={search_term_string}\"},\"query-input\":{\"@type\":\"PropertyValueSpecification\",\"valueRequired\":true,\"valueName\":\"search_term_string\"}}],\"inLanguage\":\"pt-BR\"},{\"@type\":\"Person\",\"@id\":\"https:\/\/markd.com.br\/models\/#\/schema\/person\/c12a77ab487a7262d8bec3c47301ad37\",\"name\":\"Reda\u00e7\u00e3o Reda\u00e7\u00e3o\",\"image\":{\"@type\":\"ImageObject\",\"inLanguage\":\"pt-BR\",\"@id\":\"https:\/\/markd.com.br\/models\/#\/schema\/person\/image\/\",\"url\":\"https:\/\/secure.gravatar.com\/avatar\/9448f3599ce269febf169e183039b4a6?s=96&d=mm&r=g\",\"contentUrl\":\"https:\/\/secure.gravatar.com\/avatar\/9448f3599ce269febf169e183039b4a6?s=96&d=mm&r=g\",\"caption\":\"Reda\u00e7\u00e3o Reda\u00e7\u00e3o\"},\"sameAs\":[\"https:\/\/markd.com.br\/\"],\"url\":\"https:\/\/markd.com.br\/models\/author\/redacao\/\"}]}<\/script>\n<!-- \/ Yoast SEO plugin. -->","yoast_head_json":{"title":"Jovem ateia fogo em viatura e alega que foi agredido por policiais militares - Not\u00edcias de Todos - Models01","robots":{"index":"index","follow":"follow","max-snippet":"max-snippet:-1","max-image-preview":"max-image-preview:large","max-video-preview":"max-video-preview:-1"},"canonical":"https:\/\/markd.com.br\/models\/jovem-ateia-fogo-em-viatura-e-alega-que-foi-agredido-por-policiais-militares\/","og_locale":"pt_BR","og_type":"article","og_title":"Jovem ateia fogo em viatura e alega que foi agredido por policiais militares - Not\u00edcias de Todos - Models01","og_description":"Um jovem de 22 anos foi preso neste domingo (24) suspeito de atear fogo em...","og_url":"https:\/\/markd.com.br\/models\/jovem-ateia-fogo-em-viatura-e-alega-que-foi-agredido-por-policiais-militares\/","og_site_name":"Not\u00edcias de Todos - Models01","article_published_time":"2022-04-25T19:27:40+00:00","article_modified_time":"2022-04-25T19:27:45+00:00","og_image":[{"width":640,"height":288,"url":"https:\/\/markd.com.br\/models\/wp-content\/uploads\/2022\/04\/viatura-incendidada-lrv.jpeg","type":"image\/jpeg"}],"author":"Reda\u00e7\u00e3o Reda\u00e7\u00e3o","twitter_card":"summary_large_image","twitter_misc":{"Escrito por":"Reda\u00e7\u00e3o Reda\u00e7\u00e3o","Est. tempo de leitura":"1 minuto"},"schema":{"@context":"https:\/\/schema.org","@graph":[{"@type":"WebPage","@id":"https:\/\/markd.com.br\/models\/jovem-ateia-fogo-em-viatura-e-alega-que-foi-agredido-por-policiais-militares\/","url":"https:\/\/markd.com.br\/models\/jovem-ateia-fogo-em-viatura-e-alega-que-foi-agredido-por-policiais-militares\/","name":"Jovem ateia fogo em viatura e alega que foi agredido por policiais militares - Not\u00edcias de Todos - Models01","isPartOf":{"@id":"https:\/\/markd.com.br\/models\/#website"},"primaryImageOfPage":{"@id":"https:\/\/markd.com.br\/models\/jovem-ateia-fogo-em-viatura-e-alega-que-foi-agredido-por-policiais-militares\/#primaryimage"},"image":{"@id":"https:\/\/markd.com.br\/models\/jovem-ateia-fogo-em-viatura-e-alega-que-foi-agredido-por-policiais-militares\/#primaryimage"},"thumbnailUrl":"https:\/\/markd.com.br\/models\/wp-content\/uploads\/2022\/04\/viatura-incendidada-lrv.jpeg","datePublished":"2022-04-25T19:27:40+00:00","dateModified":"2022-04-25T19:27:45+00:00","author":{"@id":"https:\/\/markd.com.br\/models\/#\/schema\/person\/c12a77ab487a7262d8bec3c47301ad37"},"breadcrumb":{"@id":"https:\/\/markd.com.br\/models\/jovem-ateia-fogo-em-viatura-e-alega-que-foi-agredido-por-policiais-militares\/#breadcrumb"},"inLanguage":"pt-BR","potentialAction":[{"@type":"ReadAction","target":["https:\/\/markd.com.br\/models\/jovem-ateia-fogo-em-viatura-e-alega-que-foi-agredido-por-policiais-militares\/"]}]},{"@type":"ImageObject","inLanguage":"pt-BR","@id":"https:\/\/markd.com.br\/models\/jovem-ateia-fogo-em-viatura-e-alega-que-foi-agredido-por-policiais-militares\/#primaryimage","url":"https:\/\/markd.com.br\/models\/wp-content\/uploads\/2022\/04\/viatura-incendidada-lrv.jpeg","contentUrl":"https:\/\/markd.com.br\/models\/wp-content\/uploads\/2022\/04\/viatura-incendidada-lrv.jpeg","width":640,"height":288},{"@type":"BreadcrumbList","@id":"https:\/\/markd.com.br\/models\/jovem-ateia-fogo-em-viatura-e-alega-que-foi-agredido-por-policiais-militares\/#breadcrumb","itemListElement":[{"@type":"ListItem","position":1,"name":"In\u00edcio","item":"https:\/\/markd.com.br\/models\/"},{"@type":"ListItem","position":2,"name":"Jovem ateia fogo em viatura e alega que foi agredido por policiais militares"}]},{"@type":"WebSite","@id":"https:\/\/markd.com.br\/models\/#website","url":"https:\/\/markd.com.br\/models\/","name":"Not\u00edcias de Todos - Models01","description":"Tenha um Portal de Not\u00edcias Moderno, Din\u00e2mico, R\u00e1pido e Profissional. Entregamos seu Site de  Not\u00edcias Pronto, Instalado, Hospedado, com Manual Passo a Passo e Suporte 24 horas.","potentialAction":[{"@type":"SearchAction","target":{"@type":"EntryPoint","urlTemplate":"https:\/\/markd.com.br\/models\/?s={search_term_string}"},"query-input":{"@type":"PropertyValueSpecification","valueRequired":true,"valueName":"search_term_string"}}],"inLanguage":"pt-BR"},{"@type":"Person","@id":"https:\/\/markd.com.br\/models\/#\/schema\/person\/c12a77ab487a7262d8bec3c47301ad37","name":"Reda\u00e7\u00e3o Reda\u00e7\u00e3o","image":{"@type":"ImageObject","inLanguage":"pt-BR","@id":"https:\/\/markd.com.br\/models\/#\/schema\/person\/image\/","url":"https:\/\/secure.gravatar.com\/avatar\/9448f3599ce269febf169e183039b4a6?s=96&d=mm&r=g","contentUrl":"https:\/\/secure.gravatar.com\/avatar\/9448f3599ce269febf169e183039b4a6?s=96&d=mm&r=g","caption":"Reda\u00e7\u00e3o Reda\u00e7\u00e3o"},"sameAs":["https:\/\/markd.com.br\/"],"url":"https:\/\/markd.com.br\/models\/author\/redacao\/"}]}},"featured_image_urls":{"full":["https:\/\/markd.com.br\/models\/wp-content\/uploads\/2022\/04\/viatura-incendidada-lrv.jpeg",640,288,false],"thumbnail":["https:\/\/markd.com.br\/models\/wp-content\/uploads\/2022\/04\/viatura-incendidada-lrv-150x150.jpeg",150,150,true],"medium":["https:\/\/markd.com.br\/models\/wp-content\/uploads\/2022\/04\/viatura-incendidada-lrv-300x135.jpeg",300,135,true],"medium_large":["https:\/\/markd.com.br\/models\/wp-content\/uploads\/2022\/04\/viatura-incendidada-lrv.jpeg",640,288,false],"large":["https:\/\/markd.com.br\/models\/wp-content\/uploads\/2022\/04\/viatura-incendidada-lrv.jpeg",640,288,false],"1536x1536":["https:\/\/markd.com.br\/models\/wp-content\/uploads\/2022\/04\/viatura-incendidada-lrv.jpeg",640,288,false],"2048x2048":["https:\/\/markd.com.br\/models\/wp-content\/uploads\/2022\/04\/viatura-incendidada-lrv.jpeg",640,288,false],"newsphere-slider-full":["https:\/\/markd.com.br\/models\/wp-content\/uploads\/2022\/04\/viatura-incendidada-lrv.jpeg",640,288,false],"newsphere-featured":["https:\/\/markd.com.br\/models\/wp-content\/uploads\/2022\/04\/viatura-incendidada-lrv.jpeg",640,288,false],"newsphere-medium":["https:\/\/markd.com.br\/models\/wp-content\/uploads\/2022\/04\/viatura-incendidada-lrv.jpeg",640,288,false]},"author_info":{"display_name":"Reda\u00e7\u00e3o Reda\u00e7\u00e3o","author_link":"https:\/\/markd.com.br\/models\/author\/redacao\/"},"category_info":"<a href=\"https:\/\/markd.com.br\/models\/category\/musica\/\" rel=\"category tag\">Pol\u00edcia<\/a>","tag_info":"Pol\u00edcia","comment_count":"0","jetpack_featured_media_url":"https:\/\/markd.com.br\/models\/wp-content\/uploads\/2022\/04\/viatura-incendidada-lrv.jpeg","_links":{"self":[{"href":"https:\/\/markd.com.br\/models\/wp-json\/wp\/v2\/posts\/2075","targetHints":{"allow":["GET"]}}],"collection":[{"href":"https:\/\/markd.com.br\/models\/wp-json\/wp\/v2\/posts"}],"about":[{"href":"https:\/\/markd.com.br\/models\/wp-json\/wp\/v2\/types\/post"}],"author":[{"embeddable":true,"href":"https:\/\/markd.com.br\/models\/wp-json\/wp\/v2\/users\/5"}],"replies":[{"embeddable":true,"href":"https:\/\/markd.com.br\/models\/wp-json\/wp\/v2\/comments?post=2075"}],"version-history":[{"count":1,"href":"https:\/\/markd.com.br\/models\/wp-json\/wp\/v2\/posts\/2075\/revisions"}],"predecessor-version":[{"id":2077,"href":"https:\/\/markd.com.br\/models\/wp-json\/wp\/v2\/posts\/2075\/revisions\/2077"}],"wp:featuredmedia":[{"embeddable":true,"href":"https:\/\/markd.com.br\/models\/wp-json\/wp\/v2\/media\/2076"}],"wp:attachment":[{"href":"https:\/\/markd.com.br\/models\/wp-json\/wp\/v2\/media?parent=2075"}],"wp:term":[{"taxonomy":"category","embeddable":true,"href":"https:\/\/markd.com.br\/models\/wp-json\/wp\/v2\/categories?post=2075"},{"taxonomy":"post_tag","embeddable":true,"href":"https:\/\/markd.com.br\/models\/wp-json\/wp\/v2\/tags?post=2075"}],"curies":[{"name":"wp","href":"https:\/\/api.w.org\/{rel}","templated":true}]}}