{"id":2080,"date":"2022-04-26T15:36:04","date_gmt":"2022-04-26T18:36:04","guid":{"rendered":"https:\/\/portaldestaquenoticias.com.br\/?p=2080"},"modified":"2022-04-26T15:36:11","modified_gmt":"2022-04-26T18:36:11","slug":"amiga-enviou-video-de-tempestade-chegando-antes-de-paraquedista-saltar-em-manaus","status":"publish","type":"post","link":"https:\/\/markd.com.br\/models\/amiga-enviou-video-de-tempestade-chegando-antes-de-paraquedista-saltar-em-manaus\/","title":{"rendered":"Amiga enviou v\u00eddeo de tempestade chegando antes de paraquedista saltar em Manaus"},"content":{"rendered":"\n<p><\/p>\n\n\n\n<p>&nbsp;A autoriza\u00e7\u00e3o para o voo que levou o paraquedista Luiz Henrique Cardelli e outros 13 atletas para um salto em meio a uma tempestade que terminou em trag\u00e9dia no \u00faltimo dia 15 de abril continua sendo alvo de questionamentos.<\/p>\n\n\n\n<p>Um v\u00eddeo divulgado hoje (26), por Atos Cardoso, advogado da fam\u00edlia de Luiz, mostram que uma amiga dele chegou a alert\u00e1-lo sobre a tempestade ao saber que o salto aconteceria mesmo com o c\u00e9u completamente fechado.<\/p>\n\n\n\n<p>Na conversa em um aplicativo, Luiz envia uma foto para amiga onde j\u00e1 aparece equipado e pronto para embarcar. Minutos depois, a mulher percebe o c\u00e9u escuro e faz um v\u00eddeo que \u00e9 enviado para o paraquedista.<video controls=\"\" src=\"https:\/\/portalmancheteam.com.br\/wp-content\/uploads\/2022\/04\/trim.3DA6C660-45A9-4547-8B33-70C82AC39A32.mov\"><\/video><\/p>\n\n\n\n<p>Enquanto registra as imagens, a amiga questiona: \u201cVoc\u00ea vai saltar com essa chuva? Olha a\u00ed, vai j\u00e1 cair uma chuva, chega est\u00e1 escuro. Meu Deus! Vai ser a chuva\u201d.<\/p>\n\n\n\n<p>A mensagem foi enviada, mas nunca recebeu resposta. Mais tarde, com a falta de not\u00edcias, a mulher tenta contato novamente com Luiz, mas o conte\u00fado enviado n\u00e3o \u00e9 mais recebido, Luiz j\u00e1 tinha sumido nas \u00e1guas do Rio Negro.<\/p>\n\n\n\n<p>Para Atos, o voo n\u00e3o deveria ter sido autorizado diante das condi\u00e7\u00f5es clim\u00e1ticas que se apresentavam naquele dia. O advogado disse que o v\u00eddeo ser\u00e1 anexado ao processo: A partir disso, o que a gente tem conhecimento tamb\u00e9m \u00e0 cautela, aproximadamente a dist\u00e2ncia da&nbsp;filmagem \u00e9 de 2,6 km do aeroclube. Ent\u00e3o, juntos, devemos analisar essas imagens para que de Norte &nbsp;a Sul, a gente evite que caso tenha sido uma irresponsabilidade de algu\u00e9m, isso n\u00e3o volte a acontecer e a gente aprimore o modelo de seguran\u00e7a dos paraquedistas\u201d, disse em entrevista \u00e0 Rede Amaz\u00f4nica<\/p>\n\n\n\n<p>O advogado ainda lembra que os atletas n\u00e3o est\u00e3o preparados para prever mudan\u00e7as clim\u00e1ticas, mas quem recebe as coordenadas de voo tem acesso \u00e0 tais informa\u00e7\u00f5es:<\/p>\n\n\n\n<p>\u201cAfirmar que o paraquedista deve ser respons\u00e1vel, tudo bem que ali ele possa olhar e dizer: Eu n\u00e3o vou saltar. &nbsp;Amarrado ele n\u00e3o vai, agora, \u00e9 ele que deve fazer esse tipo de previs\u00e3o de chuva, de vento? Isso me gera d\u00favidas e essas d\u00favidas certamente ser\u00e3o sanadas pelos \u00f3rg\u00e3os competentes\u201d.<\/p>\n\n\n\n<p>FONTE: PORTAL DO HOLANDA<\/p>\n","protected":false},"excerpt":{"rendered":"<p>&nbsp;A autoriza\u00e7\u00e3o para o voo que levou o paraquedista Luiz Henrique Cardelli e outros 13&#8230;<\/p>\n","protected":false},"author":5,"featured_media":2081,"comment_status":"open","ping_status":"open","sticky":false,"template":"","format":"standard","meta":{"footnotes":""},"categories":[49],"tags":[492,587,236],"class_list":["post-2080","post","type-post","status-publish","format-standard","has-post-thumbnail","hentry","category-destaques","tag-paraquedista","tag-tempestade","tag-video"],"yoast_head":"<!-- This site is optimized with the Yoast SEO plugin v24.4 - https:\/\/yoast.com\/wordpress\/plugins\/seo\/ -->\n<title>Amiga enviou v\u00eddeo de tempestade chegando antes de paraquedista saltar em Manaus - Not\u00edcias de Todos - Models01<\/title>\n<meta name=\"robots\" content=\"index, follow, max-snippet:-1, max-image-preview:large, max-video-preview:-1\" \/>\n<link rel=\"canonical\" href=\"https:\/\/markd.com.br\/models\/amiga-enviou-video-de-tempestade-chegando-antes-de-paraquedista-saltar-em-manaus\/\" \/>\n<meta property=\"og:locale\" content=\"pt_BR\" \/>\n<meta property=\"og:type\" content=\"article\" \/>\n<meta property=\"og:title\" content=\"Amiga enviou v\u00eddeo de tempestade chegando antes de paraquedista saltar em Manaus - Not\u00edcias de Todos - Models01\" \/>\n<meta property=\"og:description\" content=\"&nbsp;A autoriza\u00e7\u00e3o para o voo que levou o paraquedista Luiz Henrique Cardelli e outros 13...\" \/>\n<meta property=\"og:url\" content=\"https:\/\/markd.com.br\/models\/amiga-enviou-video-de-tempestade-chegando-antes-de-paraquedista-saltar-em-manaus\/\" \/>\n<meta property=\"og:site_name\" content=\"Not\u00edcias de Todos - Models01\" \/>\n<meta property=\"article:published_time\" content=\"2022-04-26T18:36:04+00:00\" \/>\n<meta property=\"article:modified_time\" content=\"2022-04-26T18:36:11+00:00\" \/>\n<meta property=\"og:image\" content=\"https:\/\/markd.com.br\/models\/wp-content\/uploads\/2022\/04\/52677399-7114-4AAD-9538-E9348E9DF7E3-750x445-1.jpeg\" \/>\n\t<meta property=\"og:image:width\" content=\"750\" \/>\n\t<meta property=\"og:image:height\" content=\"445\" \/>\n\t<meta property=\"og:image:type\" content=\"image\/jpeg\" \/>\n<meta name=\"author\" content=\"Reda\u00e7\u00e3o Reda\u00e7\u00e3o\" \/>\n<meta name=\"twitter:card\" content=\"summary_large_image\" \/>\n<meta name=\"twitter:label1\" content=\"Escrito por\" \/>\n\t<meta name=\"twitter:data1\" content=\"Reda\u00e7\u00e3o Reda\u00e7\u00e3o\" \/>\n\t<meta name=\"twitter:label2\" content=\"Est. tempo de leitura\" \/>\n\t<meta name=\"twitter:data2\" content=\"2 minutos\" \/>\n<script type=\"application\/ld+json\" class=\"yoast-schema-graph\">{\"@context\":\"https:\/\/schema.org\",\"@graph\":[{\"@type\":\"WebPage\",\"@id\":\"https:\/\/markd.com.br\/models\/amiga-enviou-video-de-tempestade-chegando-antes-de-paraquedista-saltar-em-manaus\/\",\"url\":\"https:\/\/markd.com.br\/models\/amiga-enviou-video-de-tempestade-chegando-antes-de-paraquedista-saltar-em-manaus\/\",\"name\":\"Amiga enviou v\u00eddeo de tempestade chegando antes de paraquedista saltar em Manaus - Not\u00edcias de Todos - Models01\",\"isPartOf\":{\"@id\":\"https:\/\/markd.com.br\/models\/#website\"},\"primaryImageOfPage\":{\"@id\":\"https:\/\/markd.com.br\/models\/amiga-enviou-video-de-tempestade-chegando-antes-de-paraquedista-saltar-em-manaus\/#primaryimage\"},\"image\":{\"@id\":\"https:\/\/markd.com.br\/models\/amiga-enviou-video-de-tempestade-chegando-antes-de-paraquedista-saltar-em-manaus\/#primaryimage\"},\"thumbnailUrl\":\"https:\/\/markd.com.br\/models\/wp-content\/uploads\/2022\/04\/52677399-7114-4AAD-9538-E9348E9DF7E3-750x445-1.jpeg\",\"datePublished\":\"2022-04-26T18:36:04+00:00\",\"dateModified\":\"2022-04-26T18:36:11+00:00\",\"author\":{\"@id\":\"https:\/\/markd.com.br\/models\/#\/schema\/person\/c12a77ab487a7262d8bec3c47301ad37\"},\"breadcrumb\":{\"@id\":\"https:\/\/markd.com.br\/models\/amiga-enviou-video-de-tempestade-chegando-antes-de-paraquedista-saltar-em-manaus\/#breadcrumb\"},\"inLanguage\":\"pt-BR\",\"potentialAction\":[{\"@type\":\"ReadAction\",\"target\":[\"https:\/\/markd.com.br\/models\/amiga-enviou-video-de-tempestade-chegando-antes-de-paraquedista-saltar-em-manaus\/\"]}]},{\"@type\":\"ImageObject\",\"inLanguage\":\"pt-BR\",\"@id\":\"https:\/\/markd.com.br\/models\/amiga-enviou-video-de-tempestade-chegando-antes-de-paraquedista-saltar-em-manaus\/#primaryimage\",\"url\":\"https:\/\/markd.com.br\/models\/wp-content\/uploads\/2022\/04\/52677399-7114-4AAD-9538-E9348E9DF7E3-750x445-1.jpeg\",\"contentUrl\":\"https:\/\/markd.com.br\/models\/wp-content\/uploads\/2022\/04\/52677399-7114-4AAD-9538-E9348E9DF7E3-750x445-1.jpeg\",\"width\":750,\"height\":445},{\"@type\":\"BreadcrumbList\",\"@id\":\"https:\/\/markd.com.br\/models\/amiga-enviou-video-de-tempestade-chegando-antes-de-paraquedista-saltar-em-manaus\/#breadcrumb\",\"itemListElement\":[{\"@type\":\"ListItem\",\"position\":1,\"name\":\"In\u00edcio\",\"item\":\"https:\/\/markd.com.br\/models\/\"},{\"@type\":\"ListItem\",\"position\":2,\"name\":\"Amiga enviou v\u00eddeo de tempestade chegando antes de paraquedista saltar em Manaus\"}]},{\"@type\":\"WebSite\",\"@id\":\"https:\/\/markd.com.br\/models\/#website\",\"url\":\"https:\/\/markd.com.br\/models\/\",\"name\":\"Not\u00edcias de Todos - Models01\",\"description\":\"Tenha um Portal de Not\u00edcias Moderno, Din\u00e2mico, R\u00e1pido e Profissional. Entregamos seu Site de  Not\u00edcias Pronto, Instalado, Hospedado, com Manual Passo a Passo e Suporte 24 horas.\",\"potentialAction\":[{\"@type\":\"SearchAction\",\"target\":{\"@type\":\"EntryPoint\",\"urlTemplate\":\"https:\/\/markd.com.br\/models\/?s={search_term_string}\"},\"query-input\":{\"@type\":\"PropertyValueSpecification\",\"valueRequired\":true,\"valueName\":\"search_term_string\"}}],\"inLanguage\":\"pt-BR\"},{\"@type\":\"Person\",\"@id\":\"https:\/\/markd.com.br\/models\/#\/schema\/person\/c12a77ab487a7262d8bec3c47301ad37\",\"name\":\"Reda\u00e7\u00e3o Reda\u00e7\u00e3o\",\"image\":{\"@type\":\"ImageObject\",\"inLanguage\":\"pt-BR\",\"@id\":\"https:\/\/markd.com.br\/models\/#\/schema\/person\/image\/\",\"url\":\"https:\/\/secure.gravatar.com\/avatar\/9448f3599ce269febf169e183039b4a6?s=96&d=mm&r=g\",\"contentUrl\":\"https:\/\/secure.gravatar.com\/avatar\/9448f3599ce269febf169e183039b4a6?s=96&d=mm&r=g\",\"caption\":\"Reda\u00e7\u00e3o Reda\u00e7\u00e3o\"},\"sameAs\":[\"https:\/\/markd.com.br\/\"],\"url\":\"https:\/\/markd.com.br\/models\/author\/redacao\/\"}]}<\/script>\n<!-- \/ Yoast SEO plugin. -->","yoast_head_json":{"title":"Amiga enviou v\u00eddeo de tempestade chegando antes de paraquedista saltar em Manaus - Not\u00edcias de Todos - Models01","robots":{"index":"index","follow":"follow","max-snippet":"max-snippet:-1","max-image-preview":"max-image-preview:large","max-video-preview":"max-video-preview:-1"},"canonical":"https:\/\/markd.com.br\/models\/amiga-enviou-video-de-tempestade-chegando-antes-de-paraquedista-saltar-em-manaus\/","og_locale":"pt_BR","og_type":"article","og_title":"Amiga enviou v\u00eddeo de tempestade chegando antes de paraquedista saltar em Manaus - Not\u00edcias de Todos - Models01","og_description":"&nbsp;A autoriza\u00e7\u00e3o para o voo que levou o paraquedista Luiz Henrique Cardelli e outros 13...","og_url":"https:\/\/markd.com.br\/models\/amiga-enviou-video-de-tempestade-chegando-antes-de-paraquedista-saltar-em-manaus\/","og_site_name":"Not\u00edcias de Todos - Models01","article_published_time":"2022-04-26T18:36:04+00:00","article_modified_time":"2022-04-26T18:36:11+00:00","og_image":[{"width":750,"height":445,"url":"https:\/\/markd.com.br\/models\/wp-content\/uploads\/2022\/04\/52677399-7114-4AAD-9538-E9348E9DF7E3-750x445-1.jpeg","type":"image\/jpeg"}],"author":"Reda\u00e7\u00e3o Reda\u00e7\u00e3o","twitter_card":"summary_large_image","twitter_misc":{"Escrito por":"Reda\u00e7\u00e3o Reda\u00e7\u00e3o","Est. tempo de leitura":"2 minutos"},"schema":{"@context":"https:\/\/schema.org","@graph":[{"@type":"WebPage","@id":"https:\/\/markd.com.br\/models\/amiga-enviou-video-de-tempestade-chegando-antes-de-paraquedista-saltar-em-manaus\/","url":"https:\/\/markd.com.br\/models\/amiga-enviou-video-de-tempestade-chegando-antes-de-paraquedista-saltar-em-manaus\/","name":"Amiga enviou v\u00eddeo de tempestade chegando antes de paraquedista saltar em Manaus - Not\u00edcias de Todos - Models01","isPartOf":{"@id":"https:\/\/markd.com.br\/models\/#website"},"primaryImageOfPage":{"@id":"https:\/\/markd.com.br\/models\/amiga-enviou-video-de-tempestade-chegando-antes-de-paraquedista-saltar-em-manaus\/#primaryimage"},"image":{"@id":"https:\/\/markd.com.br\/models\/amiga-enviou-video-de-tempestade-chegando-antes-de-paraquedista-saltar-em-manaus\/#primaryimage"},"thumbnailUrl":"https:\/\/markd.com.br\/models\/wp-content\/uploads\/2022\/04\/52677399-7114-4AAD-9538-E9348E9DF7E3-750x445-1.jpeg","datePublished":"2022-04-26T18:36:04+00:00","dateModified":"2022-04-26T18:36:11+00:00","author":{"@id":"https:\/\/markd.com.br\/models\/#\/schema\/person\/c12a77ab487a7262d8bec3c47301ad37"},"breadcrumb":{"@id":"https:\/\/markd.com.br\/models\/amiga-enviou-video-de-tempestade-chegando-antes-de-paraquedista-saltar-em-manaus\/#breadcrumb"},"inLanguage":"pt-BR","potentialAction":[{"@type":"ReadAction","target":["https:\/\/markd.com.br\/models\/amiga-enviou-video-de-tempestade-chegando-antes-de-paraquedista-saltar-em-manaus\/"]}]},{"@type":"ImageObject","inLanguage":"pt-BR","@id":"https:\/\/markd.com.br\/models\/amiga-enviou-video-de-tempestade-chegando-antes-de-paraquedista-saltar-em-manaus\/#primaryimage","url":"https:\/\/markd.com.br\/models\/wp-content\/uploads\/2022\/04\/52677399-7114-4AAD-9538-E9348E9DF7E3-750x445-1.jpeg","contentUrl":"https:\/\/markd.com.br\/models\/wp-content\/uploads\/2022\/04\/52677399-7114-4AAD-9538-E9348E9DF7E3-750x445-1.jpeg","width":750,"height":445},{"@type":"BreadcrumbList","@id":"https:\/\/markd.com.br\/models\/amiga-enviou-video-de-tempestade-chegando-antes-de-paraquedista-saltar-em-manaus\/#breadcrumb","itemListElement":[{"@type":"ListItem","position":1,"name":"In\u00edcio","item":"https:\/\/markd.com.br\/models\/"},{"@type":"ListItem","position":2,"name":"Amiga enviou v\u00eddeo de tempestade chegando antes de paraquedista saltar em Manaus"}]},{"@type":"WebSite","@id":"https:\/\/markd.com.br\/models\/#website","url":"https:\/\/markd.com.br\/models\/","name":"Not\u00edcias de Todos - Models01","description":"Tenha um Portal de Not\u00edcias Moderno, Din\u00e2mico, R\u00e1pido e Profissional. Entregamos seu Site de  Not\u00edcias Pronto, Instalado, Hospedado, com Manual Passo a Passo e Suporte 24 horas.","potentialAction":[{"@type":"SearchAction","target":{"@type":"EntryPoint","urlTemplate":"https:\/\/markd.com.br\/models\/?s={search_term_string}"},"query-input":{"@type":"PropertyValueSpecification","valueRequired":true,"valueName":"search_term_string"}}],"inLanguage":"pt-BR"},{"@type":"Person","@id":"https:\/\/markd.com.br\/models\/#\/schema\/person\/c12a77ab487a7262d8bec3c47301ad37","name":"Reda\u00e7\u00e3o Reda\u00e7\u00e3o","image":{"@type":"ImageObject","inLanguage":"pt-BR","@id":"https:\/\/markd.com.br\/models\/#\/schema\/person\/image\/","url":"https:\/\/secure.gravatar.com\/avatar\/9448f3599ce269febf169e183039b4a6?s=96&d=mm&r=g","contentUrl":"https:\/\/secure.gravatar.com\/avatar\/9448f3599ce269febf169e183039b4a6?s=96&d=mm&r=g","caption":"Reda\u00e7\u00e3o Reda\u00e7\u00e3o"},"sameAs":["https:\/\/markd.com.br\/"],"url":"https:\/\/markd.com.br\/models\/author\/redacao\/"}]}},"featured_image_urls":{"full":["https:\/\/markd.com.br\/models\/wp-content\/uploads\/2022\/04\/52677399-7114-4AAD-9538-E9348E9DF7E3-750x445-1.jpeg",750,445,false],"thumbnail":["https:\/\/markd.com.br\/models\/wp-content\/uploads\/2022\/04\/52677399-7114-4AAD-9538-E9348E9DF7E3-750x445-1-150x150.jpeg",150,150,true],"medium":["https:\/\/markd.com.br\/models\/wp-content\/uploads\/2022\/04\/52677399-7114-4AAD-9538-E9348E9DF7E3-750x445-1-300x178.jpeg",300,178,true],"medium_large":["https:\/\/markd.com.br\/models\/wp-content\/uploads\/2022\/04\/52677399-7114-4AAD-9538-E9348E9DF7E3-750x445-1.jpeg",640,380,false],"large":["https:\/\/markd.com.br\/models\/wp-content\/uploads\/2022\/04\/52677399-7114-4AAD-9538-E9348E9DF7E3-750x445-1.jpeg",640,380,false],"1536x1536":["https:\/\/markd.com.br\/models\/wp-content\/uploads\/2022\/04\/52677399-7114-4AAD-9538-E9348E9DF7E3-750x445-1.jpeg",750,445,false],"2048x2048":["https:\/\/markd.com.br\/models\/wp-content\/uploads\/2022\/04\/52677399-7114-4AAD-9538-E9348E9DF7E3-750x445-1.jpeg",750,445,false],"newsphere-slider-full":["https:\/\/markd.com.br\/models\/wp-content\/uploads\/2022\/04\/52677399-7114-4AAD-9538-E9348E9DF7E3-750x445-1.jpeg",750,445,false],"newsphere-featured":["https:\/\/markd.com.br\/models\/wp-content\/uploads\/2022\/04\/52677399-7114-4AAD-9538-E9348E9DF7E3-750x445-1.jpeg",750,445,false],"newsphere-medium":["https:\/\/markd.com.br\/models\/wp-content\/uploads\/2022\/04\/52677399-7114-4AAD-9538-E9348E9DF7E3-750x445-1-720x380.jpeg",720,380,true]},"author_info":{"display_name":"Reda\u00e7\u00e3o Reda\u00e7\u00e3o","author_link":"https:\/\/markd.com.br\/models\/author\/redacao\/"},"category_info":"<a href=\"https:\/\/markd.com.br\/models\/category\/destaques\/\" rel=\"category tag\">destaques<\/a>","tag_info":"destaques","comment_count":"0","jetpack_featured_media_url":"https:\/\/markd.com.br\/models\/wp-content\/uploads\/2022\/04\/52677399-7114-4AAD-9538-E9348E9DF7E3-750x445-1.jpeg","_links":{"self":[{"href":"https:\/\/markd.com.br\/models\/wp-json\/wp\/v2\/posts\/2080","targetHints":{"allow":["GET"]}}],"collection":[{"href":"https:\/\/markd.com.br\/models\/wp-json\/wp\/v2\/posts"}],"about":[{"href":"https:\/\/markd.com.br\/models\/wp-json\/wp\/v2\/types\/post"}],"author":[{"embeddable":true,"href":"https:\/\/markd.com.br\/models\/wp-json\/wp\/v2\/users\/5"}],"replies":[{"embeddable":true,"href":"https:\/\/markd.com.br\/models\/wp-json\/wp\/v2\/comments?post=2080"}],"version-history":[{"count":1,"href":"https:\/\/markd.com.br\/models\/wp-json\/wp\/v2\/posts\/2080\/revisions"}],"predecessor-version":[{"id":2082,"href":"https:\/\/markd.com.br\/models\/wp-json\/wp\/v2\/posts\/2080\/revisions\/2082"}],"wp:featuredmedia":[{"embeddable":true,"href":"https:\/\/markd.com.br\/models\/wp-json\/wp\/v2\/media\/2081"}],"wp:attachment":[{"href":"https:\/\/markd.com.br\/models\/wp-json\/wp\/v2\/media?parent=2080"}],"wp:term":[{"taxonomy":"category","embeddable":true,"href":"https:\/\/markd.com.br\/models\/wp-json\/wp\/v2\/categories?post=2080"},{"taxonomy":"post_tag","embeddable":true,"href":"https:\/\/markd.com.br\/models\/wp-json\/wp\/v2\/tags?post=2080"}],"curies":[{"name":"wp","href":"https:\/\/api.w.org\/{rel}","templated":true}]}}