{"id":2107,"date":"2022-04-26T16:10:24","date_gmt":"2022-04-26T19:10:24","guid":{"rendered":"https:\/\/portaldestaquenoticias.com.br\/?p=2107"},"modified":"2022-04-26T16:10:30","modified_gmt":"2022-04-26T19:10:30","slug":"suspeito-de-matar-sargento-da-policia-militar-em-assalto-e-morto-pela-policia","status":"publish","type":"post","link":"https:\/\/markd.com.br\/models\/suspeito-de-matar-sargento-da-policia-militar-em-assalto-e-morto-pela-policia\/","title":{"rendered":"Suspeito de matar sargento da Pol\u00edcia Militar em assalto \u00e9 morto pela pol\u00edcia."},"content":{"rendered":"\n<p><\/p>\n\n\n\n<p>O jovem Diego Azevedo dos Anjos, suspeito de matar o&nbsp;sargento da Pol\u00edcia Militar Cleto de Paula, na \u00faltima quinta-feira (21), foi morto a tiros pela pol\u00edcia nessa segunda-feira (25), na Zona Leste de&nbsp;Teresina. Segundo a PM, o rapaz tentou escapar do cerco policial e foi baleado.<\/p>\n\n\n\n<p>Segundo o coronel Scheiwann Lopes, comandante geral da Pol\u00edcia Militar, Durante a busca,&nbsp;a m\u00e3e de Diego teria procurado o comando da PM para negociar a rendi\u00e7\u00e3o do filho, mas o rapaz n\u00e3o se entregou.<\/p>\n\n\n\n<p>Os policiais procuravam Diego desde a morte do policial militar, e o localizaram em v\u00e1rios endere\u00e7os. \u201cEle estava se movimentando dentro do terreno de&nbsp;Teresina, querendo fugir. Localizamos ele em v\u00e1rias resid\u00eancias, mas ele conseguia escapar\u201d, disse.<\/p>\n\n\n\n<p>Na noite de segunda-feira (25), Diego foi localizado em uma casa no loteamento Cidade Verde, na Zona Leste de&nbsp;Teresina. Segundo o coronel, os policiais cercaram a casa e deram voz de pris\u00e3o ao suspeito, mas ele ainda assim teria tentado fugir e trocou tiros com os policiais e foi atingido.<\/p>\n\n\n\n<p>Ainda segundo o coronel Scheiwann Lopes,&nbsp;a arma do sargento Cleto que foi roubada no assalto teria sido vendida por Diego logo depois do crime. \u201cSabemos que ele j\u00e1 vendeu a arma e para quem vendeu. Estamos em dilig\u00eancias sobre isso\u201d, disse o coronel.<\/p>\n\n\n\n<p>O caso segue sob investiga\u00e7\u00e3o da Pol\u00edcia Civil, pelo Departamento de Homic\u00eddio e Prote\u00e7\u00e3o \u00e0 Pessoa (DHPP).<\/p>\n\n\n\n<p>Fonte: G1<\/p>\n","protected":false},"excerpt":{"rendered":"<p>O jovem Diego Azevedo dos Anjos, suspeito de matar o&nbsp;sargento da Pol\u00edcia Militar Cleto de&#8230;<\/p>\n","protected":false},"author":5,"featured_media":2108,"comment_status":"open","ping_status":"open","sticky":false,"template":"","format":"standard","meta":{"footnotes":""},"categories":[34],"tags":[72,110,141],"class_list":["post-2107","post","type-post","status-publish","format-standard","has-post-thumbnail","hentry","category-musica","tag-morte","tag-policia-civil","tag-policia-militar"],"yoast_head":"<!-- This site is optimized with the Yoast SEO plugin v24.4 - https:\/\/yoast.com\/wordpress\/plugins\/seo\/ -->\n<title>Suspeito de matar sargento da Pol\u00edcia Militar em assalto \u00e9 morto pela pol\u00edcia. - Not\u00edcias de Todos - Models01<\/title>\n<meta name=\"robots\" content=\"index, follow, max-snippet:-1, max-image-preview:large, max-video-preview:-1\" \/>\n<link rel=\"canonical\" href=\"https:\/\/markd.com.br\/models\/suspeito-de-matar-sargento-da-policia-militar-em-assalto-e-morto-pela-policia\/\" \/>\n<meta property=\"og:locale\" content=\"pt_BR\" \/>\n<meta property=\"og:type\" content=\"article\" \/>\n<meta property=\"og:title\" content=\"Suspeito de matar sargento da Pol\u00edcia Militar em assalto \u00e9 morto pela pol\u00edcia. - Not\u00edcias de Todos - Models01\" \/>\n<meta property=\"og:description\" content=\"O jovem Diego Azevedo dos Anjos, suspeito de matar o&nbsp;sargento da Pol\u00edcia Militar Cleto de...\" \/>\n<meta property=\"og:url\" content=\"https:\/\/markd.com.br\/models\/suspeito-de-matar-sargento-da-policia-militar-em-assalto-e-morto-pela-policia\/\" \/>\n<meta property=\"og:site_name\" content=\"Not\u00edcias de Todos - Models01\" \/>\n<meta property=\"article:published_time\" content=\"2022-04-26T19:10:24+00:00\" \/>\n<meta property=\"article:modified_time\" content=\"2022-04-26T19:10:30+00:00\" \/>\n<meta property=\"og:image\" content=\"https:\/\/markd.com.br\/models\/wp-content\/uploads\/2022\/04\/sargento.jpg\" \/>\n\t<meta property=\"og:image:width\" content=\"640\" \/>\n\t<meta property=\"og:image:height\" content=\"437\" \/>\n\t<meta property=\"og:image:type\" content=\"image\/jpeg\" \/>\n<meta name=\"author\" content=\"Reda\u00e7\u00e3o Reda\u00e7\u00e3o\" \/>\n<meta name=\"twitter:card\" content=\"summary_large_image\" \/>\n<meta name=\"twitter:label1\" content=\"Escrito por\" \/>\n\t<meta name=\"twitter:data1\" content=\"Reda\u00e7\u00e3o Reda\u00e7\u00e3o\" \/>\n\t<meta name=\"twitter:label2\" content=\"Est. tempo de leitura\" \/>\n\t<meta name=\"twitter:data2\" content=\"2 minutos\" \/>\n<script type=\"application\/ld+json\" class=\"yoast-schema-graph\">{\"@context\":\"https:\/\/schema.org\",\"@graph\":[{\"@type\":\"WebPage\",\"@id\":\"https:\/\/markd.com.br\/models\/suspeito-de-matar-sargento-da-policia-militar-em-assalto-e-morto-pela-policia\/\",\"url\":\"https:\/\/markd.com.br\/models\/suspeito-de-matar-sargento-da-policia-militar-em-assalto-e-morto-pela-policia\/\",\"name\":\"Suspeito de matar sargento da Pol\u00edcia Militar em assalto \u00e9 morto pela pol\u00edcia. - Not\u00edcias de Todos - Models01\",\"isPartOf\":{\"@id\":\"https:\/\/markd.com.br\/models\/#website\"},\"primaryImageOfPage\":{\"@id\":\"https:\/\/markd.com.br\/models\/suspeito-de-matar-sargento-da-policia-militar-em-assalto-e-morto-pela-policia\/#primaryimage\"},\"image\":{\"@id\":\"https:\/\/markd.com.br\/models\/suspeito-de-matar-sargento-da-policia-militar-em-assalto-e-morto-pela-policia\/#primaryimage\"},\"thumbnailUrl\":\"https:\/\/markd.com.br\/models\/wp-content\/uploads\/2022\/04\/sargento.jpg\",\"datePublished\":\"2022-04-26T19:10:24+00:00\",\"dateModified\":\"2022-04-26T19:10:30+00:00\",\"author\":{\"@id\":\"https:\/\/markd.com.br\/models\/#\/schema\/person\/c12a77ab487a7262d8bec3c47301ad37\"},\"breadcrumb\":{\"@id\":\"https:\/\/markd.com.br\/models\/suspeito-de-matar-sargento-da-policia-militar-em-assalto-e-morto-pela-policia\/#breadcrumb\"},\"inLanguage\":\"pt-BR\",\"potentialAction\":[{\"@type\":\"ReadAction\",\"target\":[\"https:\/\/markd.com.br\/models\/suspeito-de-matar-sargento-da-policia-militar-em-assalto-e-morto-pela-policia\/\"]}]},{\"@type\":\"ImageObject\",\"inLanguage\":\"pt-BR\",\"@id\":\"https:\/\/markd.com.br\/models\/suspeito-de-matar-sargento-da-policia-militar-em-assalto-e-morto-pela-policia\/#primaryimage\",\"url\":\"https:\/\/markd.com.br\/models\/wp-content\/uploads\/2022\/04\/sargento.jpg\",\"contentUrl\":\"https:\/\/markd.com.br\/models\/wp-content\/uploads\/2022\/04\/sargento.jpg\",\"width\":640,\"height\":437},{\"@type\":\"BreadcrumbList\",\"@id\":\"https:\/\/markd.com.br\/models\/suspeito-de-matar-sargento-da-policia-militar-em-assalto-e-morto-pela-policia\/#breadcrumb\",\"itemListElement\":[{\"@type\":\"ListItem\",\"position\":1,\"name\":\"In\u00edcio\",\"item\":\"https:\/\/markd.com.br\/models\/\"},{\"@type\":\"ListItem\",\"position\":2,\"name\":\"Suspeito de matar sargento da Pol\u00edcia Militar em assalto \u00e9 morto pela pol\u00edcia.\"}]},{\"@type\":\"WebSite\",\"@id\":\"https:\/\/markd.com.br\/models\/#website\",\"url\":\"https:\/\/markd.com.br\/models\/\",\"name\":\"Not\u00edcias de Todos - Models01\",\"description\":\"Tenha um Portal de Not\u00edcias Moderno, Din\u00e2mico, R\u00e1pido e Profissional. Entregamos seu Site de  Not\u00edcias Pronto, Instalado, Hospedado, com Manual Passo a Passo e Suporte 24 horas.\",\"potentialAction\":[{\"@type\":\"SearchAction\",\"target\":{\"@type\":\"EntryPoint\",\"urlTemplate\":\"https:\/\/markd.com.br\/models\/?s={search_term_string}\"},\"query-input\":{\"@type\":\"PropertyValueSpecification\",\"valueRequired\":true,\"valueName\":\"search_term_string\"}}],\"inLanguage\":\"pt-BR\"},{\"@type\":\"Person\",\"@id\":\"https:\/\/markd.com.br\/models\/#\/schema\/person\/c12a77ab487a7262d8bec3c47301ad37\",\"name\":\"Reda\u00e7\u00e3o Reda\u00e7\u00e3o\",\"image\":{\"@type\":\"ImageObject\",\"inLanguage\":\"pt-BR\",\"@id\":\"https:\/\/markd.com.br\/models\/#\/schema\/person\/image\/\",\"url\":\"https:\/\/secure.gravatar.com\/avatar\/9448f3599ce269febf169e183039b4a6?s=96&d=mm&r=g\",\"contentUrl\":\"https:\/\/secure.gravatar.com\/avatar\/9448f3599ce269febf169e183039b4a6?s=96&d=mm&r=g\",\"caption\":\"Reda\u00e7\u00e3o Reda\u00e7\u00e3o\"},\"sameAs\":[\"https:\/\/markd.com.br\/\"],\"url\":\"https:\/\/markd.com.br\/models\/author\/redacao\/\"}]}<\/script>\n<!-- \/ Yoast SEO plugin. -->","yoast_head_json":{"title":"Suspeito de matar sargento da Pol\u00edcia Militar em assalto \u00e9 morto pela pol\u00edcia. - Not\u00edcias de Todos - Models01","robots":{"index":"index","follow":"follow","max-snippet":"max-snippet:-1","max-image-preview":"max-image-preview:large","max-video-preview":"max-video-preview:-1"},"canonical":"https:\/\/markd.com.br\/models\/suspeito-de-matar-sargento-da-policia-militar-em-assalto-e-morto-pela-policia\/","og_locale":"pt_BR","og_type":"article","og_title":"Suspeito de matar sargento da Pol\u00edcia Militar em assalto \u00e9 morto pela pol\u00edcia. - Not\u00edcias de Todos - Models01","og_description":"O jovem Diego Azevedo dos Anjos, suspeito de matar o&nbsp;sargento da Pol\u00edcia Militar Cleto de...","og_url":"https:\/\/markd.com.br\/models\/suspeito-de-matar-sargento-da-policia-militar-em-assalto-e-morto-pela-policia\/","og_site_name":"Not\u00edcias de Todos - Models01","article_published_time":"2022-04-26T19:10:24+00:00","article_modified_time":"2022-04-26T19:10:30+00:00","og_image":[{"width":640,"height":437,"url":"https:\/\/markd.com.br\/models\/wp-content\/uploads\/2022\/04\/sargento.jpg","type":"image\/jpeg"}],"author":"Reda\u00e7\u00e3o Reda\u00e7\u00e3o","twitter_card":"summary_large_image","twitter_misc":{"Escrito por":"Reda\u00e7\u00e3o Reda\u00e7\u00e3o","Est. tempo de leitura":"2 minutos"},"schema":{"@context":"https:\/\/schema.org","@graph":[{"@type":"WebPage","@id":"https:\/\/markd.com.br\/models\/suspeito-de-matar-sargento-da-policia-militar-em-assalto-e-morto-pela-policia\/","url":"https:\/\/markd.com.br\/models\/suspeito-de-matar-sargento-da-policia-militar-em-assalto-e-morto-pela-policia\/","name":"Suspeito de matar sargento da Pol\u00edcia Militar em assalto \u00e9 morto pela pol\u00edcia. - Not\u00edcias de Todos - Models01","isPartOf":{"@id":"https:\/\/markd.com.br\/models\/#website"},"primaryImageOfPage":{"@id":"https:\/\/markd.com.br\/models\/suspeito-de-matar-sargento-da-policia-militar-em-assalto-e-morto-pela-policia\/#primaryimage"},"image":{"@id":"https:\/\/markd.com.br\/models\/suspeito-de-matar-sargento-da-policia-militar-em-assalto-e-morto-pela-policia\/#primaryimage"},"thumbnailUrl":"https:\/\/markd.com.br\/models\/wp-content\/uploads\/2022\/04\/sargento.jpg","datePublished":"2022-04-26T19:10:24+00:00","dateModified":"2022-04-26T19:10:30+00:00","author":{"@id":"https:\/\/markd.com.br\/models\/#\/schema\/person\/c12a77ab487a7262d8bec3c47301ad37"},"breadcrumb":{"@id":"https:\/\/markd.com.br\/models\/suspeito-de-matar-sargento-da-policia-militar-em-assalto-e-morto-pela-policia\/#breadcrumb"},"inLanguage":"pt-BR","potentialAction":[{"@type":"ReadAction","target":["https:\/\/markd.com.br\/models\/suspeito-de-matar-sargento-da-policia-militar-em-assalto-e-morto-pela-policia\/"]}]},{"@type":"ImageObject","inLanguage":"pt-BR","@id":"https:\/\/markd.com.br\/models\/suspeito-de-matar-sargento-da-policia-militar-em-assalto-e-morto-pela-policia\/#primaryimage","url":"https:\/\/markd.com.br\/models\/wp-content\/uploads\/2022\/04\/sargento.jpg","contentUrl":"https:\/\/markd.com.br\/models\/wp-content\/uploads\/2022\/04\/sargento.jpg","width":640,"height":437},{"@type":"BreadcrumbList","@id":"https:\/\/markd.com.br\/models\/suspeito-de-matar-sargento-da-policia-militar-em-assalto-e-morto-pela-policia\/#breadcrumb","itemListElement":[{"@type":"ListItem","position":1,"name":"In\u00edcio","item":"https:\/\/markd.com.br\/models\/"},{"@type":"ListItem","position":2,"name":"Suspeito de matar sargento da Pol\u00edcia Militar em assalto \u00e9 morto pela pol\u00edcia."}]},{"@type":"WebSite","@id":"https:\/\/markd.com.br\/models\/#website","url":"https:\/\/markd.com.br\/models\/","name":"Not\u00edcias de Todos - Models01","description":"Tenha um Portal de Not\u00edcias Moderno, Din\u00e2mico, R\u00e1pido e Profissional. Entregamos seu Site de  Not\u00edcias Pronto, Instalado, Hospedado, com Manual Passo a Passo e Suporte 24 horas.","potentialAction":[{"@type":"SearchAction","target":{"@type":"EntryPoint","urlTemplate":"https:\/\/markd.com.br\/models\/?s={search_term_string}"},"query-input":{"@type":"PropertyValueSpecification","valueRequired":true,"valueName":"search_term_string"}}],"inLanguage":"pt-BR"},{"@type":"Person","@id":"https:\/\/markd.com.br\/models\/#\/schema\/person\/c12a77ab487a7262d8bec3c47301ad37","name":"Reda\u00e7\u00e3o Reda\u00e7\u00e3o","image":{"@type":"ImageObject","inLanguage":"pt-BR","@id":"https:\/\/markd.com.br\/models\/#\/schema\/person\/image\/","url":"https:\/\/secure.gravatar.com\/avatar\/9448f3599ce269febf169e183039b4a6?s=96&d=mm&r=g","contentUrl":"https:\/\/secure.gravatar.com\/avatar\/9448f3599ce269febf169e183039b4a6?s=96&d=mm&r=g","caption":"Reda\u00e7\u00e3o Reda\u00e7\u00e3o"},"sameAs":["https:\/\/markd.com.br\/"],"url":"https:\/\/markd.com.br\/models\/author\/redacao\/"}]}},"featured_image_urls":{"full":["https:\/\/markd.com.br\/models\/wp-content\/uploads\/2022\/04\/sargento.jpg",640,437,false],"thumbnail":["https:\/\/markd.com.br\/models\/wp-content\/uploads\/2022\/04\/sargento-150x150.jpg",150,150,true],"medium":["https:\/\/markd.com.br\/models\/wp-content\/uploads\/2022\/04\/sargento-300x205.jpg",300,205,true],"medium_large":["https:\/\/markd.com.br\/models\/wp-content\/uploads\/2022\/04\/sargento.jpg",640,437,false],"large":["https:\/\/markd.com.br\/models\/wp-content\/uploads\/2022\/04\/sargento.jpg",640,437,false],"1536x1536":["https:\/\/markd.com.br\/models\/wp-content\/uploads\/2022\/04\/sargento.jpg",640,437,false],"2048x2048":["https:\/\/markd.com.br\/models\/wp-content\/uploads\/2022\/04\/sargento.jpg",640,437,false],"newsphere-slider-full":["https:\/\/markd.com.br\/models\/wp-content\/uploads\/2022\/04\/sargento.jpg",640,437,false],"newsphere-featured":["https:\/\/markd.com.br\/models\/wp-content\/uploads\/2022\/04\/sargento.jpg",640,437,false],"newsphere-medium":["https:\/\/markd.com.br\/models\/wp-content\/uploads\/2022\/04\/sargento-640x380.jpg",640,380,true]},"author_info":{"display_name":"Reda\u00e7\u00e3o Reda\u00e7\u00e3o","author_link":"https:\/\/markd.com.br\/models\/author\/redacao\/"},"category_info":"<a href=\"https:\/\/markd.com.br\/models\/category\/musica\/\" rel=\"category tag\">Pol\u00edcia<\/a>","tag_info":"Pol\u00edcia","comment_count":"0","jetpack_featured_media_url":"https:\/\/markd.com.br\/models\/wp-content\/uploads\/2022\/04\/sargento.jpg","_links":{"self":[{"href":"https:\/\/markd.com.br\/models\/wp-json\/wp\/v2\/posts\/2107","targetHints":{"allow":["GET"]}}],"collection":[{"href":"https:\/\/markd.com.br\/models\/wp-json\/wp\/v2\/posts"}],"about":[{"href":"https:\/\/markd.com.br\/models\/wp-json\/wp\/v2\/types\/post"}],"author":[{"embeddable":true,"href":"https:\/\/markd.com.br\/models\/wp-json\/wp\/v2\/users\/5"}],"replies":[{"embeddable":true,"href":"https:\/\/markd.com.br\/models\/wp-json\/wp\/v2\/comments?post=2107"}],"version-history":[{"count":1,"href":"https:\/\/markd.com.br\/models\/wp-json\/wp\/v2\/posts\/2107\/revisions"}],"predecessor-version":[{"id":2109,"href":"https:\/\/markd.com.br\/models\/wp-json\/wp\/v2\/posts\/2107\/revisions\/2109"}],"wp:featuredmedia":[{"embeddable":true,"href":"https:\/\/markd.com.br\/models\/wp-json\/wp\/v2\/media\/2108"}],"wp:attachment":[{"href":"https:\/\/markd.com.br\/models\/wp-json\/wp\/v2\/media?parent=2107"}],"wp:term":[{"taxonomy":"category","embeddable":true,"href":"https:\/\/markd.com.br\/models\/wp-json\/wp\/v2\/categories?post=2107"},{"taxonomy":"post_tag","embeddable":true,"href":"https:\/\/markd.com.br\/models\/wp-json\/wp\/v2\/tags?post=2107"}],"curies":[{"name":"wp","href":"https:\/\/api.w.org\/{rel}","templated":true}]}}