{"id":2171,"date":"2022-07-01T17:54:10","date_gmt":"2022-07-01T20:54:10","guid":{"rendered":"https:\/\/portaldestaquenoticias.com.br\/?p=2171"},"modified":"2022-07-01T17:54:16","modified_gmt":"2022-07-01T20:54:16","slug":"governo-do-estado-lanca-sistema-empresa-facil-em-manaus","status":"publish","type":"post","link":"https:\/\/markd.com.br\/models\/governo-do-estado-lanca-sistema-empresa-facil-em-manaus\/","title":{"rendered":"Governo do Estado lan\u00e7a sistema Empresa F\u00e1cil em Manaus"},"content":{"rendered":"\n<p><\/p>\n\n\n\n<p>Ferramenta estar\u00e1 dispon\u00edvel para os empreendedores a partir da pr\u00f3xima segunda-feira (04\/07)<\/p>\n\n\n\n<p>O Governo do Amazonas, por meio da Junta Comercial do Estado (Jucea), lan\u00e7ou, na manh\u00e3 desta sexta-feira (1\u00ba\/07), na sede da autarquia, o sistema Empresa F\u00e1cil (Balc\u00e3o \u00danico), que permitir\u00e1 a qualquer cidad\u00e3o abrir uma empresa de forma simples e autom\u00e1tica, reduzindo o tempo e os custos para iniciar um neg\u00f3cio.<br>O sistema estar\u00e1 dispon\u00edvel, no portal de servi\u00e7os da autarquia, a partir da pr\u00f3xima segunda-feira (04\/07).<br>Durante a solenidade de lan\u00e7amento, representando o governo do estado, o titular da Secretaria de Estado de Desenvolvimento Econ\u00f4mico, Ci\u00eancia, Tecnologia e Inova\u00e7\u00e3o (Sedecti), ngelus Figueira, destacou o desempenho da junta comercial em melhorar o ambiente de neg\u00f3cios do estado.<br>\u201cNosso respeito pelo desempenho que os senhores est\u00e3o tendo em desburocratizar e agilizar a abertura de novos neg\u00f3cios no estado. O caminho \u00e9 esse. Sucesso\u201d, afirmou.<br>Em discurso, a presidente da autarquia, Maria de Jesus de Lins, disse que o sistema deixar\u00e1 o ambiente de neg\u00f3cios do estado ainda mais atrativo e \u00e1gil para quem quer investir no Amazonas.<br>\u201cProjetos como esse d\u00e3o ao empreendedor mais agilidade e seguran\u00e7a ao constituir seu neg\u00f3cio no nosso estado. O que coloca o Amazonas \u00e0 frente de outros estados\u201d, destacou.<br>O Empresa F\u00e1cil, inicialmente oferecido apenas na capital amazonense para constitui\u00e7\u00e3o de empresas de natureza jur\u00eddica de Empres\u00e1rio Individual e Sociedade Empresarial Limitada, nos portes de Microempresa (ME) e Empresa de Pequeno Porte (EPP), coletar\u00e1 todos os dados necess\u00e1rios para o funcionamento da empresa pelo preenchimento de um formul\u00e1rio eletr\u00f4nico \u00fanico, dispon\u00edvel na internet, pelo site da Jucea.<br>O Amazonas ser\u00e1 o primeiro estado da regi\u00e3o Norte, pelo projeto Empreendedor Digital, a implantar o sistema. A meta da autarquia \u00e9 expandir o projeto para outros munic\u00edpios do estado.<br>Participaram tamb\u00e9m do lan\u00e7amento, representantes dos \u00f3rg\u00e3os integrados da RedeSim-AM que fizeram parte da implanta\u00e7\u00e3o do projeto.<\/p>\n\n\n\n<p>FOTOS: Divulga\u00e7\u00e3o\/ Jucea<br>LEGENDA FOTO1: O titular da Sedecti, ngelus Figueira, destacou o desempenho da junta comercial em melhorar o ambiente de neg\u00f3cios do estado.<\/p>\n\n\n\n<p><\/p>\n","protected":false},"excerpt":{"rendered":"<p>Ferramenta estar\u00e1 dispon\u00edvel para os empreendedores a partir da pr\u00f3xima segunda-feira (04\/07) O Governo do&#8230;<\/p>\n","protected":false},"author":5,"featured_media":2172,"comment_status":"open","ping_status":"open","sticky":false,"template":"","format":"standard","meta":{"footnotes":""},"categories":[51],"tags":[618,52,617],"class_list":["post-2171","post","type-post","status-publish","format-standard","has-post-thumbnail","hentry","category-governo-do-amazonas","tag-empresa-facil","tag-governo-do-amazonas","tag-jucea"],"yoast_head":"<!-- This site is optimized with the Yoast SEO plugin v24.4 - https:\/\/yoast.com\/wordpress\/plugins\/seo\/ -->\n<title>Governo do Estado lan\u00e7a sistema Empresa F\u00e1cil em Manaus - Not\u00edcias de Todos - Models01<\/title>\n<meta name=\"robots\" content=\"index, follow, max-snippet:-1, max-image-preview:large, max-video-preview:-1\" \/>\n<link rel=\"canonical\" href=\"https:\/\/markd.com.br\/models\/governo-do-estado-lanca-sistema-empresa-facil-em-manaus\/\" \/>\n<meta property=\"og:locale\" content=\"pt_BR\" \/>\n<meta property=\"og:type\" content=\"article\" \/>\n<meta property=\"og:title\" content=\"Governo do Estado lan\u00e7a sistema Empresa F\u00e1cil em Manaus - Not\u00edcias de Todos - Models01\" \/>\n<meta property=\"og:description\" content=\"Ferramenta estar\u00e1 dispon\u00edvel para os empreendedores a partir da pr\u00f3xima segunda-feira (04\/07) O Governo do...\" \/>\n<meta property=\"og:url\" content=\"https:\/\/markd.com.br\/models\/governo-do-estado-lanca-sistema-empresa-facil-em-manaus\/\" \/>\n<meta property=\"og:site_name\" content=\"Not\u00edcias de Todos - Models01\" \/>\n<meta property=\"article:published_time\" content=\"2022-07-01T20:54:10+00:00\" \/>\n<meta property=\"article:modified_time\" content=\"2022-07-01T20:54:16+00:00\" \/>\n<meta property=\"og:image\" content=\"https:\/\/markd.com.br\/models\/wp-content\/uploads\/2022\/07\/201418f7-2dfc-44a9-b417-3978f19cf79f-800x445-1.jpg\" \/>\n\t<meta property=\"og:image:width\" content=\"800\" \/>\n\t<meta property=\"og:image:height\" content=\"445\" \/>\n\t<meta property=\"og:image:type\" content=\"image\/jpeg\" \/>\n<meta name=\"author\" content=\"Reda\u00e7\u00e3o Reda\u00e7\u00e3o\" \/>\n<meta name=\"twitter:card\" content=\"summary_large_image\" \/>\n<meta name=\"twitter:label1\" content=\"Escrito por\" \/>\n\t<meta name=\"twitter:data1\" content=\"Reda\u00e7\u00e3o Reda\u00e7\u00e3o\" \/>\n\t<meta name=\"twitter:label2\" content=\"Est. tempo de leitura\" \/>\n\t<meta name=\"twitter:data2\" content=\"2 minutos\" \/>\n<script type=\"application\/ld+json\" class=\"yoast-schema-graph\">{\"@context\":\"https:\/\/schema.org\",\"@graph\":[{\"@type\":\"WebPage\",\"@id\":\"https:\/\/markd.com.br\/models\/governo-do-estado-lanca-sistema-empresa-facil-em-manaus\/\",\"url\":\"https:\/\/markd.com.br\/models\/governo-do-estado-lanca-sistema-empresa-facil-em-manaus\/\",\"name\":\"Governo do Estado lan\u00e7a sistema Empresa F\u00e1cil em Manaus - Not\u00edcias de Todos - Models01\",\"isPartOf\":{\"@id\":\"https:\/\/markd.com.br\/models\/#website\"},\"primaryImageOfPage\":{\"@id\":\"https:\/\/markd.com.br\/models\/governo-do-estado-lanca-sistema-empresa-facil-em-manaus\/#primaryimage\"},\"image\":{\"@id\":\"https:\/\/markd.com.br\/models\/governo-do-estado-lanca-sistema-empresa-facil-em-manaus\/#primaryimage\"},\"thumbnailUrl\":\"https:\/\/markd.com.br\/models\/wp-content\/uploads\/2022\/07\/201418f7-2dfc-44a9-b417-3978f19cf79f-800x445-1.jpg\",\"datePublished\":\"2022-07-01T20:54:10+00:00\",\"dateModified\":\"2022-07-01T20:54:16+00:00\",\"author\":{\"@id\":\"https:\/\/markd.com.br\/models\/#\/schema\/person\/c12a77ab487a7262d8bec3c47301ad37\"},\"breadcrumb\":{\"@id\":\"https:\/\/markd.com.br\/models\/governo-do-estado-lanca-sistema-empresa-facil-em-manaus\/#breadcrumb\"},\"inLanguage\":\"pt-BR\",\"potentialAction\":[{\"@type\":\"ReadAction\",\"target\":[\"https:\/\/markd.com.br\/models\/governo-do-estado-lanca-sistema-empresa-facil-em-manaus\/\"]}]},{\"@type\":\"ImageObject\",\"inLanguage\":\"pt-BR\",\"@id\":\"https:\/\/markd.com.br\/models\/governo-do-estado-lanca-sistema-empresa-facil-em-manaus\/#primaryimage\",\"url\":\"https:\/\/markd.com.br\/models\/wp-content\/uploads\/2022\/07\/201418f7-2dfc-44a9-b417-3978f19cf79f-800x445-1.jpg\",\"contentUrl\":\"https:\/\/markd.com.br\/models\/wp-content\/uploads\/2022\/07\/201418f7-2dfc-44a9-b417-3978f19cf79f-800x445-1.jpg\",\"width\":800,\"height\":445},{\"@type\":\"BreadcrumbList\",\"@id\":\"https:\/\/markd.com.br\/models\/governo-do-estado-lanca-sistema-empresa-facil-em-manaus\/#breadcrumb\",\"itemListElement\":[{\"@type\":\"ListItem\",\"position\":1,\"name\":\"In\u00edcio\",\"item\":\"https:\/\/markd.com.br\/models\/\"},{\"@type\":\"ListItem\",\"position\":2,\"name\":\"Governo do Estado lan\u00e7a sistema Empresa F\u00e1cil em Manaus\"}]},{\"@type\":\"WebSite\",\"@id\":\"https:\/\/markd.com.br\/models\/#website\",\"url\":\"https:\/\/markd.com.br\/models\/\",\"name\":\"Not\u00edcias de Todos - Models01\",\"description\":\"Tenha um Portal de Not\u00edcias Moderno, Din\u00e2mico, R\u00e1pido e Profissional. Entregamos seu Site de  Not\u00edcias Pronto, Instalado, Hospedado, com Manual Passo a Passo e Suporte 24 horas.\",\"potentialAction\":[{\"@type\":\"SearchAction\",\"target\":{\"@type\":\"EntryPoint\",\"urlTemplate\":\"https:\/\/markd.com.br\/models\/?s={search_term_string}\"},\"query-input\":{\"@type\":\"PropertyValueSpecification\",\"valueRequired\":true,\"valueName\":\"search_term_string\"}}],\"inLanguage\":\"pt-BR\"},{\"@type\":\"Person\",\"@id\":\"https:\/\/markd.com.br\/models\/#\/schema\/person\/c12a77ab487a7262d8bec3c47301ad37\",\"name\":\"Reda\u00e7\u00e3o Reda\u00e7\u00e3o\",\"image\":{\"@type\":\"ImageObject\",\"inLanguage\":\"pt-BR\",\"@id\":\"https:\/\/markd.com.br\/models\/#\/schema\/person\/image\/\",\"url\":\"https:\/\/secure.gravatar.com\/avatar\/9448f3599ce269febf169e183039b4a6?s=96&d=mm&r=g\",\"contentUrl\":\"https:\/\/secure.gravatar.com\/avatar\/9448f3599ce269febf169e183039b4a6?s=96&d=mm&r=g\",\"caption\":\"Reda\u00e7\u00e3o Reda\u00e7\u00e3o\"},\"sameAs\":[\"https:\/\/markd.com.br\/\"],\"url\":\"https:\/\/markd.com.br\/models\/author\/redacao\/\"}]}<\/script>\n<!-- \/ Yoast SEO plugin. -->","yoast_head_json":{"title":"Governo do Estado lan\u00e7a sistema Empresa F\u00e1cil em Manaus - Not\u00edcias de Todos - Models01","robots":{"index":"index","follow":"follow","max-snippet":"max-snippet:-1","max-image-preview":"max-image-preview:large","max-video-preview":"max-video-preview:-1"},"canonical":"https:\/\/markd.com.br\/models\/governo-do-estado-lanca-sistema-empresa-facil-em-manaus\/","og_locale":"pt_BR","og_type":"article","og_title":"Governo do Estado lan\u00e7a sistema Empresa F\u00e1cil em Manaus - Not\u00edcias de Todos - Models01","og_description":"Ferramenta estar\u00e1 dispon\u00edvel para os empreendedores a partir da pr\u00f3xima segunda-feira (04\/07) O Governo do...","og_url":"https:\/\/markd.com.br\/models\/governo-do-estado-lanca-sistema-empresa-facil-em-manaus\/","og_site_name":"Not\u00edcias de Todos - Models01","article_published_time":"2022-07-01T20:54:10+00:00","article_modified_time":"2022-07-01T20:54:16+00:00","og_image":[{"width":800,"height":445,"url":"https:\/\/markd.com.br\/models\/wp-content\/uploads\/2022\/07\/201418f7-2dfc-44a9-b417-3978f19cf79f-800x445-1.jpg","type":"image\/jpeg"}],"author":"Reda\u00e7\u00e3o Reda\u00e7\u00e3o","twitter_card":"summary_large_image","twitter_misc":{"Escrito por":"Reda\u00e7\u00e3o Reda\u00e7\u00e3o","Est. tempo de leitura":"2 minutos"},"schema":{"@context":"https:\/\/schema.org","@graph":[{"@type":"WebPage","@id":"https:\/\/markd.com.br\/models\/governo-do-estado-lanca-sistema-empresa-facil-em-manaus\/","url":"https:\/\/markd.com.br\/models\/governo-do-estado-lanca-sistema-empresa-facil-em-manaus\/","name":"Governo do Estado lan\u00e7a sistema Empresa F\u00e1cil em Manaus - Not\u00edcias de Todos - Models01","isPartOf":{"@id":"https:\/\/markd.com.br\/models\/#website"},"primaryImageOfPage":{"@id":"https:\/\/markd.com.br\/models\/governo-do-estado-lanca-sistema-empresa-facil-em-manaus\/#primaryimage"},"image":{"@id":"https:\/\/markd.com.br\/models\/governo-do-estado-lanca-sistema-empresa-facil-em-manaus\/#primaryimage"},"thumbnailUrl":"https:\/\/markd.com.br\/models\/wp-content\/uploads\/2022\/07\/201418f7-2dfc-44a9-b417-3978f19cf79f-800x445-1.jpg","datePublished":"2022-07-01T20:54:10+00:00","dateModified":"2022-07-01T20:54:16+00:00","author":{"@id":"https:\/\/markd.com.br\/models\/#\/schema\/person\/c12a77ab487a7262d8bec3c47301ad37"},"breadcrumb":{"@id":"https:\/\/markd.com.br\/models\/governo-do-estado-lanca-sistema-empresa-facil-em-manaus\/#breadcrumb"},"inLanguage":"pt-BR","potentialAction":[{"@type":"ReadAction","target":["https:\/\/markd.com.br\/models\/governo-do-estado-lanca-sistema-empresa-facil-em-manaus\/"]}]},{"@type":"ImageObject","inLanguage":"pt-BR","@id":"https:\/\/markd.com.br\/models\/governo-do-estado-lanca-sistema-empresa-facil-em-manaus\/#primaryimage","url":"https:\/\/markd.com.br\/models\/wp-content\/uploads\/2022\/07\/201418f7-2dfc-44a9-b417-3978f19cf79f-800x445-1.jpg","contentUrl":"https:\/\/markd.com.br\/models\/wp-content\/uploads\/2022\/07\/201418f7-2dfc-44a9-b417-3978f19cf79f-800x445-1.jpg","width":800,"height":445},{"@type":"BreadcrumbList","@id":"https:\/\/markd.com.br\/models\/governo-do-estado-lanca-sistema-empresa-facil-em-manaus\/#breadcrumb","itemListElement":[{"@type":"ListItem","position":1,"name":"In\u00edcio","item":"https:\/\/markd.com.br\/models\/"},{"@type":"ListItem","position":2,"name":"Governo do Estado lan\u00e7a sistema Empresa F\u00e1cil em Manaus"}]},{"@type":"WebSite","@id":"https:\/\/markd.com.br\/models\/#website","url":"https:\/\/markd.com.br\/models\/","name":"Not\u00edcias de Todos - Models01","description":"Tenha um Portal de Not\u00edcias Moderno, Din\u00e2mico, R\u00e1pido e Profissional. Entregamos seu Site de  Not\u00edcias Pronto, Instalado, Hospedado, com Manual Passo a Passo e Suporte 24 horas.","potentialAction":[{"@type":"SearchAction","target":{"@type":"EntryPoint","urlTemplate":"https:\/\/markd.com.br\/models\/?s={search_term_string}"},"query-input":{"@type":"PropertyValueSpecification","valueRequired":true,"valueName":"search_term_string"}}],"inLanguage":"pt-BR"},{"@type":"Person","@id":"https:\/\/markd.com.br\/models\/#\/schema\/person\/c12a77ab487a7262d8bec3c47301ad37","name":"Reda\u00e7\u00e3o Reda\u00e7\u00e3o","image":{"@type":"ImageObject","inLanguage":"pt-BR","@id":"https:\/\/markd.com.br\/models\/#\/schema\/person\/image\/","url":"https:\/\/secure.gravatar.com\/avatar\/9448f3599ce269febf169e183039b4a6?s=96&d=mm&r=g","contentUrl":"https:\/\/secure.gravatar.com\/avatar\/9448f3599ce269febf169e183039b4a6?s=96&d=mm&r=g","caption":"Reda\u00e7\u00e3o Reda\u00e7\u00e3o"},"sameAs":["https:\/\/markd.com.br\/"],"url":"https:\/\/markd.com.br\/models\/author\/redacao\/"}]}},"featured_image_urls":{"full":["https:\/\/markd.com.br\/models\/wp-content\/uploads\/2022\/07\/201418f7-2dfc-44a9-b417-3978f19cf79f-800x445-1.jpg",800,445,false],"thumbnail":["https:\/\/markd.com.br\/models\/wp-content\/uploads\/2022\/07\/201418f7-2dfc-44a9-b417-3978f19cf79f-800x445-1-150x150.jpg",150,150,true],"medium":["https:\/\/markd.com.br\/models\/wp-content\/uploads\/2022\/07\/201418f7-2dfc-44a9-b417-3978f19cf79f-800x445-1-300x167.jpg",300,167,true],"medium_large":["https:\/\/markd.com.br\/models\/wp-content\/uploads\/2022\/07\/201418f7-2dfc-44a9-b417-3978f19cf79f-800x445-1-768x427.jpg",640,356,true],"large":["https:\/\/markd.com.br\/models\/wp-content\/uploads\/2022\/07\/201418f7-2dfc-44a9-b417-3978f19cf79f-800x445-1.jpg",640,356,false],"1536x1536":["https:\/\/markd.com.br\/models\/wp-content\/uploads\/2022\/07\/201418f7-2dfc-44a9-b417-3978f19cf79f-800x445-1.jpg",800,445,false],"2048x2048":["https:\/\/markd.com.br\/models\/wp-content\/uploads\/2022\/07\/201418f7-2dfc-44a9-b417-3978f19cf79f-800x445-1.jpg",800,445,false],"newsphere-slider-full":["https:\/\/markd.com.br\/models\/wp-content\/uploads\/2022\/07\/201418f7-2dfc-44a9-b417-3978f19cf79f-800x445-1.jpg",800,445,false],"newsphere-featured":["https:\/\/markd.com.br\/models\/wp-content\/uploads\/2022\/07\/201418f7-2dfc-44a9-b417-3978f19cf79f-800x445-1.jpg",800,445,false],"newsphere-medium":["https:\/\/markd.com.br\/models\/wp-content\/uploads\/2022\/07\/201418f7-2dfc-44a9-b417-3978f19cf79f-800x445-1-720x380.jpg",720,380,true]},"author_info":{"display_name":"Reda\u00e7\u00e3o Reda\u00e7\u00e3o","author_link":"https:\/\/markd.com.br\/models\/author\/redacao\/"},"category_info":"<a href=\"https:\/\/markd.com.br\/models\/category\/governo-do-amazonas\/\" rel=\"category tag\">Governo do amazonas<\/a>","tag_info":"Governo do amazonas","comment_count":"0","jetpack_featured_media_url":"https:\/\/markd.com.br\/models\/wp-content\/uploads\/2022\/07\/201418f7-2dfc-44a9-b417-3978f19cf79f-800x445-1.jpg","_links":{"self":[{"href":"https:\/\/markd.com.br\/models\/wp-json\/wp\/v2\/posts\/2171","targetHints":{"allow":["GET"]}}],"collection":[{"href":"https:\/\/markd.com.br\/models\/wp-json\/wp\/v2\/posts"}],"about":[{"href":"https:\/\/markd.com.br\/models\/wp-json\/wp\/v2\/types\/post"}],"author":[{"embeddable":true,"href":"https:\/\/markd.com.br\/models\/wp-json\/wp\/v2\/users\/5"}],"replies":[{"embeddable":true,"href":"https:\/\/markd.com.br\/models\/wp-json\/wp\/v2\/comments?post=2171"}],"version-history":[{"count":1,"href":"https:\/\/markd.com.br\/models\/wp-json\/wp\/v2\/posts\/2171\/revisions"}],"predecessor-version":[{"id":2173,"href":"https:\/\/markd.com.br\/models\/wp-json\/wp\/v2\/posts\/2171\/revisions\/2173"}],"wp:featuredmedia":[{"embeddable":true,"href":"https:\/\/markd.com.br\/models\/wp-json\/wp\/v2\/media\/2172"}],"wp:attachment":[{"href":"https:\/\/markd.com.br\/models\/wp-json\/wp\/v2\/media?parent=2171"}],"wp:term":[{"taxonomy":"category","embeddable":true,"href":"https:\/\/markd.com.br\/models\/wp-json\/wp\/v2\/categories?post=2171"},{"taxonomy":"post_tag","embeddable":true,"href":"https:\/\/markd.com.br\/models\/wp-json\/wp\/v2\/tags?post=2171"}],"curies":[{"name":"wp","href":"https:\/\/api.w.org\/{rel}","templated":true}]}}