{"id":2174,"date":"2022-07-01T17:58:12","date_gmt":"2022-07-01T20:58:12","guid":{"rendered":"https:\/\/portaldestaquenoticias.com.br\/?p=2174"},"modified":"2022-07-01T17:58:15","modified_gmt":"2022-07-01T20:58:15","slug":"projeto-saude-e-turismo-e-implementado-por-divisao-distrital-zonal-da-semed","status":"publish","type":"post","link":"https:\/\/markd.com.br\/models\/projeto-saude-e-turismo-e-implementado-por-divisao-distrital-zonal-da-semed\/","title":{"rendered":"Projeto \u2018Sa\u00fade e Turismo\u2019 \u00e9 implementado por Divis\u00e3o Distrital Zonal da Semed"},"content":{"rendered":"\n<p><\/p>\n\n\n\n<p>Como forma de impulsionar o turismo na cidade e mostrar a import\u00e2ncia de uma vida mais saud\u00e1vel aos professores da&nbsp;Prefeitura de Manaus,&nbsp;a chefe da Divis\u00e3o Distrital Zonal (DDZ) Leste 2, Socorro Duarte, apresentou, nesta sexta-feira, 1\u00ba\/7, o projeto \u201cSa\u00fade e Turismo\u201d. A programa\u00e7\u00e3o contou com uma concentra\u00e7\u00e3o dos servidores no instituto Soka Amaz\u00f4nia, zona Leste da cidade.<\/p>\n\n\n\n<p>A iniciativa tem como principal objetivo evidenciar a import\u00e2ncia de realizar atividades f\u00edsicas, como h\u00e1bito saud\u00e1vel, e para que os servidores conhe\u00e7am os pontos tur\u00edsticos de Manaus, podendo, assim, ter conhecimento sobre a Biodiversidade, Gastronomia, Hist\u00f3ria e outras \u00e1reas.<\/p>\n\n\n\n<p>Participaram da a\u00e7\u00e3o, gestores, pedagogos, assessores pedag\u00f3gicos e servidores da infraestrutura e da administra\u00e7\u00e3o das unidades de ensino da DDZ Leste 2.<\/p>\n\n\n\n<p>A chefe da DDZ Leste 2, Socorro Duarte, destacou a import\u00e2ncia de incentivar os servidores, por meio de estrat\u00e9gias educativas, visando a preven\u00e7\u00e3o e redu\u00e7\u00e3o dos \u00edndices de sedentarismo.&nbsp;\u201cSemanalmente, n\u00f3s vamos visitar o ponto tur\u00edstico, s\u00f3&nbsp;que nesse ponto tur\u00edstico tamb\u00e9m a gente est\u00e1&nbsp;fazendo uma atividade f\u00edsica, n\u00e3o&nbsp;\u00e9&nbsp;visitar por visitar. A ideia&nbsp;\u00e9&nbsp;conhecerem hoje o Soka e depois divulgarem a experi\u00eancia, trazendo as escolas, trazendo os alunos. A pr\u00e1tica de exerc\u00edcio f\u00edsico \u00e9 extremamente necess\u00e1ria, para alcan\u00e7armos a excel\u00eancia da nossa sa\u00fade\u201d, disse Socorro Duarte.<\/p>\n\n\n\n<p>A professora e pedagoga do Centro Municipal de Atendimento Sociopsicopedag\u00f3gico (Cemasp), Maria Simone, explicou que o evento foi pensado para valorizar a pr\u00e1tica esportiva e o turismo na cidade.<\/p>\n\n\n\n<p>\u201c\u00c9 muito importante trabalhar essa tem\u00e1tica, porque muitos professores ficam muito presos em salas de aulas e eles n\u00e3o t\u00eam esse incentivo de estar cuidando da sa\u00fade. E, agora, por meio desse projeto, n\u00f3s podemos fazer mais exerc\u00edcios, cuidar mais da sa\u00fade e ainda sair com a nossa fam\u00edlia, para conhecer esses pontos tur\u00edsticos de Manaus\u201d, finalizou.<\/p>\n\n\n\n<p>\u2014 \u2014 \u2014<\/p>\n\n\n\n<p><strong>Texto<\/strong>&nbsp;\u2013 Ricardo Ramos \/ Semed<\/p>\n\n\n\n<p><strong>Fotos<\/strong>&nbsp;\u2013 Tha\u00eds Ara\u00fajo \/ Semed<\/p>\n","protected":false},"excerpt":{"rendered":"<p>Como forma de impulsionar o turismo na cidade e mostrar a import\u00e2ncia de uma vida&#8230;<\/p>\n","protected":false},"author":5,"featured_media":2175,"comment_status":"open","ping_status":"open","sticky":false,"template":"","format":"standard","meta":{"footnotes":""},"categories":[35],"tags":[619,43,411],"class_list":["post-2174","post","type-post","status-publish","format-standard","has-post-thumbnail","hentry","category-prefeitura-de-manaus","tag-ddz","tag-prefeitura-de-manaus","tag-semed"],"yoast_head":"<!-- This site is optimized with the Yoast SEO plugin v24.4 - https:\/\/yoast.com\/wordpress\/plugins\/seo\/ -->\n<title>Projeto \u2018Sa\u00fade e Turismo\u2019 \u00e9 implementado por Divis\u00e3o Distrital Zonal da Semed - Not\u00edcias de Todos - Models01<\/title>\n<meta name=\"robots\" content=\"index, follow, max-snippet:-1, max-image-preview:large, max-video-preview:-1\" \/>\n<link rel=\"canonical\" href=\"https:\/\/markd.com.br\/models\/projeto-saude-e-turismo-e-implementado-por-divisao-distrital-zonal-da-semed\/\" \/>\n<meta property=\"og:locale\" content=\"pt_BR\" \/>\n<meta property=\"og:type\" content=\"article\" \/>\n<meta property=\"og:title\" content=\"Projeto \u2018Sa\u00fade e Turismo\u2019 \u00e9 implementado por Divis\u00e3o Distrital Zonal da Semed - Not\u00edcias de Todos - Models01\" \/>\n<meta property=\"og:description\" content=\"Como forma de impulsionar o turismo na cidade e mostrar a import\u00e2ncia de uma vida...\" \/>\n<meta property=\"og:url\" content=\"https:\/\/markd.com.br\/models\/projeto-saude-e-turismo-e-implementado-por-divisao-distrital-zonal-da-semed\/\" \/>\n<meta property=\"og:site_name\" content=\"Not\u00edcias de Todos - Models01\" \/>\n<meta property=\"article:published_time\" content=\"2022-07-01T20:58:12+00:00\" \/>\n<meta property=\"article:modified_time\" content=\"2022-07-01T20:58:15+00:00\" \/>\n<meta property=\"og:image\" content=\"https:\/\/markd.com.br\/models\/wp-content\/uploads\/2022\/07\/Semed-4-1-640x445-1.jpg\" \/>\n\t<meta property=\"og:image:width\" content=\"640\" \/>\n\t<meta property=\"og:image:height\" content=\"445\" \/>\n\t<meta property=\"og:image:type\" content=\"image\/jpeg\" \/>\n<meta name=\"author\" content=\"Reda\u00e7\u00e3o Reda\u00e7\u00e3o\" \/>\n<meta name=\"twitter:card\" content=\"summary_large_image\" \/>\n<meta name=\"twitter:label1\" content=\"Escrito por\" \/>\n\t<meta name=\"twitter:data1\" content=\"Reda\u00e7\u00e3o Reda\u00e7\u00e3o\" \/>\n\t<meta name=\"twitter:label2\" content=\"Est. tempo de leitura\" \/>\n\t<meta name=\"twitter:data2\" content=\"2 minutos\" \/>\n<script type=\"application\/ld+json\" class=\"yoast-schema-graph\">{\"@context\":\"https:\/\/schema.org\",\"@graph\":[{\"@type\":\"WebPage\",\"@id\":\"https:\/\/markd.com.br\/models\/projeto-saude-e-turismo-e-implementado-por-divisao-distrital-zonal-da-semed\/\",\"url\":\"https:\/\/markd.com.br\/models\/projeto-saude-e-turismo-e-implementado-por-divisao-distrital-zonal-da-semed\/\",\"name\":\"Projeto \u2018Sa\u00fade e Turismo\u2019 \u00e9 implementado por Divis\u00e3o Distrital Zonal da Semed - Not\u00edcias de Todos - Models01\",\"isPartOf\":{\"@id\":\"https:\/\/markd.com.br\/models\/#website\"},\"primaryImageOfPage\":{\"@id\":\"https:\/\/markd.com.br\/models\/projeto-saude-e-turismo-e-implementado-por-divisao-distrital-zonal-da-semed\/#primaryimage\"},\"image\":{\"@id\":\"https:\/\/markd.com.br\/models\/projeto-saude-e-turismo-e-implementado-por-divisao-distrital-zonal-da-semed\/#primaryimage\"},\"thumbnailUrl\":\"https:\/\/markd.com.br\/models\/wp-content\/uploads\/2022\/07\/Semed-4-1-640x445-1.jpg\",\"datePublished\":\"2022-07-01T20:58:12+00:00\",\"dateModified\":\"2022-07-01T20:58:15+00:00\",\"author\":{\"@id\":\"https:\/\/markd.com.br\/models\/#\/schema\/person\/c12a77ab487a7262d8bec3c47301ad37\"},\"breadcrumb\":{\"@id\":\"https:\/\/markd.com.br\/models\/projeto-saude-e-turismo-e-implementado-por-divisao-distrital-zonal-da-semed\/#breadcrumb\"},\"inLanguage\":\"pt-BR\",\"potentialAction\":[{\"@type\":\"ReadAction\",\"target\":[\"https:\/\/markd.com.br\/models\/projeto-saude-e-turismo-e-implementado-por-divisao-distrital-zonal-da-semed\/\"]}]},{\"@type\":\"ImageObject\",\"inLanguage\":\"pt-BR\",\"@id\":\"https:\/\/markd.com.br\/models\/projeto-saude-e-turismo-e-implementado-por-divisao-distrital-zonal-da-semed\/#primaryimage\",\"url\":\"https:\/\/markd.com.br\/models\/wp-content\/uploads\/2022\/07\/Semed-4-1-640x445-1.jpg\",\"contentUrl\":\"https:\/\/markd.com.br\/models\/wp-content\/uploads\/2022\/07\/Semed-4-1-640x445-1.jpg\",\"width\":640,\"height\":445},{\"@type\":\"BreadcrumbList\",\"@id\":\"https:\/\/markd.com.br\/models\/projeto-saude-e-turismo-e-implementado-por-divisao-distrital-zonal-da-semed\/#breadcrumb\",\"itemListElement\":[{\"@type\":\"ListItem\",\"position\":1,\"name\":\"In\u00edcio\",\"item\":\"https:\/\/markd.com.br\/models\/\"},{\"@type\":\"ListItem\",\"position\":2,\"name\":\"Projeto \u2018Sa\u00fade e Turismo\u2019 \u00e9 implementado por Divis\u00e3o Distrital Zonal da Semed\"}]},{\"@type\":\"WebSite\",\"@id\":\"https:\/\/markd.com.br\/models\/#website\",\"url\":\"https:\/\/markd.com.br\/models\/\",\"name\":\"Not\u00edcias de Todos - Models01\",\"description\":\"Tenha um Portal de Not\u00edcias Moderno, Din\u00e2mico, R\u00e1pido e Profissional. Entregamos seu Site de  Not\u00edcias Pronto, Instalado, Hospedado, com Manual Passo a Passo e Suporte 24 horas.\",\"potentialAction\":[{\"@type\":\"SearchAction\",\"target\":{\"@type\":\"EntryPoint\",\"urlTemplate\":\"https:\/\/markd.com.br\/models\/?s={search_term_string}\"},\"query-input\":{\"@type\":\"PropertyValueSpecification\",\"valueRequired\":true,\"valueName\":\"search_term_string\"}}],\"inLanguage\":\"pt-BR\"},{\"@type\":\"Person\",\"@id\":\"https:\/\/markd.com.br\/models\/#\/schema\/person\/c12a77ab487a7262d8bec3c47301ad37\",\"name\":\"Reda\u00e7\u00e3o Reda\u00e7\u00e3o\",\"image\":{\"@type\":\"ImageObject\",\"inLanguage\":\"pt-BR\",\"@id\":\"https:\/\/markd.com.br\/models\/#\/schema\/person\/image\/\",\"url\":\"https:\/\/secure.gravatar.com\/avatar\/9448f3599ce269febf169e183039b4a6?s=96&d=mm&r=g\",\"contentUrl\":\"https:\/\/secure.gravatar.com\/avatar\/9448f3599ce269febf169e183039b4a6?s=96&d=mm&r=g\",\"caption\":\"Reda\u00e7\u00e3o Reda\u00e7\u00e3o\"},\"sameAs\":[\"https:\/\/markd.com.br\/\"],\"url\":\"https:\/\/markd.com.br\/models\/author\/redacao\/\"}]}<\/script>\n<!-- \/ Yoast SEO plugin. -->","yoast_head_json":{"title":"Projeto \u2018Sa\u00fade e Turismo\u2019 \u00e9 implementado por Divis\u00e3o Distrital Zonal da Semed - Not\u00edcias de Todos - Models01","robots":{"index":"index","follow":"follow","max-snippet":"max-snippet:-1","max-image-preview":"max-image-preview:large","max-video-preview":"max-video-preview:-1"},"canonical":"https:\/\/markd.com.br\/models\/projeto-saude-e-turismo-e-implementado-por-divisao-distrital-zonal-da-semed\/","og_locale":"pt_BR","og_type":"article","og_title":"Projeto \u2018Sa\u00fade e Turismo\u2019 \u00e9 implementado por Divis\u00e3o Distrital Zonal da Semed - Not\u00edcias de Todos - Models01","og_description":"Como forma de impulsionar o turismo na cidade e mostrar a import\u00e2ncia de uma vida...","og_url":"https:\/\/markd.com.br\/models\/projeto-saude-e-turismo-e-implementado-por-divisao-distrital-zonal-da-semed\/","og_site_name":"Not\u00edcias de Todos - Models01","article_published_time":"2022-07-01T20:58:12+00:00","article_modified_time":"2022-07-01T20:58:15+00:00","og_image":[{"width":640,"height":445,"url":"https:\/\/markd.com.br\/models\/wp-content\/uploads\/2022\/07\/Semed-4-1-640x445-1.jpg","type":"image\/jpeg"}],"author":"Reda\u00e7\u00e3o Reda\u00e7\u00e3o","twitter_card":"summary_large_image","twitter_misc":{"Escrito por":"Reda\u00e7\u00e3o Reda\u00e7\u00e3o","Est. tempo de leitura":"2 minutos"},"schema":{"@context":"https:\/\/schema.org","@graph":[{"@type":"WebPage","@id":"https:\/\/markd.com.br\/models\/projeto-saude-e-turismo-e-implementado-por-divisao-distrital-zonal-da-semed\/","url":"https:\/\/markd.com.br\/models\/projeto-saude-e-turismo-e-implementado-por-divisao-distrital-zonal-da-semed\/","name":"Projeto \u2018Sa\u00fade e Turismo\u2019 \u00e9 implementado por Divis\u00e3o Distrital Zonal da Semed - Not\u00edcias de Todos - Models01","isPartOf":{"@id":"https:\/\/markd.com.br\/models\/#website"},"primaryImageOfPage":{"@id":"https:\/\/markd.com.br\/models\/projeto-saude-e-turismo-e-implementado-por-divisao-distrital-zonal-da-semed\/#primaryimage"},"image":{"@id":"https:\/\/markd.com.br\/models\/projeto-saude-e-turismo-e-implementado-por-divisao-distrital-zonal-da-semed\/#primaryimage"},"thumbnailUrl":"https:\/\/markd.com.br\/models\/wp-content\/uploads\/2022\/07\/Semed-4-1-640x445-1.jpg","datePublished":"2022-07-01T20:58:12+00:00","dateModified":"2022-07-01T20:58:15+00:00","author":{"@id":"https:\/\/markd.com.br\/models\/#\/schema\/person\/c12a77ab487a7262d8bec3c47301ad37"},"breadcrumb":{"@id":"https:\/\/markd.com.br\/models\/projeto-saude-e-turismo-e-implementado-por-divisao-distrital-zonal-da-semed\/#breadcrumb"},"inLanguage":"pt-BR","potentialAction":[{"@type":"ReadAction","target":["https:\/\/markd.com.br\/models\/projeto-saude-e-turismo-e-implementado-por-divisao-distrital-zonal-da-semed\/"]}]},{"@type":"ImageObject","inLanguage":"pt-BR","@id":"https:\/\/markd.com.br\/models\/projeto-saude-e-turismo-e-implementado-por-divisao-distrital-zonal-da-semed\/#primaryimage","url":"https:\/\/markd.com.br\/models\/wp-content\/uploads\/2022\/07\/Semed-4-1-640x445-1.jpg","contentUrl":"https:\/\/markd.com.br\/models\/wp-content\/uploads\/2022\/07\/Semed-4-1-640x445-1.jpg","width":640,"height":445},{"@type":"BreadcrumbList","@id":"https:\/\/markd.com.br\/models\/projeto-saude-e-turismo-e-implementado-por-divisao-distrital-zonal-da-semed\/#breadcrumb","itemListElement":[{"@type":"ListItem","position":1,"name":"In\u00edcio","item":"https:\/\/markd.com.br\/models\/"},{"@type":"ListItem","position":2,"name":"Projeto \u2018Sa\u00fade e Turismo\u2019 \u00e9 implementado por Divis\u00e3o Distrital Zonal da Semed"}]},{"@type":"WebSite","@id":"https:\/\/markd.com.br\/models\/#website","url":"https:\/\/markd.com.br\/models\/","name":"Not\u00edcias de Todos - Models01","description":"Tenha um Portal de Not\u00edcias Moderno, Din\u00e2mico, R\u00e1pido e Profissional. Entregamos seu Site de  Not\u00edcias Pronto, Instalado, Hospedado, com Manual Passo a Passo e Suporte 24 horas.","potentialAction":[{"@type":"SearchAction","target":{"@type":"EntryPoint","urlTemplate":"https:\/\/markd.com.br\/models\/?s={search_term_string}"},"query-input":{"@type":"PropertyValueSpecification","valueRequired":true,"valueName":"search_term_string"}}],"inLanguage":"pt-BR"},{"@type":"Person","@id":"https:\/\/markd.com.br\/models\/#\/schema\/person\/c12a77ab487a7262d8bec3c47301ad37","name":"Reda\u00e7\u00e3o Reda\u00e7\u00e3o","image":{"@type":"ImageObject","inLanguage":"pt-BR","@id":"https:\/\/markd.com.br\/models\/#\/schema\/person\/image\/","url":"https:\/\/secure.gravatar.com\/avatar\/9448f3599ce269febf169e183039b4a6?s=96&d=mm&r=g","contentUrl":"https:\/\/secure.gravatar.com\/avatar\/9448f3599ce269febf169e183039b4a6?s=96&d=mm&r=g","caption":"Reda\u00e7\u00e3o Reda\u00e7\u00e3o"},"sameAs":["https:\/\/markd.com.br\/"],"url":"https:\/\/markd.com.br\/models\/author\/redacao\/"}]}},"featured_image_urls":{"full":["https:\/\/markd.com.br\/models\/wp-content\/uploads\/2022\/07\/Semed-4-1-640x445-1.jpg",640,445,false],"thumbnail":["https:\/\/markd.com.br\/models\/wp-content\/uploads\/2022\/07\/Semed-4-1-640x445-1-150x150.jpg",150,150,true],"medium":["https:\/\/markd.com.br\/models\/wp-content\/uploads\/2022\/07\/Semed-4-1-640x445-1-300x209.jpg",300,209,true],"medium_large":["https:\/\/markd.com.br\/models\/wp-content\/uploads\/2022\/07\/Semed-4-1-640x445-1.jpg",640,445,false],"large":["https:\/\/markd.com.br\/models\/wp-content\/uploads\/2022\/07\/Semed-4-1-640x445-1.jpg",640,445,false],"1536x1536":["https:\/\/markd.com.br\/models\/wp-content\/uploads\/2022\/07\/Semed-4-1-640x445-1.jpg",640,445,false],"2048x2048":["https:\/\/markd.com.br\/models\/wp-content\/uploads\/2022\/07\/Semed-4-1-640x445-1.jpg",640,445,false],"newsphere-slider-full":["https:\/\/markd.com.br\/models\/wp-content\/uploads\/2022\/07\/Semed-4-1-640x445-1.jpg",640,445,false],"newsphere-featured":["https:\/\/markd.com.br\/models\/wp-content\/uploads\/2022\/07\/Semed-4-1-640x445-1.jpg",640,445,false],"newsphere-medium":["https:\/\/markd.com.br\/models\/wp-content\/uploads\/2022\/07\/Semed-4-1-640x445-1-640x380.jpg",640,380,true]},"author_info":{"display_name":"Reda\u00e7\u00e3o Reda\u00e7\u00e3o","author_link":"https:\/\/markd.com.br\/models\/author\/redacao\/"},"category_info":"<a href=\"https:\/\/markd.com.br\/models\/category\/prefeitura-de-manaus\/\" rel=\"category tag\">Prefeitura de Manaus<\/a>","tag_info":"Prefeitura de Manaus","comment_count":"0","jetpack_featured_media_url":"https:\/\/markd.com.br\/models\/wp-content\/uploads\/2022\/07\/Semed-4-1-640x445-1.jpg","_links":{"self":[{"href":"https:\/\/markd.com.br\/models\/wp-json\/wp\/v2\/posts\/2174","targetHints":{"allow":["GET"]}}],"collection":[{"href":"https:\/\/markd.com.br\/models\/wp-json\/wp\/v2\/posts"}],"about":[{"href":"https:\/\/markd.com.br\/models\/wp-json\/wp\/v2\/types\/post"}],"author":[{"embeddable":true,"href":"https:\/\/markd.com.br\/models\/wp-json\/wp\/v2\/users\/5"}],"replies":[{"embeddable":true,"href":"https:\/\/markd.com.br\/models\/wp-json\/wp\/v2\/comments?post=2174"}],"version-history":[{"count":1,"href":"https:\/\/markd.com.br\/models\/wp-json\/wp\/v2\/posts\/2174\/revisions"}],"predecessor-version":[{"id":2176,"href":"https:\/\/markd.com.br\/models\/wp-json\/wp\/v2\/posts\/2174\/revisions\/2176"}],"wp:featuredmedia":[{"embeddable":true,"href":"https:\/\/markd.com.br\/models\/wp-json\/wp\/v2\/media\/2175"}],"wp:attachment":[{"href":"https:\/\/markd.com.br\/models\/wp-json\/wp\/v2\/media?parent=2174"}],"wp:term":[{"taxonomy":"category","embeddable":true,"href":"https:\/\/markd.com.br\/models\/wp-json\/wp\/v2\/categories?post=2174"},{"taxonomy":"post_tag","embeddable":true,"href":"https:\/\/markd.com.br\/models\/wp-json\/wp\/v2\/tags?post=2174"}],"curies":[{"name":"wp","href":"https:\/\/api.w.org\/{rel}","templated":true}]}}