{"id":2177,"date":"2022-07-01T18:03:16","date_gmt":"2022-07-01T21:03:16","guid":{"rendered":"https:\/\/portaldestaquenoticias.com.br\/?p=2177"},"modified":"2022-07-01T18:03:22","modified_gmt":"2022-07-01T21:03:22","slug":"prefeitura-convoca-300-professores-aprovados-no-cadastro-reserva-para-atuarem-na-rede-municipal","status":"publish","type":"post","link":"https:\/\/markd.com.br\/models\/prefeitura-convoca-300-professores-aprovados-no-cadastro-reserva-para-atuarem-na-rede-municipal\/","title":{"rendered":"Prefeitura convoca 300 professores aprovados no cadastro reserva para atuarem na rede municipal"},"content":{"rendered":"\n<p><\/p>\n\n\n\n<p>A&nbsp;Prefeitura de Manaus&nbsp;convocou mais 300 professores aprovados no cadastro reserva do concurso de 2017. Dessa vez, todos os aprovados s\u00e3o professores da&nbsp;educa\u00e7\u00e3o infantil que atuar\u00e3o nos Centros Municipais de Educa\u00e7\u00e3o Infantil (Cmeis), da Secretaria Municipal de Educa\u00e7\u00e3o (Semed). A convoca\u00e7\u00e3o foi publicada no Di\u00e1rio Oficial do Munic\u00edpio (DOM), Edi\u00e7\u00e3o 5.373, p\u00e1gina 15.<\/p>\n\n\n\n<p>A secret\u00e1ria municipal de Educa\u00e7\u00e3o, professora Dulce Almeida, reafirmou o compromisso do prefeito David Almeida com a educa\u00e7\u00e3o de Manaus. \u201cEstou reafirmando aqui o nosso compromisso, o meu, como secret\u00e1ria, e o do prefeito David, nosso compromisso \u00e9 com os professores e com os alunos da rede municipal de educa\u00e7\u00e3o e de toda comunidade que espera o melhor de Manaus, porque n\u00f3s vamos proporcionar isso. Por isso, convocamos mais 300 professores do cadastro reserva que tomar\u00e3o posse imediatamente\u201d, comentou a titular da pasta.<\/p>\n\n\n\n<p>Os aprovados devem aguardar o contato da Comiss\u00e3o de Investidura que ser\u00e1 via e-mail&nbsp;<a href=\"mailto:comissao.posse@semed.manaus.am.gov.br\" target=\"_blank\" rel=\"noreferrer noopener\">comissao.posse@semed.manaus.am.gov.br<\/a>, com orienta\u00e7\u00f5es quanto aos procedimentos pr\u00e9-admissionais e checagem de pr\u00e9-requisitos, dos documentos.&nbsp;<\/p>\n\n\n\n<p>\u201cOs candidatos devem aguardar o e-mail de orienta\u00e7\u00e3o para os procedimentos de posse do cargo. A Comiss\u00e3o de Investidura tamb\u00e9m vai prestar todo o suporte necess\u00e1rio para o efetivo exerc\u00edcio deste candidato. Essa \u00e9 mais uma a\u00e7\u00e3o da Prefeitura de Manaus, a partir da Semed, visando melhorias na educa\u00e7\u00e3o da cidade\u201d, informou o chefe da Divis\u00e3o de Pessoal, Thiago Correia.<\/p>\n\n\n\n<p>Essa \u00e9 a 33\u00aa convoca\u00e7\u00e3o, com quase 5 mil professores admitidos que faziam parte do cadastro reserva.&nbsp;<\/p>\n\n\n\n<p><strong>Documentos<\/strong><\/p>\n\n\n\n<p>Para posse, os aprovados ter\u00e3o que apresentar os documentos, via on-line, como: diploma de gradua\u00e7\u00e3o; hist\u00f3rico escolar; parecer da Junta M\u00e9dico-Pericial do Munic\u00edpio, atestando a aptid\u00e3o para o exerc\u00edcio do cargo; uma foto 3 X 4 recente; certid\u00e3o de nascimento se solteiro; certid\u00e3o de casamento; carteira de identidade; CPF; t\u00edtulo de eleitor; certid\u00e3o de quita\u00e7\u00e3o eleitoral pelo Tribunal Regional Eleitoral (TRE); PIS\/PASEP; certificado militar; comprovante de resid\u00eancia com CEP; comprovante de conta corrente do Banco Bradesco; certid\u00e3o de antecedentes criminais negativa, expedida pelo Departamento de Pol\u00edcia Federal; certid\u00e3o de antecedentes criminais negativa, expedida pelo Tribunal de Justi\u00e7a do Amazonas (TJAM); certid\u00e3o de nascimento dos filhos menores de 18 anos.<\/p>\n\n\n\n<p>Outras informa\u00e7\u00f5es ou d\u00favidas podem ser obtidas pelos telefones 9962-6282 \/ 98842-7891<\/p>\n\n\n\n<p>\u2014 \u2014 \u2014<\/p>\n\n\n\n<p><strong>Texto<\/strong>&nbsp;\u2013 \u00c9rica Marinho\/ Semed<\/p>\n\n\n\n<p><strong>Foto<\/strong>&nbsp;\u2013 Eliton Santos\/ Semed<\/p>\n","protected":false},"excerpt":{"rendered":"<p>A&nbsp;Prefeitura de Manaus&nbsp;convocou mais 300 professores aprovados no cadastro reserva do concurso de 2017. Dessa&#8230;<\/p>\n","protected":false},"author":5,"featured_media":2178,"comment_status":"open","ping_status":"open","sticky":false,"template":"","format":"standard","meta":{"footnotes":""},"categories":[35],"tags":[620,43,411],"class_list":["post-2177","post","type-post","status-publish","format-standard","has-post-thumbnail","hentry","category-prefeitura-de-manaus","tag-cmeis","tag-prefeitura-de-manaus","tag-semed"],"yoast_head":"<!-- This site is optimized with the Yoast SEO plugin v24.4 - https:\/\/yoast.com\/wordpress\/plugins\/seo\/ -->\n<title>Prefeitura convoca 300 professores aprovados no cadastro reserva para atuarem na rede municipal - Not\u00edcias de Todos - Models01<\/title>\n<meta name=\"robots\" content=\"index, follow, max-snippet:-1, max-image-preview:large, max-video-preview:-1\" \/>\n<link rel=\"canonical\" href=\"https:\/\/markd.com.br\/models\/prefeitura-convoca-300-professores-aprovados-no-cadastro-reserva-para-atuarem-na-rede-municipal\/\" \/>\n<meta property=\"og:locale\" content=\"pt_BR\" \/>\n<meta property=\"og:type\" content=\"article\" \/>\n<meta property=\"og:title\" content=\"Prefeitura convoca 300 professores aprovados no cadastro reserva para atuarem na rede municipal - Not\u00edcias de Todos - Models01\" \/>\n<meta property=\"og:description\" content=\"A&nbsp;Prefeitura de Manaus&nbsp;convocou mais 300 professores aprovados no cadastro reserva do concurso de 2017. Dessa...\" \/>\n<meta property=\"og:url\" content=\"https:\/\/markd.com.br\/models\/prefeitura-convoca-300-professores-aprovados-no-cadastro-reserva-para-atuarem-na-rede-municipal\/\" \/>\n<meta property=\"og:site_name\" content=\"Not\u00edcias de Todos - Models01\" \/>\n<meta property=\"article:published_time\" content=\"2022-07-01T21:03:16+00:00\" \/>\n<meta property=\"article:modified_time\" content=\"2022-07-01T21:03:22+00:00\" \/>\n<meta property=\"og:image\" content=\"https:\/\/markd.com.br\/models\/wp-content\/uploads\/2022\/07\/ConvocacaoSEMED-640x445-1.jpg\" \/>\n\t<meta property=\"og:image:width\" content=\"640\" \/>\n\t<meta property=\"og:image:height\" content=\"445\" \/>\n\t<meta property=\"og:image:type\" content=\"image\/jpeg\" \/>\n<meta name=\"author\" content=\"Reda\u00e7\u00e3o Reda\u00e7\u00e3o\" \/>\n<meta name=\"twitter:card\" content=\"summary_large_image\" \/>\n<meta name=\"twitter:label1\" content=\"Escrito por\" \/>\n\t<meta name=\"twitter:data1\" content=\"Reda\u00e7\u00e3o Reda\u00e7\u00e3o\" \/>\n\t<meta name=\"twitter:label2\" content=\"Est. tempo de leitura\" \/>\n\t<meta name=\"twitter:data2\" content=\"3 minutos\" \/>\n<script type=\"application\/ld+json\" class=\"yoast-schema-graph\">{\"@context\":\"https:\/\/schema.org\",\"@graph\":[{\"@type\":\"WebPage\",\"@id\":\"https:\/\/markd.com.br\/models\/prefeitura-convoca-300-professores-aprovados-no-cadastro-reserva-para-atuarem-na-rede-municipal\/\",\"url\":\"https:\/\/markd.com.br\/models\/prefeitura-convoca-300-professores-aprovados-no-cadastro-reserva-para-atuarem-na-rede-municipal\/\",\"name\":\"Prefeitura convoca 300 professores aprovados no cadastro reserva para atuarem na rede municipal - Not\u00edcias de Todos - Models01\",\"isPartOf\":{\"@id\":\"https:\/\/markd.com.br\/models\/#website\"},\"primaryImageOfPage\":{\"@id\":\"https:\/\/markd.com.br\/models\/prefeitura-convoca-300-professores-aprovados-no-cadastro-reserva-para-atuarem-na-rede-municipal\/#primaryimage\"},\"image\":{\"@id\":\"https:\/\/markd.com.br\/models\/prefeitura-convoca-300-professores-aprovados-no-cadastro-reserva-para-atuarem-na-rede-municipal\/#primaryimage\"},\"thumbnailUrl\":\"https:\/\/markd.com.br\/models\/wp-content\/uploads\/2022\/07\/ConvocacaoSEMED-640x445-1.jpg\",\"datePublished\":\"2022-07-01T21:03:16+00:00\",\"dateModified\":\"2022-07-01T21:03:22+00:00\",\"author\":{\"@id\":\"https:\/\/markd.com.br\/models\/#\/schema\/person\/c12a77ab487a7262d8bec3c47301ad37\"},\"breadcrumb\":{\"@id\":\"https:\/\/markd.com.br\/models\/prefeitura-convoca-300-professores-aprovados-no-cadastro-reserva-para-atuarem-na-rede-municipal\/#breadcrumb\"},\"inLanguage\":\"pt-BR\",\"potentialAction\":[{\"@type\":\"ReadAction\",\"target\":[\"https:\/\/markd.com.br\/models\/prefeitura-convoca-300-professores-aprovados-no-cadastro-reserva-para-atuarem-na-rede-municipal\/\"]}]},{\"@type\":\"ImageObject\",\"inLanguage\":\"pt-BR\",\"@id\":\"https:\/\/markd.com.br\/models\/prefeitura-convoca-300-professores-aprovados-no-cadastro-reserva-para-atuarem-na-rede-municipal\/#primaryimage\",\"url\":\"https:\/\/markd.com.br\/models\/wp-content\/uploads\/2022\/07\/ConvocacaoSEMED-640x445-1.jpg\",\"contentUrl\":\"https:\/\/markd.com.br\/models\/wp-content\/uploads\/2022\/07\/ConvocacaoSEMED-640x445-1.jpg\",\"width\":640,\"height\":445},{\"@type\":\"BreadcrumbList\",\"@id\":\"https:\/\/markd.com.br\/models\/prefeitura-convoca-300-professores-aprovados-no-cadastro-reserva-para-atuarem-na-rede-municipal\/#breadcrumb\",\"itemListElement\":[{\"@type\":\"ListItem\",\"position\":1,\"name\":\"In\u00edcio\",\"item\":\"https:\/\/markd.com.br\/models\/\"},{\"@type\":\"ListItem\",\"position\":2,\"name\":\"Prefeitura convoca 300 professores aprovados no cadastro reserva para atuarem na rede municipal\"}]},{\"@type\":\"WebSite\",\"@id\":\"https:\/\/markd.com.br\/models\/#website\",\"url\":\"https:\/\/markd.com.br\/models\/\",\"name\":\"Not\u00edcias de Todos - Models01\",\"description\":\"Tenha um Portal de Not\u00edcias Moderno, Din\u00e2mico, R\u00e1pido e Profissional. Entregamos seu Site de  Not\u00edcias Pronto, Instalado, Hospedado, com Manual Passo a Passo e Suporte 24 horas.\",\"potentialAction\":[{\"@type\":\"SearchAction\",\"target\":{\"@type\":\"EntryPoint\",\"urlTemplate\":\"https:\/\/markd.com.br\/models\/?s={search_term_string}\"},\"query-input\":{\"@type\":\"PropertyValueSpecification\",\"valueRequired\":true,\"valueName\":\"search_term_string\"}}],\"inLanguage\":\"pt-BR\"},{\"@type\":\"Person\",\"@id\":\"https:\/\/markd.com.br\/models\/#\/schema\/person\/c12a77ab487a7262d8bec3c47301ad37\",\"name\":\"Reda\u00e7\u00e3o Reda\u00e7\u00e3o\",\"image\":{\"@type\":\"ImageObject\",\"inLanguage\":\"pt-BR\",\"@id\":\"https:\/\/markd.com.br\/models\/#\/schema\/person\/image\/\",\"url\":\"https:\/\/secure.gravatar.com\/avatar\/9448f3599ce269febf169e183039b4a6?s=96&d=mm&r=g\",\"contentUrl\":\"https:\/\/secure.gravatar.com\/avatar\/9448f3599ce269febf169e183039b4a6?s=96&d=mm&r=g\",\"caption\":\"Reda\u00e7\u00e3o Reda\u00e7\u00e3o\"},\"sameAs\":[\"https:\/\/markd.com.br\/\"],\"url\":\"https:\/\/markd.com.br\/models\/author\/redacao\/\"}]}<\/script>\n<!-- \/ Yoast SEO plugin. -->","yoast_head_json":{"title":"Prefeitura convoca 300 professores aprovados no cadastro reserva para atuarem na rede municipal - Not\u00edcias de Todos - Models01","robots":{"index":"index","follow":"follow","max-snippet":"max-snippet:-1","max-image-preview":"max-image-preview:large","max-video-preview":"max-video-preview:-1"},"canonical":"https:\/\/markd.com.br\/models\/prefeitura-convoca-300-professores-aprovados-no-cadastro-reserva-para-atuarem-na-rede-municipal\/","og_locale":"pt_BR","og_type":"article","og_title":"Prefeitura convoca 300 professores aprovados no cadastro reserva para atuarem na rede municipal - Not\u00edcias de Todos - Models01","og_description":"A&nbsp;Prefeitura de Manaus&nbsp;convocou mais 300 professores aprovados no cadastro reserva do concurso de 2017. Dessa...","og_url":"https:\/\/markd.com.br\/models\/prefeitura-convoca-300-professores-aprovados-no-cadastro-reserva-para-atuarem-na-rede-municipal\/","og_site_name":"Not\u00edcias de Todos - Models01","article_published_time":"2022-07-01T21:03:16+00:00","article_modified_time":"2022-07-01T21:03:22+00:00","og_image":[{"width":640,"height":445,"url":"https:\/\/markd.com.br\/models\/wp-content\/uploads\/2022\/07\/ConvocacaoSEMED-640x445-1.jpg","type":"image\/jpeg"}],"author":"Reda\u00e7\u00e3o Reda\u00e7\u00e3o","twitter_card":"summary_large_image","twitter_misc":{"Escrito por":"Reda\u00e7\u00e3o Reda\u00e7\u00e3o","Est. tempo de leitura":"3 minutos"},"schema":{"@context":"https:\/\/schema.org","@graph":[{"@type":"WebPage","@id":"https:\/\/markd.com.br\/models\/prefeitura-convoca-300-professores-aprovados-no-cadastro-reserva-para-atuarem-na-rede-municipal\/","url":"https:\/\/markd.com.br\/models\/prefeitura-convoca-300-professores-aprovados-no-cadastro-reserva-para-atuarem-na-rede-municipal\/","name":"Prefeitura convoca 300 professores aprovados no cadastro reserva para atuarem na rede municipal - Not\u00edcias de Todos - Models01","isPartOf":{"@id":"https:\/\/markd.com.br\/models\/#website"},"primaryImageOfPage":{"@id":"https:\/\/markd.com.br\/models\/prefeitura-convoca-300-professores-aprovados-no-cadastro-reserva-para-atuarem-na-rede-municipal\/#primaryimage"},"image":{"@id":"https:\/\/markd.com.br\/models\/prefeitura-convoca-300-professores-aprovados-no-cadastro-reserva-para-atuarem-na-rede-municipal\/#primaryimage"},"thumbnailUrl":"https:\/\/markd.com.br\/models\/wp-content\/uploads\/2022\/07\/ConvocacaoSEMED-640x445-1.jpg","datePublished":"2022-07-01T21:03:16+00:00","dateModified":"2022-07-01T21:03:22+00:00","author":{"@id":"https:\/\/markd.com.br\/models\/#\/schema\/person\/c12a77ab487a7262d8bec3c47301ad37"},"breadcrumb":{"@id":"https:\/\/markd.com.br\/models\/prefeitura-convoca-300-professores-aprovados-no-cadastro-reserva-para-atuarem-na-rede-municipal\/#breadcrumb"},"inLanguage":"pt-BR","potentialAction":[{"@type":"ReadAction","target":["https:\/\/markd.com.br\/models\/prefeitura-convoca-300-professores-aprovados-no-cadastro-reserva-para-atuarem-na-rede-municipal\/"]}]},{"@type":"ImageObject","inLanguage":"pt-BR","@id":"https:\/\/markd.com.br\/models\/prefeitura-convoca-300-professores-aprovados-no-cadastro-reserva-para-atuarem-na-rede-municipal\/#primaryimage","url":"https:\/\/markd.com.br\/models\/wp-content\/uploads\/2022\/07\/ConvocacaoSEMED-640x445-1.jpg","contentUrl":"https:\/\/markd.com.br\/models\/wp-content\/uploads\/2022\/07\/ConvocacaoSEMED-640x445-1.jpg","width":640,"height":445},{"@type":"BreadcrumbList","@id":"https:\/\/markd.com.br\/models\/prefeitura-convoca-300-professores-aprovados-no-cadastro-reserva-para-atuarem-na-rede-municipal\/#breadcrumb","itemListElement":[{"@type":"ListItem","position":1,"name":"In\u00edcio","item":"https:\/\/markd.com.br\/models\/"},{"@type":"ListItem","position":2,"name":"Prefeitura convoca 300 professores aprovados no cadastro reserva para atuarem na rede municipal"}]},{"@type":"WebSite","@id":"https:\/\/markd.com.br\/models\/#website","url":"https:\/\/markd.com.br\/models\/","name":"Not\u00edcias de Todos - Models01","description":"Tenha um Portal de Not\u00edcias Moderno, Din\u00e2mico, R\u00e1pido e Profissional. Entregamos seu Site de  Not\u00edcias Pronto, Instalado, Hospedado, com Manual Passo a Passo e Suporte 24 horas.","potentialAction":[{"@type":"SearchAction","target":{"@type":"EntryPoint","urlTemplate":"https:\/\/markd.com.br\/models\/?s={search_term_string}"},"query-input":{"@type":"PropertyValueSpecification","valueRequired":true,"valueName":"search_term_string"}}],"inLanguage":"pt-BR"},{"@type":"Person","@id":"https:\/\/markd.com.br\/models\/#\/schema\/person\/c12a77ab487a7262d8bec3c47301ad37","name":"Reda\u00e7\u00e3o Reda\u00e7\u00e3o","image":{"@type":"ImageObject","inLanguage":"pt-BR","@id":"https:\/\/markd.com.br\/models\/#\/schema\/person\/image\/","url":"https:\/\/secure.gravatar.com\/avatar\/9448f3599ce269febf169e183039b4a6?s=96&d=mm&r=g","contentUrl":"https:\/\/secure.gravatar.com\/avatar\/9448f3599ce269febf169e183039b4a6?s=96&d=mm&r=g","caption":"Reda\u00e7\u00e3o Reda\u00e7\u00e3o"},"sameAs":["https:\/\/markd.com.br\/"],"url":"https:\/\/markd.com.br\/models\/author\/redacao\/"}]}},"featured_image_urls":{"full":["https:\/\/markd.com.br\/models\/wp-content\/uploads\/2022\/07\/ConvocacaoSEMED-640x445-1.jpg",640,445,false],"thumbnail":["https:\/\/markd.com.br\/models\/wp-content\/uploads\/2022\/07\/ConvocacaoSEMED-640x445-1-150x150.jpg",150,150,true],"medium":["https:\/\/markd.com.br\/models\/wp-content\/uploads\/2022\/07\/ConvocacaoSEMED-640x445-1-300x209.jpg",300,209,true],"medium_large":["https:\/\/markd.com.br\/models\/wp-content\/uploads\/2022\/07\/ConvocacaoSEMED-640x445-1.jpg",640,445,false],"large":["https:\/\/markd.com.br\/models\/wp-content\/uploads\/2022\/07\/ConvocacaoSEMED-640x445-1.jpg",640,445,false],"1536x1536":["https:\/\/markd.com.br\/models\/wp-content\/uploads\/2022\/07\/ConvocacaoSEMED-640x445-1.jpg",640,445,false],"2048x2048":["https:\/\/markd.com.br\/models\/wp-content\/uploads\/2022\/07\/ConvocacaoSEMED-640x445-1.jpg",640,445,false],"newsphere-slider-full":["https:\/\/markd.com.br\/models\/wp-content\/uploads\/2022\/07\/ConvocacaoSEMED-640x445-1.jpg",640,445,false],"newsphere-featured":["https:\/\/markd.com.br\/models\/wp-content\/uploads\/2022\/07\/ConvocacaoSEMED-640x445-1.jpg",640,445,false],"newsphere-medium":["https:\/\/markd.com.br\/models\/wp-content\/uploads\/2022\/07\/ConvocacaoSEMED-640x445-1-640x380.jpg",640,380,true]},"author_info":{"display_name":"Reda\u00e7\u00e3o Reda\u00e7\u00e3o","author_link":"https:\/\/markd.com.br\/models\/author\/redacao\/"},"category_info":"<a href=\"https:\/\/markd.com.br\/models\/category\/prefeitura-de-manaus\/\" rel=\"category tag\">Prefeitura de Manaus<\/a>","tag_info":"Prefeitura de Manaus","comment_count":"0","jetpack_featured_media_url":"https:\/\/markd.com.br\/models\/wp-content\/uploads\/2022\/07\/ConvocacaoSEMED-640x445-1.jpg","_links":{"self":[{"href":"https:\/\/markd.com.br\/models\/wp-json\/wp\/v2\/posts\/2177","targetHints":{"allow":["GET"]}}],"collection":[{"href":"https:\/\/markd.com.br\/models\/wp-json\/wp\/v2\/posts"}],"about":[{"href":"https:\/\/markd.com.br\/models\/wp-json\/wp\/v2\/types\/post"}],"author":[{"embeddable":true,"href":"https:\/\/markd.com.br\/models\/wp-json\/wp\/v2\/users\/5"}],"replies":[{"embeddable":true,"href":"https:\/\/markd.com.br\/models\/wp-json\/wp\/v2\/comments?post=2177"}],"version-history":[{"count":1,"href":"https:\/\/markd.com.br\/models\/wp-json\/wp\/v2\/posts\/2177\/revisions"}],"predecessor-version":[{"id":2179,"href":"https:\/\/markd.com.br\/models\/wp-json\/wp\/v2\/posts\/2177\/revisions\/2179"}],"wp:featuredmedia":[{"embeddable":true,"href":"https:\/\/markd.com.br\/models\/wp-json\/wp\/v2\/media\/2178"}],"wp:attachment":[{"href":"https:\/\/markd.com.br\/models\/wp-json\/wp\/v2\/media?parent=2177"}],"wp:term":[{"taxonomy":"category","embeddable":true,"href":"https:\/\/markd.com.br\/models\/wp-json\/wp\/v2\/categories?post=2177"},{"taxonomy":"post_tag","embeddable":true,"href":"https:\/\/markd.com.br\/models\/wp-json\/wp\/v2\/tags?post=2177"}],"curies":[{"name":"wp","href":"https:\/\/api.w.org\/{rel}","templated":true}]}}