{"id":2180,"date":"2022-07-01T18:07:47","date_gmt":"2022-07-01T21:07:47","guid":{"rendered":"https:\/\/portaldestaquenoticias.com.br\/?p=2180"},"modified":"2022-07-01T18:07:55","modified_gmt":"2022-07-01T21:07:55","slug":"prefeito-david-almeida-e-governador-wilson-lima-entregam-revitalizacao-da-feira-municipal-do-parque-10","status":"publish","type":"post","link":"https:\/\/markd.com.br\/models\/prefeito-david-almeida-e-governador-wilson-lima-entregam-revitalizacao-da-feira-municipal-do-parque-10\/","title":{"rendered":"Prefeito David Almeida e governador Wilson Lima entregam revitaliza\u00e7\u00e3o da feira municipal do Parque 10"},"content":{"rendered":"\n<p><\/p>\n\n\n\n<p>O prefeito de&nbsp;Manaus, David Almeida, acompanhado pelo governador do Amazonas, Wilson Lima, realizou, na manh\u00e3 desta sexta-feira, 1\u00ba\/7, a entrega da nova feira municipal do Parque 10, localizada na tradicional rua do Com\u00e9rcio 1, na zona Centro-Sul da capital. O espa\u00e7o foi o primeiro a ser revitalizado pela gest\u00e3o municipal das 35 feiras e mercados administradas pela Secretaria Municipal de Agricultura, Abastecimento, Centro e Com\u00e9rcio Informal (Semacc).<\/p>\n\n\n\n<p>\u201cEstar aqui \u00e9 a realiza\u00e7\u00e3o de um sonho. Um sonho que ser\u00e1 realizado pelo menos 35 vezes, gra\u00e7as \u00e0 parceria da prefeitura com o Governo do Amazonas. N\u00f3s estamos reinventando a hist\u00f3ria da cidade. Estamos trabalhando para dar a nossa cidade o que h\u00e1 de melhor em administra\u00e7\u00e3o p\u00fablica. Essa foi a primeira feira que n\u00f3s visitamos, foi a primeira que entregamos. E \u00e9 esse o padr\u00e3o que n\u00f3s queremos para as feiras e mercados de Manaus. Isso se torna poss\u00edvel a partir desse apoio que n\u00f3s temos do governo do Estado, e isso n\u00f3s queremos para a cidade nas feiras e mercados, na infraestrutura, na sa\u00fade, na seguran\u00e7a, tudo isso n\u00f3s estamos fazendo para melhorar a qualidade de vida na capital amazonense\u201d, afirmou o prefeito.<\/p>\n\n\n\n<p>Em funcionamento h\u00e1 mais de 22 anos, o espa\u00e7o p\u00fablico estava h\u00e1 mais de uma d\u00e9cada sem receber qualquer tipo de investimento. O espa\u00e7o abriga 26 permission\u00e1rios, gera 104 empregos diretos e mais de 3 mil indiretos.<\/p>\n\n\n\n<p>O governador Wilson Lima salientou a import\u00e2ncia da parceria entre os poderes estadual e municipal que possibilita o fomento da economia local com as reformas que est\u00e3o sendo feitas nos mercados da cidade de Manaus.<\/p>\n\n\n\n<p>\u201cEstou muito feliz de estar participando dessa entrega t\u00e3o importante para a cidade de Manaus. Agrade\u00e7o ao prefeito David Almeida por essa parceria e por esse entendimento, para que possamos caminhar de forma irmanada para resolver os problemas da cidade de Manaus. Essa \u00e9 uma feira que est\u00e1 em um local estrat\u00e9gico e tem um simbolismo muito grande por estar em uma \u00e1rea central da capital amazonense. Ela virou um&nbsp;<em>point<\/em>&nbsp;na cidade. Todos os dias vemos fam\u00edlias reunidas e isso alegra muito. Essa parceria nos proporciona a possibilidade de fomentar esse setor. Esses trabalhadores est\u00e3o diariamente aqui batalhando para garantir a renda familiar. Aqui j\u00e1 temos um movimento bom de pessoas, mas tenho certeza que ir\u00e1 melhorar ainda mais e impulsionar a economia dessas fam\u00edlias\u201d, disse Lima.<\/p>\n\n\n\n<p>A reforma da feira do Parque 10 teve in\u00edcio em fevereiro passado. Os recursos investidos na obra s\u00e3o oriundos de emenda parlamentar do vereador Professor Samuel, no valor de&nbsp; R$ 122 mil, e R$ 51 mil do Tesouro municipal,&nbsp; totalizando R$ 173 mil. O prefeito David Almeida fez quest\u00e3o de agradecer a ajuda do parlamentar com o recurso.<\/p>\n\n\n\n<p>\u201cParab\u00e9ns a todos os feirantes da feira do Parque 10. Eles s\u00e3o o motivo para estamos aqui. Tamb\u00e9m n\u00e3o podemos esquecer de agradecer ao vereador Professor Samuel, que destinou a emenda parlamentar que possibilitou a reforma do espa\u00e7o. Obrigado pelo seu olhar diferenciado para que possamos continuar trabalhando para melhorar a vida da nossa popula\u00e7\u00e3o\u201d, afirmou o prefeito David Almeida.<\/p>\n\n\n\n<p><strong>Projeto<\/strong><\/p>\n\n\n\n<p>O projeto foi elaborado pelo setor de Engenharia da Semacc e a reforma contemplou servi\u00e7os de instala\u00e7\u00e3o de forro em todo o ambiente da feira, reforma geral dos banheiros, constru\u00e7\u00e3o de um banheiro para Pessoa com Defici\u00eancia (PcD), reforma no telhado e em toda a estrutura met\u00e1lica, instala\u00e7\u00f5es el\u00e9tricas e hidr\u00e1ulicas, pintura interna e externa, e paisagismo.<\/p>\n\n\n\n<p>De acordo com o titular da pasta, Wanderson Costa, a entrega da feira confirma que a gest\u00e3o municipal est\u00e1 empenhada em transformar a realidade dos permission\u00e1rios e dos frequentadores das feiras e mercados de Manaus.<\/p>\n\n\n\n<p>\u201cEssa manh\u00e3 \u00e9 de festa e estamos fazendo hist\u00f3ria na capital de Manaus. H\u00e1 mais de 10 anos que essa feira n\u00e3o recebia a aten\u00e7\u00e3o do poder p\u00fablico. Esses espa\u00e7os foram por d\u00e9cadas esquecidos. Hoje, estamos fazendo justi\u00e7a com esses trabalhadores. Essa \u00e9 a primeira feira que estamos entregando na capital de Manaus. N\u00e3o podemos fechar os olhos para tanto descaso que houve nesta capital. A atual gest\u00e3o est\u00e1 reescrevendo a hist\u00f3ria, porque a nossa popula\u00e7\u00e3o merece ser atendida\u201d, finalizou.<\/p>\n\n\n\n<p>\u2014 \u2014 \u2014<\/p>\n\n\n\n<p><strong>Texto<\/strong>&nbsp;\u2013 Thiago Fernando\/Semcom<\/p>\n\n\n\n<p><strong>Fotos<\/strong>&nbsp;\u2013 Dhyeizo Lemos\/Semcom e Jo\u00e3o Viana\/Semcom<\/p>\n","protected":false},"excerpt":{"rendered":"<p>O prefeito de&nbsp;Manaus, David Almeida, acompanhado pelo governador do Amazonas, Wilson Lima, realizou, na manh\u00e3&#8230;<\/p>\n","protected":false},"author":5,"featured_media":2181,"comment_status":"open","ping_status":"open","sticky":false,"template":"","format":"standard","meta":{"footnotes":""},"categories":[51,35],"tags":[52,43,478],"class_list":["post-2180","post","type-post","status-publish","format-standard","has-post-thumbnail","hentry","category-governo-do-amazonas","category-prefeitura-de-manaus","tag-governo-do-amazonas","tag-prefeitura-de-manaus","tag-semacc"],"yoast_head":"<!-- This site is optimized with the Yoast SEO plugin v24.4 - https:\/\/yoast.com\/wordpress\/plugins\/seo\/ -->\n<title>Prefeito David Almeida e governador Wilson Lima entregam revitaliza\u00e7\u00e3o da feira municipal do Parque 10 - Not\u00edcias de Todos - Models01<\/title>\n<meta name=\"robots\" content=\"index, follow, max-snippet:-1, max-image-preview:large, max-video-preview:-1\" \/>\n<link rel=\"canonical\" href=\"https:\/\/markd.com.br\/models\/prefeito-david-almeida-e-governador-wilson-lima-entregam-revitalizacao-da-feira-municipal-do-parque-10\/\" \/>\n<meta property=\"og:locale\" content=\"pt_BR\" \/>\n<meta property=\"og:type\" content=\"article\" \/>\n<meta property=\"og:title\" content=\"Prefeito David Almeida e governador Wilson Lima entregam revitaliza\u00e7\u00e3o da feira municipal do Parque 10 - Not\u00edcias de Todos - Models01\" \/>\n<meta property=\"og:description\" content=\"O prefeito de&nbsp;Manaus, David Almeida, acompanhado pelo governador do Amazonas, Wilson Lima, realizou, na manh\u00e3...\" \/>\n<meta property=\"og:url\" content=\"https:\/\/markd.com.br\/models\/prefeito-david-almeida-e-governador-wilson-lima-entregam-revitalizacao-da-feira-municipal-do-parque-10\/\" \/>\n<meta property=\"og:site_name\" content=\"Not\u00edcias de Todos - Models01\" \/>\n<meta property=\"article:published_time\" content=\"2022-07-01T21:07:47+00:00\" \/>\n<meta property=\"article:modified_time\" content=\"2022-07-01T21:07:55+00:00\" \/>\n<meta property=\"og:image\" content=\"https:\/\/markd.com.br\/models\/wp-content\/uploads\/2022\/07\/52186573261_f603611c1c_c-799x445-1.jpg\" \/>\n\t<meta property=\"og:image:width\" content=\"799\" \/>\n\t<meta property=\"og:image:height\" content=\"445\" \/>\n\t<meta property=\"og:image:type\" content=\"image\/jpeg\" \/>\n<meta name=\"author\" content=\"Reda\u00e7\u00e3o Reda\u00e7\u00e3o\" \/>\n<meta name=\"twitter:card\" content=\"summary_large_image\" \/>\n<meta name=\"twitter:label1\" content=\"Escrito por\" \/>\n\t<meta name=\"twitter:data1\" content=\"Reda\u00e7\u00e3o Reda\u00e7\u00e3o\" \/>\n\t<meta name=\"twitter:label2\" content=\"Est. tempo de leitura\" \/>\n\t<meta name=\"twitter:data2\" content=\"4 minutos\" \/>\n<script type=\"application\/ld+json\" class=\"yoast-schema-graph\">{\"@context\":\"https:\/\/schema.org\",\"@graph\":[{\"@type\":\"WebPage\",\"@id\":\"https:\/\/markd.com.br\/models\/prefeito-david-almeida-e-governador-wilson-lima-entregam-revitalizacao-da-feira-municipal-do-parque-10\/\",\"url\":\"https:\/\/markd.com.br\/models\/prefeito-david-almeida-e-governador-wilson-lima-entregam-revitalizacao-da-feira-municipal-do-parque-10\/\",\"name\":\"Prefeito David Almeida e governador Wilson Lima entregam revitaliza\u00e7\u00e3o da feira municipal do Parque 10 - Not\u00edcias de Todos - Models01\",\"isPartOf\":{\"@id\":\"https:\/\/markd.com.br\/models\/#website\"},\"primaryImageOfPage\":{\"@id\":\"https:\/\/markd.com.br\/models\/prefeito-david-almeida-e-governador-wilson-lima-entregam-revitalizacao-da-feira-municipal-do-parque-10\/#primaryimage\"},\"image\":{\"@id\":\"https:\/\/markd.com.br\/models\/prefeito-david-almeida-e-governador-wilson-lima-entregam-revitalizacao-da-feira-municipal-do-parque-10\/#primaryimage\"},\"thumbnailUrl\":\"https:\/\/markd.com.br\/models\/wp-content\/uploads\/2022\/07\/52186573261_f603611c1c_c-799x445-1.jpg\",\"datePublished\":\"2022-07-01T21:07:47+00:00\",\"dateModified\":\"2022-07-01T21:07:55+00:00\",\"author\":{\"@id\":\"https:\/\/markd.com.br\/models\/#\/schema\/person\/c12a77ab487a7262d8bec3c47301ad37\"},\"breadcrumb\":{\"@id\":\"https:\/\/markd.com.br\/models\/prefeito-david-almeida-e-governador-wilson-lima-entregam-revitalizacao-da-feira-municipal-do-parque-10\/#breadcrumb\"},\"inLanguage\":\"pt-BR\",\"potentialAction\":[{\"@type\":\"ReadAction\",\"target\":[\"https:\/\/markd.com.br\/models\/prefeito-david-almeida-e-governador-wilson-lima-entregam-revitalizacao-da-feira-municipal-do-parque-10\/\"]}]},{\"@type\":\"ImageObject\",\"inLanguage\":\"pt-BR\",\"@id\":\"https:\/\/markd.com.br\/models\/prefeito-david-almeida-e-governador-wilson-lima-entregam-revitalizacao-da-feira-municipal-do-parque-10\/#primaryimage\",\"url\":\"https:\/\/markd.com.br\/models\/wp-content\/uploads\/2022\/07\/52186573261_f603611c1c_c-799x445-1.jpg\",\"contentUrl\":\"https:\/\/markd.com.br\/models\/wp-content\/uploads\/2022\/07\/52186573261_f603611c1c_c-799x445-1.jpg\",\"width\":799,\"height\":445},{\"@type\":\"BreadcrumbList\",\"@id\":\"https:\/\/markd.com.br\/models\/prefeito-david-almeida-e-governador-wilson-lima-entregam-revitalizacao-da-feira-municipal-do-parque-10\/#breadcrumb\",\"itemListElement\":[{\"@type\":\"ListItem\",\"position\":1,\"name\":\"In\u00edcio\",\"item\":\"https:\/\/markd.com.br\/models\/\"},{\"@type\":\"ListItem\",\"position\":2,\"name\":\"Prefeito David Almeida e governador Wilson Lima entregam revitaliza\u00e7\u00e3o da feira municipal do Parque 10\"}]},{\"@type\":\"WebSite\",\"@id\":\"https:\/\/markd.com.br\/models\/#website\",\"url\":\"https:\/\/markd.com.br\/models\/\",\"name\":\"Not\u00edcias de Todos - Models01\",\"description\":\"Tenha um Portal de Not\u00edcias Moderno, Din\u00e2mico, R\u00e1pido e Profissional. Entregamos seu Site de  Not\u00edcias Pronto, Instalado, Hospedado, com Manual Passo a Passo e Suporte 24 horas.\",\"potentialAction\":[{\"@type\":\"SearchAction\",\"target\":{\"@type\":\"EntryPoint\",\"urlTemplate\":\"https:\/\/markd.com.br\/models\/?s={search_term_string}\"},\"query-input\":{\"@type\":\"PropertyValueSpecification\",\"valueRequired\":true,\"valueName\":\"search_term_string\"}}],\"inLanguage\":\"pt-BR\"},{\"@type\":\"Person\",\"@id\":\"https:\/\/markd.com.br\/models\/#\/schema\/person\/c12a77ab487a7262d8bec3c47301ad37\",\"name\":\"Reda\u00e7\u00e3o Reda\u00e7\u00e3o\",\"image\":{\"@type\":\"ImageObject\",\"inLanguage\":\"pt-BR\",\"@id\":\"https:\/\/markd.com.br\/models\/#\/schema\/person\/image\/\",\"url\":\"https:\/\/secure.gravatar.com\/avatar\/9448f3599ce269febf169e183039b4a6?s=96&d=mm&r=g\",\"contentUrl\":\"https:\/\/secure.gravatar.com\/avatar\/9448f3599ce269febf169e183039b4a6?s=96&d=mm&r=g\",\"caption\":\"Reda\u00e7\u00e3o Reda\u00e7\u00e3o\"},\"sameAs\":[\"https:\/\/markd.com.br\/\"],\"url\":\"https:\/\/markd.com.br\/models\/author\/redacao\/\"}]}<\/script>\n<!-- \/ Yoast SEO plugin. -->","yoast_head_json":{"title":"Prefeito David Almeida e governador Wilson Lima entregam revitaliza\u00e7\u00e3o da feira municipal do Parque 10 - Not\u00edcias de Todos - Models01","robots":{"index":"index","follow":"follow","max-snippet":"max-snippet:-1","max-image-preview":"max-image-preview:large","max-video-preview":"max-video-preview:-1"},"canonical":"https:\/\/markd.com.br\/models\/prefeito-david-almeida-e-governador-wilson-lima-entregam-revitalizacao-da-feira-municipal-do-parque-10\/","og_locale":"pt_BR","og_type":"article","og_title":"Prefeito David Almeida e governador Wilson Lima entregam revitaliza\u00e7\u00e3o da feira municipal do Parque 10 - Not\u00edcias de Todos - Models01","og_description":"O prefeito de&nbsp;Manaus, David Almeida, acompanhado pelo governador do Amazonas, Wilson Lima, realizou, na manh\u00e3...","og_url":"https:\/\/markd.com.br\/models\/prefeito-david-almeida-e-governador-wilson-lima-entregam-revitalizacao-da-feira-municipal-do-parque-10\/","og_site_name":"Not\u00edcias de Todos - Models01","article_published_time":"2022-07-01T21:07:47+00:00","article_modified_time":"2022-07-01T21:07:55+00:00","og_image":[{"width":799,"height":445,"url":"https:\/\/markd.com.br\/models\/wp-content\/uploads\/2022\/07\/52186573261_f603611c1c_c-799x445-1.jpg","type":"image\/jpeg"}],"author":"Reda\u00e7\u00e3o Reda\u00e7\u00e3o","twitter_card":"summary_large_image","twitter_misc":{"Escrito por":"Reda\u00e7\u00e3o Reda\u00e7\u00e3o","Est. tempo de leitura":"4 minutos"},"schema":{"@context":"https:\/\/schema.org","@graph":[{"@type":"WebPage","@id":"https:\/\/markd.com.br\/models\/prefeito-david-almeida-e-governador-wilson-lima-entregam-revitalizacao-da-feira-municipal-do-parque-10\/","url":"https:\/\/markd.com.br\/models\/prefeito-david-almeida-e-governador-wilson-lima-entregam-revitalizacao-da-feira-municipal-do-parque-10\/","name":"Prefeito David Almeida e governador Wilson Lima entregam revitaliza\u00e7\u00e3o da feira municipal do Parque 10 - Not\u00edcias de Todos - Models01","isPartOf":{"@id":"https:\/\/markd.com.br\/models\/#website"},"primaryImageOfPage":{"@id":"https:\/\/markd.com.br\/models\/prefeito-david-almeida-e-governador-wilson-lima-entregam-revitalizacao-da-feira-municipal-do-parque-10\/#primaryimage"},"image":{"@id":"https:\/\/markd.com.br\/models\/prefeito-david-almeida-e-governador-wilson-lima-entregam-revitalizacao-da-feira-municipal-do-parque-10\/#primaryimage"},"thumbnailUrl":"https:\/\/markd.com.br\/models\/wp-content\/uploads\/2022\/07\/52186573261_f603611c1c_c-799x445-1.jpg","datePublished":"2022-07-01T21:07:47+00:00","dateModified":"2022-07-01T21:07:55+00:00","author":{"@id":"https:\/\/markd.com.br\/models\/#\/schema\/person\/c12a77ab487a7262d8bec3c47301ad37"},"breadcrumb":{"@id":"https:\/\/markd.com.br\/models\/prefeito-david-almeida-e-governador-wilson-lima-entregam-revitalizacao-da-feira-municipal-do-parque-10\/#breadcrumb"},"inLanguage":"pt-BR","potentialAction":[{"@type":"ReadAction","target":["https:\/\/markd.com.br\/models\/prefeito-david-almeida-e-governador-wilson-lima-entregam-revitalizacao-da-feira-municipal-do-parque-10\/"]}]},{"@type":"ImageObject","inLanguage":"pt-BR","@id":"https:\/\/markd.com.br\/models\/prefeito-david-almeida-e-governador-wilson-lima-entregam-revitalizacao-da-feira-municipal-do-parque-10\/#primaryimage","url":"https:\/\/markd.com.br\/models\/wp-content\/uploads\/2022\/07\/52186573261_f603611c1c_c-799x445-1.jpg","contentUrl":"https:\/\/markd.com.br\/models\/wp-content\/uploads\/2022\/07\/52186573261_f603611c1c_c-799x445-1.jpg","width":799,"height":445},{"@type":"BreadcrumbList","@id":"https:\/\/markd.com.br\/models\/prefeito-david-almeida-e-governador-wilson-lima-entregam-revitalizacao-da-feira-municipal-do-parque-10\/#breadcrumb","itemListElement":[{"@type":"ListItem","position":1,"name":"In\u00edcio","item":"https:\/\/markd.com.br\/models\/"},{"@type":"ListItem","position":2,"name":"Prefeito David Almeida e governador Wilson Lima entregam revitaliza\u00e7\u00e3o da feira municipal do Parque 10"}]},{"@type":"WebSite","@id":"https:\/\/markd.com.br\/models\/#website","url":"https:\/\/markd.com.br\/models\/","name":"Not\u00edcias de Todos - Models01","description":"Tenha um Portal de Not\u00edcias Moderno, Din\u00e2mico, R\u00e1pido e Profissional. Entregamos seu Site de  Not\u00edcias Pronto, Instalado, Hospedado, com Manual Passo a Passo e Suporte 24 horas.","potentialAction":[{"@type":"SearchAction","target":{"@type":"EntryPoint","urlTemplate":"https:\/\/markd.com.br\/models\/?s={search_term_string}"},"query-input":{"@type":"PropertyValueSpecification","valueRequired":true,"valueName":"search_term_string"}}],"inLanguage":"pt-BR"},{"@type":"Person","@id":"https:\/\/markd.com.br\/models\/#\/schema\/person\/c12a77ab487a7262d8bec3c47301ad37","name":"Reda\u00e7\u00e3o Reda\u00e7\u00e3o","image":{"@type":"ImageObject","inLanguage":"pt-BR","@id":"https:\/\/markd.com.br\/models\/#\/schema\/person\/image\/","url":"https:\/\/secure.gravatar.com\/avatar\/9448f3599ce269febf169e183039b4a6?s=96&d=mm&r=g","contentUrl":"https:\/\/secure.gravatar.com\/avatar\/9448f3599ce269febf169e183039b4a6?s=96&d=mm&r=g","caption":"Reda\u00e7\u00e3o Reda\u00e7\u00e3o"},"sameAs":["https:\/\/markd.com.br\/"],"url":"https:\/\/markd.com.br\/models\/author\/redacao\/"}]}},"featured_image_urls":{"full":["https:\/\/markd.com.br\/models\/wp-content\/uploads\/2022\/07\/52186573261_f603611c1c_c-799x445-1.jpg",799,445,false],"thumbnail":["https:\/\/markd.com.br\/models\/wp-content\/uploads\/2022\/07\/52186573261_f603611c1c_c-799x445-1-150x150.jpg",150,150,true],"medium":["https:\/\/markd.com.br\/models\/wp-content\/uploads\/2022\/07\/52186573261_f603611c1c_c-799x445-1-300x167.jpg",300,167,true],"medium_large":["https:\/\/markd.com.br\/models\/wp-content\/uploads\/2022\/07\/52186573261_f603611c1c_c-799x445-1-768x428.jpg",640,357,true],"large":["https:\/\/markd.com.br\/models\/wp-content\/uploads\/2022\/07\/52186573261_f603611c1c_c-799x445-1.jpg",640,356,false],"1536x1536":["https:\/\/markd.com.br\/models\/wp-content\/uploads\/2022\/07\/52186573261_f603611c1c_c-799x445-1.jpg",799,445,false],"2048x2048":["https:\/\/markd.com.br\/models\/wp-content\/uploads\/2022\/07\/52186573261_f603611c1c_c-799x445-1.jpg",799,445,false],"newsphere-slider-full":["https:\/\/markd.com.br\/models\/wp-content\/uploads\/2022\/07\/52186573261_f603611c1c_c-799x445-1.jpg",799,445,false],"newsphere-featured":["https:\/\/markd.com.br\/models\/wp-content\/uploads\/2022\/07\/52186573261_f603611c1c_c-799x445-1.jpg",799,445,false],"newsphere-medium":["https:\/\/markd.com.br\/models\/wp-content\/uploads\/2022\/07\/52186573261_f603611c1c_c-799x445-1-720x380.jpg",720,380,true]},"author_info":{"display_name":"Reda\u00e7\u00e3o Reda\u00e7\u00e3o","author_link":"https:\/\/markd.com.br\/models\/author\/redacao\/"},"category_info":"<a href=\"https:\/\/markd.com.br\/models\/category\/governo-do-amazonas\/\" rel=\"category tag\">Governo do amazonas<\/a> <a href=\"https:\/\/markd.com.br\/models\/category\/prefeitura-de-manaus\/\" rel=\"category tag\">Prefeitura de Manaus<\/a>","tag_info":"Prefeitura de Manaus","comment_count":"0","jetpack_featured_media_url":"https:\/\/markd.com.br\/models\/wp-content\/uploads\/2022\/07\/52186573261_f603611c1c_c-799x445-1.jpg","_links":{"self":[{"href":"https:\/\/markd.com.br\/models\/wp-json\/wp\/v2\/posts\/2180","targetHints":{"allow":["GET"]}}],"collection":[{"href":"https:\/\/markd.com.br\/models\/wp-json\/wp\/v2\/posts"}],"about":[{"href":"https:\/\/markd.com.br\/models\/wp-json\/wp\/v2\/types\/post"}],"author":[{"embeddable":true,"href":"https:\/\/markd.com.br\/models\/wp-json\/wp\/v2\/users\/5"}],"replies":[{"embeddable":true,"href":"https:\/\/markd.com.br\/models\/wp-json\/wp\/v2\/comments?post=2180"}],"version-history":[{"count":1,"href":"https:\/\/markd.com.br\/models\/wp-json\/wp\/v2\/posts\/2180\/revisions"}],"predecessor-version":[{"id":2182,"href":"https:\/\/markd.com.br\/models\/wp-json\/wp\/v2\/posts\/2180\/revisions\/2182"}],"wp:featuredmedia":[{"embeddable":true,"href":"https:\/\/markd.com.br\/models\/wp-json\/wp\/v2\/media\/2181"}],"wp:attachment":[{"href":"https:\/\/markd.com.br\/models\/wp-json\/wp\/v2\/media?parent=2180"}],"wp:term":[{"taxonomy":"category","embeddable":true,"href":"https:\/\/markd.com.br\/models\/wp-json\/wp\/v2\/categories?post=2180"},{"taxonomy":"post_tag","embeddable":true,"href":"https:\/\/markd.com.br\/models\/wp-json\/wp\/v2\/tags?post=2180"}],"curies":[{"name":"wp","href":"https:\/\/api.w.org\/{rel}","templated":true}]}}