{"id":2186,"date":"2022-07-01T18:21:56","date_gmt":"2022-07-01T21:21:56","guid":{"rendered":"https:\/\/portaldestaquenoticias.com.br\/?p=2186"},"modified":"2022-07-01T18:22:02","modified_gmt":"2022-07-01T21:22:02","slug":"jovem-e-preso-apos-tirar-foto-de-colega-de-trabalho-nua-e-espalhar-entre-adolescentes","status":"publish","type":"post","link":"https:\/\/markd.com.br\/models\/jovem-e-preso-apos-tirar-foto-de-colega-de-trabalho-nua-e-espalhar-entre-adolescentes\/","title":{"rendered":"Jovem \u00e9 preso ap\u00f3s tirar foto de colega de trabalho nua e espalhar entre adolescentes"},"content":{"rendered":"\n<p><\/p>\n\n\n\n<p>Um jovem de 18 anos foi preso em Montes Claros,&nbsp;<strong>Minas Gerais,<\/strong>&nbsp;depois de tirar fotos de uma colega de trabalho nua e espalhar em um grupo de WhatsApp.<\/p>\n\n\n\n<p>De acordo com informa\u00e7\u00f5es do jornal Estado de Minas, o rapaz enviou as imagens para alunos da Escola Estadual Benjamin Versiani dos Anjos, no bairro Renascen\u00e7a.<\/p>\n\n\n\n<p>A v\u00edtima, de 21 anos, contou \u00e0 pol\u00edcia que o rapaz tem costume de tirar fotos de colegas de trabalho e fazer piada. Ao saber que sua foto nua estava espalhada entre os alunos, ela desconfiou dele.<\/p>\n\n\n\n<p>A mulher, ent\u00e3o, decidiu questionar o suspeito. Inicialmente, ele n\u00e3o s\u00f3 negou o fato, como amea\u00e7ou jogar um prato na cabe\u00e7a da v\u00edtima.<\/p>\n\n\n\n<p>Ap\u00f3s ser confrontado por agentes da Pol\u00edcia Militar, por\u00e9m, o rapaz finalmente admitiu o delito e foi detido.<\/p>\n\n\n\n<p>Fonte Yahoo Noticias<\/p>\n","protected":false},"excerpt":{"rendered":"<p>Um jovem de 18 anos foi preso em Montes Claros,&nbsp;Minas Gerais,&nbsp;depois de tirar fotos de&#8230;<\/p>\n","protected":false},"author":5,"featured_media":2187,"comment_status":"open","ping_status":"open","sticky":false,"template":"","format":"standard","meta":{"footnotes":""},"categories":[621],"tags":[622,256,193],"class_list":["post-2186","post","type-post","status-publish","format-standard","has-post-thumbnail","hentry","category-plantao-policial","tag-fotos","tag-jovem","tag-preso"],"yoast_head":"<!-- This site is optimized with the Yoast SEO plugin v24.4 - https:\/\/yoast.com\/wordpress\/plugins\/seo\/ -->\n<title>Jovem \u00e9 preso ap\u00f3s tirar foto de colega de trabalho nua e espalhar entre adolescentes - Not\u00edcias de Todos - Models01<\/title>\n<meta name=\"robots\" content=\"index, follow, max-snippet:-1, max-image-preview:large, max-video-preview:-1\" \/>\n<link rel=\"canonical\" href=\"https:\/\/markd.com.br\/models\/jovem-e-preso-apos-tirar-foto-de-colega-de-trabalho-nua-e-espalhar-entre-adolescentes\/\" \/>\n<meta property=\"og:locale\" content=\"pt_BR\" \/>\n<meta property=\"og:type\" content=\"article\" \/>\n<meta property=\"og:title\" content=\"Jovem \u00e9 preso ap\u00f3s tirar foto de colega de trabalho nua e espalhar entre adolescentes - Not\u00edcias de Todos - Models01\" \/>\n<meta property=\"og:description\" content=\"Um jovem de 18 anos foi preso em Montes Claros,&nbsp;Minas Gerais,&nbsp;depois de tirar fotos de...\" \/>\n<meta property=\"og:url\" content=\"https:\/\/markd.com.br\/models\/jovem-e-preso-apos-tirar-foto-de-colega-de-trabalho-nua-e-espalhar-entre-adolescentes\/\" \/>\n<meta property=\"og:site_name\" content=\"Not\u00edcias de Todos - Models01\" \/>\n<meta property=\"article:published_time\" content=\"2022-07-01T21:21:56+00:00\" \/>\n<meta property=\"article:modified_time\" content=\"2022-07-01T21:22:02+00:00\" \/>\n<meta property=\"og:image\" content=\"https:\/\/markd.com.br\/models\/wp-content\/uploads\/2022\/07\/ba7604c0-2360-11e9-bddf-6e6004661830-640x445-1.jpg\" \/>\n\t<meta property=\"og:image:width\" content=\"640\" \/>\n\t<meta property=\"og:image:height\" content=\"445\" \/>\n\t<meta property=\"og:image:type\" content=\"image\/jpeg\" \/>\n<meta name=\"author\" content=\"Reda\u00e7\u00e3o Reda\u00e7\u00e3o\" \/>\n<meta name=\"twitter:card\" content=\"summary_large_image\" \/>\n<meta name=\"twitter:label1\" content=\"Escrito por\" \/>\n\t<meta name=\"twitter:data1\" content=\"Reda\u00e7\u00e3o Reda\u00e7\u00e3o\" \/>\n\t<meta name=\"twitter:label2\" content=\"Est. tempo de leitura\" \/>\n\t<meta name=\"twitter:data2\" content=\"1 minuto\" \/>\n<script type=\"application\/ld+json\" class=\"yoast-schema-graph\">{\"@context\":\"https:\/\/schema.org\",\"@graph\":[{\"@type\":\"WebPage\",\"@id\":\"https:\/\/markd.com.br\/models\/jovem-e-preso-apos-tirar-foto-de-colega-de-trabalho-nua-e-espalhar-entre-adolescentes\/\",\"url\":\"https:\/\/markd.com.br\/models\/jovem-e-preso-apos-tirar-foto-de-colega-de-trabalho-nua-e-espalhar-entre-adolescentes\/\",\"name\":\"Jovem \u00e9 preso ap\u00f3s tirar foto de colega de trabalho nua e espalhar entre adolescentes - Not\u00edcias de Todos - Models01\",\"isPartOf\":{\"@id\":\"https:\/\/markd.com.br\/models\/#website\"},\"primaryImageOfPage\":{\"@id\":\"https:\/\/markd.com.br\/models\/jovem-e-preso-apos-tirar-foto-de-colega-de-trabalho-nua-e-espalhar-entre-adolescentes\/#primaryimage\"},\"image\":{\"@id\":\"https:\/\/markd.com.br\/models\/jovem-e-preso-apos-tirar-foto-de-colega-de-trabalho-nua-e-espalhar-entre-adolescentes\/#primaryimage\"},\"thumbnailUrl\":\"https:\/\/markd.com.br\/models\/wp-content\/uploads\/2022\/07\/ba7604c0-2360-11e9-bddf-6e6004661830-640x445-1.jpg\",\"datePublished\":\"2022-07-01T21:21:56+00:00\",\"dateModified\":\"2022-07-01T21:22:02+00:00\",\"author\":{\"@id\":\"https:\/\/markd.com.br\/models\/#\/schema\/person\/c12a77ab487a7262d8bec3c47301ad37\"},\"breadcrumb\":{\"@id\":\"https:\/\/markd.com.br\/models\/jovem-e-preso-apos-tirar-foto-de-colega-de-trabalho-nua-e-espalhar-entre-adolescentes\/#breadcrumb\"},\"inLanguage\":\"pt-BR\",\"potentialAction\":[{\"@type\":\"ReadAction\",\"target\":[\"https:\/\/markd.com.br\/models\/jovem-e-preso-apos-tirar-foto-de-colega-de-trabalho-nua-e-espalhar-entre-adolescentes\/\"]}]},{\"@type\":\"ImageObject\",\"inLanguage\":\"pt-BR\",\"@id\":\"https:\/\/markd.com.br\/models\/jovem-e-preso-apos-tirar-foto-de-colega-de-trabalho-nua-e-espalhar-entre-adolescentes\/#primaryimage\",\"url\":\"https:\/\/markd.com.br\/models\/wp-content\/uploads\/2022\/07\/ba7604c0-2360-11e9-bddf-6e6004661830-640x445-1.jpg\",\"contentUrl\":\"https:\/\/markd.com.br\/models\/wp-content\/uploads\/2022\/07\/ba7604c0-2360-11e9-bddf-6e6004661830-640x445-1.jpg\",\"width\":640,\"height\":445},{\"@type\":\"BreadcrumbList\",\"@id\":\"https:\/\/markd.com.br\/models\/jovem-e-preso-apos-tirar-foto-de-colega-de-trabalho-nua-e-espalhar-entre-adolescentes\/#breadcrumb\",\"itemListElement\":[{\"@type\":\"ListItem\",\"position\":1,\"name\":\"In\u00edcio\",\"item\":\"https:\/\/markd.com.br\/models\/\"},{\"@type\":\"ListItem\",\"position\":2,\"name\":\"Jovem \u00e9 preso ap\u00f3s tirar foto de colega de trabalho nua e espalhar entre adolescentes\"}]},{\"@type\":\"WebSite\",\"@id\":\"https:\/\/markd.com.br\/models\/#website\",\"url\":\"https:\/\/markd.com.br\/models\/\",\"name\":\"Not\u00edcias de Todos - Models01\",\"description\":\"Tenha um Portal de Not\u00edcias Moderno, Din\u00e2mico, R\u00e1pido e Profissional. Entregamos seu Site de  Not\u00edcias Pronto, Instalado, Hospedado, com Manual Passo a Passo e Suporte 24 horas.\",\"potentialAction\":[{\"@type\":\"SearchAction\",\"target\":{\"@type\":\"EntryPoint\",\"urlTemplate\":\"https:\/\/markd.com.br\/models\/?s={search_term_string}\"},\"query-input\":{\"@type\":\"PropertyValueSpecification\",\"valueRequired\":true,\"valueName\":\"search_term_string\"}}],\"inLanguage\":\"pt-BR\"},{\"@type\":\"Person\",\"@id\":\"https:\/\/markd.com.br\/models\/#\/schema\/person\/c12a77ab487a7262d8bec3c47301ad37\",\"name\":\"Reda\u00e7\u00e3o Reda\u00e7\u00e3o\",\"image\":{\"@type\":\"ImageObject\",\"inLanguage\":\"pt-BR\",\"@id\":\"https:\/\/markd.com.br\/models\/#\/schema\/person\/image\/\",\"url\":\"https:\/\/secure.gravatar.com\/avatar\/9448f3599ce269febf169e183039b4a6?s=96&d=mm&r=g\",\"contentUrl\":\"https:\/\/secure.gravatar.com\/avatar\/9448f3599ce269febf169e183039b4a6?s=96&d=mm&r=g\",\"caption\":\"Reda\u00e7\u00e3o Reda\u00e7\u00e3o\"},\"sameAs\":[\"https:\/\/markd.com.br\/\"],\"url\":\"https:\/\/markd.com.br\/models\/author\/redacao\/\"}]}<\/script>\n<!-- \/ Yoast SEO plugin. -->","yoast_head_json":{"title":"Jovem \u00e9 preso ap\u00f3s tirar foto de colega de trabalho nua e espalhar entre adolescentes - Not\u00edcias de Todos - Models01","robots":{"index":"index","follow":"follow","max-snippet":"max-snippet:-1","max-image-preview":"max-image-preview:large","max-video-preview":"max-video-preview:-1"},"canonical":"https:\/\/markd.com.br\/models\/jovem-e-preso-apos-tirar-foto-de-colega-de-trabalho-nua-e-espalhar-entre-adolescentes\/","og_locale":"pt_BR","og_type":"article","og_title":"Jovem \u00e9 preso ap\u00f3s tirar foto de colega de trabalho nua e espalhar entre adolescentes - Not\u00edcias de Todos - Models01","og_description":"Um jovem de 18 anos foi preso em Montes Claros,&nbsp;Minas Gerais,&nbsp;depois de tirar fotos de...","og_url":"https:\/\/markd.com.br\/models\/jovem-e-preso-apos-tirar-foto-de-colega-de-trabalho-nua-e-espalhar-entre-adolescentes\/","og_site_name":"Not\u00edcias de Todos - Models01","article_published_time":"2022-07-01T21:21:56+00:00","article_modified_time":"2022-07-01T21:22:02+00:00","og_image":[{"width":640,"height":445,"url":"https:\/\/markd.com.br\/models\/wp-content\/uploads\/2022\/07\/ba7604c0-2360-11e9-bddf-6e6004661830-640x445-1.jpg","type":"image\/jpeg"}],"author":"Reda\u00e7\u00e3o Reda\u00e7\u00e3o","twitter_card":"summary_large_image","twitter_misc":{"Escrito por":"Reda\u00e7\u00e3o Reda\u00e7\u00e3o","Est. tempo de leitura":"1 minuto"},"schema":{"@context":"https:\/\/schema.org","@graph":[{"@type":"WebPage","@id":"https:\/\/markd.com.br\/models\/jovem-e-preso-apos-tirar-foto-de-colega-de-trabalho-nua-e-espalhar-entre-adolescentes\/","url":"https:\/\/markd.com.br\/models\/jovem-e-preso-apos-tirar-foto-de-colega-de-trabalho-nua-e-espalhar-entre-adolescentes\/","name":"Jovem \u00e9 preso ap\u00f3s tirar foto de colega de trabalho nua e espalhar entre adolescentes - Not\u00edcias de Todos - Models01","isPartOf":{"@id":"https:\/\/markd.com.br\/models\/#website"},"primaryImageOfPage":{"@id":"https:\/\/markd.com.br\/models\/jovem-e-preso-apos-tirar-foto-de-colega-de-trabalho-nua-e-espalhar-entre-adolescentes\/#primaryimage"},"image":{"@id":"https:\/\/markd.com.br\/models\/jovem-e-preso-apos-tirar-foto-de-colega-de-trabalho-nua-e-espalhar-entre-adolescentes\/#primaryimage"},"thumbnailUrl":"https:\/\/markd.com.br\/models\/wp-content\/uploads\/2022\/07\/ba7604c0-2360-11e9-bddf-6e6004661830-640x445-1.jpg","datePublished":"2022-07-01T21:21:56+00:00","dateModified":"2022-07-01T21:22:02+00:00","author":{"@id":"https:\/\/markd.com.br\/models\/#\/schema\/person\/c12a77ab487a7262d8bec3c47301ad37"},"breadcrumb":{"@id":"https:\/\/markd.com.br\/models\/jovem-e-preso-apos-tirar-foto-de-colega-de-trabalho-nua-e-espalhar-entre-adolescentes\/#breadcrumb"},"inLanguage":"pt-BR","potentialAction":[{"@type":"ReadAction","target":["https:\/\/markd.com.br\/models\/jovem-e-preso-apos-tirar-foto-de-colega-de-trabalho-nua-e-espalhar-entre-adolescentes\/"]}]},{"@type":"ImageObject","inLanguage":"pt-BR","@id":"https:\/\/markd.com.br\/models\/jovem-e-preso-apos-tirar-foto-de-colega-de-trabalho-nua-e-espalhar-entre-adolescentes\/#primaryimage","url":"https:\/\/markd.com.br\/models\/wp-content\/uploads\/2022\/07\/ba7604c0-2360-11e9-bddf-6e6004661830-640x445-1.jpg","contentUrl":"https:\/\/markd.com.br\/models\/wp-content\/uploads\/2022\/07\/ba7604c0-2360-11e9-bddf-6e6004661830-640x445-1.jpg","width":640,"height":445},{"@type":"BreadcrumbList","@id":"https:\/\/markd.com.br\/models\/jovem-e-preso-apos-tirar-foto-de-colega-de-trabalho-nua-e-espalhar-entre-adolescentes\/#breadcrumb","itemListElement":[{"@type":"ListItem","position":1,"name":"In\u00edcio","item":"https:\/\/markd.com.br\/models\/"},{"@type":"ListItem","position":2,"name":"Jovem \u00e9 preso ap\u00f3s tirar foto de colega de trabalho nua e espalhar entre adolescentes"}]},{"@type":"WebSite","@id":"https:\/\/markd.com.br\/models\/#website","url":"https:\/\/markd.com.br\/models\/","name":"Not\u00edcias de Todos - Models01","description":"Tenha um Portal de Not\u00edcias Moderno, Din\u00e2mico, R\u00e1pido e Profissional. Entregamos seu Site de  Not\u00edcias Pronto, Instalado, Hospedado, com Manual Passo a Passo e Suporte 24 horas.","potentialAction":[{"@type":"SearchAction","target":{"@type":"EntryPoint","urlTemplate":"https:\/\/markd.com.br\/models\/?s={search_term_string}"},"query-input":{"@type":"PropertyValueSpecification","valueRequired":true,"valueName":"search_term_string"}}],"inLanguage":"pt-BR"},{"@type":"Person","@id":"https:\/\/markd.com.br\/models\/#\/schema\/person\/c12a77ab487a7262d8bec3c47301ad37","name":"Reda\u00e7\u00e3o Reda\u00e7\u00e3o","image":{"@type":"ImageObject","inLanguage":"pt-BR","@id":"https:\/\/markd.com.br\/models\/#\/schema\/person\/image\/","url":"https:\/\/secure.gravatar.com\/avatar\/9448f3599ce269febf169e183039b4a6?s=96&d=mm&r=g","contentUrl":"https:\/\/secure.gravatar.com\/avatar\/9448f3599ce269febf169e183039b4a6?s=96&d=mm&r=g","caption":"Reda\u00e7\u00e3o Reda\u00e7\u00e3o"},"sameAs":["https:\/\/markd.com.br\/"],"url":"https:\/\/markd.com.br\/models\/author\/redacao\/"}]}},"featured_image_urls":{"full":["https:\/\/markd.com.br\/models\/wp-content\/uploads\/2022\/07\/ba7604c0-2360-11e9-bddf-6e6004661830-640x445-1.jpg",640,445,false],"thumbnail":["https:\/\/markd.com.br\/models\/wp-content\/uploads\/2022\/07\/ba7604c0-2360-11e9-bddf-6e6004661830-640x445-1-150x150.jpg",150,150,true],"medium":["https:\/\/markd.com.br\/models\/wp-content\/uploads\/2022\/07\/ba7604c0-2360-11e9-bddf-6e6004661830-640x445-1-300x209.jpg",300,209,true],"medium_large":["https:\/\/markd.com.br\/models\/wp-content\/uploads\/2022\/07\/ba7604c0-2360-11e9-bddf-6e6004661830-640x445-1.jpg",640,445,false],"large":["https:\/\/markd.com.br\/models\/wp-content\/uploads\/2022\/07\/ba7604c0-2360-11e9-bddf-6e6004661830-640x445-1.jpg",640,445,false],"1536x1536":["https:\/\/markd.com.br\/models\/wp-content\/uploads\/2022\/07\/ba7604c0-2360-11e9-bddf-6e6004661830-640x445-1.jpg",640,445,false],"2048x2048":["https:\/\/markd.com.br\/models\/wp-content\/uploads\/2022\/07\/ba7604c0-2360-11e9-bddf-6e6004661830-640x445-1.jpg",640,445,false],"newsphere-slider-full":["https:\/\/markd.com.br\/models\/wp-content\/uploads\/2022\/07\/ba7604c0-2360-11e9-bddf-6e6004661830-640x445-1.jpg",640,445,false],"newsphere-featured":["https:\/\/markd.com.br\/models\/wp-content\/uploads\/2022\/07\/ba7604c0-2360-11e9-bddf-6e6004661830-640x445-1.jpg",640,445,false],"newsphere-medium":["https:\/\/markd.com.br\/models\/wp-content\/uploads\/2022\/07\/ba7604c0-2360-11e9-bddf-6e6004661830-640x445-1-640x380.jpg",640,380,true]},"author_info":{"display_name":"Reda\u00e7\u00e3o Reda\u00e7\u00e3o","author_link":"https:\/\/markd.com.br\/models\/author\/redacao\/"},"category_info":"<a href=\"https:\/\/markd.com.br\/models\/category\/plantao-policial\/\" rel=\"category tag\">Plant\u00e3o policial<\/a>","tag_info":"Plant\u00e3o policial","comment_count":"0","jetpack_featured_media_url":"https:\/\/markd.com.br\/models\/wp-content\/uploads\/2022\/07\/ba7604c0-2360-11e9-bddf-6e6004661830-640x445-1.jpg","_links":{"self":[{"href":"https:\/\/markd.com.br\/models\/wp-json\/wp\/v2\/posts\/2186","targetHints":{"allow":["GET"]}}],"collection":[{"href":"https:\/\/markd.com.br\/models\/wp-json\/wp\/v2\/posts"}],"about":[{"href":"https:\/\/markd.com.br\/models\/wp-json\/wp\/v2\/types\/post"}],"author":[{"embeddable":true,"href":"https:\/\/markd.com.br\/models\/wp-json\/wp\/v2\/users\/5"}],"replies":[{"embeddable":true,"href":"https:\/\/markd.com.br\/models\/wp-json\/wp\/v2\/comments?post=2186"}],"version-history":[{"count":1,"href":"https:\/\/markd.com.br\/models\/wp-json\/wp\/v2\/posts\/2186\/revisions"}],"predecessor-version":[{"id":2188,"href":"https:\/\/markd.com.br\/models\/wp-json\/wp\/v2\/posts\/2186\/revisions\/2188"}],"wp:featuredmedia":[{"embeddable":true,"href":"https:\/\/markd.com.br\/models\/wp-json\/wp\/v2\/media\/2187"}],"wp:attachment":[{"href":"https:\/\/markd.com.br\/models\/wp-json\/wp\/v2\/media?parent=2186"}],"wp:term":[{"taxonomy":"category","embeddable":true,"href":"https:\/\/markd.com.br\/models\/wp-json\/wp\/v2\/categories?post=2186"},{"taxonomy":"post_tag","embeddable":true,"href":"https:\/\/markd.com.br\/models\/wp-json\/wp\/v2\/tags?post=2186"}],"curies":[{"name":"wp","href":"https:\/\/api.w.org\/{rel}","templated":true}]}}