{"id":2229,"date":"2022-07-02T20:27:44","date_gmt":"2022-07-02T23:27:44","guid":{"rendered":"https:\/\/portaldestaquenoticias.com.br\/?p=2229"},"modified":"2022-07-02T20:27:50","modified_gmt":"2022-07-02T23:27:50","slug":"homem-pede-que-amigos-levem-cestas-basicas-ao-inves-de-flores-ao-seu-velorio","status":"publish","type":"post","link":"https:\/\/markd.com.br\/models\/homem-pede-que-amigos-levem-cestas-basicas-ao-inves-de-flores-ao-seu-velorio\/","title":{"rendered":"Homem pede que amigos levem cestas b\u00e1sicas ao inv\u00e9s de flores ao seu vel\u00f3rio"},"content":{"rendered":"\n<p><\/p>\n\n\n\n<p>O \u00faltimo pedido de Ivan de Deus antes de morrer, tocou o cora\u00e7\u00e3o de quem o conhecia. O morador de Santa Catarina foi um exemplo de altru\u00edsmo. Com c\u00e2ncer em fase terminal, o funcion\u00e1rio p\u00fablico pediu aos amigos e familiares que quem fosse ao vel\u00f3rio dele n\u00e3o levasse flores, e sim alimentos para doa\u00e7\u00e3o.<\/p>\n\n\n\n<p>Na \u00faltima quarta-feira, 29, pela manh\u00e3, Ivan morreu em casa aos 50 anos. A cerim\u00f4nia de despedida foi marcada pela dor da perda de algu\u00e9m sempre dedicado a ajudar o pr\u00f3ximo. Mas, ao mesmo tempo, serviu de oportunidade para fazer o bem.<\/p>\n\n\n\n<p>A fam\u00edlia dele come\u00e7ou a organizar as cestas b\u00e1sicas a partir desta da \u00faltima sexta-feira, 1.<\/p>\n\n\n\n<p><strong>Com informa\u00e7\u00f5es do Metr\u00f3poles<\/strong><\/p>\n","protected":false},"excerpt":{"rendered":"<p>O \u00faltimo pedido de Ivan de Deus antes de morrer, tocou o cora\u00e7\u00e3o de quem&#8230;<\/p>\n","protected":false},"author":5,"featured_media":2230,"comment_status":"open","ping_status":"open","sticky":false,"template":"","format":"standard","meta":{"footnotes":""},"categories":[488],"tags":[637,561,638],"class_list":["post-2229","post","type-post","status-publish","format-standard","has-post-thumbnail","hentry","category-destaque","tag-cestas-basicas","tag-homem","tag-velorio"],"yoast_head":"<!-- This site is optimized with the Yoast SEO plugin v24.4 - https:\/\/yoast.com\/wordpress\/plugins\/seo\/ -->\n<title>Homem pede que amigos levem cestas b\u00e1sicas ao inv\u00e9s de flores ao seu vel\u00f3rio - Not\u00edcias de Todos - Models01<\/title>\n<meta name=\"robots\" content=\"index, follow, max-snippet:-1, max-image-preview:large, max-video-preview:-1\" \/>\n<link rel=\"canonical\" href=\"https:\/\/markd.com.br\/models\/homem-pede-que-amigos-levem-cestas-basicas-ao-inves-de-flores-ao-seu-velorio\/\" \/>\n<meta property=\"og:locale\" content=\"pt_BR\" \/>\n<meta property=\"og:type\" content=\"article\" \/>\n<meta property=\"og:title\" content=\"Homem pede que amigos levem cestas b\u00e1sicas ao inv\u00e9s de flores ao seu vel\u00f3rio - Not\u00edcias de Todos - Models01\" \/>\n<meta property=\"og:description\" content=\"O \u00faltimo pedido de Ivan de Deus antes de morrer, tocou o cora\u00e7\u00e3o de quem...\" \/>\n<meta property=\"og:url\" content=\"https:\/\/markd.com.br\/models\/homem-pede-que-amigos-levem-cestas-basicas-ao-inves-de-flores-ao-seu-velorio\/\" \/>\n<meta property=\"og:site_name\" content=\"Not\u00edcias de Todos - Models01\" \/>\n<meta property=\"article:published_time\" content=\"2022-07-02T23:27:44+00:00\" \/>\n<meta property=\"article:modified_time\" content=\"2022-07-02T23:27:50+00:00\" \/>\n<meta property=\"og:image\" content=\"https:\/\/markd.com.br\/models\/wp-content\/uploads\/2022\/07\/sc-cancer-pedido-450x300-1.webp\" \/>\n\t<meta property=\"og:image:width\" content=\"450\" \/>\n\t<meta property=\"og:image:height\" content=\"300\" \/>\n\t<meta property=\"og:image:type\" content=\"image\/webp\" \/>\n<meta name=\"author\" content=\"Reda\u00e7\u00e3o Reda\u00e7\u00e3o\" \/>\n<meta name=\"twitter:card\" content=\"summary_large_image\" \/>\n<meta name=\"twitter:label1\" content=\"Escrito por\" \/>\n\t<meta name=\"twitter:data1\" content=\"Reda\u00e7\u00e3o Reda\u00e7\u00e3o\" \/>\n\t<meta name=\"twitter:label2\" content=\"Est. tempo de leitura\" \/>\n\t<meta name=\"twitter:data2\" content=\"1 minuto\" \/>\n<script type=\"application\/ld+json\" class=\"yoast-schema-graph\">{\"@context\":\"https:\/\/schema.org\",\"@graph\":[{\"@type\":\"WebPage\",\"@id\":\"https:\/\/markd.com.br\/models\/homem-pede-que-amigos-levem-cestas-basicas-ao-inves-de-flores-ao-seu-velorio\/\",\"url\":\"https:\/\/markd.com.br\/models\/homem-pede-que-amigos-levem-cestas-basicas-ao-inves-de-flores-ao-seu-velorio\/\",\"name\":\"Homem pede que amigos levem cestas b\u00e1sicas ao inv\u00e9s de flores ao seu vel\u00f3rio - Not\u00edcias de Todos - Models01\",\"isPartOf\":{\"@id\":\"https:\/\/markd.com.br\/models\/#website\"},\"primaryImageOfPage\":{\"@id\":\"https:\/\/markd.com.br\/models\/homem-pede-que-amigos-levem-cestas-basicas-ao-inves-de-flores-ao-seu-velorio\/#primaryimage\"},\"image\":{\"@id\":\"https:\/\/markd.com.br\/models\/homem-pede-que-amigos-levem-cestas-basicas-ao-inves-de-flores-ao-seu-velorio\/#primaryimage\"},\"thumbnailUrl\":\"https:\/\/markd.com.br\/models\/wp-content\/uploads\/2022\/07\/sc-cancer-pedido-450x300-1.webp\",\"datePublished\":\"2022-07-02T23:27:44+00:00\",\"dateModified\":\"2022-07-02T23:27:50+00:00\",\"author\":{\"@id\":\"https:\/\/markd.com.br\/models\/#\/schema\/person\/c12a77ab487a7262d8bec3c47301ad37\"},\"breadcrumb\":{\"@id\":\"https:\/\/markd.com.br\/models\/homem-pede-que-amigos-levem-cestas-basicas-ao-inves-de-flores-ao-seu-velorio\/#breadcrumb\"},\"inLanguage\":\"pt-BR\",\"potentialAction\":[{\"@type\":\"ReadAction\",\"target\":[\"https:\/\/markd.com.br\/models\/homem-pede-que-amigos-levem-cestas-basicas-ao-inves-de-flores-ao-seu-velorio\/\"]}]},{\"@type\":\"ImageObject\",\"inLanguage\":\"pt-BR\",\"@id\":\"https:\/\/markd.com.br\/models\/homem-pede-que-amigos-levem-cestas-basicas-ao-inves-de-flores-ao-seu-velorio\/#primaryimage\",\"url\":\"https:\/\/markd.com.br\/models\/wp-content\/uploads\/2022\/07\/sc-cancer-pedido-450x300-1.webp\",\"contentUrl\":\"https:\/\/markd.com.br\/models\/wp-content\/uploads\/2022\/07\/sc-cancer-pedido-450x300-1.webp\",\"width\":450,\"height\":300},{\"@type\":\"BreadcrumbList\",\"@id\":\"https:\/\/markd.com.br\/models\/homem-pede-que-amigos-levem-cestas-basicas-ao-inves-de-flores-ao-seu-velorio\/#breadcrumb\",\"itemListElement\":[{\"@type\":\"ListItem\",\"position\":1,\"name\":\"In\u00edcio\",\"item\":\"https:\/\/markd.com.br\/models\/\"},{\"@type\":\"ListItem\",\"position\":2,\"name\":\"Homem pede que amigos levem cestas b\u00e1sicas ao inv\u00e9s de flores ao seu vel\u00f3rio\"}]},{\"@type\":\"WebSite\",\"@id\":\"https:\/\/markd.com.br\/models\/#website\",\"url\":\"https:\/\/markd.com.br\/models\/\",\"name\":\"Not\u00edcias de Todos - Models01\",\"description\":\"Tenha um Portal de Not\u00edcias Moderno, Din\u00e2mico, R\u00e1pido e Profissional. Entregamos seu Site de  Not\u00edcias Pronto, Instalado, Hospedado, com Manual Passo a Passo e Suporte 24 horas.\",\"potentialAction\":[{\"@type\":\"SearchAction\",\"target\":{\"@type\":\"EntryPoint\",\"urlTemplate\":\"https:\/\/markd.com.br\/models\/?s={search_term_string}\"},\"query-input\":{\"@type\":\"PropertyValueSpecification\",\"valueRequired\":true,\"valueName\":\"search_term_string\"}}],\"inLanguage\":\"pt-BR\"},{\"@type\":\"Person\",\"@id\":\"https:\/\/markd.com.br\/models\/#\/schema\/person\/c12a77ab487a7262d8bec3c47301ad37\",\"name\":\"Reda\u00e7\u00e3o Reda\u00e7\u00e3o\",\"image\":{\"@type\":\"ImageObject\",\"inLanguage\":\"pt-BR\",\"@id\":\"https:\/\/markd.com.br\/models\/#\/schema\/person\/image\/\",\"url\":\"https:\/\/secure.gravatar.com\/avatar\/9448f3599ce269febf169e183039b4a6?s=96&d=mm&r=g\",\"contentUrl\":\"https:\/\/secure.gravatar.com\/avatar\/9448f3599ce269febf169e183039b4a6?s=96&d=mm&r=g\",\"caption\":\"Reda\u00e7\u00e3o Reda\u00e7\u00e3o\"},\"sameAs\":[\"https:\/\/markd.com.br\/\"],\"url\":\"https:\/\/markd.com.br\/models\/author\/redacao\/\"}]}<\/script>\n<!-- \/ Yoast SEO plugin. -->","yoast_head_json":{"title":"Homem pede que amigos levem cestas b\u00e1sicas ao inv\u00e9s de flores ao seu vel\u00f3rio - Not\u00edcias de Todos - Models01","robots":{"index":"index","follow":"follow","max-snippet":"max-snippet:-1","max-image-preview":"max-image-preview:large","max-video-preview":"max-video-preview:-1"},"canonical":"https:\/\/markd.com.br\/models\/homem-pede-que-amigos-levem-cestas-basicas-ao-inves-de-flores-ao-seu-velorio\/","og_locale":"pt_BR","og_type":"article","og_title":"Homem pede que amigos levem cestas b\u00e1sicas ao inv\u00e9s de flores ao seu vel\u00f3rio - Not\u00edcias de Todos - Models01","og_description":"O \u00faltimo pedido de Ivan de Deus antes de morrer, tocou o cora\u00e7\u00e3o de quem...","og_url":"https:\/\/markd.com.br\/models\/homem-pede-que-amigos-levem-cestas-basicas-ao-inves-de-flores-ao-seu-velorio\/","og_site_name":"Not\u00edcias de Todos - Models01","article_published_time":"2022-07-02T23:27:44+00:00","article_modified_time":"2022-07-02T23:27:50+00:00","og_image":[{"width":450,"height":300,"url":"https:\/\/markd.com.br\/models\/wp-content\/uploads\/2022\/07\/sc-cancer-pedido-450x300-1.webp","type":"image\/webp"}],"author":"Reda\u00e7\u00e3o Reda\u00e7\u00e3o","twitter_card":"summary_large_image","twitter_misc":{"Escrito por":"Reda\u00e7\u00e3o Reda\u00e7\u00e3o","Est. tempo de leitura":"1 minuto"},"schema":{"@context":"https:\/\/schema.org","@graph":[{"@type":"WebPage","@id":"https:\/\/markd.com.br\/models\/homem-pede-que-amigos-levem-cestas-basicas-ao-inves-de-flores-ao-seu-velorio\/","url":"https:\/\/markd.com.br\/models\/homem-pede-que-amigos-levem-cestas-basicas-ao-inves-de-flores-ao-seu-velorio\/","name":"Homem pede que amigos levem cestas b\u00e1sicas ao inv\u00e9s de flores ao seu vel\u00f3rio - Not\u00edcias de Todos - Models01","isPartOf":{"@id":"https:\/\/markd.com.br\/models\/#website"},"primaryImageOfPage":{"@id":"https:\/\/markd.com.br\/models\/homem-pede-que-amigos-levem-cestas-basicas-ao-inves-de-flores-ao-seu-velorio\/#primaryimage"},"image":{"@id":"https:\/\/markd.com.br\/models\/homem-pede-que-amigos-levem-cestas-basicas-ao-inves-de-flores-ao-seu-velorio\/#primaryimage"},"thumbnailUrl":"https:\/\/markd.com.br\/models\/wp-content\/uploads\/2022\/07\/sc-cancer-pedido-450x300-1.webp","datePublished":"2022-07-02T23:27:44+00:00","dateModified":"2022-07-02T23:27:50+00:00","author":{"@id":"https:\/\/markd.com.br\/models\/#\/schema\/person\/c12a77ab487a7262d8bec3c47301ad37"},"breadcrumb":{"@id":"https:\/\/markd.com.br\/models\/homem-pede-que-amigos-levem-cestas-basicas-ao-inves-de-flores-ao-seu-velorio\/#breadcrumb"},"inLanguage":"pt-BR","potentialAction":[{"@type":"ReadAction","target":["https:\/\/markd.com.br\/models\/homem-pede-que-amigos-levem-cestas-basicas-ao-inves-de-flores-ao-seu-velorio\/"]}]},{"@type":"ImageObject","inLanguage":"pt-BR","@id":"https:\/\/markd.com.br\/models\/homem-pede-que-amigos-levem-cestas-basicas-ao-inves-de-flores-ao-seu-velorio\/#primaryimage","url":"https:\/\/markd.com.br\/models\/wp-content\/uploads\/2022\/07\/sc-cancer-pedido-450x300-1.webp","contentUrl":"https:\/\/markd.com.br\/models\/wp-content\/uploads\/2022\/07\/sc-cancer-pedido-450x300-1.webp","width":450,"height":300},{"@type":"BreadcrumbList","@id":"https:\/\/markd.com.br\/models\/homem-pede-que-amigos-levem-cestas-basicas-ao-inves-de-flores-ao-seu-velorio\/#breadcrumb","itemListElement":[{"@type":"ListItem","position":1,"name":"In\u00edcio","item":"https:\/\/markd.com.br\/models\/"},{"@type":"ListItem","position":2,"name":"Homem pede que amigos levem cestas b\u00e1sicas ao inv\u00e9s de flores ao seu vel\u00f3rio"}]},{"@type":"WebSite","@id":"https:\/\/markd.com.br\/models\/#website","url":"https:\/\/markd.com.br\/models\/","name":"Not\u00edcias de Todos - Models01","description":"Tenha um Portal de Not\u00edcias Moderno, Din\u00e2mico, R\u00e1pido e Profissional. Entregamos seu Site de  Not\u00edcias Pronto, Instalado, Hospedado, com Manual Passo a Passo e Suporte 24 horas.","potentialAction":[{"@type":"SearchAction","target":{"@type":"EntryPoint","urlTemplate":"https:\/\/markd.com.br\/models\/?s={search_term_string}"},"query-input":{"@type":"PropertyValueSpecification","valueRequired":true,"valueName":"search_term_string"}}],"inLanguage":"pt-BR"},{"@type":"Person","@id":"https:\/\/markd.com.br\/models\/#\/schema\/person\/c12a77ab487a7262d8bec3c47301ad37","name":"Reda\u00e7\u00e3o Reda\u00e7\u00e3o","image":{"@type":"ImageObject","inLanguage":"pt-BR","@id":"https:\/\/markd.com.br\/models\/#\/schema\/person\/image\/","url":"https:\/\/secure.gravatar.com\/avatar\/9448f3599ce269febf169e183039b4a6?s=96&d=mm&r=g","contentUrl":"https:\/\/secure.gravatar.com\/avatar\/9448f3599ce269febf169e183039b4a6?s=96&d=mm&r=g","caption":"Reda\u00e7\u00e3o Reda\u00e7\u00e3o"},"sameAs":["https:\/\/markd.com.br\/"],"url":"https:\/\/markd.com.br\/models\/author\/redacao\/"}]}},"featured_image_urls":{"full":["https:\/\/markd.com.br\/models\/wp-content\/uploads\/2022\/07\/sc-cancer-pedido-450x300-1.webp",450,300,false],"thumbnail":["https:\/\/markd.com.br\/models\/wp-content\/uploads\/2022\/07\/sc-cancer-pedido-450x300-1-150x150.webp",150,150,true],"medium":["https:\/\/markd.com.br\/models\/wp-content\/uploads\/2022\/07\/sc-cancer-pedido-450x300-1-300x200.webp",300,200,true],"medium_large":["https:\/\/markd.com.br\/models\/wp-content\/uploads\/2022\/07\/sc-cancer-pedido-450x300-1.webp",450,300,false],"large":["https:\/\/markd.com.br\/models\/wp-content\/uploads\/2022\/07\/sc-cancer-pedido-450x300-1.webp",450,300,false],"1536x1536":["https:\/\/markd.com.br\/models\/wp-content\/uploads\/2022\/07\/sc-cancer-pedido-450x300-1.webp",450,300,false],"2048x2048":["https:\/\/markd.com.br\/models\/wp-content\/uploads\/2022\/07\/sc-cancer-pedido-450x300-1.webp",450,300,false],"newsphere-slider-full":["https:\/\/markd.com.br\/models\/wp-content\/uploads\/2022\/07\/sc-cancer-pedido-450x300-1.webp",450,300,false],"newsphere-featured":["https:\/\/markd.com.br\/models\/wp-content\/uploads\/2022\/07\/sc-cancer-pedido-450x300-1.webp",450,300,false],"newsphere-medium":["https:\/\/markd.com.br\/models\/wp-content\/uploads\/2022\/07\/sc-cancer-pedido-450x300-1.webp",450,300,false]},"author_info":{"display_name":"Reda\u00e7\u00e3o Reda\u00e7\u00e3o","author_link":"https:\/\/markd.com.br\/models\/author\/redacao\/"},"category_info":"<a href=\"https:\/\/markd.com.br\/models\/category\/destaque\/\" rel=\"category tag\">Destaque<\/a>","tag_info":"Destaque","comment_count":"0","jetpack_featured_media_url":"https:\/\/markd.com.br\/models\/wp-content\/uploads\/2022\/07\/sc-cancer-pedido-450x300-1.webp","_links":{"self":[{"href":"https:\/\/markd.com.br\/models\/wp-json\/wp\/v2\/posts\/2229","targetHints":{"allow":["GET"]}}],"collection":[{"href":"https:\/\/markd.com.br\/models\/wp-json\/wp\/v2\/posts"}],"about":[{"href":"https:\/\/markd.com.br\/models\/wp-json\/wp\/v2\/types\/post"}],"author":[{"embeddable":true,"href":"https:\/\/markd.com.br\/models\/wp-json\/wp\/v2\/users\/5"}],"replies":[{"embeddable":true,"href":"https:\/\/markd.com.br\/models\/wp-json\/wp\/v2\/comments?post=2229"}],"version-history":[{"count":1,"href":"https:\/\/markd.com.br\/models\/wp-json\/wp\/v2\/posts\/2229\/revisions"}],"predecessor-version":[{"id":2231,"href":"https:\/\/markd.com.br\/models\/wp-json\/wp\/v2\/posts\/2229\/revisions\/2231"}],"wp:featuredmedia":[{"embeddable":true,"href":"https:\/\/markd.com.br\/models\/wp-json\/wp\/v2\/media\/2230"}],"wp:attachment":[{"href":"https:\/\/markd.com.br\/models\/wp-json\/wp\/v2\/media?parent=2229"}],"wp:term":[{"taxonomy":"category","embeddable":true,"href":"https:\/\/markd.com.br\/models\/wp-json\/wp\/v2\/categories?post=2229"},{"taxonomy":"post_tag","embeddable":true,"href":"https:\/\/markd.com.br\/models\/wp-json\/wp\/v2\/tags?post=2229"}],"curies":[{"name":"wp","href":"https:\/\/api.w.org\/{rel}","templated":true}]}}