{"id":2248,"date":"2022-07-02T21:10:14","date_gmt":"2022-07-03T00:10:14","guid":{"rendered":"https:\/\/portaldestaquenoticias.com.br\/?p=2248"},"modified":"2022-07-02T21:10:20","modified_gmt":"2022-07-03T00:10:20","slug":"acusacao-de-assedio-derruba-mais-um-executivo-da-caixa-economica","status":"publish","type":"post","link":"https:\/\/markd.com.br\/models\/acusacao-de-assedio-derruba-mais-um-executivo-da-caixa-economica\/","title":{"rendered":"Acusa\u00e7\u00e3o de ass\u00e9dio derruba mais um executivo da Caixa Econ\u00f4mica"},"content":{"rendered":"\n<p><\/p>\n\n\n\n<p>Na noite da sexta-feira, 1, a Caixa informou, por meio de nota, que o Conselho de Administra\u00e7\u00e3o do banco&nbsp;acatou o pedido de demiss\u00e3o do vice-presidente de Neg\u00f3cios de Atacado, Celso Leonardo Barbosa, apontado como um dos principais auxiliares de Pedro Guimar\u00e3es, que caiu ap\u00f3s ser acusado de assediar moral e sexualmente funcion\u00e1rias da institui\u00e7\u00e3o.&nbsp;<\/p>\n\n\n\n<p>Celso Leonardo Barbosa, considerado o n\u00ba 2 da Caixa, apresentou carta de ren\u00fancia ao cargo. O executivo, que tamb\u00e9m \u00e9 lutador de MMA, teria sido citado no processo de investiga\u00e7\u00e3o sobre as den\u00fancias de ass\u00e9dio sexual e moral. O banco tem 12 vice-presid\u00eancias. Guimar\u00e3es comandava o banco desde o in\u00edcio do governo Bolsonaro.<\/p>\n\n\n\n<p>A defesa do vice-presidente do banco justifica que o desligamento foi solicitado, \u201cembora n\u00e3o conste absolutamente nada em seu desfavor\u201d, \u201cpara que n\u00e3o se questione a imparcialidade das apura\u00e7\u00f5es\u201d.<\/p>\n\n\n\n<p>Daniella Marques Consentino, que era bra\u00e7o direito do ministro da Economia, Paulo Guedes, assumiu, na noite da \u00faltima sexta-feira, 1, a vaga deixada por Pedro Guimar\u00e3es. O nome da antiga secret\u00e1ria de Produtividade e Competitividade do Minist\u00e9rio da Economia foi tamb\u00e9m aprovado pelo Conselho de Administra\u00e7\u00e3o da Caixa.<\/p>\n\n\n\n<p><strong>Com informa\u00e7\u00f5es do Metr\u00f3poles<\/strong><\/p>\n","protected":false},"excerpt":{"rendered":"<p>Na noite da sexta-feira, 1, a Caixa informou, por meio de nota, que o Conselho&#8230;<\/p>\n","protected":false},"author":5,"featured_media":2249,"comment_status":"open","ping_status":"open","sticky":false,"template":"","format":"standard","meta":{"footnotes":""},"categories":[488],"tags":[650,651,652],"class_list":["post-2248","post","type-post","status-publish","format-standard","has-post-thumbnail","hentry","category-destaque","tag-acusacao","tag-assedio","tag-caixa-economica"],"yoast_head":"<!-- This site is optimized with the Yoast SEO plugin v24.4 - https:\/\/yoast.com\/wordpress\/plugins\/seo\/ -->\n<title>Acusa\u00e7\u00e3o de ass\u00e9dio derruba mais um executivo da Caixa Econ\u00f4mica - Not\u00edcias de Todos - Models01<\/title>\n<meta name=\"robots\" content=\"index, follow, max-snippet:-1, max-image-preview:large, max-video-preview:-1\" \/>\n<link rel=\"canonical\" href=\"https:\/\/markd.com.br\/models\/acusacao-de-assedio-derruba-mais-um-executivo-da-caixa-economica\/\" \/>\n<meta property=\"og:locale\" content=\"pt_BR\" \/>\n<meta property=\"og:type\" content=\"article\" \/>\n<meta property=\"og:title\" content=\"Acusa\u00e7\u00e3o de ass\u00e9dio derruba mais um executivo da Caixa Econ\u00f4mica - Not\u00edcias de Todos - Models01\" \/>\n<meta property=\"og:description\" content=\"Na noite da sexta-feira, 1, a Caixa informou, por meio de nota, que o Conselho...\" \/>\n<meta property=\"og:url\" content=\"https:\/\/markd.com.br\/models\/acusacao-de-assedio-derruba-mais-um-executivo-da-caixa-economica\/\" \/>\n<meta property=\"og:site_name\" content=\"Not\u00edcias de Todos - Models01\" \/>\n<meta property=\"article:published_time\" content=\"2022-07-03T00:10:14+00:00\" \/>\n<meta property=\"article:modified_time\" content=\"2022-07-03T00:10:20+00:00\" \/>\n<meta property=\"og:image\" content=\"https:\/\/markd.com.br\/models\/wp-content\/uploads\/2022\/07\/WhatsApp-Image-2022-07-02-at-11.17.10-675x445-1.jpeg\" \/>\n\t<meta property=\"og:image:width\" content=\"675\" \/>\n\t<meta property=\"og:image:height\" content=\"445\" \/>\n\t<meta property=\"og:image:type\" content=\"image\/jpeg\" \/>\n<meta name=\"author\" content=\"Reda\u00e7\u00e3o Reda\u00e7\u00e3o\" \/>\n<meta name=\"twitter:card\" content=\"summary_large_image\" \/>\n<meta name=\"twitter:label1\" content=\"Escrito por\" \/>\n\t<meta name=\"twitter:data1\" content=\"Reda\u00e7\u00e3o Reda\u00e7\u00e3o\" \/>\n\t<meta name=\"twitter:label2\" content=\"Est. tempo de leitura\" \/>\n\t<meta name=\"twitter:data2\" content=\"2 minutos\" \/>\n<script type=\"application\/ld+json\" class=\"yoast-schema-graph\">{\"@context\":\"https:\/\/schema.org\",\"@graph\":[{\"@type\":\"WebPage\",\"@id\":\"https:\/\/markd.com.br\/models\/acusacao-de-assedio-derruba-mais-um-executivo-da-caixa-economica\/\",\"url\":\"https:\/\/markd.com.br\/models\/acusacao-de-assedio-derruba-mais-um-executivo-da-caixa-economica\/\",\"name\":\"Acusa\u00e7\u00e3o de ass\u00e9dio derruba mais um executivo da Caixa Econ\u00f4mica - Not\u00edcias de Todos - Models01\",\"isPartOf\":{\"@id\":\"https:\/\/markd.com.br\/models\/#website\"},\"primaryImageOfPage\":{\"@id\":\"https:\/\/markd.com.br\/models\/acusacao-de-assedio-derruba-mais-um-executivo-da-caixa-economica\/#primaryimage\"},\"image\":{\"@id\":\"https:\/\/markd.com.br\/models\/acusacao-de-assedio-derruba-mais-um-executivo-da-caixa-economica\/#primaryimage\"},\"thumbnailUrl\":\"https:\/\/markd.com.br\/models\/wp-content\/uploads\/2022\/07\/WhatsApp-Image-2022-07-02-at-11.17.10-675x445-1.jpeg\",\"datePublished\":\"2022-07-03T00:10:14+00:00\",\"dateModified\":\"2022-07-03T00:10:20+00:00\",\"author\":{\"@id\":\"https:\/\/markd.com.br\/models\/#\/schema\/person\/c12a77ab487a7262d8bec3c47301ad37\"},\"breadcrumb\":{\"@id\":\"https:\/\/markd.com.br\/models\/acusacao-de-assedio-derruba-mais-um-executivo-da-caixa-economica\/#breadcrumb\"},\"inLanguage\":\"pt-BR\",\"potentialAction\":[{\"@type\":\"ReadAction\",\"target\":[\"https:\/\/markd.com.br\/models\/acusacao-de-assedio-derruba-mais-um-executivo-da-caixa-economica\/\"]}]},{\"@type\":\"ImageObject\",\"inLanguage\":\"pt-BR\",\"@id\":\"https:\/\/markd.com.br\/models\/acusacao-de-assedio-derruba-mais-um-executivo-da-caixa-economica\/#primaryimage\",\"url\":\"https:\/\/markd.com.br\/models\/wp-content\/uploads\/2022\/07\/WhatsApp-Image-2022-07-02-at-11.17.10-675x445-1.jpeg\",\"contentUrl\":\"https:\/\/markd.com.br\/models\/wp-content\/uploads\/2022\/07\/WhatsApp-Image-2022-07-02-at-11.17.10-675x445-1.jpeg\",\"width\":675,\"height\":445},{\"@type\":\"BreadcrumbList\",\"@id\":\"https:\/\/markd.com.br\/models\/acusacao-de-assedio-derruba-mais-um-executivo-da-caixa-economica\/#breadcrumb\",\"itemListElement\":[{\"@type\":\"ListItem\",\"position\":1,\"name\":\"In\u00edcio\",\"item\":\"https:\/\/markd.com.br\/models\/\"},{\"@type\":\"ListItem\",\"position\":2,\"name\":\"Acusa\u00e7\u00e3o de ass\u00e9dio derruba mais um executivo da Caixa Econ\u00f4mica\"}]},{\"@type\":\"WebSite\",\"@id\":\"https:\/\/markd.com.br\/models\/#website\",\"url\":\"https:\/\/markd.com.br\/models\/\",\"name\":\"Not\u00edcias de Todos - Models01\",\"description\":\"Tenha um Portal de Not\u00edcias Moderno, Din\u00e2mico, R\u00e1pido e Profissional. Entregamos seu Site de  Not\u00edcias Pronto, Instalado, Hospedado, com Manual Passo a Passo e Suporte 24 horas.\",\"potentialAction\":[{\"@type\":\"SearchAction\",\"target\":{\"@type\":\"EntryPoint\",\"urlTemplate\":\"https:\/\/markd.com.br\/models\/?s={search_term_string}\"},\"query-input\":{\"@type\":\"PropertyValueSpecification\",\"valueRequired\":true,\"valueName\":\"search_term_string\"}}],\"inLanguage\":\"pt-BR\"},{\"@type\":\"Person\",\"@id\":\"https:\/\/markd.com.br\/models\/#\/schema\/person\/c12a77ab487a7262d8bec3c47301ad37\",\"name\":\"Reda\u00e7\u00e3o Reda\u00e7\u00e3o\",\"image\":{\"@type\":\"ImageObject\",\"inLanguage\":\"pt-BR\",\"@id\":\"https:\/\/markd.com.br\/models\/#\/schema\/person\/image\/\",\"url\":\"https:\/\/secure.gravatar.com\/avatar\/9448f3599ce269febf169e183039b4a6?s=96&d=mm&r=g\",\"contentUrl\":\"https:\/\/secure.gravatar.com\/avatar\/9448f3599ce269febf169e183039b4a6?s=96&d=mm&r=g\",\"caption\":\"Reda\u00e7\u00e3o Reda\u00e7\u00e3o\"},\"sameAs\":[\"https:\/\/markd.com.br\/\"],\"url\":\"https:\/\/markd.com.br\/models\/author\/redacao\/\"}]}<\/script>\n<!-- \/ Yoast SEO plugin. -->","yoast_head_json":{"title":"Acusa\u00e7\u00e3o de ass\u00e9dio derruba mais um executivo da Caixa Econ\u00f4mica - Not\u00edcias de Todos - Models01","robots":{"index":"index","follow":"follow","max-snippet":"max-snippet:-1","max-image-preview":"max-image-preview:large","max-video-preview":"max-video-preview:-1"},"canonical":"https:\/\/markd.com.br\/models\/acusacao-de-assedio-derruba-mais-um-executivo-da-caixa-economica\/","og_locale":"pt_BR","og_type":"article","og_title":"Acusa\u00e7\u00e3o de ass\u00e9dio derruba mais um executivo da Caixa Econ\u00f4mica - Not\u00edcias de Todos - Models01","og_description":"Na noite da sexta-feira, 1, a Caixa informou, por meio de nota, que o Conselho...","og_url":"https:\/\/markd.com.br\/models\/acusacao-de-assedio-derruba-mais-um-executivo-da-caixa-economica\/","og_site_name":"Not\u00edcias de Todos - Models01","article_published_time":"2022-07-03T00:10:14+00:00","article_modified_time":"2022-07-03T00:10:20+00:00","og_image":[{"width":675,"height":445,"url":"https:\/\/markd.com.br\/models\/wp-content\/uploads\/2022\/07\/WhatsApp-Image-2022-07-02-at-11.17.10-675x445-1.jpeg","type":"image\/jpeg"}],"author":"Reda\u00e7\u00e3o Reda\u00e7\u00e3o","twitter_card":"summary_large_image","twitter_misc":{"Escrito por":"Reda\u00e7\u00e3o Reda\u00e7\u00e3o","Est. tempo de leitura":"2 minutos"},"schema":{"@context":"https:\/\/schema.org","@graph":[{"@type":"WebPage","@id":"https:\/\/markd.com.br\/models\/acusacao-de-assedio-derruba-mais-um-executivo-da-caixa-economica\/","url":"https:\/\/markd.com.br\/models\/acusacao-de-assedio-derruba-mais-um-executivo-da-caixa-economica\/","name":"Acusa\u00e7\u00e3o de ass\u00e9dio derruba mais um executivo da Caixa Econ\u00f4mica - Not\u00edcias de Todos - Models01","isPartOf":{"@id":"https:\/\/markd.com.br\/models\/#website"},"primaryImageOfPage":{"@id":"https:\/\/markd.com.br\/models\/acusacao-de-assedio-derruba-mais-um-executivo-da-caixa-economica\/#primaryimage"},"image":{"@id":"https:\/\/markd.com.br\/models\/acusacao-de-assedio-derruba-mais-um-executivo-da-caixa-economica\/#primaryimage"},"thumbnailUrl":"https:\/\/markd.com.br\/models\/wp-content\/uploads\/2022\/07\/WhatsApp-Image-2022-07-02-at-11.17.10-675x445-1.jpeg","datePublished":"2022-07-03T00:10:14+00:00","dateModified":"2022-07-03T00:10:20+00:00","author":{"@id":"https:\/\/markd.com.br\/models\/#\/schema\/person\/c12a77ab487a7262d8bec3c47301ad37"},"breadcrumb":{"@id":"https:\/\/markd.com.br\/models\/acusacao-de-assedio-derruba-mais-um-executivo-da-caixa-economica\/#breadcrumb"},"inLanguage":"pt-BR","potentialAction":[{"@type":"ReadAction","target":["https:\/\/markd.com.br\/models\/acusacao-de-assedio-derruba-mais-um-executivo-da-caixa-economica\/"]}]},{"@type":"ImageObject","inLanguage":"pt-BR","@id":"https:\/\/markd.com.br\/models\/acusacao-de-assedio-derruba-mais-um-executivo-da-caixa-economica\/#primaryimage","url":"https:\/\/markd.com.br\/models\/wp-content\/uploads\/2022\/07\/WhatsApp-Image-2022-07-02-at-11.17.10-675x445-1.jpeg","contentUrl":"https:\/\/markd.com.br\/models\/wp-content\/uploads\/2022\/07\/WhatsApp-Image-2022-07-02-at-11.17.10-675x445-1.jpeg","width":675,"height":445},{"@type":"BreadcrumbList","@id":"https:\/\/markd.com.br\/models\/acusacao-de-assedio-derruba-mais-um-executivo-da-caixa-economica\/#breadcrumb","itemListElement":[{"@type":"ListItem","position":1,"name":"In\u00edcio","item":"https:\/\/markd.com.br\/models\/"},{"@type":"ListItem","position":2,"name":"Acusa\u00e7\u00e3o de ass\u00e9dio derruba mais um executivo da Caixa Econ\u00f4mica"}]},{"@type":"WebSite","@id":"https:\/\/markd.com.br\/models\/#website","url":"https:\/\/markd.com.br\/models\/","name":"Not\u00edcias de Todos - Models01","description":"Tenha um Portal de Not\u00edcias Moderno, Din\u00e2mico, R\u00e1pido e Profissional. Entregamos seu Site de  Not\u00edcias Pronto, Instalado, Hospedado, com Manual Passo a Passo e Suporte 24 horas.","potentialAction":[{"@type":"SearchAction","target":{"@type":"EntryPoint","urlTemplate":"https:\/\/markd.com.br\/models\/?s={search_term_string}"},"query-input":{"@type":"PropertyValueSpecification","valueRequired":true,"valueName":"search_term_string"}}],"inLanguage":"pt-BR"},{"@type":"Person","@id":"https:\/\/markd.com.br\/models\/#\/schema\/person\/c12a77ab487a7262d8bec3c47301ad37","name":"Reda\u00e7\u00e3o Reda\u00e7\u00e3o","image":{"@type":"ImageObject","inLanguage":"pt-BR","@id":"https:\/\/markd.com.br\/models\/#\/schema\/person\/image\/","url":"https:\/\/secure.gravatar.com\/avatar\/9448f3599ce269febf169e183039b4a6?s=96&d=mm&r=g","contentUrl":"https:\/\/secure.gravatar.com\/avatar\/9448f3599ce269febf169e183039b4a6?s=96&d=mm&r=g","caption":"Reda\u00e7\u00e3o Reda\u00e7\u00e3o"},"sameAs":["https:\/\/markd.com.br\/"],"url":"https:\/\/markd.com.br\/models\/author\/redacao\/"}]}},"featured_image_urls":{"full":["https:\/\/markd.com.br\/models\/wp-content\/uploads\/2022\/07\/WhatsApp-Image-2022-07-02-at-11.17.10-675x445-1.jpeg",675,445,false],"thumbnail":["https:\/\/markd.com.br\/models\/wp-content\/uploads\/2022\/07\/WhatsApp-Image-2022-07-02-at-11.17.10-675x445-1-150x150.jpeg",150,150,true],"medium":["https:\/\/markd.com.br\/models\/wp-content\/uploads\/2022\/07\/WhatsApp-Image-2022-07-02-at-11.17.10-675x445-1-300x198.jpeg",300,198,true],"medium_large":["https:\/\/markd.com.br\/models\/wp-content\/uploads\/2022\/07\/WhatsApp-Image-2022-07-02-at-11.17.10-675x445-1.jpeg",640,422,false],"large":["https:\/\/markd.com.br\/models\/wp-content\/uploads\/2022\/07\/WhatsApp-Image-2022-07-02-at-11.17.10-675x445-1.jpeg",640,422,false],"1536x1536":["https:\/\/markd.com.br\/models\/wp-content\/uploads\/2022\/07\/WhatsApp-Image-2022-07-02-at-11.17.10-675x445-1.jpeg",675,445,false],"2048x2048":["https:\/\/markd.com.br\/models\/wp-content\/uploads\/2022\/07\/WhatsApp-Image-2022-07-02-at-11.17.10-675x445-1.jpeg",675,445,false],"newsphere-slider-full":["https:\/\/markd.com.br\/models\/wp-content\/uploads\/2022\/07\/WhatsApp-Image-2022-07-02-at-11.17.10-675x445-1.jpeg",675,445,false],"newsphere-featured":["https:\/\/markd.com.br\/models\/wp-content\/uploads\/2022\/07\/WhatsApp-Image-2022-07-02-at-11.17.10-675x445-1.jpeg",675,445,false],"newsphere-medium":["https:\/\/markd.com.br\/models\/wp-content\/uploads\/2022\/07\/WhatsApp-Image-2022-07-02-at-11.17.10-675x445-1-675x380.jpeg",675,380,true]},"author_info":{"display_name":"Reda\u00e7\u00e3o Reda\u00e7\u00e3o","author_link":"https:\/\/markd.com.br\/models\/author\/redacao\/"},"category_info":"<a href=\"https:\/\/markd.com.br\/models\/category\/destaque\/\" rel=\"category tag\">Destaque<\/a>","tag_info":"Destaque","comment_count":"0","jetpack_featured_media_url":"https:\/\/markd.com.br\/models\/wp-content\/uploads\/2022\/07\/WhatsApp-Image-2022-07-02-at-11.17.10-675x445-1.jpeg","_links":{"self":[{"href":"https:\/\/markd.com.br\/models\/wp-json\/wp\/v2\/posts\/2248","targetHints":{"allow":["GET"]}}],"collection":[{"href":"https:\/\/markd.com.br\/models\/wp-json\/wp\/v2\/posts"}],"about":[{"href":"https:\/\/markd.com.br\/models\/wp-json\/wp\/v2\/types\/post"}],"author":[{"embeddable":true,"href":"https:\/\/markd.com.br\/models\/wp-json\/wp\/v2\/users\/5"}],"replies":[{"embeddable":true,"href":"https:\/\/markd.com.br\/models\/wp-json\/wp\/v2\/comments?post=2248"}],"version-history":[{"count":1,"href":"https:\/\/markd.com.br\/models\/wp-json\/wp\/v2\/posts\/2248\/revisions"}],"predecessor-version":[{"id":2250,"href":"https:\/\/markd.com.br\/models\/wp-json\/wp\/v2\/posts\/2248\/revisions\/2250"}],"wp:featuredmedia":[{"embeddable":true,"href":"https:\/\/markd.com.br\/models\/wp-json\/wp\/v2\/media\/2249"}],"wp:attachment":[{"href":"https:\/\/markd.com.br\/models\/wp-json\/wp\/v2\/media?parent=2248"}],"wp:term":[{"taxonomy":"category","embeddable":true,"href":"https:\/\/markd.com.br\/models\/wp-json\/wp\/v2\/categories?post=2248"},{"taxonomy":"post_tag","embeddable":true,"href":"https:\/\/markd.com.br\/models\/wp-json\/wp\/v2\/tags?post=2248"}],"curies":[{"name":"wp","href":"https:\/\/api.w.org\/{rel}","templated":true}]}}