{"id":2261,"date":"2022-07-02T21:28:50","date_gmt":"2022-07-03T00:28:50","guid":{"rendered":"https:\/\/portaldestaquenoticias.com.br\/?p=2261"},"modified":"2022-07-02T21:28:55","modified_gmt":"2022-07-03T00:28:55","slug":"governo-do-estado-autoriza-mais-de-r-67-milhoes-em-investimentos-para-infraestrutura-educacao-e-setor-primario","status":"publish","type":"post","link":"https:\/\/markd.com.br\/models\/governo-do-estado-autoriza-mais-de-r-67-milhoes-em-investimentos-para-infraestrutura-educacao-e-setor-primario\/","title":{"rendered":"Governo do Estado autoriza mais de R$ 67 milh\u00f5es em investimentos para infraestrutura, educa\u00e7\u00e3o e setor prim\u00e1rio"},"content":{"rendered":"\n<p><\/p>\n\n\n\n<p>Conv\u00eanios foram celebrados com 21 prefeituras municipais nesta sexta-feira (1\u00ba\/07)<\/p>\n\n\n\n<p>O Governo do Estado firmou, nesta sexta-feira (1\u00ba\/07), mais de R$ 67 milh\u00f5es em conv\u00eanios com 21 prefeituras municipais do Amazonas. Os acordos foram celebrados em cerim\u00f4nia e envolvem investimentos em infraestrutura, fomento para o setor prim\u00e1rio, cultura e melhorias na estrutura educacional de munic\u00edpios.<\/p>\n\n\n\n<p>Ao todo, 45 conv\u00eanios foram assinados por meio da Unidade Gestora de Projetos Especiais (UGPE), Secretaria de Estado de Produ\u00e7\u00e3o Rural (Sepror), Secretaria de Estado de Infraestrutura e Regi\u00e3o Metropolitana de Manaus (Seinfra), Secretaria de Estado de Educa\u00e7\u00e3o e Desporto e Secretaria de Estado de Cultura e Economia Criativa (SEC). Os acordos somam R$ 67.811.755,35 repassados para os munic\u00edpios executarem os servi\u00e7os.<\/p>\n\n\n\n<p>De acordo com o secret\u00e1rio de Produ\u00e7\u00e3o Rural, Petrucio Magalh\u00e3es, os fomentos para o setor prim\u00e1rio v\u00e3o desde recursos para equipamentos at\u00e9 insumos agr\u00edcolas, gerando emprego e renda para a popula\u00e7\u00e3o do interior e movimentando a cadeia produtiva.<\/p>\n\n\n\n<p>\u201cNunca se investiu tanto no setor prim\u00e1rio como n\u00f3s temos visto neste governo. Quando a gente soma as emendas impositivas parlamentares, um volume que passa de R$ 22 milh\u00f5es, somadas com o programa Agro Amazonas, que destinou mais de R$ 200 milh\u00f5es para serem investidos no interior, sem d\u00favida nenhuma, isso faz uma grande diferen\u00e7a na vida do pequeno agricultor, do pescador, de quem vive na zona rural\u201d, afirmou o secret\u00e1rio.<\/p>\n\n\n\n<p>Na \u00e1rea de educa\u00e7\u00e3o, os munic\u00edpios de Anam\u00e3, Itacoatiara e Urucurituba receberam recursos da ordem de R$ 8,1 milh\u00f5es para servi\u00e7os de reformas em escolas estaduais, municipais e para materiais permanentes. A secret\u00e1ria de Educa\u00e7\u00e3o, Kuka Chaves, falou da import\u00e2ncia dos investimentos.<\/p>\n\n\n\n<p>\u201cA educa\u00e7\u00e3o sempre sendo valorizada em todo o interior. \u00c9 um lapso de tempo muito grande que as escolas n\u00e3o recebiam revitaliza\u00e7\u00f5es, reformas e, inclusive, constru\u00e7\u00e3o. \u00c9 de extrema import\u00e2ncia levar uma educa\u00e7\u00e3o de qualidade, valorizando os servidores, profissionais da educa\u00e7\u00e3o e, tamb\u00e9m, os nossos estudantes\u201d, disse a secret\u00e1ria.<\/p>\n\n\n\n<p>Munic\u00edpios<\/p>\n\n\n\n<p>Ao todo, 21 munic\u00edpios participaram da cerim\u00f4nia de assinatura dos conv\u00eanios, que ocorreu na sede do Governo do Estado, bairro Compensa, zona oeste de Manaus.<\/p>\n\n\n\n<p>Participaram prefeitos e representantes dos munic\u00edpios de Apu\u00ed, Anam\u00e3, Caapiranga, Guajar\u00e1, Itacoatiara, Autazes, Iranduba, Juru\u00e1, Manicor\u00e9, Mara\u00e3, Mau\u00e9s, Novo Air\u00e3o, Parintins, Presidente Figueiredo, Barreirinha, Urucurituba, Rio Preto da Eva, S\u00e3o Sebasti\u00e3o do Uatum\u00e3, Tapau\u00e1, Humait\u00e1 e Boca do Acre.<\/p>\n\n\n\n<p>O munic\u00edpio de Itacoatiara recebeu mais de R$ 18 milh\u00f5es em cinco conv\u00eanios, que disp\u00f5em de manuten\u00e7\u00e3o de oito escolas municipais, recupera\u00e7\u00e3o de ramais, aquisi\u00e7\u00e3o de alevinos e para realiza\u00e7\u00e3o da primeira feira agropecu\u00e1ria.<\/p>\n\n\n\n<p>\u201c\u00c9 muito importante porque atrav\u00e9s desses conv\u00eanios n\u00f3s conseguimos avan\u00e7ar nas nossas a\u00e7\u00f5es, solucionar problemas s\u00e9rios, como \u00e9 o caso dos ramais, reformas de escolas. \u00c9 um momento importante e agradecemos a oportunidade de construir isso com o Governo do Estado\u201d, destacou o prefeito do munic\u00edpio, M\u00e1rio Abrahim.<\/p>\n\n\n\n<p>O prefeito de Juru\u00e1, Dr. J\u00fanior, destacou que o conv\u00eanio de R$ 3,1 milh\u00f5es para a pavimenta\u00e7\u00e3o da estrada do Jap\u00f3 \u00e9 um sonho da popula\u00e7\u00e3o do munic\u00edpio.<\/p>\n\n\n\n<p>\u201c\u00c9 um sonho da popula\u00e7\u00e3o ribeirinha. Essa estrada d\u00e1 acesso a v\u00e1rias comunidades, da parte de cima do rio Juru\u00e1, para levar a sua produ\u00e7\u00e3o at\u00e9 o nosso munic\u00edpio. Isso \u00e9 um sonho de muito tempo e gra\u00e7as a Deus, atrav\u00e9s do nosso governador Wilson Lima, estamos realizando o sonho da nossa popula\u00e7\u00e3o e das nossas comunidades\u201d, afirmou.<\/p>\n\n\n\n<p>FOTO: T\u00e1cio Melo\/Secom<\/p>\n","protected":false},"excerpt":{"rendered":"<p>Conv\u00eanios foram celebrados com 21 prefeituras municipais nesta sexta-feira (1\u00ba\/07) O Governo do Estado firmou,&#8230;<\/p>\n","protected":false},"author":5,"featured_media":2262,"comment_status":"open","ping_status":"open","sticky":false,"template":"","format":"standard","meta":{"footnotes":""},"categories":[51],"tags":[661,52,662],"class_list":["post-2261","post","type-post","status-publish","format-standard","has-post-thumbnail","hentry","category-governo-do-amazonas","tag-educacao","tag-governo-do-amazonas","tag-investimentos"],"yoast_head":"<!-- This site is optimized with the Yoast SEO plugin v24.4 - https:\/\/yoast.com\/wordpress\/plugins\/seo\/ -->\n<title>Governo do Estado autoriza mais de R$ 67 milh\u00f5es em investimentos para infraestrutura, educa\u00e7\u00e3o e setor prim\u00e1rio - Not\u00edcias de Todos - Models01<\/title>\n<meta name=\"robots\" content=\"index, follow, max-snippet:-1, max-image-preview:large, max-video-preview:-1\" \/>\n<link rel=\"canonical\" href=\"https:\/\/markd.com.br\/models\/governo-do-estado-autoriza-mais-de-r-67-milhoes-em-investimentos-para-infraestrutura-educacao-e-setor-primario\/\" \/>\n<meta property=\"og:locale\" content=\"pt_BR\" \/>\n<meta property=\"og:type\" content=\"article\" \/>\n<meta property=\"og:title\" content=\"Governo do Estado autoriza mais de R$ 67 milh\u00f5es em investimentos para infraestrutura, educa\u00e7\u00e3o e setor prim\u00e1rio - Not\u00edcias de Todos - Models01\" \/>\n<meta property=\"og:description\" content=\"Conv\u00eanios foram celebrados com 21 prefeituras municipais nesta sexta-feira (1\u00ba\/07) O Governo do Estado firmou,...\" \/>\n<meta property=\"og:url\" content=\"https:\/\/markd.com.br\/models\/governo-do-estado-autoriza-mais-de-r-67-milhoes-em-investimentos-para-infraestrutura-educacao-e-setor-primario\/\" \/>\n<meta property=\"og:site_name\" content=\"Not\u00edcias de Todos - Models01\" \/>\n<meta property=\"article:published_time\" content=\"2022-07-03T00:28:50+00:00\" \/>\n<meta property=\"article:modified_time\" content=\"2022-07-03T00:28:55+00:00\" \/>\n<meta property=\"og:image\" content=\"https:\/\/markd.com.br\/models\/wp-content\/uploads\/2022\/07\/c49c2466-d942-4aa4-980e-eec5cee23a5e-800x445-1.jpg\" \/>\n\t<meta property=\"og:image:width\" content=\"800\" \/>\n\t<meta property=\"og:image:height\" content=\"445\" \/>\n\t<meta property=\"og:image:type\" content=\"image\/jpeg\" \/>\n<meta name=\"author\" content=\"Reda\u00e7\u00e3o Reda\u00e7\u00e3o\" \/>\n<meta name=\"twitter:card\" content=\"summary_large_image\" \/>\n<meta name=\"twitter:label1\" content=\"Escrito por\" \/>\n\t<meta name=\"twitter:data1\" content=\"Reda\u00e7\u00e3o Reda\u00e7\u00e3o\" \/>\n\t<meta name=\"twitter:label2\" content=\"Est. tempo de leitura\" \/>\n\t<meta name=\"twitter:data2\" content=\"4 minutos\" \/>\n<script type=\"application\/ld+json\" class=\"yoast-schema-graph\">{\"@context\":\"https:\/\/schema.org\",\"@graph\":[{\"@type\":\"WebPage\",\"@id\":\"https:\/\/markd.com.br\/models\/governo-do-estado-autoriza-mais-de-r-67-milhoes-em-investimentos-para-infraestrutura-educacao-e-setor-primario\/\",\"url\":\"https:\/\/markd.com.br\/models\/governo-do-estado-autoriza-mais-de-r-67-milhoes-em-investimentos-para-infraestrutura-educacao-e-setor-primario\/\",\"name\":\"Governo do Estado autoriza mais de R$ 67 milh\u00f5es em investimentos para infraestrutura, educa\u00e7\u00e3o e setor prim\u00e1rio - Not\u00edcias de Todos - Models01\",\"isPartOf\":{\"@id\":\"https:\/\/markd.com.br\/models\/#website\"},\"primaryImageOfPage\":{\"@id\":\"https:\/\/markd.com.br\/models\/governo-do-estado-autoriza-mais-de-r-67-milhoes-em-investimentos-para-infraestrutura-educacao-e-setor-primario\/#primaryimage\"},\"image\":{\"@id\":\"https:\/\/markd.com.br\/models\/governo-do-estado-autoriza-mais-de-r-67-milhoes-em-investimentos-para-infraestrutura-educacao-e-setor-primario\/#primaryimage\"},\"thumbnailUrl\":\"https:\/\/markd.com.br\/models\/wp-content\/uploads\/2022\/07\/c49c2466-d942-4aa4-980e-eec5cee23a5e-800x445-1.jpg\",\"datePublished\":\"2022-07-03T00:28:50+00:00\",\"dateModified\":\"2022-07-03T00:28:55+00:00\",\"author\":{\"@id\":\"https:\/\/markd.com.br\/models\/#\/schema\/person\/c12a77ab487a7262d8bec3c47301ad37\"},\"breadcrumb\":{\"@id\":\"https:\/\/markd.com.br\/models\/governo-do-estado-autoriza-mais-de-r-67-milhoes-em-investimentos-para-infraestrutura-educacao-e-setor-primario\/#breadcrumb\"},\"inLanguage\":\"pt-BR\",\"potentialAction\":[{\"@type\":\"ReadAction\",\"target\":[\"https:\/\/markd.com.br\/models\/governo-do-estado-autoriza-mais-de-r-67-milhoes-em-investimentos-para-infraestrutura-educacao-e-setor-primario\/\"]}]},{\"@type\":\"ImageObject\",\"inLanguage\":\"pt-BR\",\"@id\":\"https:\/\/markd.com.br\/models\/governo-do-estado-autoriza-mais-de-r-67-milhoes-em-investimentos-para-infraestrutura-educacao-e-setor-primario\/#primaryimage\",\"url\":\"https:\/\/markd.com.br\/models\/wp-content\/uploads\/2022\/07\/c49c2466-d942-4aa4-980e-eec5cee23a5e-800x445-1.jpg\",\"contentUrl\":\"https:\/\/markd.com.br\/models\/wp-content\/uploads\/2022\/07\/c49c2466-d942-4aa4-980e-eec5cee23a5e-800x445-1.jpg\",\"width\":800,\"height\":445},{\"@type\":\"BreadcrumbList\",\"@id\":\"https:\/\/markd.com.br\/models\/governo-do-estado-autoriza-mais-de-r-67-milhoes-em-investimentos-para-infraestrutura-educacao-e-setor-primario\/#breadcrumb\",\"itemListElement\":[{\"@type\":\"ListItem\",\"position\":1,\"name\":\"In\u00edcio\",\"item\":\"https:\/\/markd.com.br\/models\/\"},{\"@type\":\"ListItem\",\"position\":2,\"name\":\"Governo do Estado autoriza mais de R$ 67 milh\u00f5es em investimentos para infraestrutura, educa\u00e7\u00e3o e setor prim\u00e1rio\"}]},{\"@type\":\"WebSite\",\"@id\":\"https:\/\/markd.com.br\/models\/#website\",\"url\":\"https:\/\/markd.com.br\/models\/\",\"name\":\"Not\u00edcias de Todos - Models01\",\"description\":\"Tenha um Portal de Not\u00edcias Moderno, Din\u00e2mico, R\u00e1pido e Profissional. Entregamos seu Site de  Not\u00edcias Pronto, Instalado, Hospedado, com Manual Passo a Passo e Suporte 24 horas.\",\"potentialAction\":[{\"@type\":\"SearchAction\",\"target\":{\"@type\":\"EntryPoint\",\"urlTemplate\":\"https:\/\/markd.com.br\/models\/?s={search_term_string}\"},\"query-input\":{\"@type\":\"PropertyValueSpecification\",\"valueRequired\":true,\"valueName\":\"search_term_string\"}}],\"inLanguage\":\"pt-BR\"},{\"@type\":\"Person\",\"@id\":\"https:\/\/markd.com.br\/models\/#\/schema\/person\/c12a77ab487a7262d8bec3c47301ad37\",\"name\":\"Reda\u00e7\u00e3o Reda\u00e7\u00e3o\",\"image\":{\"@type\":\"ImageObject\",\"inLanguage\":\"pt-BR\",\"@id\":\"https:\/\/markd.com.br\/models\/#\/schema\/person\/image\/\",\"url\":\"https:\/\/secure.gravatar.com\/avatar\/9448f3599ce269febf169e183039b4a6?s=96&d=mm&r=g\",\"contentUrl\":\"https:\/\/secure.gravatar.com\/avatar\/9448f3599ce269febf169e183039b4a6?s=96&d=mm&r=g\",\"caption\":\"Reda\u00e7\u00e3o Reda\u00e7\u00e3o\"},\"sameAs\":[\"https:\/\/markd.com.br\/\"],\"url\":\"https:\/\/markd.com.br\/models\/author\/redacao\/\"}]}<\/script>\n<!-- \/ Yoast SEO plugin. -->","yoast_head_json":{"title":"Governo do Estado autoriza mais de R$ 67 milh\u00f5es em investimentos para infraestrutura, educa\u00e7\u00e3o e setor prim\u00e1rio - Not\u00edcias de Todos - Models01","robots":{"index":"index","follow":"follow","max-snippet":"max-snippet:-1","max-image-preview":"max-image-preview:large","max-video-preview":"max-video-preview:-1"},"canonical":"https:\/\/markd.com.br\/models\/governo-do-estado-autoriza-mais-de-r-67-milhoes-em-investimentos-para-infraestrutura-educacao-e-setor-primario\/","og_locale":"pt_BR","og_type":"article","og_title":"Governo do Estado autoriza mais de R$ 67 milh\u00f5es em investimentos para infraestrutura, educa\u00e7\u00e3o e setor prim\u00e1rio - Not\u00edcias de Todos - Models01","og_description":"Conv\u00eanios foram celebrados com 21 prefeituras municipais nesta sexta-feira (1\u00ba\/07) O Governo do Estado firmou,...","og_url":"https:\/\/markd.com.br\/models\/governo-do-estado-autoriza-mais-de-r-67-milhoes-em-investimentos-para-infraestrutura-educacao-e-setor-primario\/","og_site_name":"Not\u00edcias de Todos - Models01","article_published_time":"2022-07-03T00:28:50+00:00","article_modified_time":"2022-07-03T00:28:55+00:00","og_image":[{"width":800,"height":445,"url":"https:\/\/markd.com.br\/models\/wp-content\/uploads\/2022\/07\/c49c2466-d942-4aa4-980e-eec5cee23a5e-800x445-1.jpg","type":"image\/jpeg"}],"author":"Reda\u00e7\u00e3o Reda\u00e7\u00e3o","twitter_card":"summary_large_image","twitter_misc":{"Escrito por":"Reda\u00e7\u00e3o Reda\u00e7\u00e3o","Est. tempo de leitura":"4 minutos"},"schema":{"@context":"https:\/\/schema.org","@graph":[{"@type":"WebPage","@id":"https:\/\/markd.com.br\/models\/governo-do-estado-autoriza-mais-de-r-67-milhoes-em-investimentos-para-infraestrutura-educacao-e-setor-primario\/","url":"https:\/\/markd.com.br\/models\/governo-do-estado-autoriza-mais-de-r-67-milhoes-em-investimentos-para-infraestrutura-educacao-e-setor-primario\/","name":"Governo do Estado autoriza mais de R$ 67 milh\u00f5es em investimentos para infraestrutura, educa\u00e7\u00e3o e setor prim\u00e1rio - Not\u00edcias de Todos - Models01","isPartOf":{"@id":"https:\/\/markd.com.br\/models\/#website"},"primaryImageOfPage":{"@id":"https:\/\/markd.com.br\/models\/governo-do-estado-autoriza-mais-de-r-67-milhoes-em-investimentos-para-infraestrutura-educacao-e-setor-primario\/#primaryimage"},"image":{"@id":"https:\/\/markd.com.br\/models\/governo-do-estado-autoriza-mais-de-r-67-milhoes-em-investimentos-para-infraestrutura-educacao-e-setor-primario\/#primaryimage"},"thumbnailUrl":"https:\/\/markd.com.br\/models\/wp-content\/uploads\/2022\/07\/c49c2466-d942-4aa4-980e-eec5cee23a5e-800x445-1.jpg","datePublished":"2022-07-03T00:28:50+00:00","dateModified":"2022-07-03T00:28:55+00:00","author":{"@id":"https:\/\/markd.com.br\/models\/#\/schema\/person\/c12a77ab487a7262d8bec3c47301ad37"},"breadcrumb":{"@id":"https:\/\/markd.com.br\/models\/governo-do-estado-autoriza-mais-de-r-67-milhoes-em-investimentos-para-infraestrutura-educacao-e-setor-primario\/#breadcrumb"},"inLanguage":"pt-BR","potentialAction":[{"@type":"ReadAction","target":["https:\/\/markd.com.br\/models\/governo-do-estado-autoriza-mais-de-r-67-milhoes-em-investimentos-para-infraestrutura-educacao-e-setor-primario\/"]}]},{"@type":"ImageObject","inLanguage":"pt-BR","@id":"https:\/\/markd.com.br\/models\/governo-do-estado-autoriza-mais-de-r-67-milhoes-em-investimentos-para-infraestrutura-educacao-e-setor-primario\/#primaryimage","url":"https:\/\/markd.com.br\/models\/wp-content\/uploads\/2022\/07\/c49c2466-d942-4aa4-980e-eec5cee23a5e-800x445-1.jpg","contentUrl":"https:\/\/markd.com.br\/models\/wp-content\/uploads\/2022\/07\/c49c2466-d942-4aa4-980e-eec5cee23a5e-800x445-1.jpg","width":800,"height":445},{"@type":"BreadcrumbList","@id":"https:\/\/markd.com.br\/models\/governo-do-estado-autoriza-mais-de-r-67-milhoes-em-investimentos-para-infraestrutura-educacao-e-setor-primario\/#breadcrumb","itemListElement":[{"@type":"ListItem","position":1,"name":"In\u00edcio","item":"https:\/\/markd.com.br\/models\/"},{"@type":"ListItem","position":2,"name":"Governo do Estado autoriza mais de R$ 67 milh\u00f5es em investimentos para infraestrutura, educa\u00e7\u00e3o e setor prim\u00e1rio"}]},{"@type":"WebSite","@id":"https:\/\/markd.com.br\/models\/#website","url":"https:\/\/markd.com.br\/models\/","name":"Not\u00edcias de Todos - Models01","description":"Tenha um Portal de Not\u00edcias Moderno, Din\u00e2mico, R\u00e1pido e Profissional. Entregamos seu Site de  Not\u00edcias Pronto, Instalado, Hospedado, com Manual Passo a Passo e Suporte 24 horas.","potentialAction":[{"@type":"SearchAction","target":{"@type":"EntryPoint","urlTemplate":"https:\/\/markd.com.br\/models\/?s={search_term_string}"},"query-input":{"@type":"PropertyValueSpecification","valueRequired":true,"valueName":"search_term_string"}}],"inLanguage":"pt-BR"},{"@type":"Person","@id":"https:\/\/markd.com.br\/models\/#\/schema\/person\/c12a77ab487a7262d8bec3c47301ad37","name":"Reda\u00e7\u00e3o Reda\u00e7\u00e3o","image":{"@type":"ImageObject","inLanguage":"pt-BR","@id":"https:\/\/markd.com.br\/models\/#\/schema\/person\/image\/","url":"https:\/\/secure.gravatar.com\/avatar\/9448f3599ce269febf169e183039b4a6?s=96&d=mm&r=g","contentUrl":"https:\/\/secure.gravatar.com\/avatar\/9448f3599ce269febf169e183039b4a6?s=96&d=mm&r=g","caption":"Reda\u00e7\u00e3o Reda\u00e7\u00e3o"},"sameAs":["https:\/\/markd.com.br\/"],"url":"https:\/\/markd.com.br\/models\/author\/redacao\/"}]}},"featured_image_urls":{"full":["https:\/\/markd.com.br\/models\/wp-content\/uploads\/2022\/07\/c49c2466-d942-4aa4-980e-eec5cee23a5e-800x445-1.jpg",800,445,false],"thumbnail":["https:\/\/markd.com.br\/models\/wp-content\/uploads\/2022\/07\/c49c2466-d942-4aa4-980e-eec5cee23a5e-800x445-1-150x150.jpg",150,150,true],"medium":["https:\/\/markd.com.br\/models\/wp-content\/uploads\/2022\/07\/c49c2466-d942-4aa4-980e-eec5cee23a5e-800x445-1-300x167.jpg",300,167,true],"medium_large":["https:\/\/markd.com.br\/models\/wp-content\/uploads\/2022\/07\/c49c2466-d942-4aa4-980e-eec5cee23a5e-800x445-1-768x427.jpg",640,356,true],"large":["https:\/\/markd.com.br\/models\/wp-content\/uploads\/2022\/07\/c49c2466-d942-4aa4-980e-eec5cee23a5e-800x445-1.jpg",640,356,false],"1536x1536":["https:\/\/markd.com.br\/models\/wp-content\/uploads\/2022\/07\/c49c2466-d942-4aa4-980e-eec5cee23a5e-800x445-1.jpg",800,445,false],"2048x2048":["https:\/\/markd.com.br\/models\/wp-content\/uploads\/2022\/07\/c49c2466-d942-4aa4-980e-eec5cee23a5e-800x445-1.jpg",800,445,false],"newsphere-slider-full":["https:\/\/markd.com.br\/models\/wp-content\/uploads\/2022\/07\/c49c2466-d942-4aa4-980e-eec5cee23a5e-800x445-1.jpg",800,445,false],"newsphere-featured":["https:\/\/markd.com.br\/models\/wp-content\/uploads\/2022\/07\/c49c2466-d942-4aa4-980e-eec5cee23a5e-800x445-1.jpg",800,445,false],"newsphere-medium":["https:\/\/markd.com.br\/models\/wp-content\/uploads\/2022\/07\/c49c2466-d942-4aa4-980e-eec5cee23a5e-800x445-1-720x380.jpg",720,380,true]},"author_info":{"display_name":"Reda\u00e7\u00e3o Reda\u00e7\u00e3o","author_link":"https:\/\/markd.com.br\/models\/author\/redacao\/"},"category_info":"<a href=\"https:\/\/markd.com.br\/models\/category\/governo-do-amazonas\/\" rel=\"category tag\">Governo do amazonas<\/a>","tag_info":"Governo do amazonas","comment_count":"0","jetpack_featured_media_url":"https:\/\/markd.com.br\/models\/wp-content\/uploads\/2022\/07\/c49c2466-d942-4aa4-980e-eec5cee23a5e-800x445-1.jpg","_links":{"self":[{"href":"https:\/\/markd.com.br\/models\/wp-json\/wp\/v2\/posts\/2261","targetHints":{"allow":["GET"]}}],"collection":[{"href":"https:\/\/markd.com.br\/models\/wp-json\/wp\/v2\/posts"}],"about":[{"href":"https:\/\/markd.com.br\/models\/wp-json\/wp\/v2\/types\/post"}],"author":[{"embeddable":true,"href":"https:\/\/markd.com.br\/models\/wp-json\/wp\/v2\/users\/5"}],"replies":[{"embeddable":true,"href":"https:\/\/markd.com.br\/models\/wp-json\/wp\/v2\/comments?post=2261"}],"version-history":[{"count":1,"href":"https:\/\/markd.com.br\/models\/wp-json\/wp\/v2\/posts\/2261\/revisions"}],"predecessor-version":[{"id":2263,"href":"https:\/\/markd.com.br\/models\/wp-json\/wp\/v2\/posts\/2261\/revisions\/2263"}],"wp:featuredmedia":[{"embeddable":true,"href":"https:\/\/markd.com.br\/models\/wp-json\/wp\/v2\/media\/2262"}],"wp:attachment":[{"href":"https:\/\/markd.com.br\/models\/wp-json\/wp\/v2\/media?parent=2261"}],"wp:term":[{"taxonomy":"category","embeddable":true,"href":"https:\/\/markd.com.br\/models\/wp-json\/wp\/v2\/categories?post=2261"},{"taxonomy":"post_tag","embeddable":true,"href":"https:\/\/markd.com.br\/models\/wp-json\/wp\/v2\/tags?post=2261"}],"curies":[{"name":"wp","href":"https:\/\/api.w.org\/{rel}","templated":true}]}}