{"id":2268,"date":"2022-07-02T21:41:55","date_gmt":"2022-07-03T00:41:55","guid":{"rendered":"https:\/\/portaldestaquenoticias.com.br\/?p=2268"},"modified":"2022-07-02T21:42:02","modified_gmt":"2022-07-03T00:42:02","slug":"governo-do-amazonas-inaugura-33a-unidade-do-prato-cheio-nesta-sexta-feira-em-boca-do-acre","status":"publish","type":"post","link":"https:\/\/markd.com.br\/models\/governo-do-amazonas-inaugura-33a-unidade-do-prato-cheio-nesta-sexta-feira-em-boca-do-acre\/","title":{"rendered":"Governo do Amazonas inaugura 33\u00aa unidade do Prato Cheio nesta sexta-feira, em Boca do Acre"},"content":{"rendered":"\n<p><\/p>\n\n\n\n<p>Esta \u00e9 a 20\u00aa unidade do programa social inaugurada no interior do estado, a capital conta com 13 unidades do Prato Cheio<\/p>\n\n\n\n<p>O Governo do Amazonas inaugurou, nesta sexta-feira (1\u00ba\/07), mais uma unidade do programa Prato Cheio no interior do estado, desta vez no munic\u00edpio de Boca do Acre (a 1.028 quil\u00f4metros de Manaus). Na modalidade Restaurante Popular, o local servir\u00e1 400 refei\u00e7\u00f5es por dia, de segunda a sexta-feira, das 11h \u00e0s 13h.<\/p>\n\n\n\n<p>Administrado pela Secretaria de Estado da Assist\u00eancia Social (Seas) e Ag\u00eancia Amazonense de Desenvolvimento Econ\u00f4mico, Social e Ambiental (Aadesam), o programa atende pessoas que se encontram em situa\u00e7\u00e3o de extrema pobreza, pobreza e baixa renda, al\u00e9m de desempregados, pessoas em situa\u00e7\u00e3o de rua e pessoas com defici\u00eancia.<\/p>\n\n\n\n<p>A dona de casa, Maria Luisa costa, de 25 anos, celebrou a chegada do Restaurante Popular no munic\u00edpio: \u201cEsse restaurante aqui, que abriu, foi uma ben\u00e7\u00e3o para n\u00f3s porque eu, por exemplo, tenho 6 filhos, e ter onde vir para comer e ver eles felizes como est\u00e3o agora n\u00e3o tem pre\u00e7o\u201d contou.<\/p>\n\n\n\n<p>Eronilde Fonseca, 62, aproveitou a chegada do Prato Cheio para trazer os netos: \u201cQuando eu ouvi que ia chegar um desse aqui no munic\u00edpio, eu disse que ia trazer eles para comer uma comida diferente, eles se animaram logo, a\u00ed quando foi hoje eu trouxe eles aqui e est\u00e1 aprovado, comida muito gostosa\u201d pontuou.<\/p>\n\n\n\n<p>O Prato Cheio \u00e9 dividido em dois servi\u00e7os distintos: nos restaurantes populares, o almo\u00e7o \u00e9 vendido pelo valor simb\u00f3lico de R$ 1, de segunda a sexta-feira, das 11h \u00e0s 13h. Nas cozinhas populares, a sopa \u00e9 gratuita e cada pessoa atendida tem direito a 1 litro do alimento, de sabores variados, de segunda a s\u00e1bado, tamb\u00e9m das 11h \u00e0s 13h.<\/p>\n\n\n\n<p>Unidades<\/p>\n\n\n\n<p>Esta \u00e9 a 20\u00aa unidade do programa social inaugurada no interior do estado. A capital conta com 13 unidades do Prato Cheio.<\/p>\n\n\n\n<p>Receberam restaurantes populares os munic\u00edpios de Manacapuru, Autazes, Itacoatiara, Tef\u00e9, Barreirinha, Parintins, Humait\u00e1, Presidente Figueiredo e Manicor\u00e9.<\/p>\n\n\n\n<p>Rio Preto da Eva, Tabatinga, Mau\u00e9s, Iranduba, Borba, Careiro Castanho, L\u00e1brea, S\u00e3o Gabriel da Cachoeira, Coari e Carauari ganharam uma cozinha popular.<\/p>\n\n\n\n<p>Cr\u00e9dito Rosa<\/p>\n\n\n\n<p>A Seas, em parceria com a Ag\u00eancia de fomento do Estado do Amazonas (Afeam), entregou dois cheques no valor de R$ 5 mil para empreendedoras contempladas pelo Cr\u00e9dito Rosa no munic\u00edpio.<\/p>\n\n\n\n<p>O Cr\u00e9dito Rosa \u00e9 um programa de fomento voltado para mulheres empreendedoras que tiveram suas atividades afetadas pela pandemia da Covid-19. Os financiamentos variam de R$ 500 a R$ 21 mil, de acordo com a an\u00e1lise de cr\u00e9dito da solicitante.<\/p>\n\n\n\n<figure class=\"wp-block-image\"><img decoding=\"async\" src=\"https:\/\/sp-ao.shortpixel.ai\/client\/to_auto,q_glossy,ret_img,w_852,h_567\/https:\/\/portalmancheteam.com.br\/wp-content\/uploads\/2022\/07\/b726217e-da0e-4c09-81b5-b507971e98c9.jpg\" alt=\"\" class=\"wp-image-100456\"\/><\/figure>\n\n\n\n<p>FOTOS: Jimmy Christian \/Seas<\/p>\n\n\n\n<p>Informa\u00e7\u00f5es para a imprensa: Assessoria de Comunica\u00e7\u00e3o da Secretaria de Estado da Assist\u00eancia Social (Seas): Ana Luiza Santos (98118-1347); Kerolyn Leigue (99499-9953) e Juliana Siqueira (98446-6423)<\/p>\n","protected":false},"excerpt":{"rendered":"<p>Esta \u00e9 a 20\u00aa unidade do programa social inaugurada no interior do estado, a capital&#8230;<\/p>\n","protected":false},"author":5,"featured_media":2269,"comment_status":"open","ping_status":"open","sticky":false,"template":"","format":"standard","meta":{"footnotes":""},"categories":[51],"tags":[52,666,665],"class_list":["post-2268","post","type-post","status-publish","format-standard","has-post-thumbnail","hentry","category-governo-do-amazonas","tag-governo-do-amazonas","tag-inauguracao","tag-prato-cheio"],"yoast_head":"<!-- This site is optimized with the Yoast SEO plugin v24.4 - https:\/\/yoast.com\/wordpress\/plugins\/seo\/ -->\n<title>Governo do Amazonas inaugura 33\u00aa unidade do Prato Cheio nesta sexta-feira, em Boca do Acre - Not\u00edcias de Todos - Models01<\/title>\n<meta name=\"robots\" content=\"index, follow, max-snippet:-1, max-image-preview:large, max-video-preview:-1\" \/>\n<link rel=\"canonical\" href=\"https:\/\/markd.com.br\/models\/governo-do-amazonas-inaugura-33a-unidade-do-prato-cheio-nesta-sexta-feira-em-boca-do-acre\/\" \/>\n<meta property=\"og:locale\" content=\"pt_BR\" \/>\n<meta property=\"og:type\" content=\"article\" \/>\n<meta property=\"og:title\" content=\"Governo do Amazonas inaugura 33\u00aa unidade do Prato Cheio nesta sexta-feira, em Boca do Acre - Not\u00edcias de Todos - Models01\" \/>\n<meta property=\"og:description\" content=\"Esta \u00e9 a 20\u00aa unidade do programa social inaugurada no interior do estado, a capital...\" \/>\n<meta property=\"og:url\" content=\"https:\/\/markd.com.br\/models\/governo-do-amazonas-inaugura-33a-unidade-do-prato-cheio-nesta-sexta-feira-em-boca-do-acre\/\" \/>\n<meta property=\"og:site_name\" content=\"Not\u00edcias de Todos - Models01\" \/>\n<meta property=\"article:published_time\" content=\"2022-07-03T00:41:55+00:00\" \/>\n<meta property=\"article:modified_time\" content=\"2022-07-03T00:42:02+00:00\" \/>\n<meta property=\"og:image\" content=\"https:\/\/markd.com.br\/models\/wp-content\/uploads\/2022\/07\/3e4744ed-e22e-420b-beff-cbc199b1ad0e-800x445-1.jpg\" \/>\n\t<meta property=\"og:image:width\" content=\"800\" \/>\n\t<meta property=\"og:image:height\" content=\"445\" \/>\n\t<meta property=\"og:image:type\" content=\"image\/jpeg\" \/>\n<meta name=\"author\" content=\"Reda\u00e7\u00e3o Reda\u00e7\u00e3o\" \/>\n<meta name=\"twitter:card\" content=\"summary_large_image\" \/>\n<meta name=\"twitter:label1\" content=\"Escrito por\" \/>\n\t<meta name=\"twitter:data1\" content=\"Reda\u00e7\u00e3o Reda\u00e7\u00e3o\" \/>\n\t<meta name=\"twitter:label2\" content=\"Est. tempo de leitura\" \/>\n\t<meta name=\"twitter:data2\" content=\"3 minutos\" \/>\n<script type=\"application\/ld+json\" class=\"yoast-schema-graph\">{\"@context\":\"https:\/\/schema.org\",\"@graph\":[{\"@type\":\"WebPage\",\"@id\":\"https:\/\/markd.com.br\/models\/governo-do-amazonas-inaugura-33a-unidade-do-prato-cheio-nesta-sexta-feira-em-boca-do-acre\/\",\"url\":\"https:\/\/markd.com.br\/models\/governo-do-amazonas-inaugura-33a-unidade-do-prato-cheio-nesta-sexta-feira-em-boca-do-acre\/\",\"name\":\"Governo do Amazonas inaugura 33\u00aa unidade do Prato Cheio nesta sexta-feira, em Boca do Acre - Not\u00edcias de Todos - Models01\",\"isPartOf\":{\"@id\":\"https:\/\/markd.com.br\/models\/#website\"},\"primaryImageOfPage\":{\"@id\":\"https:\/\/markd.com.br\/models\/governo-do-amazonas-inaugura-33a-unidade-do-prato-cheio-nesta-sexta-feira-em-boca-do-acre\/#primaryimage\"},\"image\":{\"@id\":\"https:\/\/markd.com.br\/models\/governo-do-amazonas-inaugura-33a-unidade-do-prato-cheio-nesta-sexta-feira-em-boca-do-acre\/#primaryimage\"},\"thumbnailUrl\":\"https:\/\/markd.com.br\/models\/wp-content\/uploads\/2022\/07\/3e4744ed-e22e-420b-beff-cbc199b1ad0e-800x445-1.jpg\",\"datePublished\":\"2022-07-03T00:41:55+00:00\",\"dateModified\":\"2022-07-03T00:42:02+00:00\",\"author\":{\"@id\":\"https:\/\/markd.com.br\/models\/#\/schema\/person\/c12a77ab487a7262d8bec3c47301ad37\"},\"breadcrumb\":{\"@id\":\"https:\/\/markd.com.br\/models\/governo-do-amazonas-inaugura-33a-unidade-do-prato-cheio-nesta-sexta-feira-em-boca-do-acre\/#breadcrumb\"},\"inLanguage\":\"pt-BR\",\"potentialAction\":[{\"@type\":\"ReadAction\",\"target\":[\"https:\/\/markd.com.br\/models\/governo-do-amazonas-inaugura-33a-unidade-do-prato-cheio-nesta-sexta-feira-em-boca-do-acre\/\"]}]},{\"@type\":\"ImageObject\",\"inLanguage\":\"pt-BR\",\"@id\":\"https:\/\/markd.com.br\/models\/governo-do-amazonas-inaugura-33a-unidade-do-prato-cheio-nesta-sexta-feira-em-boca-do-acre\/#primaryimage\",\"url\":\"https:\/\/markd.com.br\/models\/wp-content\/uploads\/2022\/07\/3e4744ed-e22e-420b-beff-cbc199b1ad0e-800x445-1.jpg\",\"contentUrl\":\"https:\/\/markd.com.br\/models\/wp-content\/uploads\/2022\/07\/3e4744ed-e22e-420b-beff-cbc199b1ad0e-800x445-1.jpg\",\"width\":800,\"height\":445},{\"@type\":\"BreadcrumbList\",\"@id\":\"https:\/\/markd.com.br\/models\/governo-do-amazonas-inaugura-33a-unidade-do-prato-cheio-nesta-sexta-feira-em-boca-do-acre\/#breadcrumb\",\"itemListElement\":[{\"@type\":\"ListItem\",\"position\":1,\"name\":\"In\u00edcio\",\"item\":\"https:\/\/markd.com.br\/models\/\"},{\"@type\":\"ListItem\",\"position\":2,\"name\":\"Governo do Amazonas inaugura 33\u00aa unidade do Prato Cheio nesta sexta-feira, em Boca do Acre\"}]},{\"@type\":\"WebSite\",\"@id\":\"https:\/\/markd.com.br\/models\/#website\",\"url\":\"https:\/\/markd.com.br\/models\/\",\"name\":\"Not\u00edcias de Todos - Models01\",\"description\":\"Tenha um Portal de Not\u00edcias Moderno, Din\u00e2mico, R\u00e1pido e Profissional. Entregamos seu Site de  Not\u00edcias Pronto, Instalado, Hospedado, com Manual Passo a Passo e Suporte 24 horas.\",\"potentialAction\":[{\"@type\":\"SearchAction\",\"target\":{\"@type\":\"EntryPoint\",\"urlTemplate\":\"https:\/\/markd.com.br\/models\/?s={search_term_string}\"},\"query-input\":{\"@type\":\"PropertyValueSpecification\",\"valueRequired\":true,\"valueName\":\"search_term_string\"}}],\"inLanguage\":\"pt-BR\"},{\"@type\":\"Person\",\"@id\":\"https:\/\/markd.com.br\/models\/#\/schema\/person\/c12a77ab487a7262d8bec3c47301ad37\",\"name\":\"Reda\u00e7\u00e3o Reda\u00e7\u00e3o\",\"image\":{\"@type\":\"ImageObject\",\"inLanguage\":\"pt-BR\",\"@id\":\"https:\/\/markd.com.br\/models\/#\/schema\/person\/image\/\",\"url\":\"https:\/\/secure.gravatar.com\/avatar\/9448f3599ce269febf169e183039b4a6?s=96&d=mm&r=g\",\"contentUrl\":\"https:\/\/secure.gravatar.com\/avatar\/9448f3599ce269febf169e183039b4a6?s=96&d=mm&r=g\",\"caption\":\"Reda\u00e7\u00e3o Reda\u00e7\u00e3o\"},\"sameAs\":[\"https:\/\/markd.com.br\/\"],\"url\":\"https:\/\/markd.com.br\/models\/author\/redacao\/\"}]}<\/script>\n<!-- \/ Yoast SEO plugin. -->","yoast_head_json":{"title":"Governo do Amazonas inaugura 33\u00aa unidade do Prato Cheio nesta sexta-feira, em Boca do Acre - Not\u00edcias de Todos - Models01","robots":{"index":"index","follow":"follow","max-snippet":"max-snippet:-1","max-image-preview":"max-image-preview:large","max-video-preview":"max-video-preview:-1"},"canonical":"https:\/\/markd.com.br\/models\/governo-do-amazonas-inaugura-33a-unidade-do-prato-cheio-nesta-sexta-feira-em-boca-do-acre\/","og_locale":"pt_BR","og_type":"article","og_title":"Governo do Amazonas inaugura 33\u00aa unidade do Prato Cheio nesta sexta-feira, em Boca do Acre - Not\u00edcias de Todos - Models01","og_description":"Esta \u00e9 a 20\u00aa unidade do programa social inaugurada no interior do estado, a capital...","og_url":"https:\/\/markd.com.br\/models\/governo-do-amazonas-inaugura-33a-unidade-do-prato-cheio-nesta-sexta-feira-em-boca-do-acre\/","og_site_name":"Not\u00edcias de Todos - Models01","article_published_time":"2022-07-03T00:41:55+00:00","article_modified_time":"2022-07-03T00:42:02+00:00","og_image":[{"width":800,"height":445,"url":"https:\/\/markd.com.br\/models\/wp-content\/uploads\/2022\/07\/3e4744ed-e22e-420b-beff-cbc199b1ad0e-800x445-1.jpg","type":"image\/jpeg"}],"author":"Reda\u00e7\u00e3o Reda\u00e7\u00e3o","twitter_card":"summary_large_image","twitter_misc":{"Escrito por":"Reda\u00e7\u00e3o Reda\u00e7\u00e3o","Est. tempo de leitura":"3 minutos"},"schema":{"@context":"https:\/\/schema.org","@graph":[{"@type":"WebPage","@id":"https:\/\/markd.com.br\/models\/governo-do-amazonas-inaugura-33a-unidade-do-prato-cheio-nesta-sexta-feira-em-boca-do-acre\/","url":"https:\/\/markd.com.br\/models\/governo-do-amazonas-inaugura-33a-unidade-do-prato-cheio-nesta-sexta-feira-em-boca-do-acre\/","name":"Governo do Amazonas inaugura 33\u00aa unidade do Prato Cheio nesta sexta-feira, em Boca do Acre - Not\u00edcias de Todos - Models01","isPartOf":{"@id":"https:\/\/markd.com.br\/models\/#website"},"primaryImageOfPage":{"@id":"https:\/\/markd.com.br\/models\/governo-do-amazonas-inaugura-33a-unidade-do-prato-cheio-nesta-sexta-feira-em-boca-do-acre\/#primaryimage"},"image":{"@id":"https:\/\/markd.com.br\/models\/governo-do-amazonas-inaugura-33a-unidade-do-prato-cheio-nesta-sexta-feira-em-boca-do-acre\/#primaryimage"},"thumbnailUrl":"https:\/\/markd.com.br\/models\/wp-content\/uploads\/2022\/07\/3e4744ed-e22e-420b-beff-cbc199b1ad0e-800x445-1.jpg","datePublished":"2022-07-03T00:41:55+00:00","dateModified":"2022-07-03T00:42:02+00:00","author":{"@id":"https:\/\/markd.com.br\/models\/#\/schema\/person\/c12a77ab487a7262d8bec3c47301ad37"},"breadcrumb":{"@id":"https:\/\/markd.com.br\/models\/governo-do-amazonas-inaugura-33a-unidade-do-prato-cheio-nesta-sexta-feira-em-boca-do-acre\/#breadcrumb"},"inLanguage":"pt-BR","potentialAction":[{"@type":"ReadAction","target":["https:\/\/markd.com.br\/models\/governo-do-amazonas-inaugura-33a-unidade-do-prato-cheio-nesta-sexta-feira-em-boca-do-acre\/"]}]},{"@type":"ImageObject","inLanguage":"pt-BR","@id":"https:\/\/markd.com.br\/models\/governo-do-amazonas-inaugura-33a-unidade-do-prato-cheio-nesta-sexta-feira-em-boca-do-acre\/#primaryimage","url":"https:\/\/markd.com.br\/models\/wp-content\/uploads\/2022\/07\/3e4744ed-e22e-420b-beff-cbc199b1ad0e-800x445-1.jpg","contentUrl":"https:\/\/markd.com.br\/models\/wp-content\/uploads\/2022\/07\/3e4744ed-e22e-420b-beff-cbc199b1ad0e-800x445-1.jpg","width":800,"height":445},{"@type":"BreadcrumbList","@id":"https:\/\/markd.com.br\/models\/governo-do-amazonas-inaugura-33a-unidade-do-prato-cheio-nesta-sexta-feira-em-boca-do-acre\/#breadcrumb","itemListElement":[{"@type":"ListItem","position":1,"name":"In\u00edcio","item":"https:\/\/markd.com.br\/models\/"},{"@type":"ListItem","position":2,"name":"Governo do Amazonas inaugura 33\u00aa unidade do Prato Cheio nesta sexta-feira, em Boca do Acre"}]},{"@type":"WebSite","@id":"https:\/\/markd.com.br\/models\/#website","url":"https:\/\/markd.com.br\/models\/","name":"Not\u00edcias de Todos - Models01","description":"Tenha um Portal de Not\u00edcias Moderno, Din\u00e2mico, R\u00e1pido e Profissional. Entregamos seu Site de  Not\u00edcias Pronto, Instalado, Hospedado, com Manual Passo a Passo e Suporte 24 horas.","potentialAction":[{"@type":"SearchAction","target":{"@type":"EntryPoint","urlTemplate":"https:\/\/markd.com.br\/models\/?s={search_term_string}"},"query-input":{"@type":"PropertyValueSpecification","valueRequired":true,"valueName":"search_term_string"}}],"inLanguage":"pt-BR"},{"@type":"Person","@id":"https:\/\/markd.com.br\/models\/#\/schema\/person\/c12a77ab487a7262d8bec3c47301ad37","name":"Reda\u00e7\u00e3o Reda\u00e7\u00e3o","image":{"@type":"ImageObject","inLanguage":"pt-BR","@id":"https:\/\/markd.com.br\/models\/#\/schema\/person\/image\/","url":"https:\/\/secure.gravatar.com\/avatar\/9448f3599ce269febf169e183039b4a6?s=96&d=mm&r=g","contentUrl":"https:\/\/secure.gravatar.com\/avatar\/9448f3599ce269febf169e183039b4a6?s=96&d=mm&r=g","caption":"Reda\u00e7\u00e3o Reda\u00e7\u00e3o"},"sameAs":["https:\/\/markd.com.br\/"],"url":"https:\/\/markd.com.br\/models\/author\/redacao\/"}]}},"featured_image_urls":{"full":["https:\/\/markd.com.br\/models\/wp-content\/uploads\/2022\/07\/3e4744ed-e22e-420b-beff-cbc199b1ad0e-800x445-1.jpg",800,445,false],"thumbnail":["https:\/\/markd.com.br\/models\/wp-content\/uploads\/2022\/07\/3e4744ed-e22e-420b-beff-cbc199b1ad0e-800x445-1-150x150.jpg",150,150,true],"medium":["https:\/\/markd.com.br\/models\/wp-content\/uploads\/2022\/07\/3e4744ed-e22e-420b-beff-cbc199b1ad0e-800x445-1-300x167.jpg",300,167,true],"medium_large":["https:\/\/markd.com.br\/models\/wp-content\/uploads\/2022\/07\/3e4744ed-e22e-420b-beff-cbc199b1ad0e-800x445-1-768x427.jpg",640,356,true],"large":["https:\/\/markd.com.br\/models\/wp-content\/uploads\/2022\/07\/3e4744ed-e22e-420b-beff-cbc199b1ad0e-800x445-1.jpg",640,356,false],"1536x1536":["https:\/\/markd.com.br\/models\/wp-content\/uploads\/2022\/07\/3e4744ed-e22e-420b-beff-cbc199b1ad0e-800x445-1.jpg",800,445,false],"2048x2048":["https:\/\/markd.com.br\/models\/wp-content\/uploads\/2022\/07\/3e4744ed-e22e-420b-beff-cbc199b1ad0e-800x445-1.jpg",800,445,false],"newsphere-slider-full":["https:\/\/markd.com.br\/models\/wp-content\/uploads\/2022\/07\/3e4744ed-e22e-420b-beff-cbc199b1ad0e-800x445-1.jpg",800,445,false],"newsphere-featured":["https:\/\/markd.com.br\/models\/wp-content\/uploads\/2022\/07\/3e4744ed-e22e-420b-beff-cbc199b1ad0e-800x445-1.jpg",800,445,false],"newsphere-medium":["https:\/\/markd.com.br\/models\/wp-content\/uploads\/2022\/07\/3e4744ed-e22e-420b-beff-cbc199b1ad0e-800x445-1-720x380.jpg",720,380,true]},"author_info":{"display_name":"Reda\u00e7\u00e3o Reda\u00e7\u00e3o","author_link":"https:\/\/markd.com.br\/models\/author\/redacao\/"},"category_info":"<a href=\"https:\/\/markd.com.br\/models\/category\/governo-do-amazonas\/\" rel=\"category tag\">Governo do amazonas<\/a>","tag_info":"Governo do amazonas","comment_count":"0","jetpack_featured_media_url":"https:\/\/markd.com.br\/models\/wp-content\/uploads\/2022\/07\/3e4744ed-e22e-420b-beff-cbc199b1ad0e-800x445-1.jpg","_links":{"self":[{"href":"https:\/\/markd.com.br\/models\/wp-json\/wp\/v2\/posts\/2268","targetHints":{"allow":["GET"]}}],"collection":[{"href":"https:\/\/markd.com.br\/models\/wp-json\/wp\/v2\/posts"}],"about":[{"href":"https:\/\/markd.com.br\/models\/wp-json\/wp\/v2\/types\/post"}],"author":[{"embeddable":true,"href":"https:\/\/markd.com.br\/models\/wp-json\/wp\/v2\/users\/5"}],"replies":[{"embeddable":true,"href":"https:\/\/markd.com.br\/models\/wp-json\/wp\/v2\/comments?post=2268"}],"version-history":[{"count":1,"href":"https:\/\/markd.com.br\/models\/wp-json\/wp\/v2\/posts\/2268\/revisions"}],"predecessor-version":[{"id":2270,"href":"https:\/\/markd.com.br\/models\/wp-json\/wp\/v2\/posts\/2268\/revisions\/2270"}],"wp:featuredmedia":[{"embeddable":true,"href":"https:\/\/markd.com.br\/models\/wp-json\/wp\/v2\/media\/2269"}],"wp:attachment":[{"href":"https:\/\/markd.com.br\/models\/wp-json\/wp\/v2\/media?parent=2268"}],"wp:term":[{"taxonomy":"category","embeddable":true,"href":"https:\/\/markd.com.br\/models\/wp-json\/wp\/v2\/categories?post=2268"},{"taxonomy":"post_tag","embeddable":true,"href":"https:\/\/markd.com.br\/models\/wp-json\/wp\/v2\/tags?post=2268"}],"curies":[{"name":"wp","href":"https:\/\/api.w.org\/{rel}","templated":true}]}}