{"id":2280,"date":"2022-07-02T22:04:46","date_gmt":"2022-07-03T01:04:46","guid":{"rendered":"https:\/\/portaldestaquenoticias.com.br\/?p=2280"},"modified":"2022-07-02T22:04:52","modified_gmt":"2022-07-03T01:04:52","slug":"parceria-entre-prefeitura-de-manaus-e-governo-do-amazonas-reestrutura-mil-ruas-em-60-dias","status":"publish","type":"post","link":"https:\/\/markd.com.br\/models\/parceria-entre-prefeitura-de-manaus-e-governo-do-amazonas-reestrutura-mil-ruas-em-60-dias\/","title":{"rendered":"Parceria entre Prefeitura de Manaus e governo do Amazonas reestrutura mil ruas em 60 dias"},"content":{"rendered":"\n<p><\/p>\n\n\n\n<p>As a\u00e7\u00f5es de melhoria da infraestrutura da capital amazonense com a implanta\u00e7\u00e3o do programa \u201cAsfalta Manaus\u201d, que no decorrer de dois anos vai levar asfalto de qualidade a todos os bairros da cidade, crescem a cada dia e podem ser conferidas pelos moradores das \u00e1reas beneficiadas. Em apenas dois meses, a&nbsp;Prefeitura de Manaus, em parceria com o governo do Amazonas, concluiu mil ruas pavimentadas em diversos bairros.<\/p>\n\n\n\n<p>As vias dos bairros Santa Etelvina, Santo Ant\u00f4nio, Compensa, Parque 10 de Novembro, Tancredo Neves, Planalto, Japiim, Alvorada, Coroado, Nova Cidade, entre outros, j\u00e1 receberam equipes de obras, e muitas delas estavam esquecidas h\u00e1 anos. A popula\u00e7\u00e3o j\u00e1 vive outra realidade com uma mobilidade urbana de qualidade, garantindo trafegabilidade segura para todos. As obras s\u00e3o diariamente fiscalizadas pelas equipes de engenharia da Secretaria Municipal de Infraestrutura (Seminf).<\/p>\n\n\n\n<p>De acordo com o secret\u00e1rio da Seminf, Renato J\u00fanior, a gest\u00e3o do prefeito David Almeida veio para fazer a diferen\u00e7a e mostrar que o poder p\u00fablico, quando quer, faz com respeito, qualidade, tempo h\u00e1bil e determina\u00e7\u00e3o. Na administra\u00e7\u00e3o passada, que durou oito anos, a Seminf executou a pavimenta\u00e7\u00e3o asf\u00e1ltica em pouco mais de 800 ruas, e a atual, em dois meses, j\u00e1 realizou mil pavimenta\u00e7\u00f5es, mostrando o compromisso do atual prefeito.<\/p>\n\n\n\n<p>\u201cO prefeito David \u00e9 um homem do povo, de h\u00e1bitos simples e que soube politicamente buscar parcerias em benef\u00edcio de todos. Junto com o governo do Estado, houve a parceria certa. Juntos, governo e prefeitura, em dois meses, pavimentaram mil ruas, o que mostra o compromisso de ambos, visto que, a gest\u00e3o passada em oito anos, pavimentou apenas 800 vias. Quando vi esse levantamento, n\u00e3o acreditei, mas comprovadamente \u00e9 uma realidade. Ent\u00e3o, estamos no caminho certo, vamos chegar muito r\u00e1pido \u00e0s 10 mil ruas, fruto de compromisso e muito trabalho\u201d, enfatizou Renato.<\/p>\n\n\n\n<p><strong>Planejamento<\/strong><\/p>\n\n\n\n<p>Mais de 500 m\u00e1quinas, um efetivo de mais de 600 servidores, al\u00e9m de toneladas de massa asf\u00e1ltica s\u00e3o empregados na execu\u00e7\u00e3o das obras. As equipes trabalham com a fresagem das vias, retirando o asfalto desgastado, aplainando as vias e aplicando o novo asfalto.<\/p>\n\n\n\n<p>Ainda de acordo com Renato J\u00fanior, as obras envolvem todos os servidores da Seminf, o empenho em atingir a meta motiva cada servidor, que tem se dedicado diariamente ao servi\u00e7o.<\/p>\n\n\n\n<p>\u201cAs habilidades das equipes t\u00e9cnicas de engenharia e conv\u00eanios foram determinantes para que os recursos fossem canalizados em tempo h\u00e1bil. Mas o envolvimento de todos da Seminf \u00e9 not\u00f3rio, do protocolo aos servi\u00e7os gerais, todos t\u00eam importante colabora\u00e7\u00e3o, e juntos vamos alcan\u00e7ar as metas\u201d, conclui o secret\u00e1rio municipal de Infraestrutura.<\/p>\n\n\n\n<figure class=\"wp-block-image\"><img decoding=\"async\" src=\"https:\/\/sp-ao.shortpixel.ai\/client\/to_auto,q_glossy,ret_img,w_640,h_427\/https:\/\/portalmancheteam.com.br\/wp-content\/uploads\/2022\/07\/52188629899_07cdfc8dec_c.jpg\" alt=\"\" class=\"wp-image-100542\"\/><\/figure>\n","protected":false},"excerpt":{"rendered":"<p>As a\u00e7\u00f5es de melhoria da infraestrutura da capital amazonense com a implanta\u00e7\u00e3o do programa \u201cAsfalta&#8230;<\/p>\n","protected":false},"author":5,"featured_media":2281,"comment_status":"open","ping_status":"open","sticky":false,"template":"","format":"standard","meta":{"footnotes":""},"categories":[36],"tags":[670,52,43],"class_list":["post-2280","post","type-post","status-publish","format-standard","has-post-thumbnail","hentry","category-prefeitura-e-governo","tag-asfalta-manaus","tag-governo-do-amazonas","tag-prefeitura-de-manaus"],"yoast_head":"<!-- This site is optimized with the Yoast SEO plugin v24.4 - https:\/\/yoast.com\/wordpress\/plugins\/seo\/ -->\n<title>Parceria entre Prefeitura de Manaus e governo do Amazonas reestrutura mil ruas em 60 dias - Not\u00edcias de Todos - Models01<\/title>\n<meta name=\"robots\" content=\"index, follow, max-snippet:-1, max-image-preview:large, max-video-preview:-1\" \/>\n<link rel=\"canonical\" href=\"https:\/\/markd.com.br\/models\/parceria-entre-prefeitura-de-manaus-e-governo-do-amazonas-reestrutura-mil-ruas-em-60-dias\/\" \/>\n<meta property=\"og:locale\" content=\"pt_BR\" \/>\n<meta property=\"og:type\" content=\"article\" \/>\n<meta property=\"og:title\" content=\"Parceria entre Prefeitura de Manaus e governo do Amazonas reestrutura mil ruas em 60 dias - Not\u00edcias de Todos - Models01\" \/>\n<meta property=\"og:description\" content=\"As a\u00e7\u00f5es de melhoria da infraestrutura da capital amazonense com a implanta\u00e7\u00e3o do programa \u201cAsfalta...\" \/>\n<meta property=\"og:url\" content=\"https:\/\/markd.com.br\/models\/parceria-entre-prefeitura-de-manaus-e-governo-do-amazonas-reestrutura-mil-ruas-em-60-dias\/\" \/>\n<meta property=\"og:site_name\" content=\"Not\u00edcias de Todos - Models01\" \/>\n<meta property=\"article:published_time\" content=\"2022-07-03T01:04:46+00:00\" \/>\n<meta property=\"article:modified_time\" content=\"2022-07-03T01:04:52+00:00\" \/>\n<meta property=\"og:image\" content=\"https:\/\/markd.com.br\/models\/wp-content\/uploads\/2022\/07\/52188858740_779b79fb6e_c.jpg\" \/>\n\t<meta property=\"og:image:width\" content=\"640\" \/>\n\t<meta property=\"og:image:height\" content=\"427\" \/>\n\t<meta property=\"og:image:type\" content=\"image\/jpeg\" \/>\n<meta name=\"author\" content=\"Reda\u00e7\u00e3o Reda\u00e7\u00e3o\" \/>\n<meta name=\"twitter:card\" content=\"summary_large_image\" \/>\n<meta name=\"twitter:label1\" content=\"Escrito por\" \/>\n\t<meta name=\"twitter:data1\" content=\"Reda\u00e7\u00e3o Reda\u00e7\u00e3o\" \/>\n\t<meta name=\"twitter:label2\" content=\"Est. tempo de leitura\" \/>\n\t<meta name=\"twitter:data2\" content=\"3 minutos\" \/>\n<script type=\"application\/ld+json\" class=\"yoast-schema-graph\">{\"@context\":\"https:\/\/schema.org\",\"@graph\":[{\"@type\":\"WebPage\",\"@id\":\"https:\/\/markd.com.br\/models\/parceria-entre-prefeitura-de-manaus-e-governo-do-amazonas-reestrutura-mil-ruas-em-60-dias\/\",\"url\":\"https:\/\/markd.com.br\/models\/parceria-entre-prefeitura-de-manaus-e-governo-do-amazonas-reestrutura-mil-ruas-em-60-dias\/\",\"name\":\"Parceria entre Prefeitura de Manaus e governo do Amazonas reestrutura mil ruas em 60 dias - Not\u00edcias de Todos - Models01\",\"isPartOf\":{\"@id\":\"https:\/\/markd.com.br\/models\/#website\"},\"primaryImageOfPage\":{\"@id\":\"https:\/\/markd.com.br\/models\/parceria-entre-prefeitura-de-manaus-e-governo-do-amazonas-reestrutura-mil-ruas-em-60-dias\/#primaryimage\"},\"image\":{\"@id\":\"https:\/\/markd.com.br\/models\/parceria-entre-prefeitura-de-manaus-e-governo-do-amazonas-reestrutura-mil-ruas-em-60-dias\/#primaryimage\"},\"thumbnailUrl\":\"https:\/\/markd.com.br\/models\/wp-content\/uploads\/2022\/07\/52188858740_779b79fb6e_c.jpg\",\"datePublished\":\"2022-07-03T01:04:46+00:00\",\"dateModified\":\"2022-07-03T01:04:52+00:00\",\"author\":{\"@id\":\"https:\/\/markd.com.br\/models\/#\/schema\/person\/c12a77ab487a7262d8bec3c47301ad37\"},\"breadcrumb\":{\"@id\":\"https:\/\/markd.com.br\/models\/parceria-entre-prefeitura-de-manaus-e-governo-do-amazonas-reestrutura-mil-ruas-em-60-dias\/#breadcrumb\"},\"inLanguage\":\"pt-BR\",\"potentialAction\":[{\"@type\":\"ReadAction\",\"target\":[\"https:\/\/markd.com.br\/models\/parceria-entre-prefeitura-de-manaus-e-governo-do-amazonas-reestrutura-mil-ruas-em-60-dias\/\"]}]},{\"@type\":\"ImageObject\",\"inLanguage\":\"pt-BR\",\"@id\":\"https:\/\/markd.com.br\/models\/parceria-entre-prefeitura-de-manaus-e-governo-do-amazonas-reestrutura-mil-ruas-em-60-dias\/#primaryimage\",\"url\":\"https:\/\/markd.com.br\/models\/wp-content\/uploads\/2022\/07\/52188858740_779b79fb6e_c.jpg\",\"contentUrl\":\"https:\/\/markd.com.br\/models\/wp-content\/uploads\/2022\/07\/52188858740_779b79fb6e_c.jpg\",\"width\":640,\"height\":427},{\"@type\":\"BreadcrumbList\",\"@id\":\"https:\/\/markd.com.br\/models\/parceria-entre-prefeitura-de-manaus-e-governo-do-amazonas-reestrutura-mil-ruas-em-60-dias\/#breadcrumb\",\"itemListElement\":[{\"@type\":\"ListItem\",\"position\":1,\"name\":\"In\u00edcio\",\"item\":\"https:\/\/markd.com.br\/models\/\"},{\"@type\":\"ListItem\",\"position\":2,\"name\":\"Parceria entre Prefeitura de Manaus e governo do Amazonas reestrutura mil ruas em 60 dias\"}]},{\"@type\":\"WebSite\",\"@id\":\"https:\/\/markd.com.br\/models\/#website\",\"url\":\"https:\/\/markd.com.br\/models\/\",\"name\":\"Not\u00edcias de Todos - Models01\",\"description\":\"Tenha um Portal de Not\u00edcias Moderno, Din\u00e2mico, R\u00e1pido e Profissional. Entregamos seu Site de  Not\u00edcias Pronto, Instalado, Hospedado, com Manual Passo a Passo e Suporte 24 horas.\",\"potentialAction\":[{\"@type\":\"SearchAction\",\"target\":{\"@type\":\"EntryPoint\",\"urlTemplate\":\"https:\/\/markd.com.br\/models\/?s={search_term_string}\"},\"query-input\":{\"@type\":\"PropertyValueSpecification\",\"valueRequired\":true,\"valueName\":\"search_term_string\"}}],\"inLanguage\":\"pt-BR\"},{\"@type\":\"Person\",\"@id\":\"https:\/\/markd.com.br\/models\/#\/schema\/person\/c12a77ab487a7262d8bec3c47301ad37\",\"name\":\"Reda\u00e7\u00e3o Reda\u00e7\u00e3o\",\"image\":{\"@type\":\"ImageObject\",\"inLanguage\":\"pt-BR\",\"@id\":\"https:\/\/markd.com.br\/models\/#\/schema\/person\/image\/\",\"url\":\"https:\/\/secure.gravatar.com\/avatar\/9448f3599ce269febf169e183039b4a6?s=96&d=mm&r=g\",\"contentUrl\":\"https:\/\/secure.gravatar.com\/avatar\/9448f3599ce269febf169e183039b4a6?s=96&d=mm&r=g\",\"caption\":\"Reda\u00e7\u00e3o Reda\u00e7\u00e3o\"},\"sameAs\":[\"https:\/\/markd.com.br\/\"],\"url\":\"https:\/\/markd.com.br\/models\/author\/redacao\/\"}]}<\/script>\n<!-- \/ Yoast SEO plugin. -->","yoast_head_json":{"title":"Parceria entre Prefeitura de Manaus e governo do Amazonas reestrutura mil ruas em 60 dias - Not\u00edcias de Todos - Models01","robots":{"index":"index","follow":"follow","max-snippet":"max-snippet:-1","max-image-preview":"max-image-preview:large","max-video-preview":"max-video-preview:-1"},"canonical":"https:\/\/markd.com.br\/models\/parceria-entre-prefeitura-de-manaus-e-governo-do-amazonas-reestrutura-mil-ruas-em-60-dias\/","og_locale":"pt_BR","og_type":"article","og_title":"Parceria entre Prefeitura de Manaus e governo do Amazonas reestrutura mil ruas em 60 dias - Not\u00edcias de Todos - Models01","og_description":"As a\u00e7\u00f5es de melhoria da infraestrutura da capital amazonense com a implanta\u00e7\u00e3o do programa \u201cAsfalta...","og_url":"https:\/\/markd.com.br\/models\/parceria-entre-prefeitura-de-manaus-e-governo-do-amazonas-reestrutura-mil-ruas-em-60-dias\/","og_site_name":"Not\u00edcias de Todos - Models01","article_published_time":"2022-07-03T01:04:46+00:00","article_modified_time":"2022-07-03T01:04:52+00:00","og_image":[{"width":640,"height":427,"url":"https:\/\/markd.com.br\/models\/wp-content\/uploads\/2022\/07\/52188858740_779b79fb6e_c.jpg","type":"image\/jpeg"}],"author":"Reda\u00e7\u00e3o Reda\u00e7\u00e3o","twitter_card":"summary_large_image","twitter_misc":{"Escrito por":"Reda\u00e7\u00e3o Reda\u00e7\u00e3o","Est. tempo de leitura":"3 minutos"},"schema":{"@context":"https:\/\/schema.org","@graph":[{"@type":"WebPage","@id":"https:\/\/markd.com.br\/models\/parceria-entre-prefeitura-de-manaus-e-governo-do-amazonas-reestrutura-mil-ruas-em-60-dias\/","url":"https:\/\/markd.com.br\/models\/parceria-entre-prefeitura-de-manaus-e-governo-do-amazonas-reestrutura-mil-ruas-em-60-dias\/","name":"Parceria entre Prefeitura de Manaus e governo do Amazonas reestrutura mil ruas em 60 dias - Not\u00edcias de Todos - Models01","isPartOf":{"@id":"https:\/\/markd.com.br\/models\/#website"},"primaryImageOfPage":{"@id":"https:\/\/markd.com.br\/models\/parceria-entre-prefeitura-de-manaus-e-governo-do-amazonas-reestrutura-mil-ruas-em-60-dias\/#primaryimage"},"image":{"@id":"https:\/\/markd.com.br\/models\/parceria-entre-prefeitura-de-manaus-e-governo-do-amazonas-reestrutura-mil-ruas-em-60-dias\/#primaryimage"},"thumbnailUrl":"https:\/\/markd.com.br\/models\/wp-content\/uploads\/2022\/07\/52188858740_779b79fb6e_c.jpg","datePublished":"2022-07-03T01:04:46+00:00","dateModified":"2022-07-03T01:04:52+00:00","author":{"@id":"https:\/\/markd.com.br\/models\/#\/schema\/person\/c12a77ab487a7262d8bec3c47301ad37"},"breadcrumb":{"@id":"https:\/\/markd.com.br\/models\/parceria-entre-prefeitura-de-manaus-e-governo-do-amazonas-reestrutura-mil-ruas-em-60-dias\/#breadcrumb"},"inLanguage":"pt-BR","potentialAction":[{"@type":"ReadAction","target":["https:\/\/markd.com.br\/models\/parceria-entre-prefeitura-de-manaus-e-governo-do-amazonas-reestrutura-mil-ruas-em-60-dias\/"]}]},{"@type":"ImageObject","inLanguage":"pt-BR","@id":"https:\/\/markd.com.br\/models\/parceria-entre-prefeitura-de-manaus-e-governo-do-amazonas-reestrutura-mil-ruas-em-60-dias\/#primaryimage","url":"https:\/\/markd.com.br\/models\/wp-content\/uploads\/2022\/07\/52188858740_779b79fb6e_c.jpg","contentUrl":"https:\/\/markd.com.br\/models\/wp-content\/uploads\/2022\/07\/52188858740_779b79fb6e_c.jpg","width":640,"height":427},{"@type":"BreadcrumbList","@id":"https:\/\/markd.com.br\/models\/parceria-entre-prefeitura-de-manaus-e-governo-do-amazonas-reestrutura-mil-ruas-em-60-dias\/#breadcrumb","itemListElement":[{"@type":"ListItem","position":1,"name":"In\u00edcio","item":"https:\/\/markd.com.br\/models\/"},{"@type":"ListItem","position":2,"name":"Parceria entre Prefeitura de Manaus e governo do Amazonas reestrutura mil ruas em 60 dias"}]},{"@type":"WebSite","@id":"https:\/\/markd.com.br\/models\/#website","url":"https:\/\/markd.com.br\/models\/","name":"Not\u00edcias de Todos - Models01","description":"Tenha um Portal de Not\u00edcias Moderno, Din\u00e2mico, R\u00e1pido e Profissional. Entregamos seu Site de  Not\u00edcias Pronto, Instalado, Hospedado, com Manual Passo a Passo e Suporte 24 horas.","potentialAction":[{"@type":"SearchAction","target":{"@type":"EntryPoint","urlTemplate":"https:\/\/markd.com.br\/models\/?s={search_term_string}"},"query-input":{"@type":"PropertyValueSpecification","valueRequired":true,"valueName":"search_term_string"}}],"inLanguage":"pt-BR"},{"@type":"Person","@id":"https:\/\/markd.com.br\/models\/#\/schema\/person\/c12a77ab487a7262d8bec3c47301ad37","name":"Reda\u00e7\u00e3o Reda\u00e7\u00e3o","image":{"@type":"ImageObject","inLanguage":"pt-BR","@id":"https:\/\/markd.com.br\/models\/#\/schema\/person\/image\/","url":"https:\/\/secure.gravatar.com\/avatar\/9448f3599ce269febf169e183039b4a6?s=96&d=mm&r=g","contentUrl":"https:\/\/secure.gravatar.com\/avatar\/9448f3599ce269febf169e183039b4a6?s=96&d=mm&r=g","caption":"Reda\u00e7\u00e3o Reda\u00e7\u00e3o"},"sameAs":["https:\/\/markd.com.br\/"],"url":"https:\/\/markd.com.br\/models\/author\/redacao\/"}]}},"featured_image_urls":{"full":["https:\/\/markd.com.br\/models\/wp-content\/uploads\/2022\/07\/52188858740_779b79fb6e_c.jpg",640,427,false],"thumbnail":["https:\/\/markd.com.br\/models\/wp-content\/uploads\/2022\/07\/52188858740_779b79fb6e_c-150x150.jpg",150,150,true],"medium":["https:\/\/markd.com.br\/models\/wp-content\/uploads\/2022\/07\/52188858740_779b79fb6e_c-300x200.jpg",300,200,true],"medium_large":["https:\/\/markd.com.br\/models\/wp-content\/uploads\/2022\/07\/52188858740_779b79fb6e_c.jpg",640,427,false],"large":["https:\/\/markd.com.br\/models\/wp-content\/uploads\/2022\/07\/52188858740_779b79fb6e_c.jpg",640,427,false],"1536x1536":["https:\/\/markd.com.br\/models\/wp-content\/uploads\/2022\/07\/52188858740_779b79fb6e_c.jpg",640,427,false],"2048x2048":["https:\/\/markd.com.br\/models\/wp-content\/uploads\/2022\/07\/52188858740_779b79fb6e_c.jpg",640,427,false],"newsphere-slider-full":["https:\/\/markd.com.br\/models\/wp-content\/uploads\/2022\/07\/52188858740_779b79fb6e_c.jpg",640,427,false],"newsphere-featured":["https:\/\/markd.com.br\/models\/wp-content\/uploads\/2022\/07\/52188858740_779b79fb6e_c.jpg",640,427,false],"newsphere-medium":["https:\/\/markd.com.br\/models\/wp-content\/uploads\/2022\/07\/52188858740_779b79fb6e_c-640x380.jpg",640,380,true]},"author_info":{"display_name":"Reda\u00e7\u00e3o Reda\u00e7\u00e3o","author_link":"https:\/\/markd.com.br\/models\/author\/redacao\/"},"category_info":"<a href=\"https:\/\/markd.com.br\/models\/category\/prefeitura-e-governo\/\" rel=\"category tag\">Prefeitura e Governo<\/a>","tag_info":"Prefeitura e Governo","comment_count":"0","jetpack_featured_media_url":"https:\/\/markd.com.br\/models\/wp-content\/uploads\/2022\/07\/52188858740_779b79fb6e_c.jpg","_links":{"self":[{"href":"https:\/\/markd.com.br\/models\/wp-json\/wp\/v2\/posts\/2280","targetHints":{"allow":["GET"]}}],"collection":[{"href":"https:\/\/markd.com.br\/models\/wp-json\/wp\/v2\/posts"}],"about":[{"href":"https:\/\/markd.com.br\/models\/wp-json\/wp\/v2\/types\/post"}],"author":[{"embeddable":true,"href":"https:\/\/markd.com.br\/models\/wp-json\/wp\/v2\/users\/5"}],"replies":[{"embeddable":true,"href":"https:\/\/markd.com.br\/models\/wp-json\/wp\/v2\/comments?post=2280"}],"version-history":[{"count":1,"href":"https:\/\/markd.com.br\/models\/wp-json\/wp\/v2\/posts\/2280\/revisions"}],"predecessor-version":[{"id":2282,"href":"https:\/\/markd.com.br\/models\/wp-json\/wp\/v2\/posts\/2280\/revisions\/2282"}],"wp:featuredmedia":[{"embeddable":true,"href":"https:\/\/markd.com.br\/models\/wp-json\/wp\/v2\/media\/2281"}],"wp:attachment":[{"href":"https:\/\/markd.com.br\/models\/wp-json\/wp\/v2\/media?parent=2280"}],"wp:term":[{"taxonomy":"category","embeddable":true,"href":"https:\/\/markd.com.br\/models\/wp-json\/wp\/v2\/categories?post=2280"},{"taxonomy":"post_tag","embeddable":true,"href":"https:\/\/markd.com.br\/models\/wp-json\/wp\/v2\/tags?post=2280"}],"curies":[{"name":"wp","href":"https:\/\/api.w.org\/{rel}","templated":true}]}}