{"id":2286,"date":"2022-07-02T22:15:45","date_gmt":"2022-07-03T01:15:45","guid":{"rendered":"https:\/\/portaldestaquenoticias.com.br\/?p=2286"},"modified":"2022-07-02T22:15:50","modified_gmt":"2022-07-03T01:15:50","slug":"prefeitura-de-manaus-capacita-gestores-sobre-marco-regulatorio-das-organizacoes-da-sociedade-civil","status":"publish","type":"post","link":"https:\/\/markd.com.br\/models\/prefeitura-de-manaus-capacita-gestores-sobre-marco-regulatorio-das-organizacoes-da-sociedade-civil\/","title":{"rendered":"Prefeitura de Manaus capacita gestores sobre \u2018Marco Regulat\u00f3rio das Organiza\u00e7\u00f5es da Sociedade Civil\u2019"},"content":{"rendered":"\n<p><\/p>\n\n\n\n<p>A&nbsp;Prefeitura de Manaus, por meio da Secretaria Municipal de Assist\u00eancia Social e Cidadania (Semasc), promoveu, nesta sexta-feira, 1\u00ba\/7, a capacita\u00e7\u00e3o sobre o \u201cMarco Regulat\u00f3rio das Organiza\u00e7\u00f5es da Sociedade Civil\u201d (MROSC) aos gestores de parceria. O evento foi realizado no Casar\u00e3o da Inova\u00e7\u00e3o Cassina, no Centro.<\/p>\n\n\n\n<p>\u201cO curso tem como objetivo qualificar a atua\u00e7\u00e3o dos gestores de parceria no processo de monitoramento e acompanhamento da execu\u00e7\u00e3o de termos de fomento e colabora\u00e7\u00e3o formalizados por nossa secretaria\u201d, destacou a secret\u00e1ria da Semasc, Jane Mara Moraes.<\/p>\n\n\n\n<p>Regulamentado em 2014 e entrando em vigor a partir de 2016, o MROSC foi estabelecido com o intuito de permitir a cria\u00e7\u00e3o e regulamenta\u00e7\u00e3o de parcerias entre o poder p\u00fablico e OSCs.<\/p>\n\n\n\n<p>\u201cAl\u00e9m de atingir as metas de interesse da sociedade civil previstas pelas pol\u00edticas p\u00fablicas, trabalhar as quest\u00f5es do marco que tratam dos eixos de monitoramento, al\u00e9m da avalia\u00e7\u00e3o e presta\u00e7\u00e3o de contas, \u00e9 de extrema relev\u00e2ncia para que nossos gestores n\u00e3o cometam equ\u00edvocos durante a fiscaliza\u00e7\u00e3o\u201d, explicou Lorena Barreto, diretora de \u00c1rea de Gest\u00e3o do Sistema \u00danico de Assist\u00eancia Social (Suas).<\/p>\n\n\n\n<p>Uma das participantes da capacita\u00e7\u00e3o, Keila Campos, gerente do servi\u00e7o de Prote\u00e7\u00e3o e Atendimento Especializado a Fam\u00edlias e Indiv\u00edduos (Paefi) e gestora de parcerias da Semasc, destacou a import\u00e2ncia do treinamento no aprimoramento das pol\u00edticas p\u00fablicas e parcerias propostas pelo poder p\u00fablico.<\/p>\n\n\n\n<p>\u201c\u00c9 necess\u00e1rio para que possamos exercer, da melhor forma poss\u00edvel, nossa fun\u00e7\u00e3o enquanto gestores de parceria, al\u00e9m de ser uma \u00f3tima oportunidade para trocar ideias e tirar d\u00favidas uns com os outros\u201d, concluiu.<\/p>\n\n\n\n<p>\u2014 \u2014 \u2014<\/p>\n\n\n\n<p><strong>Texto \u2013&nbsp;<\/strong>Guilherme Ara\u00fajo Pacheco \/ Semasc<\/p>\n\n\n\n<p><strong>Fotos \u2013&nbsp;<\/strong>Marcely Gomes \/ Semasc<\/p>\n","protected":false},"excerpt":{"rendered":"<p>A&nbsp;Prefeitura de Manaus, por meio da Secretaria Municipal de Assist\u00eancia Social e Cidadania (Semasc), promoveu,&#8230;<\/p>\n","protected":false},"author":5,"featured_media":2287,"comment_status":"open","ping_status":"open","sticky":false,"template":"","format":"standard","meta":{"footnotes":""},"categories":[35],"tags":[672,43,415],"class_list":["post-2286","post","type-post","status-publish","format-standard","has-post-thumbnail","hentry","category-prefeitura-de-manaus","tag-mrosc","tag-prefeitura-de-manaus","tag-semasc"],"yoast_head":"<!-- This site is optimized with the Yoast SEO plugin v24.4 - https:\/\/yoast.com\/wordpress\/plugins\/seo\/ -->\n<title>Prefeitura de Manaus capacita gestores sobre \u2018Marco Regulat\u00f3rio das Organiza\u00e7\u00f5es da Sociedade Civil\u2019 - Not\u00edcias de Todos - Models01<\/title>\n<meta name=\"robots\" content=\"index, follow, max-snippet:-1, max-image-preview:large, max-video-preview:-1\" \/>\n<link rel=\"canonical\" href=\"https:\/\/markd.com.br\/models\/prefeitura-de-manaus-capacita-gestores-sobre-marco-regulatorio-das-organizacoes-da-sociedade-civil\/\" \/>\n<meta property=\"og:locale\" content=\"pt_BR\" \/>\n<meta property=\"og:type\" content=\"article\" \/>\n<meta property=\"og:title\" content=\"Prefeitura de Manaus capacita gestores sobre \u2018Marco Regulat\u00f3rio das Organiza\u00e7\u00f5es da Sociedade Civil\u2019 - Not\u00edcias de Todos - Models01\" \/>\n<meta property=\"og:description\" content=\"A&nbsp;Prefeitura de Manaus, por meio da Secretaria Municipal de Assist\u00eancia Social e Cidadania (Semasc), promoveu,...\" \/>\n<meta property=\"og:url\" content=\"https:\/\/markd.com.br\/models\/prefeitura-de-manaus-capacita-gestores-sobre-marco-regulatorio-das-organizacoes-da-sociedade-civil\/\" \/>\n<meta property=\"og:site_name\" content=\"Not\u00edcias de Todos - Models01\" \/>\n<meta property=\"article:published_time\" content=\"2022-07-03T01:15:45+00:00\" \/>\n<meta property=\"article:modified_time\" content=\"2022-07-03T01:15:50+00:00\" \/>\n<meta property=\"og:image\" content=\"https:\/\/markd.com.br\/models\/wp-content\/uploads\/2022\/07\/20220701_092619-1920x1080-1-800x445-1.jpg\" \/>\n\t<meta property=\"og:image:width\" content=\"800\" \/>\n\t<meta property=\"og:image:height\" content=\"445\" \/>\n\t<meta property=\"og:image:type\" content=\"image\/jpeg\" \/>\n<meta name=\"author\" content=\"Reda\u00e7\u00e3o Reda\u00e7\u00e3o\" \/>\n<meta name=\"twitter:card\" content=\"summary_large_image\" \/>\n<meta name=\"twitter:label1\" content=\"Escrito por\" \/>\n\t<meta name=\"twitter:data1\" content=\"Reda\u00e7\u00e3o Reda\u00e7\u00e3o\" \/>\n\t<meta name=\"twitter:label2\" content=\"Est. tempo de leitura\" \/>\n\t<meta name=\"twitter:data2\" content=\"2 minutos\" \/>\n<script type=\"application\/ld+json\" class=\"yoast-schema-graph\">{\"@context\":\"https:\/\/schema.org\",\"@graph\":[{\"@type\":\"WebPage\",\"@id\":\"https:\/\/markd.com.br\/models\/prefeitura-de-manaus-capacita-gestores-sobre-marco-regulatorio-das-organizacoes-da-sociedade-civil\/\",\"url\":\"https:\/\/markd.com.br\/models\/prefeitura-de-manaus-capacita-gestores-sobre-marco-regulatorio-das-organizacoes-da-sociedade-civil\/\",\"name\":\"Prefeitura de Manaus capacita gestores sobre \u2018Marco Regulat\u00f3rio das Organiza\u00e7\u00f5es da Sociedade Civil\u2019 - Not\u00edcias de Todos - Models01\",\"isPartOf\":{\"@id\":\"https:\/\/markd.com.br\/models\/#website\"},\"primaryImageOfPage\":{\"@id\":\"https:\/\/markd.com.br\/models\/prefeitura-de-manaus-capacita-gestores-sobre-marco-regulatorio-das-organizacoes-da-sociedade-civil\/#primaryimage\"},\"image\":{\"@id\":\"https:\/\/markd.com.br\/models\/prefeitura-de-manaus-capacita-gestores-sobre-marco-regulatorio-das-organizacoes-da-sociedade-civil\/#primaryimage\"},\"thumbnailUrl\":\"https:\/\/markd.com.br\/models\/wp-content\/uploads\/2022\/07\/20220701_092619-1920x1080-1-800x445-1.jpg\",\"datePublished\":\"2022-07-03T01:15:45+00:00\",\"dateModified\":\"2022-07-03T01:15:50+00:00\",\"author\":{\"@id\":\"https:\/\/markd.com.br\/models\/#\/schema\/person\/c12a77ab487a7262d8bec3c47301ad37\"},\"breadcrumb\":{\"@id\":\"https:\/\/markd.com.br\/models\/prefeitura-de-manaus-capacita-gestores-sobre-marco-regulatorio-das-organizacoes-da-sociedade-civil\/#breadcrumb\"},\"inLanguage\":\"pt-BR\",\"potentialAction\":[{\"@type\":\"ReadAction\",\"target\":[\"https:\/\/markd.com.br\/models\/prefeitura-de-manaus-capacita-gestores-sobre-marco-regulatorio-das-organizacoes-da-sociedade-civil\/\"]}]},{\"@type\":\"ImageObject\",\"inLanguage\":\"pt-BR\",\"@id\":\"https:\/\/markd.com.br\/models\/prefeitura-de-manaus-capacita-gestores-sobre-marco-regulatorio-das-organizacoes-da-sociedade-civil\/#primaryimage\",\"url\":\"https:\/\/markd.com.br\/models\/wp-content\/uploads\/2022\/07\/20220701_092619-1920x1080-1-800x445-1.jpg\",\"contentUrl\":\"https:\/\/markd.com.br\/models\/wp-content\/uploads\/2022\/07\/20220701_092619-1920x1080-1-800x445-1.jpg\",\"width\":800,\"height\":445},{\"@type\":\"BreadcrumbList\",\"@id\":\"https:\/\/markd.com.br\/models\/prefeitura-de-manaus-capacita-gestores-sobre-marco-regulatorio-das-organizacoes-da-sociedade-civil\/#breadcrumb\",\"itemListElement\":[{\"@type\":\"ListItem\",\"position\":1,\"name\":\"In\u00edcio\",\"item\":\"https:\/\/markd.com.br\/models\/\"},{\"@type\":\"ListItem\",\"position\":2,\"name\":\"Prefeitura de Manaus capacita gestores sobre \u2018Marco Regulat\u00f3rio das Organiza\u00e7\u00f5es da Sociedade Civil\u2019\"}]},{\"@type\":\"WebSite\",\"@id\":\"https:\/\/markd.com.br\/models\/#website\",\"url\":\"https:\/\/markd.com.br\/models\/\",\"name\":\"Not\u00edcias de Todos - Models01\",\"description\":\"Tenha um Portal de Not\u00edcias Moderno, Din\u00e2mico, R\u00e1pido e Profissional. Entregamos seu Site de  Not\u00edcias Pronto, Instalado, Hospedado, com Manual Passo a Passo e Suporte 24 horas.\",\"potentialAction\":[{\"@type\":\"SearchAction\",\"target\":{\"@type\":\"EntryPoint\",\"urlTemplate\":\"https:\/\/markd.com.br\/models\/?s={search_term_string}\"},\"query-input\":{\"@type\":\"PropertyValueSpecification\",\"valueRequired\":true,\"valueName\":\"search_term_string\"}}],\"inLanguage\":\"pt-BR\"},{\"@type\":\"Person\",\"@id\":\"https:\/\/markd.com.br\/models\/#\/schema\/person\/c12a77ab487a7262d8bec3c47301ad37\",\"name\":\"Reda\u00e7\u00e3o Reda\u00e7\u00e3o\",\"image\":{\"@type\":\"ImageObject\",\"inLanguage\":\"pt-BR\",\"@id\":\"https:\/\/markd.com.br\/models\/#\/schema\/person\/image\/\",\"url\":\"https:\/\/secure.gravatar.com\/avatar\/9448f3599ce269febf169e183039b4a6?s=96&d=mm&r=g\",\"contentUrl\":\"https:\/\/secure.gravatar.com\/avatar\/9448f3599ce269febf169e183039b4a6?s=96&d=mm&r=g\",\"caption\":\"Reda\u00e7\u00e3o Reda\u00e7\u00e3o\"},\"sameAs\":[\"https:\/\/markd.com.br\/\"],\"url\":\"https:\/\/markd.com.br\/models\/author\/redacao\/\"}]}<\/script>\n<!-- \/ Yoast SEO plugin. -->","yoast_head_json":{"title":"Prefeitura de Manaus capacita gestores sobre \u2018Marco Regulat\u00f3rio das Organiza\u00e7\u00f5es da Sociedade Civil\u2019 - Not\u00edcias de Todos - Models01","robots":{"index":"index","follow":"follow","max-snippet":"max-snippet:-1","max-image-preview":"max-image-preview:large","max-video-preview":"max-video-preview:-1"},"canonical":"https:\/\/markd.com.br\/models\/prefeitura-de-manaus-capacita-gestores-sobre-marco-regulatorio-das-organizacoes-da-sociedade-civil\/","og_locale":"pt_BR","og_type":"article","og_title":"Prefeitura de Manaus capacita gestores sobre \u2018Marco Regulat\u00f3rio das Organiza\u00e7\u00f5es da Sociedade Civil\u2019 - Not\u00edcias de Todos - Models01","og_description":"A&nbsp;Prefeitura de Manaus, por meio da Secretaria Municipal de Assist\u00eancia Social e Cidadania (Semasc), promoveu,...","og_url":"https:\/\/markd.com.br\/models\/prefeitura-de-manaus-capacita-gestores-sobre-marco-regulatorio-das-organizacoes-da-sociedade-civil\/","og_site_name":"Not\u00edcias de Todos - Models01","article_published_time":"2022-07-03T01:15:45+00:00","article_modified_time":"2022-07-03T01:15:50+00:00","og_image":[{"width":800,"height":445,"url":"https:\/\/markd.com.br\/models\/wp-content\/uploads\/2022\/07\/20220701_092619-1920x1080-1-800x445-1.jpg","type":"image\/jpeg"}],"author":"Reda\u00e7\u00e3o Reda\u00e7\u00e3o","twitter_card":"summary_large_image","twitter_misc":{"Escrito por":"Reda\u00e7\u00e3o Reda\u00e7\u00e3o","Est. tempo de leitura":"2 minutos"},"schema":{"@context":"https:\/\/schema.org","@graph":[{"@type":"WebPage","@id":"https:\/\/markd.com.br\/models\/prefeitura-de-manaus-capacita-gestores-sobre-marco-regulatorio-das-organizacoes-da-sociedade-civil\/","url":"https:\/\/markd.com.br\/models\/prefeitura-de-manaus-capacita-gestores-sobre-marco-regulatorio-das-organizacoes-da-sociedade-civil\/","name":"Prefeitura de Manaus capacita gestores sobre \u2018Marco Regulat\u00f3rio das Organiza\u00e7\u00f5es da Sociedade Civil\u2019 - Not\u00edcias de Todos - Models01","isPartOf":{"@id":"https:\/\/markd.com.br\/models\/#website"},"primaryImageOfPage":{"@id":"https:\/\/markd.com.br\/models\/prefeitura-de-manaus-capacita-gestores-sobre-marco-regulatorio-das-organizacoes-da-sociedade-civil\/#primaryimage"},"image":{"@id":"https:\/\/markd.com.br\/models\/prefeitura-de-manaus-capacita-gestores-sobre-marco-regulatorio-das-organizacoes-da-sociedade-civil\/#primaryimage"},"thumbnailUrl":"https:\/\/markd.com.br\/models\/wp-content\/uploads\/2022\/07\/20220701_092619-1920x1080-1-800x445-1.jpg","datePublished":"2022-07-03T01:15:45+00:00","dateModified":"2022-07-03T01:15:50+00:00","author":{"@id":"https:\/\/markd.com.br\/models\/#\/schema\/person\/c12a77ab487a7262d8bec3c47301ad37"},"breadcrumb":{"@id":"https:\/\/markd.com.br\/models\/prefeitura-de-manaus-capacita-gestores-sobre-marco-regulatorio-das-organizacoes-da-sociedade-civil\/#breadcrumb"},"inLanguage":"pt-BR","potentialAction":[{"@type":"ReadAction","target":["https:\/\/markd.com.br\/models\/prefeitura-de-manaus-capacita-gestores-sobre-marco-regulatorio-das-organizacoes-da-sociedade-civil\/"]}]},{"@type":"ImageObject","inLanguage":"pt-BR","@id":"https:\/\/markd.com.br\/models\/prefeitura-de-manaus-capacita-gestores-sobre-marco-regulatorio-das-organizacoes-da-sociedade-civil\/#primaryimage","url":"https:\/\/markd.com.br\/models\/wp-content\/uploads\/2022\/07\/20220701_092619-1920x1080-1-800x445-1.jpg","contentUrl":"https:\/\/markd.com.br\/models\/wp-content\/uploads\/2022\/07\/20220701_092619-1920x1080-1-800x445-1.jpg","width":800,"height":445},{"@type":"BreadcrumbList","@id":"https:\/\/markd.com.br\/models\/prefeitura-de-manaus-capacita-gestores-sobre-marco-regulatorio-das-organizacoes-da-sociedade-civil\/#breadcrumb","itemListElement":[{"@type":"ListItem","position":1,"name":"In\u00edcio","item":"https:\/\/markd.com.br\/models\/"},{"@type":"ListItem","position":2,"name":"Prefeitura de Manaus capacita gestores sobre \u2018Marco Regulat\u00f3rio das Organiza\u00e7\u00f5es da Sociedade Civil\u2019"}]},{"@type":"WebSite","@id":"https:\/\/markd.com.br\/models\/#website","url":"https:\/\/markd.com.br\/models\/","name":"Not\u00edcias de Todos - Models01","description":"Tenha um Portal de Not\u00edcias Moderno, Din\u00e2mico, R\u00e1pido e Profissional. Entregamos seu Site de  Not\u00edcias Pronto, Instalado, Hospedado, com Manual Passo a Passo e Suporte 24 horas.","potentialAction":[{"@type":"SearchAction","target":{"@type":"EntryPoint","urlTemplate":"https:\/\/markd.com.br\/models\/?s={search_term_string}"},"query-input":{"@type":"PropertyValueSpecification","valueRequired":true,"valueName":"search_term_string"}}],"inLanguage":"pt-BR"},{"@type":"Person","@id":"https:\/\/markd.com.br\/models\/#\/schema\/person\/c12a77ab487a7262d8bec3c47301ad37","name":"Reda\u00e7\u00e3o Reda\u00e7\u00e3o","image":{"@type":"ImageObject","inLanguage":"pt-BR","@id":"https:\/\/markd.com.br\/models\/#\/schema\/person\/image\/","url":"https:\/\/secure.gravatar.com\/avatar\/9448f3599ce269febf169e183039b4a6?s=96&d=mm&r=g","contentUrl":"https:\/\/secure.gravatar.com\/avatar\/9448f3599ce269febf169e183039b4a6?s=96&d=mm&r=g","caption":"Reda\u00e7\u00e3o Reda\u00e7\u00e3o"},"sameAs":["https:\/\/markd.com.br\/"],"url":"https:\/\/markd.com.br\/models\/author\/redacao\/"}]}},"featured_image_urls":{"full":["https:\/\/markd.com.br\/models\/wp-content\/uploads\/2022\/07\/20220701_092619-1920x1080-1-800x445-1.jpg",800,445,false],"thumbnail":["https:\/\/markd.com.br\/models\/wp-content\/uploads\/2022\/07\/20220701_092619-1920x1080-1-800x445-1-150x150.jpg",150,150,true],"medium":["https:\/\/markd.com.br\/models\/wp-content\/uploads\/2022\/07\/20220701_092619-1920x1080-1-800x445-1-300x167.jpg",300,167,true],"medium_large":["https:\/\/markd.com.br\/models\/wp-content\/uploads\/2022\/07\/20220701_092619-1920x1080-1-800x445-1-768x427.jpg",640,356,true],"large":["https:\/\/markd.com.br\/models\/wp-content\/uploads\/2022\/07\/20220701_092619-1920x1080-1-800x445-1.jpg",640,356,false],"1536x1536":["https:\/\/markd.com.br\/models\/wp-content\/uploads\/2022\/07\/20220701_092619-1920x1080-1-800x445-1.jpg",800,445,false],"2048x2048":["https:\/\/markd.com.br\/models\/wp-content\/uploads\/2022\/07\/20220701_092619-1920x1080-1-800x445-1.jpg",800,445,false],"newsphere-slider-full":["https:\/\/markd.com.br\/models\/wp-content\/uploads\/2022\/07\/20220701_092619-1920x1080-1-800x445-1.jpg",800,445,false],"newsphere-featured":["https:\/\/markd.com.br\/models\/wp-content\/uploads\/2022\/07\/20220701_092619-1920x1080-1-800x445-1.jpg",800,445,false],"newsphere-medium":["https:\/\/markd.com.br\/models\/wp-content\/uploads\/2022\/07\/20220701_092619-1920x1080-1-800x445-1-720x380.jpg",720,380,true]},"author_info":{"display_name":"Reda\u00e7\u00e3o Reda\u00e7\u00e3o","author_link":"https:\/\/markd.com.br\/models\/author\/redacao\/"},"category_info":"<a href=\"https:\/\/markd.com.br\/models\/category\/prefeitura-de-manaus\/\" rel=\"category tag\">Prefeitura de Manaus<\/a>","tag_info":"Prefeitura de Manaus","comment_count":"0","jetpack_featured_media_url":"https:\/\/markd.com.br\/models\/wp-content\/uploads\/2022\/07\/20220701_092619-1920x1080-1-800x445-1.jpg","_links":{"self":[{"href":"https:\/\/markd.com.br\/models\/wp-json\/wp\/v2\/posts\/2286","targetHints":{"allow":["GET"]}}],"collection":[{"href":"https:\/\/markd.com.br\/models\/wp-json\/wp\/v2\/posts"}],"about":[{"href":"https:\/\/markd.com.br\/models\/wp-json\/wp\/v2\/types\/post"}],"author":[{"embeddable":true,"href":"https:\/\/markd.com.br\/models\/wp-json\/wp\/v2\/users\/5"}],"replies":[{"embeddable":true,"href":"https:\/\/markd.com.br\/models\/wp-json\/wp\/v2\/comments?post=2286"}],"version-history":[{"count":1,"href":"https:\/\/markd.com.br\/models\/wp-json\/wp\/v2\/posts\/2286\/revisions"}],"predecessor-version":[{"id":2288,"href":"https:\/\/markd.com.br\/models\/wp-json\/wp\/v2\/posts\/2286\/revisions\/2288"}],"wp:featuredmedia":[{"embeddable":true,"href":"https:\/\/markd.com.br\/models\/wp-json\/wp\/v2\/media\/2287"}],"wp:attachment":[{"href":"https:\/\/markd.com.br\/models\/wp-json\/wp\/v2\/media?parent=2286"}],"wp:term":[{"taxonomy":"category","embeddable":true,"href":"https:\/\/markd.com.br\/models\/wp-json\/wp\/v2\/categories?post=2286"},{"taxonomy":"post_tag","embeddable":true,"href":"https:\/\/markd.com.br\/models\/wp-json\/wp\/v2\/tags?post=2286"}],"curies":[{"name":"wp","href":"https:\/\/api.w.org\/{rel}","templated":true}]}}