{"id":2295,"date":"2022-07-04T16:56:29","date_gmt":"2022-07-04T19:56:29","guid":{"rendered":"https:\/\/portaldestaquenoticias.com.br\/?p=2295"},"modified":"2022-07-04T16:56:35","modified_gmt":"2022-07-04T19:56:35","slug":"homem-e-executado-a-tiros-ao-abrir-janela-de-casa-para-ver-quem-o-chamava-em-manaus","status":"publish","type":"post","link":"https:\/\/markd.com.br\/models\/homem-e-executado-a-tiros-ao-abrir-janela-de-casa-para-ver-quem-o-chamava-em-manaus\/","title":{"rendered":"Homem \u00e9 executado a tiros ao abrir janela de casa para ver quem o chamava em Manaus"},"content":{"rendered":"\n<p><\/p>\n\n\n\n<p>Luiz M\u00e1rio Teixeira Tufim, 49 anos, foi encontrado morto dentro de uma casa na Travessa da Ben\u00e7\u00e3o, no bairro Comunidade F\u00e9 em Deus 1, no Conjunto Cidad\u00e3o 5, na zona Norte, na manh\u00e3 desta segunda-feira (4)&nbsp;<\/p>\n\n\n\n<p>A v\u00edtima foi assassinada na noite de domingo (3), mas s\u00f3 foi achada hoje, por um vizinho que viu a janela entreaberta e ao empurrar, se deparou com o corpo.<\/p>\n\n\n\n<p>Uma outra moradora da \u00e1rea, contou \u00e0 equipe de reportagem do Portal do Holanda que viu o momento em que dois homens chegaram em uma motocicleta ao im\u00f3vel.<\/p>\n\n\n\n<p>Ela afirma que eles chamaram M\u00e1rio e assim que ele abriu a janela para ver quem \u00e9, foi surpreendido pelos tiros. \u201cEsses caras chegaram, chamaram ele pela janela e quando ele foi abrir, atiraram nele\u201d, relata a mulher.<\/p>\n\n\n\n<p>M\u00e1rio morava sozinho no local e segundo a fam\u00edlia j\u00e1 havia botado a casa \u00e0 venda por R$ 16 mil. Tanto os vizinhos quanto os familiares dizem que o homem n\u00e3o tinha envolvimento com nada il\u00edcito e que sempre foi uma pessoa pacata e caseira.<\/p>\n\n\n\n<p>A v\u00edtima n\u00e3o costumava se envolver em confus\u00f5es e tamb\u00e9m n\u00e3o tinha inimigos declarados. A pol\u00edcia deve investigar o crime.&nbsp;<\/p>\n\n\n\n<p>fonte: Portal do Holanda<\/p>\n","protected":false},"excerpt":{"rendered":"<p>Luiz M\u00e1rio Teixeira Tufim, 49 anos, foi encontrado morto dentro de uma casa na Travessa&#8230;<\/p>\n","protected":false},"author":5,"featured_media":2296,"comment_status":"open","ping_status":"open","sticky":false,"template":"","format":"standard","meta":{"footnotes":""},"categories":[621],"tags":[562,561,262],"class_list":["post-2295","post","type-post","status-publish","format-standard","has-post-thumbnail","hentry","category-plantao-policial","tag-executado","tag-homem","tag-tiros"],"yoast_head":"<!-- This site is optimized with the Yoast SEO plugin v24.4 - https:\/\/yoast.com\/wordpress\/plugins\/seo\/ -->\n<title>Homem \u00e9 executado a tiros ao abrir janela de casa para ver quem o chamava em Manaus - Not\u00edcias de Todos - Models01<\/title>\n<meta name=\"robots\" content=\"index, follow, max-snippet:-1, max-image-preview:large, max-video-preview:-1\" \/>\n<link rel=\"canonical\" href=\"https:\/\/markd.com.br\/models\/homem-e-executado-a-tiros-ao-abrir-janela-de-casa-para-ver-quem-o-chamava-em-manaus\/\" \/>\n<meta property=\"og:locale\" content=\"pt_BR\" \/>\n<meta property=\"og:type\" content=\"article\" \/>\n<meta property=\"og:title\" content=\"Homem \u00e9 executado a tiros ao abrir janela de casa para ver quem o chamava em Manaus - Not\u00edcias de Todos - Models01\" \/>\n<meta property=\"og:description\" content=\"Luiz M\u00e1rio Teixeira Tufim, 49 anos, foi encontrado morto dentro de uma casa na Travessa...\" \/>\n<meta property=\"og:url\" content=\"https:\/\/markd.com.br\/models\/homem-e-executado-a-tiros-ao-abrir-janela-de-casa-para-ver-quem-o-chamava-em-manaus\/\" \/>\n<meta property=\"og:site_name\" content=\"Not\u00edcias de Todos - Models01\" \/>\n<meta property=\"article:published_time\" content=\"2022-07-04T19:56:29+00:00\" \/>\n<meta property=\"article:modified_time\" content=\"2022-07-04T19:56:35+00:00\" \/>\n<meta property=\"og:image\" content=\"https:\/\/markd.com.br\/models\/wp-content\/uploads\/2022\/07\/IMG_04072022_152310_640_x_480_pixel-640x445-2.jpg\" \/>\n\t<meta property=\"og:image:width\" content=\"640\" \/>\n\t<meta property=\"og:image:height\" content=\"445\" \/>\n\t<meta property=\"og:image:type\" content=\"image\/jpeg\" \/>\n<meta name=\"author\" content=\"Reda\u00e7\u00e3o Reda\u00e7\u00e3o\" \/>\n<meta name=\"twitter:card\" content=\"summary_large_image\" \/>\n<meta name=\"twitter:label1\" content=\"Escrito por\" \/>\n\t<meta name=\"twitter:data1\" content=\"Reda\u00e7\u00e3o Reda\u00e7\u00e3o\" \/>\n\t<meta name=\"twitter:label2\" content=\"Est. tempo de leitura\" \/>\n\t<meta name=\"twitter:data2\" content=\"2 minutos\" \/>\n<script type=\"application\/ld+json\" class=\"yoast-schema-graph\">{\"@context\":\"https:\/\/schema.org\",\"@graph\":[{\"@type\":\"WebPage\",\"@id\":\"https:\/\/markd.com.br\/models\/homem-e-executado-a-tiros-ao-abrir-janela-de-casa-para-ver-quem-o-chamava-em-manaus\/\",\"url\":\"https:\/\/markd.com.br\/models\/homem-e-executado-a-tiros-ao-abrir-janela-de-casa-para-ver-quem-o-chamava-em-manaus\/\",\"name\":\"Homem \u00e9 executado a tiros ao abrir janela de casa para ver quem o chamava em Manaus - Not\u00edcias de Todos - Models01\",\"isPartOf\":{\"@id\":\"https:\/\/markd.com.br\/models\/#website\"},\"primaryImageOfPage\":{\"@id\":\"https:\/\/markd.com.br\/models\/homem-e-executado-a-tiros-ao-abrir-janela-de-casa-para-ver-quem-o-chamava-em-manaus\/#primaryimage\"},\"image\":{\"@id\":\"https:\/\/markd.com.br\/models\/homem-e-executado-a-tiros-ao-abrir-janela-de-casa-para-ver-quem-o-chamava-em-manaus\/#primaryimage\"},\"thumbnailUrl\":\"https:\/\/markd.com.br\/models\/wp-content\/uploads\/2022\/07\/IMG_04072022_152310_640_x_480_pixel-640x445-2.jpg\",\"datePublished\":\"2022-07-04T19:56:29+00:00\",\"dateModified\":\"2022-07-04T19:56:35+00:00\",\"author\":{\"@id\":\"https:\/\/markd.com.br\/models\/#\/schema\/person\/c12a77ab487a7262d8bec3c47301ad37\"},\"breadcrumb\":{\"@id\":\"https:\/\/markd.com.br\/models\/homem-e-executado-a-tiros-ao-abrir-janela-de-casa-para-ver-quem-o-chamava-em-manaus\/#breadcrumb\"},\"inLanguage\":\"pt-BR\",\"potentialAction\":[{\"@type\":\"ReadAction\",\"target\":[\"https:\/\/markd.com.br\/models\/homem-e-executado-a-tiros-ao-abrir-janela-de-casa-para-ver-quem-o-chamava-em-manaus\/\"]}]},{\"@type\":\"ImageObject\",\"inLanguage\":\"pt-BR\",\"@id\":\"https:\/\/markd.com.br\/models\/homem-e-executado-a-tiros-ao-abrir-janela-de-casa-para-ver-quem-o-chamava-em-manaus\/#primaryimage\",\"url\":\"https:\/\/markd.com.br\/models\/wp-content\/uploads\/2022\/07\/IMG_04072022_152310_640_x_480_pixel-640x445-2.jpg\",\"contentUrl\":\"https:\/\/markd.com.br\/models\/wp-content\/uploads\/2022\/07\/IMG_04072022_152310_640_x_480_pixel-640x445-2.jpg\",\"width\":640,\"height\":445},{\"@type\":\"BreadcrumbList\",\"@id\":\"https:\/\/markd.com.br\/models\/homem-e-executado-a-tiros-ao-abrir-janela-de-casa-para-ver-quem-o-chamava-em-manaus\/#breadcrumb\",\"itemListElement\":[{\"@type\":\"ListItem\",\"position\":1,\"name\":\"In\u00edcio\",\"item\":\"https:\/\/markd.com.br\/models\/\"},{\"@type\":\"ListItem\",\"position\":2,\"name\":\"Homem \u00e9 executado a tiros ao abrir janela de casa para ver quem o chamava em Manaus\"}]},{\"@type\":\"WebSite\",\"@id\":\"https:\/\/markd.com.br\/models\/#website\",\"url\":\"https:\/\/markd.com.br\/models\/\",\"name\":\"Not\u00edcias de Todos - Models01\",\"description\":\"Tenha um Portal de Not\u00edcias Moderno, Din\u00e2mico, R\u00e1pido e Profissional. Entregamos seu Site de  Not\u00edcias Pronto, Instalado, Hospedado, com Manual Passo a Passo e Suporte 24 horas.\",\"potentialAction\":[{\"@type\":\"SearchAction\",\"target\":{\"@type\":\"EntryPoint\",\"urlTemplate\":\"https:\/\/markd.com.br\/models\/?s={search_term_string}\"},\"query-input\":{\"@type\":\"PropertyValueSpecification\",\"valueRequired\":true,\"valueName\":\"search_term_string\"}}],\"inLanguage\":\"pt-BR\"},{\"@type\":\"Person\",\"@id\":\"https:\/\/markd.com.br\/models\/#\/schema\/person\/c12a77ab487a7262d8bec3c47301ad37\",\"name\":\"Reda\u00e7\u00e3o Reda\u00e7\u00e3o\",\"image\":{\"@type\":\"ImageObject\",\"inLanguage\":\"pt-BR\",\"@id\":\"https:\/\/markd.com.br\/models\/#\/schema\/person\/image\/\",\"url\":\"https:\/\/secure.gravatar.com\/avatar\/9448f3599ce269febf169e183039b4a6?s=96&d=mm&r=g\",\"contentUrl\":\"https:\/\/secure.gravatar.com\/avatar\/9448f3599ce269febf169e183039b4a6?s=96&d=mm&r=g\",\"caption\":\"Reda\u00e7\u00e3o Reda\u00e7\u00e3o\"},\"sameAs\":[\"https:\/\/markd.com.br\/\"],\"url\":\"https:\/\/markd.com.br\/models\/author\/redacao\/\"}]}<\/script>\n<!-- \/ Yoast SEO plugin. -->","yoast_head_json":{"title":"Homem \u00e9 executado a tiros ao abrir janela de casa para ver quem o chamava em Manaus - Not\u00edcias de Todos - Models01","robots":{"index":"index","follow":"follow","max-snippet":"max-snippet:-1","max-image-preview":"max-image-preview:large","max-video-preview":"max-video-preview:-1"},"canonical":"https:\/\/markd.com.br\/models\/homem-e-executado-a-tiros-ao-abrir-janela-de-casa-para-ver-quem-o-chamava-em-manaus\/","og_locale":"pt_BR","og_type":"article","og_title":"Homem \u00e9 executado a tiros ao abrir janela de casa para ver quem o chamava em Manaus - Not\u00edcias de Todos - Models01","og_description":"Luiz M\u00e1rio Teixeira Tufim, 49 anos, foi encontrado morto dentro de uma casa na Travessa...","og_url":"https:\/\/markd.com.br\/models\/homem-e-executado-a-tiros-ao-abrir-janela-de-casa-para-ver-quem-o-chamava-em-manaus\/","og_site_name":"Not\u00edcias de Todos - Models01","article_published_time":"2022-07-04T19:56:29+00:00","article_modified_time":"2022-07-04T19:56:35+00:00","og_image":[{"width":640,"height":445,"url":"https:\/\/markd.com.br\/models\/wp-content\/uploads\/2022\/07\/IMG_04072022_152310_640_x_480_pixel-640x445-2.jpg","type":"image\/jpeg"}],"author":"Reda\u00e7\u00e3o Reda\u00e7\u00e3o","twitter_card":"summary_large_image","twitter_misc":{"Escrito por":"Reda\u00e7\u00e3o Reda\u00e7\u00e3o","Est. tempo de leitura":"2 minutos"},"schema":{"@context":"https:\/\/schema.org","@graph":[{"@type":"WebPage","@id":"https:\/\/markd.com.br\/models\/homem-e-executado-a-tiros-ao-abrir-janela-de-casa-para-ver-quem-o-chamava-em-manaus\/","url":"https:\/\/markd.com.br\/models\/homem-e-executado-a-tiros-ao-abrir-janela-de-casa-para-ver-quem-o-chamava-em-manaus\/","name":"Homem \u00e9 executado a tiros ao abrir janela de casa para ver quem o chamava em Manaus - Not\u00edcias de Todos - Models01","isPartOf":{"@id":"https:\/\/markd.com.br\/models\/#website"},"primaryImageOfPage":{"@id":"https:\/\/markd.com.br\/models\/homem-e-executado-a-tiros-ao-abrir-janela-de-casa-para-ver-quem-o-chamava-em-manaus\/#primaryimage"},"image":{"@id":"https:\/\/markd.com.br\/models\/homem-e-executado-a-tiros-ao-abrir-janela-de-casa-para-ver-quem-o-chamava-em-manaus\/#primaryimage"},"thumbnailUrl":"https:\/\/markd.com.br\/models\/wp-content\/uploads\/2022\/07\/IMG_04072022_152310_640_x_480_pixel-640x445-2.jpg","datePublished":"2022-07-04T19:56:29+00:00","dateModified":"2022-07-04T19:56:35+00:00","author":{"@id":"https:\/\/markd.com.br\/models\/#\/schema\/person\/c12a77ab487a7262d8bec3c47301ad37"},"breadcrumb":{"@id":"https:\/\/markd.com.br\/models\/homem-e-executado-a-tiros-ao-abrir-janela-de-casa-para-ver-quem-o-chamava-em-manaus\/#breadcrumb"},"inLanguage":"pt-BR","potentialAction":[{"@type":"ReadAction","target":["https:\/\/markd.com.br\/models\/homem-e-executado-a-tiros-ao-abrir-janela-de-casa-para-ver-quem-o-chamava-em-manaus\/"]}]},{"@type":"ImageObject","inLanguage":"pt-BR","@id":"https:\/\/markd.com.br\/models\/homem-e-executado-a-tiros-ao-abrir-janela-de-casa-para-ver-quem-o-chamava-em-manaus\/#primaryimage","url":"https:\/\/markd.com.br\/models\/wp-content\/uploads\/2022\/07\/IMG_04072022_152310_640_x_480_pixel-640x445-2.jpg","contentUrl":"https:\/\/markd.com.br\/models\/wp-content\/uploads\/2022\/07\/IMG_04072022_152310_640_x_480_pixel-640x445-2.jpg","width":640,"height":445},{"@type":"BreadcrumbList","@id":"https:\/\/markd.com.br\/models\/homem-e-executado-a-tiros-ao-abrir-janela-de-casa-para-ver-quem-o-chamava-em-manaus\/#breadcrumb","itemListElement":[{"@type":"ListItem","position":1,"name":"In\u00edcio","item":"https:\/\/markd.com.br\/models\/"},{"@type":"ListItem","position":2,"name":"Homem \u00e9 executado a tiros ao abrir janela de casa para ver quem o chamava em Manaus"}]},{"@type":"WebSite","@id":"https:\/\/markd.com.br\/models\/#website","url":"https:\/\/markd.com.br\/models\/","name":"Not\u00edcias de Todos - Models01","description":"Tenha um Portal de Not\u00edcias Moderno, Din\u00e2mico, R\u00e1pido e Profissional. Entregamos seu Site de  Not\u00edcias Pronto, Instalado, Hospedado, com Manual Passo a Passo e Suporte 24 horas.","potentialAction":[{"@type":"SearchAction","target":{"@type":"EntryPoint","urlTemplate":"https:\/\/markd.com.br\/models\/?s={search_term_string}"},"query-input":{"@type":"PropertyValueSpecification","valueRequired":true,"valueName":"search_term_string"}}],"inLanguage":"pt-BR"},{"@type":"Person","@id":"https:\/\/markd.com.br\/models\/#\/schema\/person\/c12a77ab487a7262d8bec3c47301ad37","name":"Reda\u00e7\u00e3o Reda\u00e7\u00e3o","image":{"@type":"ImageObject","inLanguage":"pt-BR","@id":"https:\/\/markd.com.br\/models\/#\/schema\/person\/image\/","url":"https:\/\/secure.gravatar.com\/avatar\/9448f3599ce269febf169e183039b4a6?s=96&d=mm&r=g","contentUrl":"https:\/\/secure.gravatar.com\/avatar\/9448f3599ce269febf169e183039b4a6?s=96&d=mm&r=g","caption":"Reda\u00e7\u00e3o Reda\u00e7\u00e3o"},"sameAs":["https:\/\/markd.com.br\/"],"url":"https:\/\/markd.com.br\/models\/author\/redacao\/"}]}},"featured_image_urls":{"full":["https:\/\/markd.com.br\/models\/wp-content\/uploads\/2022\/07\/IMG_04072022_152310_640_x_480_pixel-640x445-2.jpg",640,445,false],"thumbnail":["https:\/\/markd.com.br\/models\/wp-content\/uploads\/2022\/07\/IMG_04072022_152310_640_x_480_pixel-640x445-2-150x150.jpg",150,150,true],"medium":["https:\/\/markd.com.br\/models\/wp-content\/uploads\/2022\/07\/IMG_04072022_152310_640_x_480_pixel-640x445-2-300x209.jpg",300,209,true],"medium_large":["https:\/\/markd.com.br\/models\/wp-content\/uploads\/2022\/07\/IMG_04072022_152310_640_x_480_pixel-640x445-2.jpg",640,445,false],"large":["https:\/\/markd.com.br\/models\/wp-content\/uploads\/2022\/07\/IMG_04072022_152310_640_x_480_pixel-640x445-2.jpg",640,445,false],"1536x1536":["https:\/\/markd.com.br\/models\/wp-content\/uploads\/2022\/07\/IMG_04072022_152310_640_x_480_pixel-640x445-2.jpg",640,445,false],"2048x2048":["https:\/\/markd.com.br\/models\/wp-content\/uploads\/2022\/07\/IMG_04072022_152310_640_x_480_pixel-640x445-2.jpg",640,445,false],"newsphere-slider-full":["https:\/\/markd.com.br\/models\/wp-content\/uploads\/2022\/07\/IMG_04072022_152310_640_x_480_pixel-640x445-2.jpg",640,445,false],"newsphere-featured":["https:\/\/markd.com.br\/models\/wp-content\/uploads\/2022\/07\/IMG_04072022_152310_640_x_480_pixel-640x445-2.jpg",640,445,false],"newsphere-medium":["https:\/\/markd.com.br\/models\/wp-content\/uploads\/2022\/07\/IMG_04072022_152310_640_x_480_pixel-640x445-2-640x380.jpg",640,380,true]},"author_info":{"display_name":"Reda\u00e7\u00e3o Reda\u00e7\u00e3o","author_link":"https:\/\/markd.com.br\/models\/author\/redacao\/"},"category_info":"<a href=\"https:\/\/markd.com.br\/models\/category\/plantao-policial\/\" rel=\"category tag\">Plant\u00e3o policial<\/a>","tag_info":"Plant\u00e3o policial","comment_count":"0","jetpack_featured_media_url":"https:\/\/markd.com.br\/models\/wp-content\/uploads\/2022\/07\/IMG_04072022_152310_640_x_480_pixel-640x445-2.jpg","_links":{"self":[{"href":"https:\/\/markd.com.br\/models\/wp-json\/wp\/v2\/posts\/2295","targetHints":{"allow":["GET"]}}],"collection":[{"href":"https:\/\/markd.com.br\/models\/wp-json\/wp\/v2\/posts"}],"about":[{"href":"https:\/\/markd.com.br\/models\/wp-json\/wp\/v2\/types\/post"}],"author":[{"embeddable":true,"href":"https:\/\/markd.com.br\/models\/wp-json\/wp\/v2\/users\/5"}],"replies":[{"embeddable":true,"href":"https:\/\/markd.com.br\/models\/wp-json\/wp\/v2\/comments?post=2295"}],"version-history":[{"count":1,"href":"https:\/\/markd.com.br\/models\/wp-json\/wp\/v2\/posts\/2295\/revisions"}],"predecessor-version":[{"id":2297,"href":"https:\/\/markd.com.br\/models\/wp-json\/wp\/v2\/posts\/2295\/revisions\/2297"}],"wp:featuredmedia":[{"embeddable":true,"href":"https:\/\/markd.com.br\/models\/wp-json\/wp\/v2\/media\/2296"}],"wp:attachment":[{"href":"https:\/\/markd.com.br\/models\/wp-json\/wp\/v2\/media?parent=2295"}],"wp:term":[{"taxonomy":"category","embeddable":true,"href":"https:\/\/markd.com.br\/models\/wp-json\/wp\/v2\/categories?post=2295"},{"taxonomy":"post_tag","embeddable":true,"href":"https:\/\/markd.com.br\/models\/wp-json\/wp\/v2\/tags?post=2295"}],"curies":[{"name":"wp","href":"https:\/\/api.w.org\/{rel}","templated":true}]}}