{"id":2298,"date":"2022-07-04T17:07:44","date_gmt":"2022-07-04T20:07:44","guid":{"rendered":"https:\/\/portaldestaquenoticias.com.br\/?p=2298"},"modified":"2022-07-04T17:07:51","modified_gmt":"2022-07-04T20:07:51","slug":"mel-maia-diz-que-ficou-com-ex-bbb-10-anos-mais-velho-do-que-ela-assista","status":"publish","type":"post","link":"https:\/\/markd.com.br\/models\/mel-maia-diz-que-ficou-com-ex-bbb-10-anos-mais-velho-do-que-ela-assista\/","title":{"rendered":"Mel Maia diz que ficou com ex-BBB 10 anos mais velho do que ela; assista"},"content":{"rendered":"\n<p><\/p>\n\n\n\n<p>A atriz Mel Maia revelou por meio de um v\u00eddeo no TikTok que j\u00e1 ficou com o ex-BBB Arthur Piccoli, 10 anos mais velho que a artista. Ainda no post, ela disse que o influencer tem o beijo mais gostoso, entre os que j\u00e1 beijou.<\/p>\n\n\n\n<p>No v\u00eddeo, Mel Maia e uma amiga elegeram as melhores e piores ficadas. \u201cJ\u00e1 estou arrependida\u201d, brincou a jovem, que tamb\u00e9m elegeu o \u201cpior beijo\u201d, \u201cmelhor beijo\u201d, \u201cera para ter dado certo\u201d, entre outras categorias. Veja:<\/p>\n\n\n\n<p><\/p>\n\n\n\n<figure class=\"wp-block-embed is-type-rich is-provider-twitter wp-block-embed-twitter\"><div class=\"wp-block-embed__wrapper\">\n<blockquote class=\"twitter-tweet\" data-width=\"550\" data-dnt=\"true\"><p lang=\"pt\" dir=\"ltr\">Em trend sobre beijo, Mel Maia diz que o \u201cmais gostoso\u201d foi o de Arthur Picoli <a href=\"https:\/\/t.co\/kGF4XrwaM1\">pic.twitter.com\/kGF4XrwaM1<\/a><\/p>&mdash; FOFOQUEI (@FOFOQUEl) <a href=\"https:\/\/twitter.com\/FOFOQUEl\/status\/1543984348424183808?ref_src=twsrc%5Etfw\">July 4, 2022<\/a><\/blockquote><script async src=\"https:\/\/platform.twitter.com\/widgets.js\" charset=\"utf-8\"><\/script>\n<\/div><\/figure>\n\n\n\n<p>Recentemente, a atriz contou que a chegada dos 18 anos mudou pouca coisa em sua vida, j\u00e1 que ela \u00e9 emancipada desde os 16 anos.<\/p>\n\n\n\n<p>Ao ser questionada se a maioridade impactou sua vida, a artista nega. \u201cN\u00e3o acho que faz tanta diferen\u00e7a. Acho que s\u00f3 o fato de poder tirar carteira de motorista e dirigir. Ou chegar mais tarde em casa de uma festa\u201d, contou ela, \u00e0 revista Quem.<\/p>\n\n\n\n<p><strong><em>Com informa\u00e7\u00f5es do Metr\u00f3poles<\/em><\/strong><\/p>\n","protected":false},"excerpt":{"rendered":"<p>A atriz Mel Maia revelou por meio de um v\u00eddeo no TikTok que j\u00e1 ficou&#8230;<\/p>\n","protected":false},"author":5,"featured_media":2299,"comment_status":"open","ping_status":"open","sticky":false,"template":"","format":"standard","meta":{"footnotes":""},"categories":[33],"tags":[675,674,276],"class_list":["post-2298","post","type-post","status-publish","format-standard","has-post-thumbnail","hentry","category-economia","tag-ex-bbb","tag-mel-maia","tag-tiktok"],"yoast_head":"<!-- This site is optimized with the Yoast SEO plugin v24.4 - https:\/\/yoast.com\/wordpress\/plugins\/seo\/ -->\n<title>Mel Maia diz que ficou com ex-BBB 10 anos mais velho do que ela; assista - Not\u00edcias de Todos - Models01<\/title>\n<meta name=\"robots\" content=\"index, follow, max-snippet:-1, max-image-preview:large, max-video-preview:-1\" \/>\n<link rel=\"canonical\" href=\"https:\/\/markd.com.br\/models\/mel-maia-diz-que-ficou-com-ex-bbb-10-anos-mais-velho-do-que-ela-assista\/\" \/>\n<meta property=\"og:locale\" content=\"pt_BR\" \/>\n<meta property=\"og:type\" content=\"article\" \/>\n<meta property=\"og:title\" content=\"Mel Maia diz que ficou com ex-BBB 10 anos mais velho do que ela; assista - Not\u00edcias de Todos - Models01\" \/>\n<meta property=\"og:description\" content=\"A atriz Mel Maia revelou por meio de um v\u00eddeo no TikTok que j\u00e1 ficou...\" \/>\n<meta property=\"og:url\" content=\"https:\/\/markd.com.br\/models\/mel-maia-diz-que-ficou-com-ex-bbb-10-anos-mais-velho-do-que-ela-assista\/\" \/>\n<meta property=\"og:site_name\" content=\"Not\u00edcias de Todos - Models01\" \/>\n<meta property=\"article:published_time\" content=\"2022-07-04T20:07:44+00:00\" \/>\n<meta property=\"article:modified_time\" content=\"2022-07-04T20:07:51+00:00\" \/>\n<meta property=\"og:image\" content=\"https:\/\/markd.com.br\/models\/wp-content\/uploads\/2022\/07\/Captura-de-tela-2022-07-04-140624.png\" \/>\n\t<meta property=\"og:image:width\" content=\"559\" \/>\n\t<meta property=\"og:image:height\" content=\"378\" \/>\n\t<meta property=\"og:image:type\" content=\"image\/png\" \/>\n<meta name=\"author\" content=\"Reda\u00e7\u00e3o Reda\u00e7\u00e3o\" \/>\n<meta name=\"twitter:card\" content=\"summary_large_image\" \/>\n<meta name=\"twitter:label1\" content=\"Escrito por\" \/>\n\t<meta name=\"twitter:data1\" content=\"Reda\u00e7\u00e3o Reda\u00e7\u00e3o\" \/>\n\t<meta name=\"twitter:label2\" content=\"Est. tempo de leitura\" \/>\n\t<meta name=\"twitter:data2\" content=\"1 minuto\" \/>\n<script type=\"application\/ld+json\" class=\"yoast-schema-graph\">{\"@context\":\"https:\/\/schema.org\",\"@graph\":[{\"@type\":\"WebPage\",\"@id\":\"https:\/\/markd.com.br\/models\/mel-maia-diz-que-ficou-com-ex-bbb-10-anos-mais-velho-do-que-ela-assista\/\",\"url\":\"https:\/\/markd.com.br\/models\/mel-maia-diz-que-ficou-com-ex-bbb-10-anos-mais-velho-do-que-ela-assista\/\",\"name\":\"Mel Maia diz que ficou com ex-BBB 10 anos mais velho do que ela; assista - Not\u00edcias de Todos - Models01\",\"isPartOf\":{\"@id\":\"https:\/\/markd.com.br\/models\/#website\"},\"primaryImageOfPage\":{\"@id\":\"https:\/\/markd.com.br\/models\/mel-maia-diz-que-ficou-com-ex-bbb-10-anos-mais-velho-do-que-ela-assista\/#primaryimage\"},\"image\":{\"@id\":\"https:\/\/markd.com.br\/models\/mel-maia-diz-que-ficou-com-ex-bbb-10-anos-mais-velho-do-que-ela-assista\/#primaryimage\"},\"thumbnailUrl\":\"https:\/\/markd.com.br\/models\/wp-content\/uploads\/2022\/07\/Captura-de-tela-2022-07-04-140624.png\",\"datePublished\":\"2022-07-04T20:07:44+00:00\",\"dateModified\":\"2022-07-04T20:07:51+00:00\",\"author\":{\"@id\":\"https:\/\/markd.com.br\/models\/#\/schema\/person\/c12a77ab487a7262d8bec3c47301ad37\"},\"breadcrumb\":{\"@id\":\"https:\/\/markd.com.br\/models\/mel-maia-diz-que-ficou-com-ex-bbb-10-anos-mais-velho-do-que-ela-assista\/#breadcrumb\"},\"inLanguage\":\"pt-BR\",\"potentialAction\":[{\"@type\":\"ReadAction\",\"target\":[\"https:\/\/markd.com.br\/models\/mel-maia-diz-que-ficou-com-ex-bbb-10-anos-mais-velho-do-que-ela-assista\/\"]}]},{\"@type\":\"ImageObject\",\"inLanguage\":\"pt-BR\",\"@id\":\"https:\/\/markd.com.br\/models\/mel-maia-diz-que-ficou-com-ex-bbb-10-anos-mais-velho-do-que-ela-assista\/#primaryimage\",\"url\":\"https:\/\/markd.com.br\/models\/wp-content\/uploads\/2022\/07\/Captura-de-tela-2022-07-04-140624.png\",\"contentUrl\":\"https:\/\/markd.com.br\/models\/wp-content\/uploads\/2022\/07\/Captura-de-tela-2022-07-04-140624.png\",\"width\":559,\"height\":378},{\"@type\":\"BreadcrumbList\",\"@id\":\"https:\/\/markd.com.br\/models\/mel-maia-diz-que-ficou-com-ex-bbb-10-anos-mais-velho-do-que-ela-assista\/#breadcrumb\",\"itemListElement\":[{\"@type\":\"ListItem\",\"position\":1,\"name\":\"In\u00edcio\",\"item\":\"https:\/\/markd.com.br\/models\/\"},{\"@type\":\"ListItem\",\"position\":2,\"name\":\"Mel Maia diz que ficou com ex-BBB 10 anos mais velho do que ela; assista\"}]},{\"@type\":\"WebSite\",\"@id\":\"https:\/\/markd.com.br\/models\/#website\",\"url\":\"https:\/\/markd.com.br\/models\/\",\"name\":\"Not\u00edcias de Todos - Models01\",\"description\":\"Tenha um Portal de Not\u00edcias Moderno, Din\u00e2mico, R\u00e1pido e Profissional. Entregamos seu Site de  Not\u00edcias Pronto, Instalado, Hospedado, com Manual Passo a Passo e Suporte 24 horas.\",\"potentialAction\":[{\"@type\":\"SearchAction\",\"target\":{\"@type\":\"EntryPoint\",\"urlTemplate\":\"https:\/\/markd.com.br\/models\/?s={search_term_string}\"},\"query-input\":{\"@type\":\"PropertyValueSpecification\",\"valueRequired\":true,\"valueName\":\"search_term_string\"}}],\"inLanguage\":\"pt-BR\"},{\"@type\":\"Person\",\"@id\":\"https:\/\/markd.com.br\/models\/#\/schema\/person\/c12a77ab487a7262d8bec3c47301ad37\",\"name\":\"Reda\u00e7\u00e3o Reda\u00e7\u00e3o\",\"image\":{\"@type\":\"ImageObject\",\"inLanguage\":\"pt-BR\",\"@id\":\"https:\/\/markd.com.br\/models\/#\/schema\/person\/image\/\",\"url\":\"https:\/\/secure.gravatar.com\/avatar\/9448f3599ce269febf169e183039b4a6?s=96&d=mm&r=g\",\"contentUrl\":\"https:\/\/secure.gravatar.com\/avatar\/9448f3599ce269febf169e183039b4a6?s=96&d=mm&r=g\",\"caption\":\"Reda\u00e7\u00e3o Reda\u00e7\u00e3o\"},\"sameAs\":[\"https:\/\/markd.com.br\/\"],\"url\":\"https:\/\/markd.com.br\/models\/author\/redacao\/\"}]}<\/script>\n<!-- \/ Yoast SEO plugin. -->","yoast_head_json":{"title":"Mel Maia diz que ficou com ex-BBB 10 anos mais velho do que ela; assista - Not\u00edcias de Todos - Models01","robots":{"index":"index","follow":"follow","max-snippet":"max-snippet:-1","max-image-preview":"max-image-preview:large","max-video-preview":"max-video-preview:-1"},"canonical":"https:\/\/markd.com.br\/models\/mel-maia-diz-que-ficou-com-ex-bbb-10-anos-mais-velho-do-que-ela-assista\/","og_locale":"pt_BR","og_type":"article","og_title":"Mel Maia diz que ficou com ex-BBB 10 anos mais velho do que ela; assista - Not\u00edcias de Todos - Models01","og_description":"A atriz Mel Maia revelou por meio de um v\u00eddeo no TikTok que j\u00e1 ficou...","og_url":"https:\/\/markd.com.br\/models\/mel-maia-diz-que-ficou-com-ex-bbb-10-anos-mais-velho-do-que-ela-assista\/","og_site_name":"Not\u00edcias de Todos - Models01","article_published_time":"2022-07-04T20:07:44+00:00","article_modified_time":"2022-07-04T20:07:51+00:00","og_image":[{"width":559,"height":378,"url":"https:\/\/markd.com.br\/models\/wp-content\/uploads\/2022\/07\/Captura-de-tela-2022-07-04-140624.png","type":"image\/png"}],"author":"Reda\u00e7\u00e3o Reda\u00e7\u00e3o","twitter_card":"summary_large_image","twitter_misc":{"Escrito por":"Reda\u00e7\u00e3o Reda\u00e7\u00e3o","Est. tempo de leitura":"1 minuto"},"schema":{"@context":"https:\/\/schema.org","@graph":[{"@type":"WebPage","@id":"https:\/\/markd.com.br\/models\/mel-maia-diz-que-ficou-com-ex-bbb-10-anos-mais-velho-do-que-ela-assista\/","url":"https:\/\/markd.com.br\/models\/mel-maia-diz-que-ficou-com-ex-bbb-10-anos-mais-velho-do-que-ela-assista\/","name":"Mel Maia diz que ficou com ex-BBB 10 anos mais velho do que ela; assista - Not\u00edcias de Todos - Models01","isPartOf":{"@id":"https:\/\/markd.com.br\/models\/#website"},"primaryImageOfPage":{"@id":"https:\/\/markd.com.br\/models\/mel-maia-diz-que-ficou-com-ex-bbb-10-anos-mais-velho-do-que-ela-assista\/#primaryimage"},"image":{"@id":"https:\/\/markd.com.br\/models\/mel-maia-diz-que-ficou-com-ex-bbb-10-anos-mais-velho-do-que-ela-assista\/#primaryimage"},"thumbnailUrl":"https:\/\/markd.com.br\/models\/wp-content\/uploads\/2022\/07\/Captura-de-tela-2022-07-04-140624.png","datePublished":"2022-07-04T20:07:44+00:00","dateModified":"2022-07-04T20:07:51+00:00","author":{"@id":"https:\/\/markd.com.br\/models\/#\/schema\/person\/c12a77ab487a7262d8bec3c47301ad37"},"breadcrumb":{"@id":"https:\/\/markd.com.br\/models\/mel-maia-diz-que-ficou-com-ex-bbb-10-anos-mais-velho-do-que-ela-assista\/#breadcrumb"},"inLanguage":"pt-BR","potentialAction":[{"@type":"ReadAction","target":["https:\/\/markd.com.br\/models\/mel-maia-diz-que-ficou-com-ex-bbb-10-anos-mais-velho-do-que-ela-assista\/"]}]},{"@type":"ImageObject","inLanguage":"pt-BR","@id":"https:\/\/markd.com.br\/models\/mel-maia-diz-que-ficou-com-ex-bbb-10-anos-mais-velho-do-que-ela-assista\/#primaryimage","url":"https:\/\/markd.com.br\/models\/wp-content\/uploads\/2022\/07\/Captura-de-tela-2022-07-04-140624.png","contentUrl":"https:\/\/markd.com.br\/models\/wp-content\/uploads\/2022\/07\/Captura-de-tela-2022-07-04-140624.png","width":559,"height":378},{"@type":"BreadcrumbList","@id":"https:\/\/markd.com.br\/models\/mel-maia-diz-que-ficou-com-ex-bbb-10-anos-mais-velho-do-que-ela-assista\/#breadcrumb","itemListElement":[{"@type":"ListItem","position":1,"name":"In\u00edcio","item":"https:\/\/markd.com.br\/models\/"},{"@type":"ListItem","position":2,"name":"Mel Maia diz que ficou com ex-BBB 10 anos mais velho do que ela; assista"}]},{"@type":"WebSite","@id":"https:\/\/markd.com.br\/models\/#website","url":"https:\/\/markd.com.br\/models\/","name":"Not\u00edcias de Todos - Models01","description":"Tenha um Portal de Not\u00edcias Moderno, Din\u00e2mico, R\u00e1pido e Profissional. Entregamos seu Site de  Not\u00edcias Pronto, Instalado, Hospedado, com Manual Passo a Passo e Suporte 24 horas.","potentialAction":[{"@type":"SearchAction","target":{"@type":"EntryPoint","urlTemplate":"https:\/\/markd.com.br\/models\/?s={search_term_string}"},"query-input":{"@type":"PropertyValueSpecification","valueRequired":true,"valueName":"search_term_string"}}],"inLanguage":"pt-BR"},{"@type":"Person","@id":"https:\/\/markd.com.br\/models\/#\/schema\/person\/c12a77ab487a7262d8bec3c47301ad37","name":"Reda\u00e7\u00e3o Reda\u00e7\u00e3o","image":{"@type":"ImageObject","inLanguage":"pt-BR","@id":"https:\/\/markd.com.br\/models\/#\/schema\/person\/image\/","url":"https:\/\/secure.gravatar.com\/avatar\/9448f3599ce269febf169e183039b4a6?s=96&d=mm&r=g","contentUrl":"https:\/\/secure.gravatar.com\/avatar\/9448f3599ce269febf169e183039b4a6?s=96&d=mm&r=g","caption":"Reda\u00e7\u00e3o Reda\u00e7\u00e3o"},"sameAs":["https:\/\/markd.com.br\/"],"url":"https:\/\/markd.com.br\/models\/author\/redacao\/"}]}},"featured_image_urls":{"full":["https:\/\/markd.com.br\/models\/wp-content\/uploads\/2022\/07\/Captura-de-tela-2022-07-04-140624.png",559,378,false],"thumbnail":["https:\/\/markd.com.br\/models\/wp-content\/uploads\/2022\/07\/Captura-de-tela-2022-07-04-140624-150x150.png",150,150,true],"medium":["https:\/\/markd.com.br\/models\/wp-content\/uploads\/2022\/07\/Captura-de-tela-2022-07-04-140624-300x203.png",300,203,true],"medium_large":["https:\/\/markd.com.br\/models\/wp-content\/uploads\/2022\/07\/Captura-de-tela-2022-07-04-140624.png",559,378,false],"large":["https:\/\/markd.com.br\/models\/wp-content\/uploads\/2022\/07\/Captura-de-tela-2022-07-04-140624.png",559,378,false],"1536x1536":["https:\/\/markd.com.br\/models\/wp-content\/uploads\/2022\/07\/Captura-de-tela-2022-07-04-140624.png",559,378,false],"2048x2048":["https:\/\/markd.com.br\/models\/wp-content\/uploads\/2022\/07\/Captura-de-tela-2022-07-04-140624.png",559,378,false],"newsphere-slider-full":["https:\/\/markd.com.br\/models\/wp-content\/uploads\/2022\/07\/Captura-de-tela-2022-07-04-140624.png",559,378,false],"newsphere-featured":["https:\/\/markd.com.br\/models\/wp-content\/uploads\/2022\/07\/Captura-de-tela-2022-07-04-140624.png",559,378,false],"newsphere-medium":["https:\/\/markd.com.br\/models\/wp-content\/uploads\/2022\/07\/Captura-de-tela-2022-07-04-140624.png",559,378,false]},"author_info":{"display_name":"Reda\u00e7\u00e3o Reda\u00e7\u00e3o","author_link":"https:\/\/markd.com.br\/models\/author\/redacao\/"},"category_info":"<a href=\"https:\/\/markd.com.br\/models\/category\/economia\/\" rel=\"category tag\">Famosos<\/a>","tag_info":"Famosos","comment_count":"0","jetpack_featured_media_url":"https:\/\/markd.com.br\/models\/wp-content\/uploads\/2022\/07\/Captura-de-tela-2022-07-04-140624.png","_links":{"self":[{"href":"https:\/\/markd.com.br\/models\/wp-json\/wp\/v2\/posts\/2298","targetHints":{"allow":["GET"]}}],"collection":[{"href":"https:\/\/markd.com.br\/models\/wp-json\/wp\/v2\/posts"}],"about":[{"href":"https:\/\/markd.com.br\/models\/wp-json\/wp\/v2\/types\/post"}],"author":[{"embeddable":true,"href":"https:\/\/markd.com.br\/models\/wp-json\/wp\/v2\/users\/5"}],"replies":[{"embeddable":true,"href":"https:\/\/markd.com.br\/models\/wp-json\/wp\/v2\/comments?post=2298"}],"version-history":[{"count":1,"href":"https:\/\/markd.com.br\/models\/wp-json\/wp\/v2\/posts\/2298\/revisions"}],"predecessor-version":[{"id":2300,"href":"https:\/\/markd.com.br\/models\/wp-json\/wp\/v2\/posts\/2298\/revisions\/2300"}],"wp:featuredmedia":[{"embeddable":true,"href":"https:\/\/markd.com.br\/models\/wp-json\/wp\/v2\/media\/2299"}],"wp:attachment":[{"href":"https:\/\/markd.com.br\/models\/wp-json\/wp\/v2\/media?parent=2298"}],"wp:term":[{"taxonomy":"category","embeddable":true,"href":"https:\/\/markd.com.br\/models\/wp-json\/wp\/v2\/categories?post=2298"},{"taxonomy":"post_tag","embeddable":true,"href":"https:\/\/markd.com.br\/models\/wp-json\/wp\/v2\/tags?post=2298"}],"curies":[{"name":"wp","href":"https:\/\/api.w.org\/{rel}","templated":true}]}}