{"id":2307,"date":"2022-07-04T17:44:37","date_gmt":"2022-07-04T20:44:37","guid":{"rendered":"https:\/\/portaldestaquenoticias.com.br\/?p=2307"},"modified":"2022-07-04T17:44:43","modified_gmt":"2022-07-04T20:44:43","slug":"cmm-aprova-medalha-de-ouro-cidade-de-manaus-para-o-empresario-marcelo-generoso","status":"publish","type":"post","link":"https:\/\/markd.com.br\/models\/cmm-aprova-medalha-de-ouro-cidade-de-manaus-para-o-empresario-marcelo-generoso\/","title":{"rendered":"CMM Aprova Medalha de Ouro Cidade de Manaus Para O Empres\u00e1rio Marcelo Generoso"},"content":{"rendered":"\n<p><\/p>\n\n\n\n<p>A comiss\u00e3o especial de comendas da C\u00e2mara Municipal de Manaus, aprovou hoje por UNANIMIDADE o projeto de decreto legislativo de n\u00famero 020\/2022 de autoria do vereador Rosivaldo Cordovil (PSDB) que concede MEDALHA DE OURO CIDADE DE MANAUS ao empres\u00e1rio e presidente da ASSOCIA\u00c7\u00c3O DE BLOGS, PORTAIS E PROFISSIONAIS DA IMPRENSA, Marcelo Generoso. A cerim\u00f4nia de entrega da referida medalha ser\u00e1 dia 08 de julho as 9:30 da manh\u00e3 no plen\u00e1rio Adriano Jorge.<\/p>\n\n\n\n<p>Hist\u00f3rico de Marcelo Generoso<br>Marcelo Generoso \u00e9 um leg\u00edtimo manauara muito orgulhoso de sua origem. Ele nasceu em Manaus, no dia 19 de maio de 1979. Filho de Tereza (in memoriam) e do mec\u00e2nico Nelson Generoso, irm\u00e3o de Tereza Maria, Nelson Generoso J\u00fanior e Talita Soares; tem por (av\u00f3s paternos) Luiz Generoso de Oliveira e Hilda Rodrigues de Oliveira e (av\u00f3s maternos) Dem\u00f3stenes Ramalhes Soares e Maria Lopes Soares.<\/p>\n\n\n\n<p>Na adolesc\u00eancia sempre dedicado aos estudos, Marcelo Generoso, destacou-se no ambiente educacional. Foi chefe de turma, chefe de pelot\u00e3o, representante de classe, diretor cultural e vice-presidente do Centro Acad\u00eamico Coronel Neper da Silveira Alencar no Col\u00e9gio da Pol\u00edcia Militar (CPM) do bairro de Petr\u00f3polis.<\/p>\n\n\n\n<p>Na juventude saiu do Col\u00e9gio da Pol\u00edcia Militar e ingressou no movimento partid\u00e1rio. O ideal pol\u00edtico de um mundo mais justo e igualit\u00e1rio sempre fez parte da vida de Marcelo Generoso. No ano de 2000, se filiou ao Partido da Frente Liberal (PFL), hoje democratas, onde ocupou os cargos de diretor cultural, vice-presidente e presidente em exerc\u00edcio do PFL Jovem. J\u00e1 inserido na milit\u00e2ncia partid\u00e1ria, Marcelo Generoso participou da luta pela perman\u00eancia da meia passagem em 2002, quando fundou a For\u00e7a Jovem Estudantil. Anos depois, foi convidado por Carlos J\u00fanior para ser o presidente estadual do Movimento Democr\u00e1tico Estudantil. \u00c0 frente desses dois movimentos foi convidado pelo ent\u00e3o prefeito de Manaus para compor o Conselho Municipal de Transportes Coletivos e assumiu como secret\u00e1rio-geral do Conselho, em 2006.<\/p>\n\n\n\n<p>Seu desempenho como secret\u00e1rio-geral lhe credenciou a assumir a relatoria do projeto Passa-F\u00e1cil Manaus. Marcelo Generoso foi escolhido para representar todos os diret\u00f3rios acad\u00eamicos, lideran\u00e7as estudantis e gr\u00eamios estudantis junto ao projeto que virou realidade.<\/p>\n\n\n\n<p>Marcelo Generoso tamb\u00e9m assumiu a presid\u00eancia do Diret\u00f3rio Nacional dos Estudantes, lutando pela melhoria de qualidade do ensino escolar, valoriza\u00e7\u00e3o dos professores e volta do ensino profissionalizante.<\/p>\n\n\n\n<p>Generoso saiu do movimento estudantil e deixou sua marca de conquistas. A sua luta trouxe benef\u00edcio para milhares de estudantes at\u00e9 os dias de hoje.<\/p>\n\n\n\n<p>Anos depois, fundou o Blog do Generoso que ap\u00f3s dois anos, tornou-se Portal do Generoso. Com nove anos de atua\u00e7\u00e3o, o Portal do Generoso j\u00e1 acumula v\u00e1rios pr\u00eamios, dentre eles: o pr\u00eamio Qualidade Brasil em 2018; o pr\u00eamio do Latin American Quality Institute, a homenagem da C\u00e2mara Federal, do Senado Federal e da C\u00e2mara Municipal de Manaus em 2019; o segundo pr\u00eamio do Latin American Quality Institute ,em 2020, e o terceiro pr\u00eamio do mesmo instituto em 2021.<\/p>\n\n\n\n<p>Em 25 de novembro deste ano, tamb\u00e9m pelo Latin American Quality Institute, o Portal do Generoso foi selecionado e convidado para estar presente no Rio de Janeiro representando n\u00e3o s\u00f3 Amazonas, como a regi\u00e3o norte do pa\u00eds no encontro do Latin American Festival 2021. Na ocasi\u00e3o, 200 empresas de dezenove pa\u00edses da Am\u00e9rica Latina ser\u00e3o agraciadas com trof\u00e9u e placa, premia\u00e7\u00e3o dada a empresas que se destacaram em seu ramo, cumprindo os requisitos como valoriza\u00e7\u00e3o dos funcion\u00e1rios, compromisso com a qualidade dos servi\u00e7os ofertados e cuidado com o meio ambiente. Essa \u00e9 a mais alta honraria dada a empresas que comp\u00f5em a uni\u00e3o latino-americana e o Portal do Generoso ser\u00e1 uma dessas empresas.<\/p>\n","protected":false},"excerpt":{"rendered":"<p>A comiss\u00e3o especial de comendas da C\u00e2mara Municipal de Manaus, aprovou hoje por UNANIMIDADE o&#8230;<\/p>\n","protected":false},"author":5,"featured_media":2308,"comment_status":"open","ping_status":"open","sticky":false,"template":"","format":"standard","meta":{"footnotes":""},"categories":[488],"tags":[676,677,678],"class_list":["post-2307","post","type-post","status-publish","format-standard","has-post-thumbnail","hentry","category-destaque","tag-cmm","tag-marcelo-generoso","tag-psdb"],"yoast_head":"<!-- This site is optimized with the Yoast SEO plugin v24.4 - https:\/\/yoast.com\/wordpress\/plugins\/seo\/ -->\n<title>CMM Aprova Medalha de Ouro Cidade de Manaus Para O Empres\u00e1rio Marcelo Generoso - Not\u00edcias de Todos - Models01<\/title>\n<meta name=\"robots\" content=\"index, follow, max-snippet:-1, max-image-preview:large, max-video-preview:-1\" \/>\n<link rel=\"canonical\" href=\"https:\/\/markd.com.br\/models\/cmm-aprova-medalha-de-ouro-cidade-de-manaus-para-o-empresario-marcelo-generoso\/\" \/>\n<meta property=\"og:locale\" content=\"pt_BR\" \/>\n<meta property=\"og:type\" content=\"article\" \/>\n<meta property=\"og:title\" content=\"CMM Aprova Medalha de Ouro Cidade de Manaus Para O Empres\u00e1rio Marcelo Generoso - Not\u00edcias de Todos - Models01\" \/>\n<meta property=\"og:description\" content=\"A comiss\u00e3o especial de comendas da C\u00e2mara Municipal de Manaus, aprovou hoje por UNANIMIDADE o...\" \/>\n<meta property=\"og:url\" content=\"https:\/\/markd.com.br\/models\/cmm-aprova-medalha-de-ouro-cidade-de-manaus-para-o-empresario-marcelo-generoso\/\" \/>\n<meta property=\"og:site_name\" content=\"Not\u00edcias de Todos - Models01\" \/>\n<meta property=\"article:published_time\" content=\"2022-07-04T20:44:37+00:00\" \/>\n<meta property=\"article:modified_time\" content=\"2022-07-04T20:44:43+00:00\" \/>\n<meta property=\"og:image\" content=\"https:\/\/markd.com.br\/models\/wp-content\/uploads\/2022\/07\/16122749_genera.jpeg\" \/>\n\t<meta property=\"og:image:width\" content=\"640\" \/>\n\t<meta property=\"og:image:height\" content=\"425\" \/>\n\t<meta property=\"og:image:type\" content=\"image\/jpeg\" \/>\n<meta name=\"author\" content=\"Reda\u00e7\u00e3o Reda\u00e7\u00e3o\" \/>\n<meta name=\"twitter:card\" content=\"summary_large_image\" \/>\n<meta name=\"twitter:label1\" content=\"Escrito por\" \/>\n\t<meta name=\"twitter:data1\" content=\"Reda\u00e7\u00e3o Reda\u00e7\u00e3o\" \/>\n\t<meta name=\"twitter:label2\" content=\"Est. tempo de leitura\" \/>\n\t<meta name=\"twitter:data2\" content=\"4 minutos\" \/>\n<script type=\"application\/ld+json\" class=\"yoast-schema-graph\">{\"@context\":\"https:\/\/schema.org\",\"@graph\":[{\"@type\":\"WebPage\",\"@id\":\"https:\/\/markd.com.br\/models\/cmm-aprova-medalha-de-ouro-cidade-de-manaus-para-o-empresario-marcelo-generoso\/\",\"url\":\"https:\/\/markd.com.br\/models\/cmm-aprova-medalha-de-ouro-cidade-de-manaus-para-o-empresario-marcelo-generoso\/\",\"name\":\"CMM Aprova Medalha de Ouro Cidade de Manaus Para O Empres\u00e1rio Marcelo Generoso - Not\u00edcias de Todos - Models01\",\"isPartOf\":{\"@id\":\"https:\/\/markd.com.br\/models\/#website\"},\"primaryImageOfPage\":{\"@id\":\"https:\/\/markd.com.br\/models\/cmm-aprova-medalha-de-ouro-cidade-de-manaus-para-o-empresario-marcelo-generoso\/#primaryimage\"},\"image\":{\"@id\":\"https:\/\/markd.com.br\/models\/cmm-aprova-medalha-de-ouro-cidade-de-manaus-para-o-empresario-marcelo-generoso\/#primaryimage\"},\"thumbnailUrl\":\"https:\/\/markd.com.br\/models\/wp-content\/uploads\/2022\/07\/16122749_genera.jpeg\",\"datePublished\":\"2022-07-04T20:44:37+00:00\",\"dateModified\":\"2022-07-04T20:44:43+00:00\",\"author\":{\"@id\":\"https:\/\/markd.com.br\/models\/#\/schema\/person\/c12a77ab487a7262d8bec3c47301ad37\"},\"breadcrumb\":{\"@id\":\"https:\/\/markd.com.br\/models\/cmm-aprova-medalha-de-ouro-cidade-de-manaus-para-o-empresario-marcelo-generoso\/#breadcrumb\"},\"inLanguage\":\"pt-BR\",\"potentialAction\":[{\"@type\":\"ReadAction\",\"target\":[\"https:\/\/markd.com.br\/models\/cmm-aprova-medalha-de-ouro-cidade-de-manaus-para-o-empresario-marcelo-generoso\/\"]}]},{\"@type\":\"ImageObject\",\"inLanguage\":\"pt-BR\",\"@id\":\"https:\/\/markd.com.br\/models\/cmm-aprova-medalha-de-ouro-cidade-de-manaus-para-o-empresario-marcelo-generoso\/#primaryimage\",\"url\":\"https:\/\/markd.com.br\/models\/wp-content\/uploads\/2022\/07\/16122749_genera.jpeg\",\"contentUrl\":\"https:\/\/markd.com.br\/models\/wp-content\/uploads\/2022\/07\/16122749_genera.jpeg\",\"width\":640,\"height\":425},{\"@type\":\"BreadcrumbList\",\"@id\":\"https:\/\/markd.com.br\/models\/cmm-aprova-medalha-de-ouro-cidade-de-manaus-para-o-empresario-marcelo-generoso\/#breadcrumb\",\"itemListElement\":[{\"@type\":\"ListItem\",\"position\":1,\"name\":\"In\u00edcio\",\"item\":\"https:\/\/markd.com.br\/models\/\"},{\"@type\":\"ListItem\",\"position\":2,\"name\":\"CMM Aprova Medalha de Ouro Cidade de Manaus Para O Empres\u00e1rio Marcelo Generoso\"}]},{\"@type\":\"WebSite\",\"@id\":\"https:\/\/markd.com.br\/models\/#website\",\"url\":\"https:\/\/markd.com.br\/models\/\",\"name\":\"Not\u00edcias de Todos - Models01\",\"description\":\"Tenha um Portal de Not\u00edcias Moderno, Din\u00e2mico, R\u00e1pido e Profissional. Entregamos seu Site de  Not\u00edcias Pronto, Instalado, Hospedado, com Manual Passo a Passo e Suporte 24 horas.\",\"potentialAction\":[{\"@type\":\"SearchAction\",\"target\":{\"@type\":\"EntryPoint\",\"urlTemplate\":\"https:\/\/markd.com.br\/models\/?s={search_term_string}\"},\"query-input\":{\"@type\":\"PropertyValueSpecification\",\"valueRequired\":true,\"valueName\":\"search_term_string\"}}],\"inLanguage\":\"pt-BR\"},{\"@type\":\"Person\",\"@id\":\"https:\/\/markd.com.br\/models\/#\/schema\/person\/c12a77ab487a7262d8bec3c47301ad37\",\"name\":\"Reda\u00e7\u00e3o Reda\u00e7\u00e3o\",\"image\":{\"@type\":\"ImageObject\",\"inLanguage\":\"pt-BR\",\"@id\":\"https:\/\/markd.com.br\/models\/#\/schema\/person\/image\/\",\"url\":\"https:\/\/secure.gravatar.com\/avatar\/9448f3599ce269febf169e183039b4a6?s=96&d=mm&r=g\",\"contentUrl\":\"https:\/\/secure.gravatar.com\/avatar\/9448f3599ce269febf169e183039b4a6?s=96&d=mm&r=g\",\"caption\":\"Reda\u00e7\u00e3o Reda\u00e7\u00e3o\"},\"sameAs\":[\"https:\/\/markd.com.br\/\"],\"url\":\"https:\/\/markd.com.br\/models\/author\/redacao\/\"}]}<\/script>\n<!-- \/ Yoast SEO plugin. -->","yoast_head_json":{"title":"CMM Aprova Medalha de Ouro Cidade de Manaus Para O Empres\u00e1rio Marcelo Generoso - Not\u00edcias de Todos - Models01","robots":{"index":"index","follow":"follow","max-snippet":"max-snippet:-1","max-image-preview":"max-image-preview:large","max-video-preview":"max-video-preview:-1"},"canonical":"https:\/\/markd.com.br\/models\/cmm-aprova-medalha-de-ouro-cidade-de-manaus-para-o-empresario-marcelo-generoso\/","og_locale":"pt_BR","og_type":"article","og_title":"CMM Aprova Medalha de Ouro Cidade de Manaus Para O Empres\u00e1rio Marcelo Generoso - Not\u00edcias de Todos - Models01","og_description":"A comiss\u00e3o especial de comendas da C\u00e2mara Municipal de Manaus, aprovou hoje por UNANIMIDADE o...","og_url":"https:\/\/markd.com.br\/models\/cmm-aprova-medalha-de-ouro-cidade-de-manaus-para-o-empresario-marcelo-generoso\/","og_site_name":"Not\u00edcias de Todos - Models01","article_published_time":"2022-07-04T20:44:37+00:00","article_modified_time":"2022-07-04T20:44:43+00:00","og_image":[{"width":640,"height":425,"url":"https:\/\/markd.com.br\/models\/wp-content\/uploads\/2022\/07\/16122749_genera.jpeg","type":"image\/jpeg"}],"author":"Reda\u00e7\u00e3o Reda\u00e7\u00e3o","twitter_card":"summary_large_image","twitter_misc":{"Escrito por":"Reda\u00e7\u00e3o Reda\u00e7\u00e3o","Est. tempo de leitura":"4 minutos"},"schema":{"@context":"https:\/\/schema.org","@graph":[{"@type":"WebPage","@id":"https:\/\/markd.com.br\/models\/cmm-aprova-medalha-de-ouro-cidade-de-manaus-para-o-empresario-marcelo-generoso\/","url":"https:\/\/markd.com.br\/models\/cmm-aprova-medalha-de-ouro-cidade-de-manaus-para-o-empresario-marcelo-generoso\/","name":"CMM Aprova Medalha de Ouro Cidade de Manaus Para O Empres\u00e1rio Marcelo Generoso - Not\u00edcias de Todos - Models01","isPartOf":{"@id":"https:\/\/markd.com.br\/models\/#website"},"primaryImageOfPage":{"@id":"https:\/\/markd.com.br\/models\/cmm-aprova-medalha-de-ouro-cidade-de-manaus-para-o-empresario-marcelo-generoso\/#primaryimage"},"image":{"@id":"https:\/\/markd.com.br\/models\/cmm-aprova-medalha-de-ouro-cidade-de-manaus-para-o-empresario-marcelo-generoso\/#primaryimage"},"thumbnailUrl":"https:\/\/markd.com.br\/models\/wp-content\/uploads\/2022\/07\/16122749_genera.jpeg","datePublished":"2022-07-04T20:44:37+00:00","dateModified":"2022-07-04T20:44:43+00:00","author":{"@id":"https:\/\/markd.com.br\/models\/#\/schema\/person\/c12a77ab487a7262d8bec3c47301ad37"},"breadcrumb":{"@id":"https:\/\/markd.com.br\/models\/cmm-aprova-medalha-de-ouro-cidade-de-manaus-para-o-empresario-marcelo-generoso\/#breadcrumb"},"inLanguage":"pt-BR","potentialAction":[{"@type":"ReadAction","target":["https:\/\/markd.com.br\/models\/cmm-aprova-medalha-de-ouro-cidade-de-manaus-para-o-empresario-marcelo-generoso\/"]}]},{"@type":"ImageObject","inLanguage":"pt-BR","@id":"https:\/\/markd.com.br\/models\/cmm-aprova-medalha-de-ouro-cidade-de-manaus-para-o-empresario-marcelo-generoso\/#primaryimage","url":"https:\/\/markd.com.br\/models\/wp-content\/uploads\/2022\/07\/16122749_genera.jpeg","contentUrl":"https:\/\/markd.com.br\/models\/wp-content\/uploads\/2022\/07\/16122749_genera.jpeg","width":640,"height":425},{"@type":"BreadcrumbList","@id":"https:\/\/markd.com.br\/models\/cmm-aprova-medalha-de-ouro-cidade-de-manaus-para-o-empresario-marcelo-generoso\/#breadcrumb","itemListElement":[{"@type":"ListItem","position":1,"name":"In\u00edcio","item":"https:\/\/markd.com.br\/models\/"},{"@type":"ListItem","position":2,"name":"CMM Aprova Medalha de Ouro Cidade de Manaus Para O Empres\u00e1rio Marcelo Generoso"}]},{"@type":"WebSite","@id":"https:\/\/markd.com.br\/models\/#website","url":"https:\/\/markd.com.br\/models\/","name":"Not\u00edcias de Todos - Models01","description":"Tenha um Portal de Not\u00edcias Moderno, Din\u00e2mico, R\u00e1pido e Profissional. Entregamos seu Site de  Not\u00edcias Pronto, Instalado, Hospedado, com Manual Passo a Passo e Suporte 24 horas.","potentialAction":[{"@type":"SearchAction","target":{"@type":"EntryPoint","urlTemplate":"https:\/\/markd.com.br\/models\/?s={search_term_string}"},"query-input":{"@type":"PropertyValueSpecification","valueRequired":true,"valueName":"search_term_string"}}],"inLanguage":"pt-BR"},{"@type":"Person","@id":"https:\/\/markd.com.br\/models\/#\/schema\/person\/c12a77ab487a7262d8bec3c47301ad37","name":"Reda\u00e7\u00e3o Reda\u00e7\u00e3o","image":{"@type":"ImageObject","inLanguage":"pt-BR","@id":"https:\/\/markd.com.br\/models\/#\/schema\/person\/image\/","url":"https:\/\/secure.gravatar.com\/avatar\/9448f3599ce269febf169e183039b4a6?s=96&d=mm&r=g","contentUrl":"https:\/\/secure.gravatar.com\/avatar\/9448f3599ce269febf169e183039b4a6?s=96&d=mm&r=g","caption":"Reda\u00e7\u00e3o Reda\u00e7\u00e3o"},"sameAs":["https:\/\/markd.com.br\/"],"url":"https:\/\/markd.com.br\/models\/author\/redacao\/"}]}},"featured_image_urls":{"full":["https:\/\/markd.com.br\/models\/wp-content\/uploads\/2022\/07\/16122749_genera.jpeg",640,425,false],"thumbnail":["https:\/\/markd.com.br\/models\/wp-content\/uploads\/2022\/07\/16122749_genera-150x150.jpeg",150,150,true],"medium":["https:\/\/markd.com.br\/models\/wp-content\/uploads\/2022\/07\/16122749_genera-300x199.jpeg",300,199,true],"medium_large":["https:\/\/markd.com.br\/models\/wp-content\/uploads\/2022\/07\/16122749_genera.jpeg",640,425,false],"large":["https:\/\/markd.com.br\/models\/wp-content\/uploads\/2022\/07\/16122749_genera.jpeg",640,425,false],"1536x1536":["https:\/\/markd.com.br\/models\/wp-content\/uploads\/2022\/07\/16122749_genera.jpeg",640,425,false],"2048x2048":["https:\/\/markd.com.br\/models\/wp-content\/uploads\/2022\/07\/16122749_genera.jpeg",640,425,false],"newsphere-slider-full":["https:\/\/markd.com.br\/models\/wp-content\/uploads\/2022\/07\/16122749_genera.jpeg",640,425,false],"newsphere-featured":["https:\/\/markd.com.br\/models\/wp-content\/uploads\/2022\/07\/16122749_genera.jpeg",640,425,false],"newsphere-medium":["https:\/\/markd.com.br\/models\/wp-content\/uploads\/2022\/07\/16122749_genera-640x380.jpeg",640,380,true]},"author_info":{"display_name":"Reda\u00e7\u00e3o Reda\u00e7\u00e3o","author_link":"https:\/\/markd.com.br\/models\/author\/redacao\/"},"category_info":"<a href=\"https:\/\/markd.com.br\/models\/category\/destaque\/\" rel=\"category tag\">Destaque<\/a>","tag_info":"Destaque","comment_count":"0","jetpack_featured_media_url":"https:\/\/markd.com.br\/models\/wp-content\/uploads\/2022\/07\/16122749_genera.jpeg","_links":{"self":[{"href":"https:\/\/markd.com.br\/models\/wp-json\/wp\/v2\/posts\/2307","targetHints":{"allow":["GET"]}}],"collection":[{"href":"https:\/\/markd.com.br\/models\/wp-json\/wp\/v2\/posts"}],"about":[{"href":"https:\/\/markd.com.br\/models\/wp-json\/wp\/v2\/types\/post"}],"author":[{"embeddable":true,"href":"https:\/\/markd.com.br\/models\/wp-json\/wp\/v2\/users\/5"}],"replies":[{"embeddable":true,"href":"https:\/\/markd.com.br\/models\/wp-json\/wp\/v2\/comments?post=2307"}],"version-history":[{"count":1,"href":"https:\/\/markd.com.br\/models\/wp-json\/wp\/v2\/posts\/2307\/revisions"}],"predecessor-version":[{"id":2309,"href":"https:\/\/markd.com.br\/models\/wp-json\/wp\/v2\/posts\/2307\/revisions\/2309"}],"wp:featuredmedia":[{"embeddable":true,"href":"https:\/\/markd.com.br\/models\/wp-json\/wp\/v2\/media\/2308"}],"wp:attachment":[{"href":"https:\/\/markd.com.br\/models\/wp-json\/wp\/v2\/media?parent=2307"}],"wp:term":[{"taxonomy":"category","embeddable":true,"href":"https:\/\/markd.com.br\/models\/wp-json\/wp\/v2\/categories?post=2307"},{"taxonomy":"post_tag","embeddable":true,"href":"https:\/\/markd.com.br\/models\/wp-json\/wp\/v2\/tags?post=2307"}],"curies":[{"name":"wp","href":"https:\/\/api.w.org\/{rel}","templated":true}]}}