{"id":2313,"date":"2022-07-04T17:52:40","date_gmt":"2022-07-04T20:52:40","guid":{"rendered":"https:\/\/portaldestaquenoticias.com.br\/?p=2313"},"modified":"2022-07-04T17:52:46","modified_gmt":"2022-07-04T20:52:46","slug":"prefeito-david-almeida-reforca-importancia-da-reabertura-do-ponto-de-vacinacao-contra-covid-19-no-vasco-vasques","status":"publish","type":"post","link":"https:\/\/markd.com.br\/models\/prefeito-david-almeida-reforca-importancia-da-reabertura-do-ponto-de-vacinacao-contra-covid-19-no-vasco-vasques\/","title":{"rendered":"Prefeito David Almeida refor\u00e7a import\u00e2ncia da reabertura do ponto de vacina\u00e7\u00e3o contra Covid-19 no Vasco Vasques"},"content":{"rendered":"\n<p><\/p>\n\n\n\n<p>A&nbsp;Prefeitura de Manaus&nbsp;reabre, nesta segunda-feira, 4\/7, o posto de vacina\u00e7\u00e3o instalado no Centro de Conven\u00e7\u00f5es do Amazonas Vasco Vasques, localizado na avenida Constantino Nery, bairro Flores, para ampliar a capacidade de atendimento das pessoas maiores de 18 anos, que j\u00e1 podem receber a quarta dose (segundo refor\u00e7o) contra a Covid-19. Acompanhando de perto o processo de imuniza\u00e7\u00e3o na capital, o prefeito David Almeida refor\u00e7ou a import\u00e2ncia de se completar o ciclo vacinal para minimizar o aumento do n\u00famero de casos na cidade.<\/p>\n\n\n\n<p>\u201cFaz-se necess\u00e1rio a abertura dessa campanha e \u00e9 por isso que estamos aqui na zona Centro-Sul, no Vasco Vasques, temos tamb\u00e9m no Studio 5, fora mais de 55 Unidades B\u00e1sicas de Sa\u00fade, e eu quero conclamar a popula\u00e7\u00e3o para se vacinar. N\u00f3s tivemos o aumento de mais de mil por cento dos casos de Covid, n\u00f3s n\u00e3o vamos voltar ao flagelo que vivemos no ano passado com rela\u00e7\u00e3o \u00e0s demandas e ao aumento de casos\u201d, enfatizou o prefeito.<\/p>\n\n\n\n<p><strong>Servi\u00e7o<\/strong><\/p>\n\n\n\n<p>O ponto de vacina\u00e7\u00e3o vai funcionar de segunda-feira a s\u00e1bado, das 9h \u00e0s 16h, para imuniza\u00e7\u00e3o de crian\u00e7as, adultos e idosos. No Vasco Vasques, ser\u00e3o montadas dez esta\u00e7\u00f5es de trabalho, com fluxos espec\u00edficos para os diferentes p\u00fablicos e capacidade de atendimento de at\u00e9 2 mil pessoas por dia.<\/p>\n\n\n\n<p>Devem procurar as unidades de atendimento todos os que ainda n\u00e3o iniciaram ou n\u00e3o completaram o esquema vacinal, respeitando o prazo de quatro meses entre as doses de refor\u00e7o.<\/p>\n\n\n\n<p>Dados atualizados do Sistema Municipal de Vacina\u00e7\u00e3o (SMV) mostram que na \u00faltima sexta-feira, foram aplicadas 16,5 mil doses da vacina, a maior quantidade deste o dia 14 de janeiro deste ano, quando a Semsa vacinou o total de 20,7 mil pessoas.<\/p>\n\n\n\n<p>Al\u00e9m do Studio 5, seguem abertos outros 81 locais de vacina\u00e7\u00e3o. A lista, com endere\u00e7os e hor\u00e1rios de funcionamento pode ser conferida pelo link&nbsp;&nbsp;<a href=\"http:\/\/bit.ly\/localvacinacovid19\" target=\"_blank\" rel=\"noreferrer noopener\">http:\/\/bit.ly\/localvacinacovid19<\/a>&nbsp;e nas redes sociais da secretaria (@semsamanaus, no Instagram e Semsa Manaus, no Facebook).<\/p>\n\n\n\n<p><strong>\u2014\u2014\u2014\u2014-<\/strong><\/p>\n\n\n\n<p><strong>Texto \u2013&nbsp;<\/strong>Beathriz Torres \/Semcom e Divulga\u00e7\u00e3o\/Semsa&nbsp;<\/p>\n\n\n\n<p><strong>Fotos \u2013&nbsp;<\/strong>Dhyeizo Lemos\/Semcom<\/p>\n","protected":false},"excerpt":{"rendered":"<p>A&nbsp;Prefeitura de Manaus&nbsp;reabre, nesta segunda-feira, 4\/7, o posto de vacina\u00e7\u00e3o instalado no Centro de Conven\u00e7\u00f5es&#8230;<\/p>\n","protected":false},"author":5,"featured_media":2314,"comment_status":"open","ping_status":"open","sticky":false,"template":"","format":"standard","meta":{"footnotes":""},"categories":[35],"tags":[48,523,125],"class_list":["post-2313","post","type-post","status-publish","format-standard","has-post-thumbnail","hentry","category-prefeitura-de-manaus","tag-covid19","tag-prefeito-david-almeida","tag-vacinacao"],"yoast_head":"<!-- This site is optimized with the Yoast SEO plugin v24.4 - https:\/\/yoast.com\/wordpress\/plugins\/seo\/ -->\n<title>Prefeito David Almeida refor\u00e7a import\u00e2ncia da reabertura do ponto de vacina\u00e7\u00e3o contra Covid-19 no Vasco Vasques - Not\u00edcias de Todos - Models01<\/title>\n<meta name=\"robots\" content=\"index, follow, max-snippet:-1, max-image-preview:large, max-video-preview:-1\" \/>\n<link rel=\"canonical\" href=\"https:\/\/markd.com.br\/models\/prefeito-david-almeida-reforca-importancia-da-reabertura-do-ponto-de-vacinacao-contra-covid-19-no-vasco-vasques\/\" \/>\n<meta property=\"og:locale\" content=\"pt_BR\" \/>\n<meta property=\"og:type\" content=\"article\" \/>\n<meta property=\"og:title\" content=\"Prefeito David Almeida refor\u00e7a import\u00e2ncia da reabertura do ponto de vacina\u00e7\u00e3o contra Covid-19 no Vasco Vasques - Not\u00edcias de Todos - Models01\" \/>\n<meta property=\"og:description\" content=\"A&nbsp;Prefeitura de Manaus&nbsp;reabre, nesta segunda-feira, 4\/7, o posto de vacina\u00e7\u00e3o instalado no Centro de Conven\u00e7\u00f5es...\" \/>\n<meta property=\"og:url\" content=\"https:\/\/markd.com.br\/models\/prefeito-david-almeida-reforca-importancia-da-reabertura-do-ponto-de-vacinacao-contra-covid-19-no-vasco-vasques\/\" \/>\n<meta property=\"og:site_name\" content=\"Not\u00edcias de Todos - Models01\" \/>\n<meta property=\"article:published_time\" content=\"2022-07-04T20:52:40+00:00\" \/>\n<meta property=\"article:modified_time\" content=\"2022-07-04T20:52:46+00:00\" \/>\n<meta property=\"og:image\" content=\"https:\/\/markd.com.br\/models\/wp-content\/uploads\/2022\/07\/52193412953_073671950b_c-799x445-1.jpg\" \/>\n\t<meta property=\"og:image:width\" content=\"799\" \/>\n\t<meta property=\"og:image:height\" content=\"445\" \/>\n\t<meta property=\"og:image:type\" content=\"image\/jpeg\" \/>\n<meta name=\"author\" content=\"Reda\u00e7\u00e3o Reda\u00e7\u00e3o\" \/>\n<meta name=\"twitter:card\" content=\"summary_large_image\" \/>\n<meta name=\"twitter:label1\" content=\"Escrito por\" \/>\n\t<meta name=\"twitter:data1\" content=\"Reda\u00e7\u00e3o Reda\u00e7\u00e3o\" \/>\n\t<meta name=\"twitter:label2\" content=\"Est. tempo de leitura\" \/>\n\t<meta name=\"twitter:data2\" content=\"2 minutos\" \/>\n<script type=\"application\/ld+json\" class=\"yoast-schema-graph\">{\"@context\":\"https:\/\/schema.org\",\"@graph\":[{\"@type\":\"WebPage\",\"@id\":\"https:\/\/markd.com.br\/models\/prefeito-david-almeida-reforca-importancia-da-reabertura-do-ponto-de-vacinacao-contra-covid-19-no-vasco-vasques\/\",\"url\":\"https:\/\/markd.com.br\/models\/prefeito-david-almeida-reforca-importancia-da-reabertura-do-ponto-de-vacinacao-contra-covid-19-no-vasco-vasques\/\",\"name\":\"Prefeito David Almeida refor\u00e7a import\u00e2ncia da reabertura do ponto de vacina\u00e7\u00e3o contra Covid-19 no Vasco Vasques - Not\u00edcias de Todos - Models01\",\"isPartOf\":{\"@id\":\"https:\/\/markd.com.br\/models\/#website\"},\"primaryImageOfPage\":{\"@id\":\"https:\/\/markd.com.br\/models\/prefeito-david-almeida-reforca-importancia-da-reabertura-do-ponto-de-vacinacao-contra-covid-19-no-vasco-vasques\/#primaryimage\"},\"image\":{\"@id\":\"https:\/\/markd.com.br\/models\/prefeito-david-almeida-reforca-importancia-da-reabertura-do-ponto-de-vacinacao-contra-covid-19-no-vasco-vasques\/#primaryimage\"},\"thumbnailUrl\":\"https:\/\/markd.com.br\/models\/wp-content\/uploads\/2022\/07\/52193412953_073671950b_c-799x445-1.jpg\",\"datePublished\":\"2022-07-04T20:52:40+00:00\",\"dateModified\":\"2022-07-04T20:52:46+00:00\",\"author\":{\"@id\":\"https:\/\/markd.com.br\/models\/#\/schema\/person\/c12a77ab487a7262d8bec3c47301ad37\"},\"breadcrumb\":{\"@id\":\"https:\/\/markd.com.br\/models\/prefeito-david-almeida-reforca-importancia-da-reabertura-do-ponto-de-vacinacao-contra-covid-19-no-vasco-vasques\/#breadcrumb\"},\"inLanguage\":\"pt-BR\",\"potentialAction\":[{\"@type\":\"ReadAction\",\"target\":[\"https:\/\/markd.com.br\/models\/prefeito-david-almeida-reforca-importancia-da-reabertura-do-ponto-de-vacinacao-contra-covid-19-no-vasco-vasques\/\"]}]},{\"@type\":\"ImageObject\",\"inLanguage\":\"pt-BR\",\"@id\":\"https:\/\/markd.com.br\/models\/prefeito-david-almeida-reforca-importancia-da-reabertura-do-ponto-de-vacinacao-contra-covid-19-no-vasco-vasques\/#primaryimage\",\"url\":\"https:\/\/markd.com.br\/models\/wp-content\/uploads\/2022\/07\/52193412953_073671950b_c-799x445-1.jpg\",\"contentUrl\":\"https:\/\/markd.com.br\/models\/wp-content\/uploads\/2022\/07\/52193412953_073671950b_c-799x445-1.jpg\",\"width\":799,\"height\":445},{\"@type\":\"BreadcrumbList\",\"@id\":\"https:\/\/markd.com.br\/models\/prefeito-david-almeida-reforca-importancia-da-reabertura-do-ponto-de-vacinacao-contra-covid-19-no-vasco-vasques\/#breadcrumb\",\"itemListElement\":[{\"@type\":\"ListItem\",\"position\":1,\"name\":\"In\u00edcio\",\"item\":\"https:\/\/markd.com.br\/models\/\"},{\"@type\":\"ListItem\",\"position\":2,\"name\":\"Prefeito David Almeida refor\u00e7a import\u00e2ncia da reabertura do ponto de vacina\u00e7\u00e3o contra Covid-19 no Vasco Vasques\"}]},{\"@type\":\"WebSite\",\"@id\":\"https:\/\/markd.com.br\/models\/#website\",\"url\":\"https:\/\/markd.com.br\/models\/\",\"name\":\"Not\u00edcias de Todos - Models01\",\"description\":\"Tenha um Portal de Not\u00edcias Moderno, Din\u00e2mico, R\u00e1pido e Profissional. Entregamos seu Site de  Not\u00edcias Pronto, Instalado, Hospedado, com Manual Passo a Passo e Suporte 24 horas.\",\"potentialAction\":[{\"@type\":\"SearchAction\",\"target\":{\"@type\":\"EntryPoint\",\"urlTemplate\":\"https:\/\/markd.com.br\/models\/?s={search_term_string}\"},\"query-input\":{\"@type\":\"PropertyValueSpecification\",\"valueRequired\":true,\"valueName\":\"search_term_string\"}}],\"inLanguage\":\"pt-BR\"},{\"@type\":\"Person\",\"@id\":\"https:\/\/markd.com.br\/models\/#\/schema\/person\/c12a77ab487a7262d8bec3c47301ad37\",\"name\":\"Reda\u00e7\u00e3o Reda\u00e7\u00e3o\",\"image\":{\"@type\":\"ImageObject\",\"inLanguage\":\"pt-BR\",\"@id\":\"https:\/\/markd.com.br\/models\/#\/schema\/person\/image\/\",\"url\":\"https:\/\/secure.gravatar.com\/avatar\/9448f3599ce269febf169e183039b4a6?s=96&d=mm&r=g\",\"contentUrl\":\"https:\/\/secure.gravatar.com\/avatar\/9448f3599ce269febf169e183039b4a6?s=96&d=mm&r=g\",\"caption\":\"Reda\u00e7\u00e3o Reda\u00e7\u00e3o\"},\"sameAs\":[\"https:\/\/markd.com.br\/\"],\"url\":\"https:\/\/markd.com.br\/models\/author\/redacao\/\"}]}<\/script>\n<!-- \/ Yoast SEO plugin. -->","yoast_head_json":{"title":"Prefeito David Almeida refor\u00e7a import\u00e2ncia da reabertura do ponto de vacina\u00e7\u00e3o contra Covid-19 no Vasco Vasques - Not\u00edcias de Todos - Models01","robots":{"index":"index","follow":"follow","max-snippet":"max-snippet:-1","max-image-preview":"max-image-preview:large","max-video-preview":"max-video-preview:-1"},"canonical":"https:\/\/markd.com.br\/models\/prefeito-david-almeida-reforca-importancia-da-reabertura-do-ponto-de-vacinacao-contra-covid-19-no-vasco-vasques\/","og_locale":"pt_BR","og_type":"article","og_title":"Prefeito David Almeida refor\u00e7a import\u00e2ncia da reabertura do ponto de vacina\u00e7\u00e3o contra Covid-19 no Vasco Vasques - Not\u00edcias de Todos - Models01","og_description":"A&nbsp;Prefeitura de Manaus&nbsp;reabre, nesta segunda-feira, 4\/7, o posto de vacina\u00e7\u00e3o instalado no Centro de Conven\u00e7\u00f5es...","og_url":"https:\/\/markd.com.br\/models\/prefeito-david-almeida-reforca-importancia-da-reabertura-do-ponto-de-vacinacao-contra-covid-19-no-vasco-vasques\/","og_site_name":"Not\u00edcias de Todos - Models01","article_published_time":"2022-07-04T20:52:40+00:00","article_modified_time":"2022-07-04T20:52:46+00:00","og_image":[{"width":799,"height":445,"url":"https:\/\/markd.com.br\/models\/wp-content\/uploads\/2022\/07\/52193412953_073671950b_c-799x445-1.jpg","type":"image\/jpeg"}],"author":"Reda\u00e7\u00e3o Reda\u00e7\u00e3o","twitter_card":"summary_large_image","twitter_misc":{"Escrito por":"Reda\u00e7\u00e3o Reda\u00e7\u00e3o","Est. tempo de leitura":"2 minutos"},"schema":{"@context":"https:\/\/schema.org","@graph":[{"@type":"WebPage","@id":"https:\/\/markd.com.br\/models\/prefeito-david-almeida-reforca-importancia-da-reabertura-do-ponto-de-vacinacao-contra-covid-19-no-vasco-vasques\/","url":"https:\/\/markd.com.br\/models\/prefeito-david-almeida-reforca-importancia-da-reabertura-do-ponto-de-vacinacao-contra-covid-19-no-vasco-vasques\/","name":"Prefeito David Almeida refor\u00e7a import\u00e2ncia da reabertura do ponto de vacina\u00e7\u00e3o contra Covid-19 no Vasco Vasques - Not\u00edcias de Todos - Models01","isPartOf":{"@id":"https:\/\/markd.com.br\/models\/#website"},"primaryImageOfPage":{"@id":"https:\/\/markd.com.br\/models\/prefeito-david-almeida-reforca-importancia-da-reabertura-do-ponto-de-vacinacao-contra-covid-19-no-vasco-vasques\/#primaryimage"},"image":{"@id":"https:\/\/markd.com.br\/models\/prefeito-david-almeida-reforca-importancia-da-reabertura-do-ponto-de-vacinacao-contra-covid-19-no-vasco-vasques\/#primaryimage"},"thumbnailUrl":"https:\/\/markd.com.br\/models\/wp-content\/uploads\/2022\/07\/52193412953_073671950b_c-799x445-1.jpg","datePublished":"2022-07-04T20:52:40+00:00","dateModified":"2022-07-04T20:52:46+00:00","author":{"@id":"https:\/\/markd.com.br\/models\/#\/schema\/person\/c12a77ab487a7262d8bec3c47301ad37"},"breadcrumb":{"@id":"https:\/\/markd.com.br\/models\/prefeito-david-almeida-reforca-importancia-da-reabertura-do-ponto-de-vacinacao-contra-covid-19-no-vasco-vasques\/#breadcrumb"},"inLanguage":"pt-BR","potentialAction":[{"@type":"ReadAction","target":["https:\/\/markd.com.br\/models\/prefeito-david-almeida-reforca-importancia-da-reabertura-do-ponto-de-vacinacao-contra-covid-19-no-vasco-vasques\/"]}]},{"@type":"ImageObject","inLanguage":"pt-BR","@id":"https:\/\/markd.com.br\/models\/prefeito-david-almeida-reforca-importancia-da-reabertura-do-ponto-de-vacinacao-contra-covid-19-no-vasco-vasques\/#primaryimage","url":"https:\/\/markd.com.br\/models\/wp-content\/uploads\/2022\/07\/52193412953_073671950b_c-799x445-1.jpg","contentUrl":"https:\/\/markd.com.br\/models\/wp-content\/uploads\/2022\/07\/52193412953_073671950b_c-799x445-1.jpg","width":799,"height":445},{"@type":"BreadcrumbList","@id":"https:\/\/markd.com.br\/models\/prefeito-david-almeida-reforca-importancia-da-reabertura-do-ponto-de-vacinacao-contra-covid-19-no-vasco-vasques\/#breadcrumb","itemListElement":[{"@type":"ListItem","position":1,"name":"In\u00edcio","item":"https:\/\/markd.com.br\/models\/"},{"@type":"ListItem","position":2,"name":"Prefeito David Almeida refor\u00e7a import\u00e2ncia da reabertura do ponto de vacina\u00e7\u00e3o contra Covid-19 no Vasco Vasques"}]},{"@type":"WebSite","@id":"https:\/\/markd.com.br\/models\/#website","url":"https:\/\/markd.com.br\/models\/","name":"Not\u00edcias de Todos - Models01","description":"Tenha um Portal de Not\u00edcias Moderno, Din\u00e2mico, R\u00e1pido e Profissional. Entregamos seu Site de  Not\u00edcias Pronto, Instalado, Hospedado, com Manual Passo a Passo e Suporte 24 horas.","potentialAction":[{"@type":"SearchAction","target":{"@type":"EntryPoint","urlTemplate":"https:\/\/markd.com.br\/models\/?s={search_term_string}"},"query-input":{"@type":"PropertyValueSpecification","valueRequired":true,"valueName":"search_term_string"}}],"inLanguage":"pt-BR"},{"@type":"Person","@id":"https:\/\/markd.com.br\/models\/#\/schema\/person\/c12a77ab487a7262d8bec3c47301ad37","name":"Reda\u00e7\u00e3o Reda\u00e7\u00e3o","image":{"@type":"ImageObject","inLanguage":"pt-BR","@id":"https:\/\/markd.com.br\/models\/#\/schema\/person\/image\/","url":"https:\/\/secure.gravatar.com\/avatar\/9448f3599ce269febf169e183039b4a6?s=96&d=mm&r=g","contentUrl":"https:\/\/secure.gravatar.com\/avatar\/9448f3599ce269febf169e183039b4a6?s=96&d=mm&r=g","caption":"Reda\u00e7\u00e3o Reda\u00e7\u00e3o"},"sameAs":["https:\/\/markd.com.br\/"],"url":"https:\/\/markd.com.br\/models\/author\/redacao\/"}]}},"featured_image_urls":{"full":["https:\/\/markd.com.br\/models\/wp-content\/uploads\/2022\/07\/52193412953_073671950b_c-799x445-1.jpg",799,445,false],"thumbnail":["https:\/\/markd.com.br\/models\/wp-content\/uploads\/2022\/07\/52193412953_073671950b_c-799x445-1-150x150.jpg",150,150,true],"medium":["https:\/\/markd.com.br\/models\/wp-content\/uploads\/2022\/07\/52193412953_073671950b_c-799x445-1-300x167.jpg",300,167,true],"medium_large":["https:\/\/markd.com.br\/models\/wp-content\/uploads\/2022\/07\/52193412953_073671950b_c-799x445-1-768x428.jpg",640,357,true],"large":["https:\/\/markd.com.br\/models\/wp-content\/uploads\/2022\/07\/52193412953_073671950b_c-799x445-1.jpg",640,356,false],"1536x1536":["https:\/\/markd.com.br\/models\/wp-content\/uploads\/2022\/07\/52193412953_073671950b_c-799x445-1.jpg",799,445,false],"2048x2048":["https:\/\/markd.com.br\/models\/wp-content\/uploads\/2022\/07\/52193412953_073671950b_c-799x445-1.jpg",799,445,false],"newsphere-slider-full":["https:\/\/markd.com.br\/models\/wp-content\/uploads\/2022\/07\/52193412953_073671950b_c-799x445-1.jpg",799,445,false],"newsphere-featured":["https:\/\/markd.com.br\/models\/wp-content\/uploads\/2022\/07\/52193412953_073671950b_c-799x445-1.jpg",799,445,false],"newsphere-medium":["https:\/\/markd.com.br\/models\/wp-content\/uploads\/2022\/07\/52193412953_073671950b_c-799x445-1-720x380.jpg",720,380,true]},"author_info":{"display_name":"Reda\u00e7\u00e3o Reda\u00e7\u00e3o","author_link":"https:\/\/markd.com.br\/models\/author\/redacao\/"},"category_info":"<a href=\"https:\/\/markd.com.br\/models\/category\/prefeitura-de-manaus\/\" rel=\"category tag\">Prefeitura de Manaus<\/a>","tag_info":"Prefeitura de Manaus","comment_count":"0","jetpack_featured_media_url":"https:\/\/markd.com.br\/models\/wp-content\/uploads\/2022\/07\/52193412953_073671950b_c-799x445-1.jpg","_links":{"self":[{"href":"https:\/\/markd.com.br\/models\/wp-json\/wp\/v2\/posts\/2313","targetHints":{"allow":["GET"]}}],"collection":[{"href":"https:\/\/markd.com.br\/models\/wp-json\/wp\/v2\/posts"}],"about":[{"href":"https:\/\/markd.com.br\/models\/wp-json\/wp\/v2\/types\/post"}],"author":[{"embeddable":true,"href":"https:\/\/markd.com.br\/models\/wp-json\/wp\/v2\/users\/5"}],"replies":[{"embeddable":true,"href":"https:\/\/markd.com.br\/models\/wp-json\/wp\/v2\/comments?post=2313"}],"version-history":[{"count":1,"href":"https:\/\/markd.com.br\/models\/wp-json\/wp\/v2\/posts\/2313\/revisions"}],"predecessor-version":[{"id":2315,"href":"https:\/\/markd.com.br\/models\/wp-json\/wp\/v2\/posts\/2313\/revisions\/2315"}],"wp:featuredmedia":[{"embeddable":true,"href":"https:\/\/markd.com.br\/models\/wp-json\/wp\/v2\/media\/2314"}],"wp:attachment":[{"href":"https:\/\/markd.com.br\/models\/wp-json\/wp\/v2\/media?parent=2313"}],"wp:term":[{"taxonomy":"category","embeddable":true,"href":"https:\/\/markd.com.br\/models\/wp-json\/wp\/v2\/categories?post=2313"},{"taxonomy":"post_tag","embeddable":true,"href":"https:\/\/markd.com.br\/models\/wp-json\/wp\/v2\/tags?post=2313"}],"curies":[{"name":"wp","href":"https:\/\/api.w.org\/{rel}","templated":true}]}}